{"id":21366,"date":"2018-08-18T18:50:29","date_gmt":"2018-08-18T21:50:29","guid":{"rendered":"https:\/\/www.psol50.org.br\/?p=21366"},"modified":"2018-08-18T18:50:29","modified_gmt":"2018-08-18T21:50:29","slug":"nota-do-psol-sobre-a-arbitrariedade-policial-sofrida-pela-vereadora-taliria-petrone","status":"publish","type":"post","link":"https:\/\/psol50.org.br\/nota-do-psol-sobre-a-arbitrariedade-policial-sofrida-pela-vereadora-taliria-petrone\/","title":{"rendered":"Nota do PSOL sobre a arbitrariedade policial sofrida pela vereadora Tal\u00edria Petrone"},"content":{"rendered":"<p>A Executiva Estadual do Partido Socialismo e Liberdade (PSOL) do Rio de Janeiro vem a p\u00fablico manifestar seu protesto e alerta, al\u00e9m de exigir provid\u00eancias \u00e0s autoridades, diante do grave epis\u00f3dio de arbitrariedade policial e amea\u00e7a de direitos b\u00e1sicos vivido em 16\/8, primeiro dia da campanha eleitoral de 2018, por Tal\u00edria Petrone, vereadora de Niter\u00f3i e candidata a deputada federal pela coliga\u00e7\u00e3o \u201cO Rio tem jeito\u201d.<\/p>\n<p>Em companhia de quatro militantes de sua campanha, todas mulheres e em sua maioria negras, Tal\u00edria se dirigia para o Rio, dentro de uma barca, quando, ao tentar fazer uma \u201cselfie\u201d junto com as companheiras, foi interrompida de forma violenta e abusiva por um policial militar \u2013 sob o falso pretexto de que estariam \u201cfazendo campanha no transporte p\u00fablico\u201d, talvez porque estivessem efetivamente carregando o material com o qual participariam de atividades de propaganda, a partir da Pra\u00e7a XV.<\/p>\n<p>O policial, nitidamente descontrolado, sacou de uma arma em plena barca, apreendeu a c\u00e9dula de identidade de Tal\u00edria, as carteiras profissionais de um assessor do Minist\u00e9rio P\u00fablico e de um jornalista, a OAB de uma advogada, e deu voz de pris\u00e3o a duas pessoas que se insurgiram contra o abuso. Ao ouvir da vereadora que tivesse cuidado, que abaixasse a arma, que aquilo n\u00e3o era necess\u00e1rio porque \u201carma mata\u201d, respondeu: \u201cIdeologia tamb\u00e9m mata\u201d. <a href=\"https:\/\/youtu.be\/BIsSt7jim48\" target=\"_blank\" rel=\"noopener\"><span style=\"color: #3366ff;\"><strong>Voc\u00ea pode ver parte do epis\u00f3dio na barca Niter\u00f3i-Rio clicando aqui.<\/strong><\/span><\/a><\/p>\n<p>O policial ganhou a companhia de outros PMs e o grupo conduziu as cinco pessoas \u00e0 4\u00aa Delegacia de Pol\u00edcia na capital, onde Tal\u00edria e os demais detidos esperaram sete (7) horas pela devolu\u00e7\u00e3o de seus documentos de identifica\u00e7\u00e3o.<\/p>\n<p>O acontecimento \u00e9 grave n\u00e3o somente por revelar mais uma vez o j\u00e1 conhecido despreparo de parte importante dos componentes das for\u00e7as de seguran\u00e7a do estado. \u00c9 grave tamb\u00e9m porque \u00e9 simb\u00f3lico dos tempos de eros\u00e3o das liberdades democr\u00e1ticas b\u00e1sicas em que vivemos \u2013 tempos em que, incentivados por figur\u00f5es que defendem abertamente a tortura, torturadores e a ditadura, pequenas \u201cautoridades\u201d se julgam no direito de impedir o ir e vir, o amar, o reunir-se, e a atividade pol\u00edtica daqueles ou daquelas com as quais discordam.<\/p>\n<p>O que ocorreu com Tal\u00edria e demais militantes ontem, nas barcas, n\u00e3o pode se repetir! \u00c9 dever das autoridades pol\u00edticas e de seguran\u00e7a do estado e dos munic\u00edpios manter suas tropas policiais e\/ou suas guardas no estrito cumprimento da Constitui\u00e7\u00e3o Federal e da legisla\u00e7\u00e3o eleitoral vigente. Cabe a Pez\u00e3o e ao senhor secret\u00e1rio de seguran\u00e7a buscar, junto \u00e0 PM, realoca\u00e7\u00e3o (fora das ruas), tratamento e reabilita\u00e7\u00e3o humanit\u00e1ria para o policial que protagonizou o epis\u00f3dio de ontem, bem como para seus colegas. Cabe ao governador e seu gabinete convencer a suas tropas que, apesar da interven\u00e7\u00e3o federal, a Constitui\u00e7\u00e3o continua vigente no estado do Rio de Janeiro e que n\u00e3o podem atropelar as liberdades alheias inventando regras a seu gosto.<\/p>\n","protected":false},"excerpt":{"rendered":"<p>A Executiva Estadual do Partido Socialismo e Liberdade (PSOL) do Rio de Janeiro vem a p\u00fablico manifestar seu protesto e alerta, al\u00e9m de exigir provid\u00eancias \u00e0s autoridades, diante do grave epis\u00f3dio de arbitrariedade policial e amea\u00e7a de direitos b\u00e1sicos vivido em 16\/8, primeiro dia da campanha eleitoral de 2018, por Tal\u00edria Petrone, vereadora de Niter\u00f3i [&hellip;]<\/p>\n","protected":false},"author":2,"featured_media":21163,"comment_status":"open","ping_status":"open","sticky":false,"template":"","format":"standard","meta":{"_acf_changed":false,"footnotes":""},"categories":[2165,654,6,14],"tags":[728,162,382],"class_list":{"0":"post-21366","1":"post","2":"type-post","3":"status-publish","4":"format-standard","5":"has-post-thumbnail","7":"category-eleicoes-2018","8":"category-estados","9":"category-noticias","10":"category-partido","11":"tag-policia","12":"tag-rio-de-janeiro","13":"tag-taliria-petrone"},"acf":[],"yoast_head":"<!-- This site is optimized with the Yoast SEO plugin v26.5 - https:\/\/yoast.com\/wordpress\/plugins\/seo\/ -->\n<title>Nota do PSOL sobre a arbitrariedade policial sofrida pela vereadora Tal\u00edria Petrone - PSOL 50<\/title>\n<meta name=\"robots\" content=\"index, follow, max-snippet:-1, max-image-preview:large, max-video-preview:-1\" \/>\n<link rel=\"canonical\" href=\"https:\/\/psol50.org.br\/nota-do-psol-sobre-a-arbitrariedade-policial-sofrida-pela-vereadora-taliria-petrone\/\" \/>\n<meta property=\"og:locale\" content=\"pt_BR\" \/>\n<meta property=\"og:type\" content=\"article\" \/>\n<meta property=\"og:title\" content=\"Nota do PSOL sobre a arbitrariedade policial sofrida pela vereadora Tal\u00edria Petrone\" \/>\n<meta property=\"og:description\" content=\"PSOL RJ manifesta seu rep\u00fadio \u00e0 grave amea\u00e7a sofrida por nossa companheira.\" \/>\n<meta property=\"og:url\" content=\"https:\/\/psol50.org.br\/nota-do-psol-sobre-a-arbitrariedade-policial-sofrida-pela-vereadora-taliria-petrone\/\" \/>\n<meta property=\"og:site_name\" content=\"PSOL 50\" \/>\n<meta property=\"article:publisher\" content=\"https:\/\/www.facebook.com\/psol50\" \/>\n<meta property=\"article:published_time\" content=\"2018-08-18T21:50:29+00:00\" \/>\n<meta property=\"og:image\" content=\"https:\/\/psol50.org.br\/inc\/uploads\/2018\/07\/capa.png\" \/>\n\t<meta property=\"og:image:width\" content=\"1350\" \/>\n\t<meta property=\"og:image:height\" content=\"900\" \/>\n\t<meta property=\"og:image:type\" content=\"image\/png\" \/>\n<meta name=\"author\" content=\"Comunica\u00e7\u00e3o PSOL\" \/>\n<meta name=\"twitter:card\" content=\"summary_large_image\" \/>\n<meta name=\"twitter:title\" content=\"Nota do PSOL sobre a arbitrariedade policial sofrida pela vereadora Tal\u00edria Petrone\" \/>\n<meta name=\"twitter:description\" content=\"PSOL RJ manifesta seu rep\u00fadio \u00e0 grave amea\u00e7a sofrida por nossa companheira.\" \/>\n<meta name=\"twitter:image\" content=\"https:\/\/www.psol50.org.br\/inc\/uploads\/2018\/07\/capa.png\" \/>\n<meta name=\"twitter:creator\" content=\"@psol50\" \/>\n<meta name=\"twitter:site\" content=\"@psol50\" \/>\n<meta name=\"twitter:label1\" content=\"Escrito por\" \/>\n\t<meta name=\"twitter:data1\" content=\"Comunica\u00e7\u00e3o PSOL\" \/>\n\t<meta name=\"twitter:label2\" content=\"Est. tempo de leitura\" \/>\n\t<meta name=\"twitter:data2\" content=\"3 minutos\" \/>\n<script type=\"application\/ld+json\" class=\"yoast-schema-graph\">{\"@context\":\"https:\/\/schema.org\",\"@graph\":[{\"@type\":\"Article\",\"@id\":\"https:\/\/psol50.org.br\/nota-do-psol-sobre-a-arbitrariedade-policial-sofrida-pela-vereadora-taliria-petrone\/#article\",\"isPartOf\":{\"@id\":\"https:\/\/psol50.org.br\/nota-do-psol-sobre-a-arbitrariedade-policial-sofrida-pela-vereadora-taliria-petrone\/\"},\"author\":{\"name\":\"Comunica\u00e7\u00e3o PSOL\",\"@id\":\"https:\/\/psol50.org.br\/#\/schema\/person\/475dfa57d0b815993c714c2e96491fcd\"},\"headline\":\"Nota do PSOL sobre a arbitrariedade policial sofrida pela vereadora Tal\u00edria Petrone\",\"datePublished\":\"2018-08-18T21:50:29+00:00\",\"mainEntityOfPage\":{\"@id\":\"https:\/\/psol50.org.br\/nota-do-psol-sobre-a-arbitrariedade-policial-sofrida-pela-vereadora-taliria-petrone\/\"},\"wordCount\":528,\"commentCount\":0,\"publisher\":{\"@id\":\"https:\/\/psol50.org.br\/#organization\"},\"image\":{\"@id\":\"https:\/\/psol50.org.br\/nota-do-psol-sobre-a-arbitrariedade-policial-sofrida-pela-vereadora-taliria-petrone\/#primaryimage\"},\"thumbnailUrl\":\"https:\/\/psol50.org.br\/inc\/uploads\/2018\/07\/capa.png\",\"keywords\":[\"pol\u00edcia\",\"Rio de Janeiro\",\"Tal\u00edria Petrone\"],\"articleSection\":[\"Elei\u00e7\u00f5es 2018\",\"Estados\",\"Not\u00edcias\",\"Partido\"],\"inLanguage\":\"pt-BR\",\"potentialAction\":[{\"@type\":\"CommentAction\",\"name\":\"Comment\",\"target\":[\"https:\/\/psol50.org.br\/nota-do-psol-sobre-a-arbitrariedade-policial-sofrida-pela-vereadora-taliria-petrone\/#respond\"]}]},{\"@type\":\"WebPage\",\"@id\":\"https:\/\/psol50.org.br\/nota-do-psol-sobre-a-arbitrariedade-policial-sofrida-pela-vereadora-taliria-petrone\/\",\"url\":\"https:\/\/psol50.org.br\/nota-do-psol-sobre-a-arbitrariedade-policial-sofrida-pela-vereadora-taliria-petrone\/\",\"name\":\"Nota do PSOL sobre a arbitrariedade policial sofrida pela vereadora Tal\u00edria Petrone - PSOL 50\",\"isPartOf\":{\"@id\":\"https:\/\/psol50.org.br\/#website\"},\"primaryImageOfPage\":{\"@id\":\"https:\/\/psol50.org.br\/nota-do-psol-sobre-a-arbitrariedade-policial-sofrida-pela-vereadora-taliria-petrone\/#primaryimage\"},\"image\":{\"@id\":\"https:\/\/psol50.org.br\/nota-do-psol-sobre-a-arbitrariedade-policial-sofrida-pela-vereadora-taliria-petrone\/#primaryimage\"},\"thumbnailUrl\":\"https:\/\/psol50.org.br\/inc\/uploads\/2018\/07\/capa.png\",\"datePublished\":\"2018-08-18T21:50:29+00:00\",\"breadcrumb\":{\"@id\":\"https:\/\/psol50.org.br\/nota-do-psol-sobre-a-arbitrariedade-policial-sofrida-pela-vereadora-taliria-petrone\/#breadcrumb\"},\"inLanguage\":\"pt-BR\",\"potentialAction\":[{\"@type\":\"ReadAction\",\"target\":[\"https:\/\/psol50.org.br\/nota-do-psol-sobre-a-arbitrariedade-policial-sofrida-pela-vereadora-taliria-petrone\/\"]}]},{\"@type\":\"ImageObject\",\"inLanguage\":\"pt-BR\",\"@id\":\"https:\/\/psol50.org.br\/nota-do-psol-sobre-a-arbitrariedade-policial-sofrida-pela-vereadora-taliria-petrone\/#primaryimage\",\"url\":\"https:\/\/psol50.org.br\/inc\/uploads\/2018\/07\/capa.png\",\"contentUrl\":\"https:\/\/psol50.org.br\/inc\/uploads\/2018\/07\/capa.png\",\"width\":1350,\"height\":900},{\"@type\":\"BreadcrumbList\",\"@id\":\"https:\/\/psol50.org.br\/nota-do-psol-sobre-a-arbitrariedade-policial-sofrida-pela-vereadora-taliria-petrone\/#breadcrumb\",\"itemListElement\":[{\"@type\":\"ListItem\",\"position\":1,\"name\":\"In\u00edcio\",\"item\":\"https:\/\/psol50.org.br\/\"},{\"@type\":\"ListItem\",\"position\":2,\"name\":\"Nota do PSOL sobre a arbitrariedade policial sofrida pela vereadora Tal\u00edria Petrone\"}]},{\"@type\":\"WebSite\",\"@id\":\"https:\/\/psol50.org.br\/#website\",\"url\":\"https:\/\/psol50.org.br\/\",\"name\":\"PSOL 50\",\"description\":\"Site oficial do Partido Socialismo e Liberdade\",\"publisher\":{\"@id\":\"https:\/\/psol50.org.br\/#organization\"},\"alternateName\":\"PSOL50\",\"potentialAction\":[{\"@type\":\"SearchAction\",\"target\":{\"@type\":\"EntryPoint\",\"urlTemplate\":\"https:\/\/psol50.org.br\/?s={search_term_string}\"},\"query-input\":{\"@type\":\"PropertyValueSpecification\",\"valueRequired\":true,\"valueName\":\"search_term_string\"}}],\"inLanguage\":\"pt-BR\"},{\"@type\":\"Organization\",\"@id\":\"https:\/\/psol50.org.br\/#organization\",\"name\":\"PSOL 50\",\"alternateName\":\"PSOL 50\",\"url\":\"https:\/\/psol50.org.br\/\",\"logo\":{\"@type\":\"ImageObject\",\"inLanguage\":\"pt-BR\",\"@id\":\"https:\/\/psol50.org.br\/#\/schema\/logo\/image\/\",\"url\":\"https:\/\/psol50.org.br\/inc\/uploads\/2018\/07\/capa.png\",\"contentUrl\":\"https:\/\/psol50.org.br\/inc\/uploads\/2018\/07\/capa.png\",\"width\":1350,\"height\":900,\"caption\":\"PSOL 50\"},\"image\":{\"@id\":\"https:\/\/psol50.org.br\/#\/schema\/logo\/image\/\"},\"sameAs\":[\"https:\/\/www.facebook.com\/psol50\",\"https:\/\/x.com\/psol50\",\"https:\/\/www.instagram.com\/psol50\/\",\"https:\/\/www.youtube.com\/channel\/UC7SnJS5o1os7a6CaiNabzcg\"]},{\"@type\":\"Person\",\"@id\":\"https:\/\/psol50.org.br\/#\/schema\/person\/475dfa57d0b815993c714c2e96491fcd\",\"name\":\"Comunica\u00e7\u00e3o PSOL\",\"image\":{\"@type\":\"ImageObject\",\"inLanguage\":\"pt-BR\",\"@id\":\"https:\/\/psol50.org.br\/#\/schema\/person\/image\/\",\"url\":\"https:\/\/secure.gravatar.com\/avatar\/b34fc4f4e468a4e51785917065a3db57b841f5c95dba6ad8c73aaf8f66f8f9bf?s=96&d=mm&r=g\",\"contentUrl\":\"https:\/\/secure.gravatar.com\/avatar\/b34fc4f4e468a4e51785917065a3db57b841f5c95dba6ad8c73aaf8f66f8f9bf?s=96&d=mm&r=g\",\"caption\":\"Comunica\u00e7\u00e3o PSOL\"}}]}<\/script>\n<!-- \/ Yoast SEO plugin. -->","yoast_head_json":{"title":"Nota do PSOL sobre a arbitrariedade policial sofrida pela vereadora Tal\u00edria Petrone - PSOL 50","robots":{"index":"index","follow":"follow","max-snippet":"max-snippet:-1","max-image-preview":"max-image-preview:large","max-video-preview":"max-video-preview:-1"},"canonical":"https:\/\/psol50.org.br\/nota-do-psol-sobre-a-arbitrariedade-policial-sofrida-pela-vereadora-taliria-petrone\/","og_locale":"pt_BR","og_type":"article","og_title":"Nota do PSOL sobre a arbitrariedade policial sofrida pela vereadora Tal\u00edria Petrone","og_description":"PSOL RJ manifesta seu rep\u00fadio \u00e0 grave amea\u00e7a sofrida por nossa companheira.","og_url":"https:\/\/psol50.org.br\/nota-do-psol-sobre-a-arbitrariedade-policial-sofrida-pela-vereadora-taliria-petrone\/","og_site_name":"PSOL 50","article_publisher":"https:\/\/www.facebook.com\/psol50","article_published_time":"2018-08-18T21:50:29+00:00","og_image":[{"width":1350,"height":900,"url":"https:\/\/psol50.org.br\/inc\/uploads\/2018\/07\/capa.png","type":"image\/png"}],"author":"Comunica\u00e7\u00e3o PSOL","twitter_card":"summary_large_image","twitter_title":"Nota do PSOL sobre a arbitrariedade policial sofrida pela vereadora Tal\u00edria Petrone","twitter_description":"PSOL RJ manifesta seu rep\u00fadio \u00e0 grave amea\u00e7a sofrida por nossa companheira.","twitter_image":"https:\/\/www.psol50.org.br\/inc\/uploads\/2018\/07\/capa.png","twitter_creator":"@psol50","twitter_site":"@psol50","twitter_misc":{"Escrito por":"Comunica\u00e7\u00e3o PSOL","Est. tempo de leitura":"3 minutos"},"schema":{"@context":"https:\/\/schema.org","@graph":[{"@type":"Article","@id":"https:\/\/psol50.org.br\/nota-do-psol-sobre-a-arbitrariedade-policial-sofrida-pela-vereadora-taliria-petrone\/#article","isPartOf":{"@id":"https:\/\/psol50.org.br\/nota-do-psol-sobre-a-arbitrariedade-policial-sofrida-pela-vereadora-taliria-petrone\/"},"author":{"name":"Comunica\u00e7\u00e3o PSOL","@id":"https:\/\/psol50.org.br\/#\/schema\/person\/475dfa57d0b815993c714c2e96491fcd"},"headline":"Nota do PSOL sobre a arbitrariedade policial sofrida pela vereadora Tal\u00edria Petrone","datePublished":"2018-08-18T21:50:29+00:00","mainEntityOfPage":{"@id":"https:\/\/psol50.org.br\/nota-do-psol-sobre-a-arbitrariedade-policial-sofrida-pela-vereadora-taliria-petrone\/"},"wordCount":528,"commentCount":0,"publisher":{"@id":"https:\/\/psol50.org.br\/#organization"},"image":{"@id":"https:\/\/psol50.org.br\/nota-do-psol-sobre-a-arbitrariedade-policial-sofrida-pela-vereadora-taliria-petrone\/#primaryimage"},"thumbnailUrl":"https:\/\/psol50.org.br\/inc\/uploads\/2018\/07\/capa.png","keywords":["pol\u00edcia","Rio de Janeiro","Tal\u00edria Petrone"],"articleSection":["Elei\u00e7\u00f5es 2018","Estados","Not\u00edcias","Partido"],"inLanguage":"pt-BR","potentialAction":[{"@type":"CommentAction","name":"Comment","target":["https:\/\/psol50.org.br\/nota-do-psol-sobre-a-arbitrariedade-policial-sofrida-pela-vereadora-taliria-petrone\/#respond"]}]},{"@type":"WebPage","@id":"https:\/\/psol50.org.br\/nota-do-psol-sobre-a-arbitrariedade-policial-sofrida-pela-vereadora-taliria-petrone\/","url":"https:\/\/psol50.org.br\/nota-do-psol-sobre-a-arbitrariedade-policial-sofrida-pela-vereadora-taliria-petrone\/","name":"Nota do PSOL sobre a arbitrariedade policial sofrida pela vereadora Tal\u00edria Petrone - PSOL 50","isPartOf":{"@id":"https:\/\/psol50.org.br\/#website"},"primaryImageOfPage":{"@id":"https:\/\/psol50.org.br\/nota-do-psol-sobre-a-arbitrariedade-policial-sofrida-pela-vereadora-taliria-petrone\/#primaryimage"},"image":{"@id":"https:\/\/psol50.org.br\/nota-do-psol-sobre-a-arbitrariedade-policial-sofrida-pela-vereadora-taliria-petrone\/#primaryimage"},"thumbnailUrl":"https:\/\/psol50.org.br\/inc\/uploads\/2018\/07\/capa.png","datePublished":"2018-08-18T21:50:29+00:00","breadcrumb":{"@id":"https:\/\/psol50.org.br\/nota-do-psol-sobre-a-arbitrariedade-policial-sofrida-pela-vereadora-taliria-petrone\/#breadcrumb"},"inLanguage":"pt-BR","potentialAction":[{"@type":"ReadAction","target":["https:\/\/psol50.org.br\/nota-do-psol-sobre-a-arbitrariedade-policial-sofrida-pela-vereadora-taliria-petrone\/"]}]},{"@type":"ImageObject","inLanguage":"pt-BR","@id":"https:\/\/psol50.org.br\/nota-do-psol-sobre-a-arbitrariedade-policial-sofrida-pela-vereadora-taliria-petrone\/#primaryimage","url":"https:\/\/psol50.org.br\/inc\/uploads\/2018\/07\/capa.png","contentUrl":"https:\/\/psol50.org.br\/inc\/uploads\/2018\/07\/capa.png","width":1350,"height":900},{"@type":"BreadcrumbList","@id":"https:\/\/psol50.org.br\/nota-do-psol-sobre-a-arbitrariedade-policial-sofrida-pela-vereadora-taliria-petrone\/#breadcrumb","itemListElement":[{"@type":"ListItem","position":1,"name":"In\u00edcio","item":"https:\/\/psol50.org.br\/"},{"@type":"ListItem","position":2,"name":"Nota do PSOL sobre a arbitrariedade policial sofrida pela vereadora Tal\u00edria Petrone"}]},{"@type":"WebSite","@id":"https:\/\/psol50.org.br\/#website","url":"https:\/\/psol50.org.br\/","name":"PSOL 50","description":"Site oficial do Partido Socialismo e Liberdade","publisher":{"@id":"https:\/\/psol50.org.br\/#organization"},"alternateName":"PSOL50","potentialAction":[{"@type":"SearchAction","target":{"@type":"EntryPoint","urlTemplate":"https:\/\/psol50.org.br\/?s={search_term_string}"},"query-input":{"@type":"PropertyValueSpecification","valueRequired":true,"valueName":"search_term_string"}}],"inLanguage":"pt-BR"},{"@type":"Organization","@id":"https:\/\/psol50.org.br\/#organization","name":"PSOL 50","alternateName":"PSOL 50","url":"https:\/\/psol50.org.br\/","logo":{"@type":"ImageObject","inLanguage":"pt-BR","@id":"https:\/\/psol50.org.br\/#\/schema\/logo\/image\/","url":"https:\/\/psol50.org.br\/inc\/uploads\/2018\/07\/capa.png","contentUrl":"https:\/\/psol50.org.br\/inc\/uploads\/2018\/07\/capa.png","width":1350,"height":900,"caption":"PSOL 50"},"image":{"@id":"https:\/\/psol50.org.br\/#\/schema\/logo\/image\/"},"sameAs":["https:\/\/www.facebook.com\/psol50","https:\/\/x.com\/psol50","https:\/\/www.instagram.com\/psol50\/","https:\/\/www.youtube.com\/channel\/UC7SnJS5o1os7a6CaiNabzcg"]},{"@type":"Person","@id":"https:\/\/psol50.org.br\/#\/schema\/person\/475dfa57d0b815993c714c2e96491fcd","name":"Comunica\u00e7\u00e3o PSOL","image":{"@type":"ImageObject","inLanguage":"pt-BR","@id":"https:\/\/psol50.org.br\/#\/schema\/person\/image\/","url":"https:\/\/secure.gravatar.com\/avatar\/b34fc4f4e468a4e51785917065a3db57b841f5c95dba6ad8c73aaf8f66f8f9bf?s=96&d=mm&r=g","contentUrl":"https:\/\/secure.gravatar.com\/avatar\/b34fc4f4e468a4e51785917065a3db57b841f5c95dba6ad8c73aaf8f66f8f9bf?s=96&d=mm&r=g","caption":"Comunica\u00e7\u00e3o PSOL"}}]}},"_links":{"self":[{"href":"https:\/\/psol50.org.br\/rest\/wp\/v2\/posts\/21366","targetHints":{"allow":["GET"]}}],"collection":[{"href":"https:\/\/psol50.org.br\/rest\/wp\/v2\/posts"}],"about":[{"href":"https:\/\/psol50.org.br\/rest\/wp\/v2\/types\/post"}],"author":[{"embeddable":true,"href":"https:\/\/psol50.org.br\/rest\/wp\/v2\/users\/2"}],"replies":[{"embeddable":true,"href":"https:\/\/psol50.org.br\/rest\/wp\/v2\/comments?post=21366"}],"version-history":[{"count":0,"href":"https:\/\/psol50.org.br\/rest\/wp\/v2\/posts\/21366\/revisions"}],"wp:featuredmedia":[{"embeddable":true,"href":"https:\/\/psol50.org.br\/rest\/wp\/v2\/media\/21163"}],"wp:attachment":[{"href":"https:\/\/psol50.org.br\/rest\/wp\/v2\/media?parent=21366"}],"wp:term":[{"taxonomy":"category","embeddable":true,"href":"https:\/\/psol50.org.br\/rest\/wp\/v2\/categories?post=21366"},{"taxonomy":"post_tag","embeddable":true,"href":"https:\/\/psol50.org.br\/rest\/wp\/v2\/tags?post=21366"}],"curies":[{"name":"wp","href":"https:\/\/api.w.org\/{rel}","templated":true}]}}