{"id":21444,"date":"2018-09-05T13:44:40","date_gmt":"2018-09-05T16:44:40","guid":{"rendered":"https:\/\/www.psol50.org.br\/?p=21444"},"modified":"2018-09-05T13:44:40","modified_gmt":"2018-09-05T16:44:40","slug":"psol-aciona-stf-contra-mp-de-temer-que-adia-reajuste-do-funcionalismo-publico","status":"publish","type":"post","link":"https:\/\/psol50.org.br\/psol-aciona-stf-contra-mp-de-temer-que-adia-reajuste-do-funcionalismo-publico\/","title":{"rendered":"PSOL aciona STF contra MP de Temer que adia reajuste do funcionalismo p\u00fablico"},"content":{"rendered":"<p>O PSOL protocolou nesta ter\u00e7a-feira (04) <a href=\"http:\/\/psol50.org.br\/inc\/uploads\/2018\/09\/ADI-MP-849-Inicial.pdf\" target=\"_blank\" rel=\"noopener\"><strong><span style=\"color: #0000ff;\">A\u00e7\u00e3o Direta de Inconstitucionalidade<\/span><\/strong><\/a> (ADI n\u00ba 6009) junto ao Supremo Tribunal Federal (STF) contra a Medida Provis\u00f3ria 849, de 31 de agosto de 2018, que \u201cposterga e cancela aumentos remunerat\u00f3rios de pessoal civil da administra\u00e7\u00e3o p\u00fablica federal para exerc\u00edcios subsequentes\u201d.<\/p>\n<p>O adiamento do reajuste para 2020, assinado pelo presidente Michel Temer, \u00e9 questionado pelo partido por ferir decis\u00e3o transitada em julgado e anteriormente adotada em medida cautelar deferida pelo pr\u00f3prio STF, no julgamento da ADI 5.809, tamb\u00e9m impetrada pe\u00e7o PSOL, questionando MP 805 editada ainda no ano passado por Temer, que adiava os reajustes do funcionalismo. Na avalia\u00e7\u00e3o do PSOL, a nova Medida Provis\u00f3ria ofende os princ\u00edpios da coisa julgada material, da imperatividade das decis\u00f5es judiciais, da seguran\u00e7a jur\u00eddica e da harmonia entre os poderes.<\/p>\n<p>&#8220;A MP 849 em tudo repete a MP 805. Com exce\u00e7\u00e3o da ajuda de custo, da contribui\u00e7\u00e3o social e da revoga\u00e7\u00f5es \u00e0 dispositivos da Lei 10.887\/04, a MP 849 \u00e9 a c\u00f3pia, <em>ipsis litteris<\/em>, da MP 805. O Poder Executivo, portanto, repete, reitera a inten\u00e7\u00e3o de postergar os aumentos aos servidores p\u00fablicos nos mesmos moldes da anterior MP. E faz isso, portanto, com as mesmas inconstitucionalidades antes apontadas e, agora, com o agravante de ir contra a coisa julgada material de decis\u00e3o adotada na ADI 5.809. Estas inconstitucionalidades motivaram o ministro Ricardo Lewandowski a suspender a efic\u00e1cia da MP 805, decidindo favoravelmente ao pedido de medida cautelar na ADI 5.809&#8243;, afirma o PSOL, na a\u00e7\u00e3o.<\/p>\n<p>Ainda na avalia\u00e7\u00e3o do partido, ao reiterar a Medida Provis\u00f3ria, mesmo havendo o questionamento judicial e a concess\u00e3o de medida cautelar em A\u00e7\u00e3o Direta de Inconstitucionalidade, o governo Temer desafia a imperatividade do provimento judicial. &#8220;Desafia, portanto, a pr\u00f3pria obrigatoriedade e autoridade de uma decis\u00e3o a todos impostas e de observ\u00e2ncia obrigat\u00f3ria, especialmente, aos \u00f3rg\u00e3os da administra\u00e7\u00e3o p\u00fablica direta e indireta, nas esferas federal, estadual e municipal&#8221;.<\/p>\n<p>De acordo com a ADI, assinada pelo presidente nacional Juliano Medeiros, n\u00e3o deve haver tergiversa\u00e7\u00e3o no cumprimento da decis\u00e3o, ainda mais se utilizando do subterf\u00fagio de uma nova MP que repete, no m\u00e9rito, o que j\u00e1 foi objeto de julgamento. &#8220;A decis\u00e3o proferida e transitada em julgado consolida, nesta legislatura e no exerc\u00edcio deste governo, o status de autoridade do decidido e n\u00e3o h\u00e1 outros limites ou exerc\u00edcio de liberdade legislativa ou processual do Poder Executivo de editar norma de igual teor, eis que o direito \u00e9 imperativo. Cabe o cumprimento do direito reconhecido na medida cautelar&#8221;.<\/p>\n<p>No que se refere ao direitos dos servidores p\u00fablicas federais, o partido avalia que nova MP de Temer rompe,\u00a0de modo inconstitucional, o direito consolidado das carreiras funcionais. &#8220;Ao alterar as datas da incorpora\u00e7\u00e3o dos aumentos j\u00e1 legitimamente incorporados ao ordenamento jur\u00eddico por meio do devido processo legislativo, revogando tacitamente as datas anteriormente definidas, o Presidente da Rep\u00fablica fere de morte o direito \u00e0 irredutibilidade dos vencimentos dos ocupantes de cargos p\u00fablicos. Viola o disposto no inciso XV do art. 37 da Constitui\u00e7\u00e3o da Rep\u00fablica&#8221;, ressalta.<\/p>\n<p>Na a\u00e7\u00e3o, o PSOL considera, ainda, que a MP 849 atenta contra os direitos sociais, na medida em que, vedando o direito \u00e0 atualiza\u00e7\u00e3o da remunera\u00e7\u00e3o dos servidores, restringe ou dificulta a eles e a suas fam\u00edlias o acesso a v\u00e1rios direitos previstos na Constitui\u00e7\u00e3o Federal.<\/p>\n<p>Al\u00e9m de reivindicar a Medida Cautelar e a imediata inclus\u00e3o da mat\u00e9ria na pauta de julgamentos do STF, a A\u00e7\u00e3o do PSOL tamb\u00e9m pede que sejam colhidas informa\u00e7\u00f5es do Congresso Nacional e da Presid\u00eancia da Rep\u00fablica, no prazo de dez dias; e que sejam ouvidas a Advocacia-Geral da Uni\u00e3o e a Procuradoria Geral da Rep\u00fablica sobre o tema.<\/p>\n<p>&nbsp;<\/p>\n","protected":false},"excerpt":{"rendered":"<p>O PSOL protocolou nesta ter\u00e7a-feira (04) A\u00e7\u00e3o Direta de Inconstitucionalidade (ADI n\u00ba 6009) junto ao Supremo Tribunal Federal (STF) contra a Medida Provis\u00f3ria 849, de 31 de agosto de 2018, que \u201cposterga e cancela aumentos remunerat\u00f3rios de pessoal civil da administra\u00e7\u00e3o p\u00fablica federal para exerc\u00edcios subsequentes\u201d. O adiamento do reajuste para 2020, assinado pelo presidente [&hellip;]<\/p>\n","protected":false},"author":2,"featured_media":21574,"comment_status":"open","ping_status":"open","sticky":false,"template":"","format":"standard","meta":{"_acf_changed":false,"footnotes":""},"categories":[1882,2707],"tags":[2251,2069,2711,1748,621,2712,45],"class_list":{"0":"post-21444","1":"post","2":"type-post","3":"status-publish","4":"format-standard","5":"has-post-thumbnail","7":"category-brasil","8":"category-__mais","9":"tag-acao-direta-de-inconstitucionalidade","10":"tag-funcionalismo","11":"tag-medida-provisoria-849","12":"tag-michel-temer","13":"tag-reajuste","14":"tag-servidores-pulicos","15":"tag-stf"},"acf":[],"yoast_head":"<!-- This site is optimized with the Yoast SEO plugin v26.5 - https:\/\/yoast.com\/wordpress\/plugins\/seo\/ -->\n<title>PSOL aciona STF contra MP de Temer que adia reajuste do funcionalismo p\u00fablico - PSOL 50<\/title>\n<meta name=\"robots\" content=\"index, follow, max-snippet:-1, max-image-preview:large, max-video-preview:-1\" \/>\n<link rel=\"canonical\" href=\"https:\/\/psol50.org.br\/psol-aciona-stf-contra-mp-de-temer-que-adia-reajuste-do-funcionalismo-publico\/\" \/>\n<meta property=\"og:locale\" content=\"pt_BR\" \/>\n<meta property=\"og:type\" content=\"article\" \/>\n<meta property=\"og:title\" content=\"PSOL aciona STF contra MP de Temer que adia reajuste do funcionalismo p\u00fablico - PSOL 50\" \/>\n<meta property=\"og:description\" content=\"O PSOL protocolou nesta ter\u00e7a-feira (04) A\u00e7\u00e3o Direta de Inconstitucionalidade (ADI n\u00ba 6009) junto ao Supremo Tribunal Federal (STF) contra a Medida Provis\u00f3ria 849, de 31 de agosto de 2018, que \u201cposterga e cancela aumentos remunerat\u00f3rios de pessoal civil da administra\u00e7\u00e3o p\u00fablica federal para exerc\u00edcios subsequentes\u201d. O adiamento do reajuste para 2020, assinado pelo presidente [&hellip;]\" \/>\n<meta property=\"og:url\" content=\"https:\/\/psol50.org.br\/psol-aciona-stf-contra-mp-de-temer-que-adia-reajuste-do-funcionalismo-publico\/\" \/>\n<meta property=\"og:site_name\" content=\"PSOL 50\" \/>\n<meta property=\"article:publisher\" content=\"https:\/\/www.facebook.com\/psol50\" \/>\n<meta property=\"article:published_time\" content=\"2018-09-05T16:44:40+00:00\" \/>\n<meta property=\"og:image\" content=\"https:\/\/psol50.org.br\/inc\/uploads\/2018\/09\/Temer-10-bi-960x576-1.jpg\" \/>\n\t<meta property=\"og:image:width\" content=\"960\" \/>\n\t<meta property=\"og:image:height\" content=\"576\" \/>\n\t<meta property=\"og:image:type\" content=\"image\/jpeg\" \/>\n<meta name=\"author\" content=\"Comunica\u00e7\u00e3o PSOL\" \/>\n<meta name=\"twitter:card\" content=\"summary_large_image\" \/>\n<meta name=\"twitter:creator\" content=\"@psol50\" \/>\n<meta name=\"twitter:site\" content=\"@psol50\" \/>\n<meta name=\"twitter:label1\" content=\"Escrito por\" \/>\n\t<meta name=\"twitter:data1\" content=\"Comunica\u00e7\u00e3o PSOL\" \/>\n\t<meta name=\"twitter:label2\" content=\"Est. tempo de leitura\" \/>\n\t<meta name=\"twitter:data2\" content=\"3 minutos\" \/>\n<script type=\"application\/ld+json\" class=\"yoast-schema-graph\">{\"@context\":\"https:\/\/schema.org\",\"@graph\":[{\"@type\":\"Article\",\"@id\":\"https:\/\/psol50.org.br\/psol-aciona-stf-contra-mp-de-temer-que-adia-reajuste-do-funcionalismo-publico\/#article\",\"isPartOf\":{\"@id\":\"https:\/\/psol50.org.br\/psol-aciona-stf-contra-mp-de-temer-que-adia-reajuste-do-funcionalismo-publico\/\"},\"author\":{\"name\":\"Comunica\u00e7\u00e3o PSOL\",\"@id\":\"https:\/\/psol50.org.br\/#\/schema\/person\/475dfa57d0b815993c714c2e96491fcd\"},\"headline\":\"PSOL aciona STF contra MP de Temer que adia reajuste do funcionalismo p\u00fablico\",\"datePublished\":\"2018-09-05T16:44:40+00:00\",\"mainEntityOfPage\":{\"@id\":\"https:\/\/psol50.org.br\/psol-aciona-stf-contra-mp-de-temer-que-adia-reajuste-do-funcionalismo-publico\/\"},\"wordCount\":660,\"commentCount\":0,\"publisher\":{\"@id\":\"https:\/\/psol50.org.br\/#organization\"},\"image\":{\"@id\":\"https:\/\/psol50.org.br\/psol-aciona-stf-contra-mp-de-temer-que-adia-reajuste-do-funcionalismo-publico\/#primaryimage\"},\"thumbnailUrl\":\"https:\/\/psol50.org.br\/inc\/uploads\/2018\/09\/Temer-10-bi-960x576-1.jpg\",\"keywords\":[\"A\u00e7\u00e3o Direta de Inconstitucionalidade\",\"funcionalismo\",\"Medida Provis\u00f3ria 849\",\"Michel Temer\",\"reajuste\",\"servidores p\u00falicos\",\"STF\"],\"articleSection\":[\"Brasil\",\"MAIS\"],\"inLanguage\":\"pt-BR\",\"potentialAction\":[{\"@type\":\"CommentAction\",\"name\":\"Comment\",\"target\":[\"https:\/\/psol50.org.br\/psol-aciona-stf-contra-mp-de-temer-que-adia-reajuste-do-funcionalismo-publico\/#respond\"]}]},{\"@type\":\"WebPage\",\"@id\":\"https:\/\/psol50.org.br\/psol-aciona-stf-contra-mp-de-temer-que-adia-reajuste-do-funcionalismo-publico\/\",\"url\":\"https:\/\/psol50.org.br\/psol-aciona-stf-contra-mp-de-temer-que-adia-reajuste-do-funcionalismo-publico\/\",\"name\":\"PSOL aciona STF contra MP de Temer que adia reajuste do funcionalismo p\u00fablico - PSOL 50\",\"isPartOf\":{\"@id\":\"https:\/\/psol50.org.br\/#website\"},\"primaryImageOfPage\":{\"@id\":\"https:\/\/psol50.org.br\/psol-aciona-stf-contra-mp-de-temer-que-adia-reajuste-do-funcionalismo-publico\/#primaryimage\"},\"image\":{\"@id\":\"https:\/\/psol50.org.br\/psol-aciona-stf-contra-mp-de-temer-que-adia-reajuste-do-funcionalismo-publico\/#primaryimage\"},\"thumbnailUrl\":\"https:\/\/psol50.org.br\/inc\/uploads\/2018\/09\/Temer-10-bi-960x576-1.jpg\",\"datePublished\":\"2018-09-05T16:44:40+00:00\",\"breadcrumb\":{\"@id\":\"https:\/\/psol50.org.br\/psol-aciona-stf-contra-mp-de-temer-que-adia-reajuste-do-funcionalismo-publico\/#breadcrumb\"},\"inLanguage\":\"pt-BR\",\"potentialAction\":[{\"@type\":\"ReadAction\",\"target\":[\"https:\/\/psol50.org.br\/psol-aciona-stf-contra-mp-de-temer-que-adia-reajuste-do-funcionalismo-publico\/\"]}]},{\"@type\":\"ImageObject\",\"inLanguage\":\"pt-BR\",\"@id\":\"https:\/\/psol50.org.br\/psol-aciona-stf-contra-mp-de-temer-que-adia-reajuste-do-funcionalismo-publico\/#primaryimage\",\"url\":\"https:\/\/psol50.org.br\/inc\/uploads\/2018\/09\/Temer-10-bi-960x576-1.jpg\",\"contentUrl\":\"https:\/\/psol50.org.br\/inc\/uploads\/2018\/09\/Temer-10-bi-960x576-1.jpg\",\"width\":960,\"height\":576},{\"@type\":\"BreadcrumbList\",\"@id\":\"https:\/\/psol50.org.br\/psol-aciona-stf-contra-mp-de-temer-que-adia-reajuste-do-funcionalismo-publico\/#breadcrumb\",\"itemListElement\":[{\"@type\":\"ListItem\",\"position\":1,\"name\":\"In\u00edcio\",\"item\":\"https:\/\/psol50.org.br\/\"},{\"@type\":\"ListItem\",\"position\":2,\"name\":\"PSOL aciona STF contra MP de Temer que adia reajuste do funcionalismo p\u00fablico\"}]},{\"@type\":\"WebSite\",\"@id\":\"https:\/\/psol50.org.br\/#website\",\"url\":\"https:\/\/psol50.org.br\/\",\"name\":\"PSOL 50\",\"description\":\"Site oficial do Partido Socialismo e Liberdade\",\"publisher\":{\"@id\":\"https:\/\/psol50.org.br\/#organization\"},\"alternateName\":\"PSOL50\",\"potentialAction\":[{\"@type\":\"SearchAction\",\"target\":{\"@type\":\"EntryPoint\",\"urlTemplate\":\"https:\/\/psol50.org.br\/?s={search_term_string}\"},\"query-input\":{\"@type\":\"PropertyValueSpecification\",\"valueRequired\":true,\"valueName\":\"search_term_string\"}}],\"inLanguage\":\"pt-BR\"},{\"@type\":\"Organization\",\"@id\":\"https:\/\/psol50.org.br\/#organization\",\"name\":\"PSOL 50\",\"alternateName\":\"PSOL 50\",\"url\":\"https:\/\/psol50.org.br\/\",\"logo\":{\"@type\":\"ImageObject\",\"inLanguage\":\"pt-BR\",\"@id\":\"https:\/\/psol50.org.br\/#\/schema\/logo\/image\/\",\"url\":\"https:\/\/psol50.org.br\/inc\/uploads\/2018\/07\/capa.png\",\"contentUrl\":\"https:\/\/psol50.org.br\/inc\/uploads\/2018\/07\/capa.png\",\"width\":1350,\"height\":900,\"caption\":\"PSOL 50\"},\"image\":{\"@id\":\"https:\/\/psol50.org.br\/#\/schema\/logo\/image\/\"},\"sameAs\":[\"https:\/\/www.facebook.com\/psol50\",\"https:\/\/x.com\/psol50\",\"https:\/\/www.instagram.com\/psol50\/\",\"https:\/\/www.youtube.com\/channel\/UC7SnJS5o1os7a6CaiNabzcg\"]},{\"@type\":\"Person\",\"@id\":\"https:\/\/psol50.org.br\/#\/schema\/person\/475dfa57d0b815993c714c2e96491fcd\",\"name\":\"Comunica\u00e7\u00e3o PSOL\",\"image\":{\"@type\":\"ImageObject\",\"inLanguage\":\"pt-BR\",\"@id\":\"https:\/\/psol50.org.br\/#\/schema\/person\/image\/\",\"url\":\"https:\/\/secure.gravatar.com\/avatar\/b34fc4f4e468a4e51785917065a3db57b841f5c95dba6ad8c73aaf8f66f8f9bf?s=96&d=mm&r=g\",\"contentUrl\":\"https:\/\/secure.gravatar.com\/avatar\/b34fc4f4e468a4e51785917065a3db57b841f5c95dba6ad8c73aaf8f66f8f9bf?s=96&d=mm&r=g\",\"caption\":\"Comunica\u00e7\u00e3o PSOL\"}}]}<\/script>\n<!-- \/ Yoast SEO plugin. -->","yoast_head_json":{"title":"PSOL aciona STF contra MP de Temer que adia reajuste do funcionalismo p\u00fablico - PSOL 50","robots":{"index":"index","follow":"follow","max-snippet":"max-snippet:-1","max-image-preview":"max-image-preview:large","max-video-preview":"max-video-preview:-1"},"canonical":"https:\/\/psol50.org.br\/psol-aciona-stf-contra-mp-de-temer-que-adia-reajuste-do-funcionalismo-publico\/","og_locale":"pt_BR","og_type":"article","og_title":"PSOL aciona STF contra MP de Temer que adia reajuste do funcionalismo p\u00fablico - PSOL 50","og_description":"O PSOL protocolou nesta ter\u00e7a-feira (04) A\u00e7\u00e3o Direta de Inconstitucionalidade (ADI n\u00ba 6009) junto ao Supremo Tribunal Federal (STF) contra a Medida Provis\u00f3ria 849, de 31 de agosto de 2018, que \u201cposterga e cancela aumentos remunerat\u00f3rios de pessoal civil da administra\u00e7\u00e3o p\u00fablica federal para exerc\u00edcios subsequentes\u201d. O adiamento do reajuste para 2020, assinado pelo presidente [&hellip;]","og_url":"https:\/\/psol50.org.br\/psol-aciona-stf-contra-mp-de-temer-que-adia-reajuste-do-funcionalismo-publico\/","og_site_name":"PSOL 50","article_publisher":"https:\/\/www.facebook.com\/psol50","article_published_time":"2018-09-05T16:44:40+00:00","og_image":[{"width":960,"height":576,"url":"https:\/\/psol50.org.br\/inc\/uploads\/2018\/09\/Temer-10-bi-960x576-1.jpg","type":"image\/jpeg"}],"author":"Comunica\u00e7\u00e3o PSOL","twitter_card":"summary_large_image","twitter_creator":"@psol50","twitter_site":"@psol50","twitter_misc":{"Escrito por":"Comunica\u00e7\u00e3o PSOL","Est. tempo de leitura":"3 minutos"},"schema":{"@context":"https:\/\/schema.org","@graph":[{"@type":"Article","@id":"https:\/\/psol50.org.br\/psol-aciona-stf-contra-mp-de-temer-que-adia-reajuste-do-funcionalismo-publico\/#article","isPartOf":{"@id":"https:\/\/psol50.org.br\/psol-aciona-stf-contra-mp-de-temer-que-adia-reajuste-do-funcionalismo-publico\/"},"author":{"name":"Comunica\u00e7\u00e3o PSOL","@id":"https:\/\/psol50.org.br\/#\/schema\/person\/475dfa57d0b815993c714c2e96491fcd"},"headline":"PSOL aciona STF contra MP de Temer que adia reajuste do funcionalismo p\u00fablico","datePublished":"2018-09-05T16:44:40+00:00","mainEntityOfPage":{"@id":"https:\/\/psol50.org.br\/psol-aciona-stf-contra-mp-de-temer-que-adia-reajuste-do-funcionalismo-publico\/"},"wordCount":660,"commentCount":0,"publisher":{"@id":"https:\/\/psol50.org.br\/#organization"},"image":{"@id":"https:\/\/psol50.org.br\/psol-aciona-stf-contra-mp-de-temer-que-adia-reajuste-do-funcionalismo-publico\/#primaryimage"},"thumbnailUrl":"https:\/\/psol50.org.br\/inc\/uploads\/2018\/09\/Temer-10-bi-960x576-1.jpg","keywords":["A\u00e7\u00e3o Direta de Inconstitucionalidade","funcionalismo","Medida Provis\u00f3ria 849","Michel Temer","reajuste","servidores p\u00falicos","STF"],"articleSection":["Brasil","MAIS"],"inLanguage":"pt-BR","potentialAction":[{"@type":"CommentAction","name":"Comment","target":["https:\/\/psol50.org.br\/psol-aciona-stf-contra-mp-de-temer-que-adia-reajuste-do-funcionalismo-publico\/#respond"]}]},{"@type":"WebPage","@id":"https:\/\/psol50.org.br\/psol-aciona-stf-contra-mp-de-temer-que-adia-reajuste-do-funcionalismo-publico\/","url":"https:\/\/psol50.org.br\/psol-aciona-stf-contra-mp-de-temer-que-adia-reajuste-do-funcionalismo-publico\/","name":"PSOL aciona STF contra MP de Temer que adia reajuste do funcionalismo p\u00fablico - PSOL 50","isPartOf":{"@id":"https:\/\/psol50.org.br\/#website"},"primaryImageOfPage":{"@id":"https:\/\/psol50.org.br\/psol-aciona-stf-contra-mp-de-temer-que-adia-reajuste-do-funcionalismo-publico\/#primaryimage"},"image":{"@id":"https:\/\/psol50.org.br\/psol-aciona-stf-contra-mp-de-temer-que-adia-reajuste-do-funcionalismo-publico\/#primaryimage"},"thumbnailUrl":"https:\/\/psol50.org.br\/inc\/uploads\/2018\/09\/Temer-10-bi-960x576-1.jpg","datePublished":"2018-09-05T16:44:40+00:00","breadcrumb":{"@id":"https:\/\/psol50.org.br\/psol-aciona-stf-contra-mp-de-temer-que-adia-reajuste-do-funcionalismo-publico\/#breadcrumb"},"inLanguage":"pt-BR","potentialAction":[{"@type":"ReadAction","target":["https:\/\/psol50.org.br\/psol-aciona-stf-contra-mp-de-temer-que-adia-reajuste-do-funcionalismo-publico\/"]}]},{"@type":"ImageObject","inLanguage":"pt-BR","@id":"https:\/\/psol50.org.br\/psol-aciona-stf-contra-mp-de-temer-que-adia-reajuste-do-funcionalismo-publico\/#primaryimage","url":"https:\/\/psol50.org.br\/inc\/uploads\/2018\/09\/Temer-10-bi-960x576-1.jpg","contentUrl":"https:\/\/psol50.org.br\/inc\/uploads\/2018\/09\/Temer-10-bi-960x576-1.jpg","width":960,"height":576},{"@type":"BreadcrumbList","@id":"https:\/\/psol50.org.br\/psol-aciona-stf-contra-mp-de-temer-que-adia-reajuste-do-funcionalismo-publico\/#breadcrumb","itemListElement":[{"@type":"ListItem","position":1,"name":"In\u00edcio","item":"https:\/\/psol50.org.br\/"},{"@type":"ListItem","position":2,"name":"PSOL aciona STF contra MP de Temer que adia reajuste do funcionalismo p\u00fablico"}]},{"@type":"WebSite","@id":"https:\/\/psol50.org.br\/#website","url":"https:\/\/psol50.org.br\/","name":"PSOL 50","description":"Site oficial do Partido Socialismo e Liberdade","publisher":{"@id":"https:\/\/psol50.org.br\/#organization"},"alternateName":"PSOL50","potentialAction":[{"@type":"SearchAction","target":{"@type":"EntryPoint","urlTemplate":"https:\/\/psol50.org.br\/?s={search_term_string}"},"query-input":{"@type":"PropertyValueSpecification","valueRequired":true,"valueName":"search_term_string"}}],"inLanguage":"pt-BR"},{"@type":"Organization","@id":"https:\/\/psol50.org.br\/#organization","name":"PSOL 50","alternateName":"PSOL 50","url":"https:\/\/psol50.org.br\/","logo":{"@type":"ImageObject","inLanguage":"pt-BR","@id":"https:\/\/psol50.org.br\/#\/schema\/logo\/image\/","url":"https:\/\/psol50.org.br\/inc\/uploads\/2018\/07\/capa.png","contentUrl":"https:\/\/psol50.org.br\/inc\/uploads\/2018\/07\/capa.png","width":1350,"height":900,"caption":"PSOL 50"},"image":{"@id":"https:\/\/psol50.org.br\/#\/schema\/logo\/image\/"},"sameAs":["https:\/\/www.facebook.com\/psol50","https:\/\/x.com\/psol50","https:\/\/www.instagram.com\/psol50\/","https:\/\/www.youtube.com\/channel\/UC7SnJS5o1os7a6CaiNabzcg"]},{"@type":"Person","@id":"https:\/\/psol50.org.br\/#\/schema\/person\/475dfa57d0b815993c714c2e96491fcd","name":"Comunica\u00e7\u00e3o PSOL","image":{"@type":"ImageObject","inLanguage":"pt-BR","@id":"https:\/\/psol50.org.br\/#\/schema\/person\/image\/","url":"https:\/\/secure.gravatar.com\/avatar\/b34fc4f4e468a4e51785917065a3db57b841f5c95dba6ad8c73aaf8f66f8f9bf?s=96&d=mm&r=g","contentUrl":"https:\/\/secure.gravatar.com\/avatar\/b34fc4f4e468a4e51785917065a3db57b841f5c95dba6ad8c73aaf8f66f8f9bf?s=96&d=mm&r=g","caption":"Comunica\u00e7\u00e3o PSOL"}}]}},"_links":{"self":[{"href":"https:\/\/psol50.org.br\/rest\/wp\/v2\/posts\/21444","targetHints":{"allow":["GET"]}}],"collection":[{"href":"https:\/\/psol50.org.br\/rest\/wp\/v2\/posts"}],"about":[{"href":"https:\/\/psol50.org.br\/rest\/wp\/v2\/types\/post"}],"author":[{"embeddable":true,"href":"https:\/\/psol50.org.br\/rest\/wp\/v2\/users\/2"}],"replies":[{"embeddable":true,"href":"https:\/\/psol50.org.br\/rest\/wp\/v2\/comments?post=21444"}],"version-history":[{"count":0,"href":"https:\/\/psol50.org.br\/rest\/wp\/v2\/posts\/21444\/revisions"}],"wp:featuredmedia":[{"embeddable":true,"href":"https:\/\/psol50.org.br\/rest\/wp\/v2\/media\/21574"}],"wp:attachment":[{"href":"https:\/\/psol50.org.br\/rest\/wp\/v2\/media?parent=21444"}],"wp:term":[{"taxonomy":"category","embeddable":true,"href":"https:\/\/psol50.org.br\/rest\/wp\/v2\/categories?post=21444"},{"taxonomy":"post_tag","embeddable":true,"href":"https:\/\/psol50.org.br\/rest\/wp\/v2\/tags?post=21444"}],"curies":[{"name":"wp","href":"https:\/\/api.w.org\/{rel}","templated":true}]}}