{"id":21459,"date":"2018-09-11T14:23:57","date_gmt":"2018-09-11T17:23:57","guid":{"rendered":"https:\/\/www.psol50.org.br\/?p=21459"},"modified":"2018-09-11T14:23:57","modified_gmt":"2018-09-11T17:23:57","slug":"israel-dutra-a-caravana-de-solidariedade-a-nicaragua-e-a-esquerda-brasileira","status":"publish","type":"post","link":"https:\/\/psol50.org.br\/israel-dutra-a-caravana-de-solidariedade-a-nicaragua-e-a-esquerda-brasileira\/","title":{"rendered":"Israel Dutra | A caravana de solidariedade \u00e0 Nicar\u00e1gua e a esquerda brasileira"},"content":{"rendered":"<p>Na manh\u00e3 fria, pela via da rodovi\u00e1ria, em 30 de agosto, chegou em Porto Alegre a caravana de ativistas nicaraguenses, numa jornada pela regi\u00e3o em para denunciar a repress\u00e3o do regime de Daniel Ortega. Os tr\u00eas integrantes, todos muito jovens, apesar de cansados, exibiram sorrisos pela recep\u00e7\u00e3o calorosa por parte do comit\u00ea ga\u00facho em solidariedade \u00e0 Nicar\u00e1gua livre, encabe\u00e7ado por nicaraguenses residentes no estado do Rio Grande do Sul, em parceria com movimentos sociais, setores da esquerda combativa e ativistas. Ao pisar em solo brasileiro, o grupo come\u00e7ava uma nova etapa da sua \u201cgira\u201d, que ainda teria conex\u00f5es no Rio de Janeiro e S\u00e3o Paulo.<\/p>\n<p>A caravana era uma boa representa\u00e7\u00e3o dos atores em luta contra a viol\u00eancia de Estado na Nicar\u00e1gua dos dias de hoje. Ariana Mcguirre \u00e9 ativista estudantil de 27 anos, dirigente dos movimento estudantil em Man\u00e1gua e filha de revolucion\u00e1rios da gera\u00e7\u00e3o de 1979; Carolina Hernandez, de 36 anos, l\u00edder do movimento ambiental que luta contra a explora\u00e7\u00e3o predat\u00f3ria por parte das grandes mineradoras; e o mais jovem, Yader Parajon, representando o grupo de familiares que teve seus filhos e irm\u00e3os assassinados, sequestrados e desaparecidos durante a repress\u00e3o, configurando a plataforma \u201cMadres de Abril\u201d.<\/p>\n<p>A caravana participou de debates no Chile, onde ganhou apoio de setores do PS e da Frente Ampla, apesar de terem vivenciado um escracho protagonizado por bandas do PC chileno, articulados pela embaixada da Nicar\u00e1gua nesse pa\u00eds; na Argentina, houve encontro com representantes de Direitos Humanos, partidos de esquerda como MST e Esquerda Socialista, um ato de rua que denunciou a repress\u00e3o de Ortega e Murillo. No Uruguai, Frente Ampla, lideran\u00e7as sindicais, estudantis e de luta por justi\u00e7a tamb\u00e9m os receberam, reverberando suas den\u00fancias.<\/p>\n<p>No Rio Grande do Sul, como dito, a jornada contou com debates com o movimento feminista e sindical, com um semin\u00e1rio sobre a minera\u00e7\u00e3o na Universidade Federal do Rio Grande, um ato pol\u00edtico na Assembleia Legislativa, um encontro na Escola Superior de Teologia em S\u00e3o Leopoldo, um grande ato-debate na FACED\/UFRGS, uma participa\u00e7\u00e3o no programa radiof\u00f4nico Esfera P\u00fablica, apresentado por Juremir Machado, e, por fim, um Sarau po\u00e9tico recordando a m\u00edstica e tradi\u00e7\u00e3o revolucion\u00e1ria do \u201cpa\u00eds dos poetas\u201d. Solidarizaram-se e participaram das atividades in\u00fameras entidades, personalidades pol\u00edticas e sociais, como lideran\u00e7as da Caritas, DCE da Unisinos, UMESPA, CSP Conlutas, Sintrajufe, os vereadores Roberto Robaina e Fernanda Melchionna, o deputado estadual Nelsinho Metalurgico, al\u00e9m de figuras p\u00fablicas como Luciana Genro e Ol\u00edvio Dutra. Tudo sob coordena\u00e7\u00e3o da professora Ana Mercedes e da soci\u00f3loga Ana Marcela, nicaraguenses aqui residentes.<\/p>\n<p>A agenda no Rio de Janeiro tamb\u00e9m foi expressiva. Aconteceram reuni\u00f5es com Marcelo Freixo, com a Anistia Internacional, eventos com vereadores como Bab\u00e1 e David Miranda; reuni\u00e3o com o dirigente hist\u00f3rico Pedro Fuentes, debates na universidades com a presen\u00e7a do Jornalista Eric Nepomuceno, um dos que acompanhou a queda de Somoza no final dos 70. Os debates tiveram a organiza\u00e7\u00e3o do intelectual Humberto Meza, tamb\u00e9m nicaraguense que mora no Brasil. A caravana segue nesta semana em S\u00e3o Paulo, onde est\u00e3o programados eventos com o movimento sindical, al\u00e9m de debates na USP e Unicamp.<\/p>\n<p>A repercuss\u00e3o da luta contra o regime autorit\u00e1rio nicaraguense no Brasil \u00e9 grande. A recente deporta\u00e7\u00e3o da cineasta brasileira, Emilia Mello, se soma \u00e0 responsabilidade do governo Ortega pela morte de uma jovem estudante de medicina, oriunda do estado de Pernambuco. Rayneia Gabrielle, que n\u00e3o tinha qualquer tipo de envolvimento com a organiza\u00e7\u00e3o das manifesta\u00e7\u00f5es opositoras, foi vitimada por um tiro na sa\u00edda do hospital onde era residente, ao que tudo indica por grupos paramilitares. A posi\u00e7\u00e3o do governo brasileiro at\u00e9 este momento n\u00e3o se concretizou em uma condena\u00e7\u00e3o maior do regime orteguista. A den\u00fancia que foi trazida pela caravana foi fundamental, no sentido de travar um combate contra a narrativa diversionista que relativiza os crimes da ditadura.<\/p>\n<p>H\u00e1 dois caminhos equivocados para encarar o problema da Nicar\u00e1gua nos dias de hoje. O primeiro, e mais grave, \u00e9 o seguidismo \u00e0s posi\u00e7\u00f5es do F\u00f3rum de S\u00e3o Paulo. Tal postura, felizmente minorit\u00e1ria, foi repudiada por nomes respeitados por pr\u00f3prio campo pol\u00edtico, como Boaventura Souza Santos e Pepe Mujica. No Brasil, apenas pequenas organiza\u00e7\u00f5es de cunho stalinista t\u00eam colocado a cabe\u00e7a para fora para defender a postura da FSLN. O segundo caminho, tamb\u00e9m errado, \u00e9 o da omiss\u00e3o. \u00c9 necess\u00e1rio fazer um chamado amplo para que a esquerda n\u00e3o apenas seja parte da condena\u00e7\u00e3o do regime e do apoio \u00e0s mobiliza\u00e7\u00f5es para defender os direitos do povo e da juventude da Nicar\u00e1gua, mas tamb\u00e9m para que seja parte ativa na imprescind\u00edvel solidariedade aos nicaraguenses.<\/p>\n<p>O movimento estudantil brasileiro precisa tomar lado na luta contra a repress\u00e3o. S\u00e3o centenas de estudantes presos, outros tantos perseguidos, al\u00e9m de diversos sequestros e torturas. A agenda do movimento deve estar a servi\u00e7o da luta democr\u00e1tica, sustentando os jovens que arriscam suas vidas no combate \u00e0 tirania de Daniel Ortega. O movimento democr\u00e1tico e de diretos humanos n\u00e3o pode deixar de condenar com veem\u00eancia o autoritarismo do regime de Ortega-Murillo, como fez a CIDH da ONU- que ali\u00e1s foi expulsa em poucas horas do pa\u00eds pela chancelaria da ditadura. Um sinal positivo \u00e9 a recente articula\u00e7\u00e3o de uma rede de parlamentares e movimentos sociais vinculados aos direitos humanos a fim de avan\u00e7ar um novo passo na luta contra Ortega e pela democracia na Nicar\u00e1gua. \u00c9 hora da esquerda brasileira entrar de ver nesta luta.<\/p>\n","protected":false},"excerpt":{"rendered":"<p>Na manh\u00e3 fria, pela via da rodovi\u00e1ria, em 30 de agosto, chegou em Porto Alegre a caravana de ativistas nicaraguenses, numa jornada pela regi\u00e3o em para denunciar a repress\u00e3o do regime de Daniel Ortega. Os tr\u00eas integrantes, todos muito jovens, apesar de cansados, exibiram sorrisos pela recep\u00e7\u00e3o calorosa por parte do comit\u00ea ga\u00facho em solidariedade [&hellip;]<\/p>\n","protected":false},"author":2,"featured_media":20790,"comment_status":"open","ping_status":"open","sticky":false,"template":"","format":"standard","meta":{"_acf_changed":false,"footnotes":""},"categories":[707],"tags":[2644,1454,2520,2231],"class_list":{"0":"post-21459","1":"post","2":"type-post","3":"status-publish","4":"format-standard","5":"has-post-thumbnail","7":"category-secr-ri","8":"tag-daniel-ortega","9":"tag-israel-dutra","10":"tag-nicaragua","11":"tag-secretaria-de-relacoes-internacionais"},"acf":[],"yoast_head":"<!-- This site is optimized with the Yoast SEO plugin v26.5 - https:\/\/yoast.com\/wordpress\/plugins\/seo\/ -->\n<title>Israel Dutra | A caravana de solidariedade \u00e0 Nicar\u00e1gua e a esquerda brasileira - PSOL 50<\/title>\n<meta name=\"robots\" content=\"index, follow, max-snippet:-1, max-image-preview:large, max-video-preview:-1\" \/>\n<link rel=\"canonical\" href=\"https:\/\/psol50.org.br\/israel-dutra-a-caravana-de-solidariedade-a-nicaragua-e-a-esquerda-brasileira\/\" \/>\n<meta property=\"og:locale\" content=\"pt_BR\" \/>\n<meta property=\"og:type\" content=\"article\" \/>\n<meta property=\"og:title\" content=\"Israel Dutra | A caravana de solidariedade \u00e0 Nicar\u00e1gua e a esquerda brasileira - PSOL 50\" \/>\n<meta property=\"og:description\" content=\"Na manh\u00e3 fria, pela via da rodovi\u00e1ria, em 30 de agosto, chegou em Porto Alegre a caravana de ativistas nicaraguenses, numa jornada pela regi\u00e3o em para denunciar a repress\u00e3o do regime de Daniel Ortega. Os tr\u00eas integrantes, todos muito jovens, apesar de cansados, exibiram sorrisos pela recep\u00e7\u00e3o calorosa por parte do comit\u00ea ga\u00facho em solidariedade [&hellip;]\" \/>\n<meta property=\"og:url\" content=\"https:\/\/psol50.org.br\/israel-dutra-a-caravana-de-solidariedade-a-nicaragua-e-a-esquerda-brasileira\/\" \/>\n<meta property=\"og:site_name\" content=\"PSOL 50\" \/>\n<meta property=\"article:publisher\" content=\"https:\/\/www.facebook.com\/psol50\" \/>\n<meta property=\"article:published_time\" content=\"2018-09-11T17:23:57+00:00\" \/>\n<meta property=\"og:image\" content=\"https:\/\/psol50.org.br\/inc\/uploads\/2018\/05\/nicaragua.jpg\" \/>\n\t<meta property=\"og:image:width\" content=\"984\" \/>\n\t<meta property=\"og:image:height\" content=\"656\" \/>\n\t<meta property=\"og:image:type\" content=\"image\/jpeg\" \/>\n<meta name=\"author\" content=\"Comunica\u00e7\u00e3o PSOL\" \/>\n<meta name=\"twitter:card\" content=\"summary_large_image\" \/>\n<meta name=\"twitter:creator\" content=\"@psol50\" \/>\n<meta name=\"twitter:site\" content=\"@psol50\" \/>\n<meta name=\"twitter:label1\" content=\"Escrito por\" \/>\n\t<meta name=\"twitter:data1\" content=\"Comunica\u00e7\u00e3o PSOL\" \/>\n\t<meta name=\"twitter:label2\" content=\"Est. tempo de leitura\" \/>\n\t<meta name=\"twitter:data2\" content=\"5 minutos\" \/>\n<script type=\"application\/ld+json\" class=\"yoast-schema-graph\">{\"@context\":\"https:\/\/schema.org\",\"@graph\":[{\"@type\":\"Article\",\"@id\":\"https:\/\/psol50.org.br\/israel-dutra-a-caravana-de-solidariedade-a-nicaragua-e-a-esquerda-brasileira\/#article\",\"isPartOf\":{\"@id\":\"https:\/\/psol50.org.br\/israel-dutra-a-caravana-de-solidariedade-a-nicaragua-e-a-esquerda-brasileira\/\"},\"author\":{\"name\":\"Comunica\u00e7\u00e3o PSOL\",\"@id\":\"https:\/\/psol50.org.br\/#\/schema\/person\/475dfa57d0b815993c714c2e96491fcd\"},\"headline\":\"Israel Dutra | A caravana de solidariedade \u00e0 Nicar\u00e1gua e a esquerda brasileira\",\"datePublished\":\"2018-09-11T17:23:57+00:00\",\"mainEntityOfPage\":{\"@id\":\"https:\/\/psol50.org.br\/israel-dutra-a-caravana-de-solidariedade-a-nicaragua-e-a-esquerda-brasileira\/\"},\"wordCount\":989,\"commentCount\":0,\"publisher\":{\"@id\":\"https:\/\/psol50.org.br\/#organization\"},\"image\":{\"@id\":\"https:\/\/psol50.org.br\/israel-dutra-a-caravana-de-solidariedade-a-nicaragua-e-a-esquerda-brasileira\/#primaryimage\"},\"thumbnailUrl\":\"https:\/\/psol50.org.br\/inc\/uploads\/2018\/05\/nicaragua.jpg\",\"keywords\":[\"Daniel Ortega\",\"Israel Dutra\",\"Nicar\u00e1gua\",\"Secretaria de Rela\u00e7\u00f5es Internacionais\"],\"articleSection\":[\"Secr. de RI\"],\"inLanguage\":\"pt-BR\",\"potentialAction\":[{\"@type\":\"CommentAction\",\"name\":\"Comment\",\"target\":[\"https:\/\/psol50.org.br\/israel-dutra-a-caravana-de-solidariedade-a-nicaragua-e-a-esquerda-brasileira\/#respond\"]}]},{\"@type\":\"WebPage\",\"@id\":\"https:\/\/psol50.org.br\/israel-dutra-a-caravana-de-solidariedade-a-nicaragua-e-a-esquerda-brasileira\/\",\"url\":\"https:\/\/psol50.org.br\/israel-dutra-a-caravana-de-solidariedade-a-nicaragua-e-a-esquerda-brasileira\/\",\"name\":\"Israel Dutra | A caravana de solidariedade \u00e0 Nicar\u00e1gua e a esquerda brasileira - PSOL 50\",\"isPartOf\":{\"@id\":\"https:\/\/psol50.org.br\/#website\"},\"primaryImageOfPage\":{\"@id\":\"https:\/\/psol50.org.br\/israel-dutra-a-caravana-de-solidariedade-a-nicaragua-e-a-esquerda-brasileira\/#primaryimage\"},\"image\":{\"@id\":\"https:\/\/psol50.org.br\/israel-dutra-a-caravana-de-solidariedade-a-nicaragua-e-a-esquerda-brasileira\/#primaryimage\"},\"thumbnailUrl\":\"https:\/\/psol50.org.br\/inc\/uploads\/2018\/05\/nicaragua.jpg\",\"datePublished\":\"2018-09-11T17:23:57+00:00\",\"breadcrumb\":{\"@id\":\"https:\/\/psol50.org.br\/israel-dutra-a-caravana-de-solidariedade-a-nicaragua-e-a-esquerda-brasileira\/#breadcrumb\"},\"inLanguage\":\"pt-BR\",\"potentialAction\":[{\"@type\":\"ReadAction\",\"target\":[\"https:\/\/psol50.org.br\/israel-dutra-a-caravana-de-solidariedade-a-nicaragua-e-a-esquerda-brasileira\/\"]}]},{\"@type\":\"ImageObject\",\"inLanguage\":\"pt-BR\",\"@id\":\"https:\/\/psol50.org.br\/israel-dutra-a-caravana-de-solidariedade-a-nicaragua-e-a-esquerda-brasileira\/#primaryimage\",\"url\":\"https:\/\/psol50.org.br\/inc\/uploads\/2018\/05\/nicaragua.jpg\",\"contentUrl\":\"https:\/\/psol50.org.br\/inc\/uploads\/2018\/05\/nicaragua.jpg\",\"width\":984,\"height\":656},{\"@type\":\"BreadcrumbList\",\"@id\":\"https:\/\/psol50.org.br\/israel-dutra-a-caravana-de-solidariedade-a-nicaragua-e-a-esquerda-brasileira\/#breadcrumb\",\"itemListElement\":[{\"@type\":\"ListItem\",\"position\":1,\"name\":\"In\u00edcio\",\"item\":\"https:\/\/psol50.org.br\/\"},{\"@type\":\"ListItem\",\"position\":2,\"name\":\"Israel Dutra | A caravana de solidariedade \u00e0 Nicar\u00e1gua e a esquerda brasileira\"}]},{\"@type\":\"WebSite\",\"@id\":\"https:\/\/psol50.org.br\/#website\",\"url\":\"https:\/\/psol50.org.br\/\",\"name\":\"PSOL 50\",\"description\":\"Site oficial do Partido Socialismo e Liberdade\",\"publisher\":{\"@id\":\"https:\/\/psol50.org.br\/#organization\"},\"alternateName\":\"PSOL50\",\"potentialAction\":[{\"@type\":\"SearchAction\",\"target\":{\"@type\":\"EntryPoint\",\"urlTemplate\":\"https:\/\/psol50.org.br\/?s={search_term_string}\"},\"query-input\":{\"@type\":\"PropertyValueSpecification\",\"valueRequired\":true,\"valueName\":\"search_term_string\"}}],\"inLanguage\":\"pt-BR\"},{\"@type\":\"Organization\",\"@id\":\"https:\/\/psol50.org.br\/#organization\",\"name\":\"PSOL 50\",\"alternateName\":\"PSOL 50\",\"url\":\"https:\/\/psol50.org.br\/\",\"logo\":{\"@type\":\"ImageObject\",\"inLanguage\":\"pt-BR\",\"@id\":\"https:\/\/psol50.org.br\/#\/schema\/logo\/image\/\",\"url\":\"https:\/\/psol50.org.br\/inc\/uploads\/2018\/07\/capa.png\",\"contentUrl\":\"https:\/\/psol50.org.br\/inc\/uploads\/2018\/07\/capa.png\",\"width\":1350,\"height\":900,\"caption\":\"PSOL 50\"},\"image\":{\"@id\":\"https:\/\/psol50.org.br\/#\/schema\/logo\/image\/\"},\"sameAs\":[\"https:\/\/www.facebook.com\/psol50\",\"https:\/\/x.com\/psol50\",\"https:\/\/www.instagram.com\/psol50\/\",\"https:\/\/www.youtube.com\/channel\/UC7SnJS5o1os7a6CaiNabzcg\"]},{\"@type\":\"Person\",\"@id\":\"https:\/\/psol50.org.br\/#\/schema\/person\/475dfa57d0b815993c714c2e96491fcd\",\"name\":\"Comunica\u00e7\u00e3o PSOL\",\"image\":{\"@type\":\"ImageObject\",\"inLanguage\":\"pt-BR\",\"@id\":\"https:\/\/psol50.org.br\/#\/schema\/person\/image\/\",\"url\":\"https:\/\/secure.gravatar.com\/avatar\/b34fc4f4e468a4e51785917065a3db57b841f5c95dba6ad8c73aaf8f66f8f9bf?s=96&d=mm&r=g\",\"contentUrl\":\"https:\/\/secure.gravatar.com\/avatar\/b34fc4f4e468a4e51785917065a3db57b841f5c95dba6ad8c73aaf8f66f8f9bf?s=96&d=mm&r=g\",\"caption\":\"Comunica\u00e7\u00e3o PSOL\"}}]}<\/script>\n<!-- \/ Yoast SEO plugin. -->","yoast_head_json":{"title":"Israel Dutra | A caravana de solidariedade \u00e0 Nicar\u00e1gua e a esquerda brasileira - PSOL 50","robots":{"index":"index","follow":"follow","max-snippet":"max-snippet:-1","max-image-preview":"max-image-preview:large","max-video-preview":"max-video-preview:-1"},"canonical":"https:\/\/psol50.org.br\/israel-dutra-a-caravana-de-solidariedade-a-nicaragua-e-a-esquerda-brasileira\/","og_locale":"pt_BR","og_type":"article","og_title":"Israel Dutra | A caravana de solidariedade \u00e0 Nicar\u00e1gua e a esquerda brasileira - PSOL 50","og_description":"Na manh\u00e3 fria, pela via da rodovi\u00e1ria, em 30 de agosto, chegou em Porto Alegre a caravana de ativistas nicaraguenses, numa jornada pela regi\u00e3o em para denunciar a repress\u00e3o do regime de Daniel Ortega. Os tr\u00eas integrantes, todos muito jovens, apesar de cansados, exibiram sorrisos pela recep\u00e7\u00e3o calorosa por parte do comit\u00ea ga\u00facho em solidariedade [&hellip;]","og_url":"https:\/\/psol50.org.br\/israel-dutra-a-caravana-de-solidariedade-a-nicaragua-e-a-esquerda-brasileira\/","og_site_name":"PSOL 50","article_publisher":"https:\/\/www.facebook.com\/psol50","article_published_time":"2018-09-11T17:23:57+00:00","og_image":[{"width":984,"height":656,"url":"https:\/\/psol50.org.br\/inc\/uploads\/2018\/05\/nicaragua.jpg","type":"image\/jpeg"}],"author":"Comunica\u00e7\u00e3o PSOL","twitter_card":"summary_large_image","twitter_creator":"@psol50","twitter_site":"@psol50","twitter_misc":{"Escrito por":"Comunica\u00e7\u00e3o PSOL","Est. tempo de leitura":"5 minutos"},"schema":{"@context":"https:\/\/schema.org","@graph":[{"@type":"Article","@id":"https:\/\/psol50.org.br\/israel-dutra-a-caravana-de-solidariedade-a-nicaragua-e-a-esquerda-brasileira\/#article","isPartOf":{"@id":"https:\/\/psol50.org.br\/israel-dutra-a-caravana-de-solidariedade-a-nicaragua-e-a-esquerda-brasileira\/"},"author":{"name":"Comunica\u00e7\u00e3o PSOL","@id":"https:\/\/psol50.org.br\/#\/schema\/person\/475dfa57d0b815993c714c2e96491fcd"},"headline":"Israel Dutra | A caravana de solidariedade \u00e0 Nicar\u00e1gua e a esquerda brasileira","datePublished":"2018-09-11T17:23:57+00:00","mainEntityOfPage":{"@id":"https:\/\/psol50.org.br\/israel-dutra-a-caravana-de-solidariedade-a-nicaragua-e-a-esquerda-brasileira\/"},"wordCount":989,"commentCount":0,"publisher":{"@id":"https:\/\/psol50.org.br\/#organization"},"image":{"@id":"https:\/\/psol50.org.br\/israel-dutra-a-caravana-de-solidariedade-a-nicaragua-e-a-esquerda-brasileira\/#primaryimage"},"thumbnailUrl":"https:\/\/psol50.org.br\/inc\/uploads\/2018\/05\/nicaragua.jpg","keywords":["Daniel Ortega","Israel Dutra","Nicar\u00e1gua","Secretaria de Rela\u00e7\u00f5es Internacionais"],"articleSection":["Secr. de RI"],"inLanguage":"pt-BR","potentialAction":[{"@type":"CommentAction","name":"Comment","target":["https:\/\/psol50.org.br\/israel-dutra-a-caravana-de-solidariedade-a-nicaragua-e-a-esquerda-brasileira\/#respond"]}]},{"@type":"WebPage","@id":"https:\/\/psol50.org.br\/israel-dutra-a-caravana-de-solidariedade-a-nicaragua-e-a-esquerda-brasileira\/","url":"https:\/\/psol50.org.br\/israel-dutra-a-caravana-de-solidariedade-a-nicaragua-e-a-esquerda-brasileira\/","name":"Israel Dutra | A caravana de solidariedade \u00e0 Nicar\u00e1gua e a esquerda brasileira - PSOL 50","isPartOf":{"@id":"https:\/\/psol50.org.br\/#website"},"primaryImageOfPage":{"@id":"https:\/\/psol50.org.br\/israel-dutra-a-caravana-de-solidariedade-a-nicaragua-e-a-esquerda-brasileira\/#primaryimage"},"image":{"@id":"https:\/\/psol50.org.br\/israel-dutra-a-caravana-de-solidariedade-a-nicaragua-e-a-esquerda-brasileira\/#primaryimage"},"thumbnailUrl":"https:\/\/psol50.org.br\/inc\/uploads\/2018\/05\/nicaragua.jpg","datePublished":"2018-09-11T17:23:57+00:00","breadcrumb":{"@id":"https:\/\/psol50.org.br\/israel-dutra-a-caravana-de-solidariedade-a-nicaragua-e-a-esquerda-brasileira\/#breadcrumb"},"inLanguage":"pt-BR","potentialAction":[{"@type":"ReadAction","target":["https:\/\/psol50.org.br\/israel-dutra-a-caravana-de-solidariedade-a-nicaragua-e-a-esquerda-brasileira\/"]}]},{"@type":"ImageObject","inLanguage":"pt-BR","@id":"https:\/\/psol50.org.br\/israel-dutra-a-caravana-de-solidariedade-a-nicaragua-e-a-esquerda-brasileira\/#primaryimage","url":"https:\/\/psol50.org.br\/inc\/uploads\/2018\/05\/nicaragua.jpg","contentUrl":"https:\/\/psol50.org.br\/inc\/uploads\/2018\/05\/nicaragua.jpg","width":984,"height":656},{"@type":"BreadcrumbList","@id":"https:\/\/psol50.org.br\/israel-dutra-a-caravana-de-solidariedade-a-nicaragua-e-a-esquerda-brasileira\/#breadcrumb","itemListElement":[{"@type":"ListItem","position":1,"name":"In\u00edcio","item":"https:\/\/psol50.org.br\/"},{"@type":"ListItem","position":2,"name":"Israel Dutra | A caravana de solidariedade \u00e0 Nicar\u00e1gua e a esquerda brasileira"}]},{"@type":"WebSite","@id":"https:\/\/psol50.org.br\/#website","url":"https:\/\/psol50.org.br\/","name":"PSOL 50","description":"Site oficial do Partido Socialismo e Liberdade","publisher":{"@id":"https:\/\/psol50.org.br\/#organization"},"alternateName":"PSOL50","potentialAction":[{"@type":"SearchAction","target":{"@type":"EntryPoint","urlTemplate":"https:\/\/psol50.org.br\/?s={search_term_string}"},"query-input":{"@type":"PropertyValueSpecification","valueRequired":true,"valueName":"search_term_string"}}],"inLanguage":"pt-BR"},{"@type":"Organization","@id":"https:\/\/psol50.org.br\/#organization","name":"PSOL 50","alternateName":"PSOL 50","url":"https:\/\/psol50.org.br\/","logo":{"@type":"ImageObject","inLanguage":"pt-BR","@id":"https:\/\/psol50.org.br\/#\/schema\/logo\/image\/","url":"https:\/\/psol50.org.br\/inc\/uploads\/2018\/07\/capa.png","contentUrl":"https:\/\/psol50.org.br\/inc\/uploads\/2018\/07\/capa.png","width":1350,"height":900,"caption":"PSOL 50"},"image":{"@id":"https:\/\/psol50.org.br\/#\/schema\/logo\/image\/"},"sameAs":["https:\/\/www.facebook.com\/psol50","https:\/\/x.com\/psol50","https:\/\/www.instagram.com\/psol50\/","https:\/\/www.youtube.com\/channel\/UC7SnJS5o1os7a6CaiNabzcg"]},{"@type":"Person","@id":"https:\/\/psol50.org.br\/#\/schema\/person\/475dfa57d0b815993c714c2e96491fcd","name":"Comunica\u00e7\u00e3o PSOL","image":{"@type":"ImageObject","inLanguage":"pt-BR","@id":"https:\/\/psol50.org.br\/#\/schema\/person\/image\/","url":"https:\/\/secure.gravatar.com\/avatar\/b34fc4f4e468a4e51785917065a3db57b841f5c95dba6ad8c73aaf8f66f8f9bf?s=96&d=mm&r=g","contentUrl":"https:\/\/secure.gravatar.com\/avatar\/b34fc4f4e468a4e51785917065a3db57b841f5c95dba6ad8c73aaf8f66f8f9bf?s=96&d=mm&r=g","caption":"Comunica\u00e7\u00e3o PSOL"}}]}},"_links":{"self":[{"href":"https:\/\/psol50.org.br\/rest\/wp\/v2\/posts\/21459","targetHints":{"allow":["GET"]}}],"collection":[{"href":"https:\/\/psol50.org.br\/rest\/wp\/v2\/posts"}],"about":[{"href":"https:\/\/psol50.org.br\/rest\/wp\/v2\/types\/post"}],"author":[{"embeddable":true,"href":"https:\/\/psol50.org.br\/rest\/wp\/v2\/users\/2"}],"replies":[{"embeddable":true,"href":"https:\/\/psol50.org.br\/rest\/wp\/v2\/comments?post=21459"}],"version-history":[{"count":0,"href":"https:\/\/psol50.org.br\/rest\/wp\/v2\/posts\/21459\/revisions"}],"wp:featuredmedia":[{"embeddable":true,"href":"https:\/\/psol50.org.br\/rest\/wp\/v2\/media\/20790"}],"wp:attachment":[{"href":"https:\/\/psol50.org.br\/rest\/wp\/v2\/media?parent=21459"}],"wp:term":[{"taxonomy":"category","embeddable":true,"href":"https:\/\/psol50.org.br\/rest\/wp\/v2\/categories?post=21459"},{"taxonomy":"post_tag","embeddable":true,"href":"https:\/\/psol50.org.br\/rest\/wp\/v2\/tags?post=21459"}],"curies":[{"name":"wp","href":"https:\/\/api.w.org\/{rel}","templated":true}]}}