{"id":21477,"date":"2018-09-24T15:26:37","date_gmt":"2018-09-24T18:26:37","guid":{"rendered":"https:\/\/www.psol50.org.br\/?p=21477"},"modified":"2018-09-24T15:26:37","modified_gmt":"2018-09-24T18:26:37","slug":"juliano-medeiros-um-voto-inutil","status":"publish","type":"post","link":"https:\/\/psol50.org.br\/juliano-medeiros-um-voto-inutil\/","title":{"rendered":"Juliano Medeiros | Um voto in\u00fatil"},"content":{"rendered":"<p><em><span style=\"font-size: 14px;\">Artigo publicado originalmente na <a href=\"https:\/\/www.cartacapital.com.br\/politica\/um-voto-inutil\" target=\"_blank\" rel=\"noopener\"><strong><span style=\"color: #0000ff;\">Carta Capital<\/span><\/strong><\/a><\/span><\/em><\/p>\n<p>Faltam menos de quinze dias para o primeiro turno das elei\u00e7\u00f5es presidenciais e o Brasil segue diante de profundas incertezas. A crise social, que gerou um contingente de mais de 14 milh\u00f5es de trabalhadores desempregados, se aprofunda.<\/p>\n<p>A viol\u00eancia urbana alcan\u00e7a n\u00edveis alarmantes que nenhuma interven\u00e7\u00e3o federal \u00e9 capaz de deter, enquanto a alta c\u00fapula do governo golpista se enreda em novos esc\u00e2ndalos de corrup\u00e7\u00e3o, como revelaram as recentes grava\u00e7\u00f5es que mostram um aliado de Temer negociando propina junto a Odebrecht.<\/p>\n<p>\u00c9 nesse contexto que o pa\u00eds ir\u00e1 \u00e0s urnas no pr\u00f3ximo dia 7 de outubro. Entre os eleitores democr\u00e1ticos e progressistas h\u00e1 muita d\u00favida e tamb\u00e9m muito medo. Se por um lado, o indeferimento arbitr\u00e1rio da candidatura de Lula pelo Tribunal Superior Eleitoral e sua posterior substitui\u00e7\u00e3o por Fernando Haddad finalmente definiram o quadro da disputa presidencial no primeiro turno, por outro, deu in\u00edcio a muitas especula\u00e7\u00f5es sobre a capacidade do campo de oposi\u00e7\u00e3o ao golpe contar com um de seus nomes no segundo turno.<\/p>\n<p>O atentado contra Bolsonaro n\u00e3o gerou uma disparada do candidato do PSL nas pesquisas eleitorais, como esperavam seus aliados, mas parece ter consolidado um potencial que alcan\u00e7a, hoje, n\u00e3o menos que 25% das inten\u00e7\u00f5es de voto. Isso, na avalia\u00e7\u00e3o de muitos especialistas, pode ser suficiente para levar o candidato da extrema-direita ao segundo turno. Seria necess\u00e1rio, portanto, lutar para garantir que a outra vaga seja de um nome do campo democr\u00e1tico.<\/p>\n<p>Nesse contexto, muitos eleitores progressistas passaram a manifestar uma op\u00e7\u00e3o pelo chamado \u201cvoto \u00fatil\u201d. Ou seja, mostram-se\u00a0\u00a0 dispostos a deixar de votar em um candidato com o qual se identificam para escolher um nome que simplesmente esteja mais bem posicionado nas pesquisas. Enquanto durou a indefini\u00e7\u00e3o em rela\u00e7\u00e3o \u00e0 candidatura do PT, Ciro Gomes (PDT) se beneficiou desse fen\u00f4meno. Agora que o partido de Lula oficializou o nome de Fernando Haddad como substituto, vemos muitos eleitores progressistas manifestando sua inten\u00e7\u00e3o de votar no candidato do PT apenas pelo potencial que ele demonstra ter para chegar ao segundo turno.<\/p>\n<p>O medo de uma vit\u00f3ria de Bolsonaro ou de um segundo turno entre dois candidatos do campo do golpe \u00e9 compreens\u00edvel. Para qualquer eleitor que defende posi\u00e7\u00f5es progressistas esse seria um cen\u00e1rio desesperador. Mas as \u00faltimas pesquisas apontam que \u00e9 quase imposs\u00edvel um segundo turno sem um candidato do campo democr\u00e1tico. Essa \u00e9 uma boa perspectiva. Por isso, o racioc\u00ednio que justifica o voto \u00fatil mostra-se incompleto, porque desconsidera ao menos uma vari\u00e1vel importante: o que vem depois de outubro.<\/p>\n<p>Derrotar Bolsonaro \u00e9, sem d\u00favida, muito importante. Mas contar com um governo capaz de enfrentar a crise que o pa\u00eds atravessa e retomar a normalidade democr\u00e1tica tamb\u00e9m. Por isso, \u00e9 preciso vencer a elei\u00e7\u00e3o com um programa que expressa o recha\u00e7o do povo brasileiro n\u00e3o s\u00f3 \u00e0 extrema-direita e \u00e0 intoler\u00e2ncia, mas tamb\u00e9m ao programa do golpe. E aqui est\u00e1 o problema do chamado \u201cvoto \u00fatil\u201d.<\/p>\n<p>Sem se dar conta, o eleitor progressista e democr\u00e1tico, ao optar pelo \u201cvoto \u00fatil\u201d, empurra o candidato mais bem posicionado nas pesquisas \u2013 neste momento, Fernando Haddad \u2013 para o centro do espectro pol\u00edtico no segundo turno, j\u00e1 que sua disposi\u00e7\u00e3o ser\u00e1 a de conquistar o apoio do grande empresariado e n\u00e3o dos eleitores de esquerda, que tendem a ser naturalmente seus.<\/p>\n<p>Em outras palavras: \u201cdesidratar\u201d as demais candidaturas desse campo (Ciro e Boulos), ao inv\u00e9s de garantir a chegada de Haddad ao segundo turno \u2013 o que \u00e9 quase certo, dado a forte capacidade de transfer\u00eancia do apoio de Lula em muitas regi\u00f5es do pa\u00eds \u2013 serve apenas para diminuir o peso de uma agenda verdadeiramente de esquerda na disputa contra Bolsonaro.<\/p>\n<p>Um exemplo simples: se Boulos alcan\u00e7ar, digamos, 10% dos votos no primeiro turno, o peso de sua agenda \u2013 legaliza\u00e7\u00e3o das drogas, descriminaliza\u00e7\u00e3o do aborto, desmilitariza\u00e7\u00e3o das pol\u00edcias, combate aos privil\u00e9gios, etc. \u2013 ser\u00e1 muito maior no segundo turno. Se sua vota\u00e7\u00e3o, ao contr\u00e1rio, ficar abaixo de 1%, porque o candidato que disputar\u00e1 o segundo turno contra Bolsonaro se sentiria na obriga\u00e7\u00e3o de dialogar com essas pautas, j\u00e1 que muitas delas s\u00e3o impopulares para uma parte mais conservadora do eleitorado?<\/p>\n<p>O mais prov\u00e1vel, portanto, \u00e9 que ele acabe priorizando o di\u00e1logo com posi\u00e7\u00f5es mais \u00e0 direita, para conquistar votos de Alckmin ou \u00c1lvaro Dias, engavetando boas propostas de Ciro, Boulos e do pr\u00f3prio PT.<\/p>\n<p>Por isso, o voto \u00fatil \u00e9 uma esp\u00e9cie de \u201ccheque em branco\u201d para o pragmatismo. Ao reduzir as perspectivas eleitorais das demais candidaturas de esquerda, o eleitor progressista diminui o peso relativo de suas bandeiras no segundo turno, aumentando proporcionalmente a relev\u00e2ncia do apoio que as candidaturas da direita podem oferecer.<\/p>\n<p>Para quem s\u00f3 quer derrotar Bolsonaro, pode parecer um bom neg\u00f3cio. Mas para quem acredita que o Brasil precisa de um governo que, al\u00e9m de combater a extrema-direita, tamb\u00e9m ponha os golpistas pra correr, o voto \u00fatil \u00e9 in\u00fatil. Nesse caso o melhor mesmo \u00e9 votar para fortalecer candidaturas que representem uma mudan\u00e7a clara de rumos. S\u00f3 isso pode deter a escalada de pragmatismo que, no segundo turno, costuma contaminar a esquerda brasileira.<\/p>\n","protected":false},"excerpt":{"rendered":"<p>Artigo publicado originalmente na Carta Capital Faltam menos de quinze dias para o primeiro turno das elei\u00e7\u00f5es presidenciais e o Brasil segue diante de profundas incertezas. A crise social, que gerou um contingente de mais de 14 milh\u00f5es de trabalhadores desempregados, se aprofunda. A viol\u00eancia urbana alcan\u00e7a n\u00edveis alarmantes que nenhuma interven\u00e7\u00e3o federal \u00e9 capaz [&hellip;]<\/p>\n","protected":false},"author":2,"featured_media":21538,"comment_status":"open","ping_status":"open","sticky":false,"template":"","format":"standard","meta":{"_acf_changed":false,"footnotes":""},"categories":[3,1882,2165],"tags":[2717,2718,790,2719,151,977,244,259,2720],"class_list":{"0":"post-21477","1":"post","2":"type-post","3":"status-publish","4":"format-standard","5":"has-post-thumbnail","7":"category-artigos-e-entrevistas","8":"category-brasil","9":"category-eleicoes-2018","10":"tag-campo-democratico","11":"tag-ciro-gomes","12":"tag-esquerda","13":"tag-fernando-haddad","14":"tag-golpe","15":"tag-guilherme-boulos","16":"tag-jair-bolsonaro","17":"tag-juliano-medeiros","18":"tag-voto-ultil"},"acf":[],"yoast_head":"<!-- This site is optimized with the Yoast SEO plugin v26.5 - https:\/\/yoast.com\/wordpress\/plugins\/seo\/ -->\n<title>Juliano Medeiros | Um voto in\u00fatil - PSOL 50<\/title>\n<meta name=\"robots\" content=\"index, follow, max-snippet:-1, max-image-preview:large, max-video-preview:-1\" \/>\n<link rel=\"canonical\" href=\"https:\/\/psol50.org.br\/juliano-medeiros-um-voto-inutil\/\" \/>\n<meta property=\"og:locale\" content=\"pt_BR\" \/>\n<meta property=\"og:type\" content=\"article\" \/>\n<meta property=\"og:title\" content=\"Um voto in\u00fatil\" \/>\n<meta property=\"og:description\" content=\"Juliano Medeiros, presidente nacional do PSOL, analisa o cen\u00e1rio eleitoral e os riscos da defesa do voto \u00fatil\" \/>\n<meta property=\"og:url\" content=\"https:\/\/psol50.org.br\/juliano-medeiros-um-voto-inutil\/\" \/>\n<meta property=\"og:site_name\" content=\"PSOL 50\" \/>\n<meta property=\"article:publisher\" content=\"https:\/\/www.facebook.com\/psol50\" \/>\n<meta property=\"article:published_time\" content=\"2018-09-24T18:26:37+00:00\" \/>\n<meta property=\"og:image\" content=\"https:\/\/psol50.org.br\/inc\/uploads\/2018\/09\/Eleicoes_EBC-600x400-1.jpg\" \/>\n\t<meta property=\"og:image:width\" content=\"600\" \/>\n\t<meta property=\"og:image:height\" content=\"400\" \/>\n\t<meta property=\"og:image:type\" content=\"image\/jpeg\" \/>\n<meta name=\"author\" content=\"Comunica\u00e7\u00e3o PSOL\" \/>\n<meta name=\"twitter:card\" content=\"summary_large_image\" \/>\n<meta name=\"twitter:title\" content=\"Um voto in\u00fatil\" \/>\n<meta name=\"twitter:description\" content=\"Juliano Medeiros, presidente nacional do PSOL, analisa o cen\u00e1rio eleitoral e os riscos da defesa do voto \u00fatil\" \/>\n<meta name=\"twitter:creator\" content=\"@psol50\" \/>\n<meta name=\"twitter:site\" content=\"@psol50\" \/>\n<meta name=\"twitter:label1\" content=\"Escrito por\" \/>\n\t<meta name=\"twitter:data1\" content=\"Comunica\u00e7\u00e3o PSOL\" \/>\n\t<meta name=\"twitter:label2\" content=\"Est. tempo de leitura\" \/>\n\t<meta name=\"twitter:data2\" content=\"4 minutos\" \/>\n<script type=\"application\/ld+json\" class=\"yoast-schema-graph\">{\"@context\":\"https:\/\/schema.org\",\"@graph\":[{\"@type\":\"Article\",\"@id\":\"https:\/\/psol50.org.br\/juliano-medeiros-um-voto-inutil\/#article\",\"isPartOf\":{\"@id\":\"https:\/\/psol50.org.br\/juliano-medeiros-um-voto-inutil\/\"},\"author\":{\"name\":\"Comunica\u00e7\u00e3o PSOL\",\"@id\":\"https:\/\/psol50.org.br\/#\/schema\/person\/475dfa57d0b815993c714c2e96491fcd\"},\"headline\":\"Juliano Medeiros | Um voto in\u00fatil\",\"datePublished\":\"2018-09-24T18:26:37+00:00\",\"mainEntityOfPage\":{\"@id\":\"https:\/\/psol50.org.br\/juliano-medeiros-um-voto-inutil\/\"},\"wordCount\":905,\"commentCount\":0,\"publisher\":{\"@id\":\"https:\/\/psol50.org.br\/#organization\"},\"image\":{\"@id\":\"https:\/\/psol50.org.br\/juliano-medeiros-um-voto-inutil\/#primaryimage\"},\"thumbnailUrl\":\"https:\/\/psol50.org.br\/inc\/uploads\/2018\/09\/Eleicoes_EBC-600x400-1.jpg\",\"keywords\":[\"campo democr\u00e1tico\",\"Ciro Gomes\",\"esquerda\",\"Fernando Haddad\",\"golpe\",\"Guilherme Boulos\",\"Jair Bolsonaro\",\"Juliano Medeiros\",\"voto \u00faltil\"],\"articleSection\":[\"Artigos\",\"Brasil\",\"Elei\u00e7\u00f5es 2018\"],\"inLanguage\":\"pt-BR\",\"potentialAction\":[{\"@type\":\"CommentAction\",\"name\":\"Comment\",\"target\":[\"https:\/\/psol50.org.br\/juliano-medeiros-um-voto-inutil\/#respond\"]}]},{\"@type\":\"WebPage\",\"@id\":\"https:\/\/psol50.org.br\/juliano-medeiros-um-voto-inutil\/\",\"url\":\"https:\/\/psol50.org.br\/juliano-medeiros-um-voto-inutil\/\",\"name\":\"Juliano Medeiros | Um voto in\u00fatil - PSOL 50\",\"isPartOf\":{\"@id\":\"https:\/\/psol50.org.br\/#website\"},\"primaryImageOfPage\":{\"@id\":\"https:\/\/psol50.org.br\/juliano-medeiros-um-voto-inutil\/#primaryimage\"},\"image\":{\"@id\":\"https:\/\/psol50.org.br\/juliano-medeiros-um-voto-inutil\/#primaryimage\"},\"thumbnailUrl\":\"https:\/\/psol50.org.br\/inc\/uploads\/2018\/09\/Eleicoes_EBC-600x400-1.jpg\",\"datePublished\":\"2018-09-24T18:26:37+00:00\",\"breadcrumb\":{\"@id\":\"https:\/\/psol50.org.br\/juliano-medeiros-um-voto-inutil\/#breadcrumb\"},\"inLanguage\":\"pt-BR\",\"potentialAction\":[{\"@type\":\"ReadAction\",\"target\":[\"https:\/\/psol50.org.br\/juliano-medeiros-um-voto-inutil\/\"]}]},{\"@type\":\"ImageObject\",\"inLanguage\":\"pt-BR\",\"@id\":\"https:\/\/psol50.org.br\/juliano-medeiros-um-voto-inutil\/#primaryimage\",\"url\":\"https:\/\/psol50.org.br\/inc\/uploads\/2018\/09\/Eleicoes_EBC-600x400-1.jpg\",\"contentUrl\":\"https:\/\/psol50.org.br\/inc\/uploads\/2018\/09\/Eleicoes_EBC-600x400-1.jpg\",\"width\":600,\"height\":400},{\"@type\":\"BreadcrumbList\",\"@id\":\"https:\/\/psol50.org.br\/juliano-medeiros-um-voto-inutil\/#breadcrumb\",\"itemListElement\":[{\"@type\":\"ListItem\",\"position\":1,\"name\":\"In\u00edcio\",\"item\":\"https:\/\/psol50.org.br\/\"},{\"@type\":\"ListItem\",\"position\":2,\"name\":\"Juliano Medeiros | Um voto in\u00fatil\"}]},{\"@type\":\"WebSite\",\"@id\":\"https:\/\/psol50.org.br\/#website\",\"url\":\"https:\/\/psol50.org.br\/\",\"name\":\"PSOL 50\",\"description\":\"Site oficial do Partido Socialismo e Liberdade\",\"publisher\":{\"@id\":\"https:\/\/psol50.org.br\/#organization\"},\"alternateName\":\"PSOL50\",\"potentialAction\":[{\"@type\":\"SearchAction\",\"target\":{\"@type\":\"EntryPoint\",\"urlTemplate\":\"https:\/\/psol50.org.br\/?s={search_term_string}\"},\"query-input\":{\"@type\":\"PropertyValueSpecification\",\"valueRequired\":true,\"valueName\":\"search_term_string\"}}],\"inLanguage\":\"pt-BR\"},{\"@type\":\"Organization\",\"@id\":\"https:\/\/psol50.org.br\/#organization\",\"name\":\"PSOL 50\",\"alternateName\":\"PSOL 50\",\"url\":\"https:\/\/psol50.org.br\/\",\"logo\":{\"@type\":\"ImageObject\",\"inLanguage\":\"pt-BR\",\"@id\":\"https:\/\/psol50.org.br\/#\/schema\/logo\/image\/\",\"url\":\"https:\/\/psol50.org.br\/inc\/uploads\/2018\/07\/capa.png\",\"contentUrl\":\"https:\/\/psol50.org.br\/inc\/uploads\/2018\/07\/capa.png\",\"width\":1350,\"height\":900,\"caption\":\"PSOL 50\"},\"image\":{\"@id\":\"https:\/\/psol50.org.br\/#\/schema\/logo\/image\/\"},\"sameAs\":[\"https:\/\/www.facebook.com\/psol50\",\"https:\/\/x.com\/psol50\",\"https:\/\/www.instagram.com\/psol50\/\",\"https:\/\/www.youtube.com\/channel\/UC7SnJS5o1os7a6CaiNabzcg\"]},{\"@type\":\"Person\",\"@id\":\"https:\/\/psol50.org.br\/#\/schema\/person\/475dfa57d0b815993c714c2e96491fcd\",\"name\":\"Comunica\u00e7\u00e3o PSOL\",\"image\":{\"@type\":\"ImageObject\",\"inLanguage\":\"pt-BR\",\"@id\":\"https:\/\/psol50.org.br\/#\/schema\/person\/image\/\",\"url\":\"https:\/\/secure.gravatar.com\/avatar\/b34fc4f4e468a4e51785917065a3db57b841f5c95dba6ad8c73aaf8f66f8f9bf?s=96&d=mm&r=g\",\"contentUrl\":\"https:\/\/secure.gravatar.com\/avatar\/b34fc4f4e468a4e51785917065a3db57b841f5c95dba6ad8c73aaf8f66f8f9bf?s=96&d=mm&r=g\",\"caption\":\"Comunica\u00e7\u00e3o PSOL\"}}]}<\/script>\n<!-- \/ Yoast SEO plugin. -->","yoast_head_json":{"title":"Juliano Medeiros | Um voto in\u00fatil - PSOL 50","robots":{"index":"index","follow":"follow","max-snippet":"max-snippet:-1","max-image-preview":"max-image-preview:large","max-video-preview":"max-video-preview:-1"},"canonical":"https:\/\/psol50.org.br\/juliano-medeiros-um-voto-inutil\/","og_locale":"pt_BR","og_type":"article","og_title":"Um voto in\u00fatil","og_description":"Juliano Medeiros, presidente nacional do PSOL, analisa o cen\u00e1rio eleitoral e os riscos da defesa do voto \u00fatil","og_url":"https:\/\/psol50.org.br\/juliano-medeiros-um-voto-inutil\/","og_site_name":"PSOL 50","article_publisher":"https:\/\/www.facebook.com\/psol50","article_published_time":"2018-09-24T18:26:37+00:00","og_image":[{"width":600,"height":400,"url":"https:\/\/psol50.org.br\/inc\/uploads\/2018\/09\/Eleicoes_EBC-600x400-1.jpg","type":"image\/jpeg"}],"author":"Comunica\u00e7\u00e3o PSOL","twitter_card":"summary_large_image","twitter_title":"Um voto in\u00fatil","twitter_description":"Juliano Medeiros, presidente nacional do PSOL, analisa o cen\u00e1rio eleitoral e os riscos da defesa do voto \u00fatil","twitter_creator":"@psol50","twitter_site":"@psol50","twitter_misc":{"Escrito por":"Comunica\u00e7\u00e3o PSOL","Est. tempo de leitura":"4 minutos"},"schema":{"@context":"https:\/\/schema.org","@graph":[{"@type":"Article","@id":"https:\/\/psol50.org.br\/juliano-medeiros-um-voto-inutil\/#article","isPartOf":{"@id":"https:\/\/psol50.org.br\/juliano-medeiros-um-voto-inutil\/"},"author":{"name":"Comunica\u00e7\u00e3o PSOL","@id":"https:\/\/psol50.org.br\/#\/schema\/person\/475dfa57d0b815993c714c2e96491fcd"},"headline":"Juliano Medeiros | Um voto in\u00fatil","datePublished":"2018-09-24T18:26:37+00:00","mainEntityOfPage":{"@id":"https:\/\/psol50.org.br\/juliano-medeiros-um-voto-inutil\/"},"wordCount":905,"commentCount":0,"publisher":{"@id":"https:\/\/psol50.org.br\/#organization"},"image":{"@id":"https:\/\/psol50.org.br\/juliano-medeiros-um-voto-inutil\/#primaryimage"},"thumbnailUrl":"https:\/\/psol50.org.br\/inc\/uploads\/2018\/09\/Eleicoes_EBC-600x400-1.jpg","keywords":["campo democr\u00e1tico","Ciro Gomes","esquerda","Fernando Haddad","golpe","Guilherme Boulos","Jair Bolsonaro","Juliano Medeiros","voto \u00faltil"],"articleSection":["Artigos","Brasil","Elei\u00e7\u00f5es 2018"],"inLanguage":"pt-BR","potentialAction":[{"@type":"CommentAction","name":"Comment","target":["https:\/\/psol50.org.br\/juliano-medeiros-um-voto-inutil\/#respond"]}]},{"@type":"WebPage","@id":"https:\/\/psol50.org.br\/juliano-medeiros-um-voto-inutil\/","url":"https:\/\/psol50.org.br\/juliano-medeiros-um-voto-inutil\/","name":"Juliano Medeiros | Um voto in\u00fatil - PSOL 50","isPartOf":{"@id":"https:\/\/psol50.org.br\/#website"},"primaryImageOfPage":{"@id":"https:\/\/psol50.org.br\/juliano-medeiros-um-voto-inutil\/#primaryimage"},"image":{"@id":"https:\/\/psol50.org.br\/juliano-medeiros-um-voto-inutil\/#primaryimage"},"thumbnailUrl":"https:\/\/psol50.org.br\/inc\/uploads\/2018\/09\/Eleicoes_EBC-600x400-1.jpg","datePublished":"2018-09-24T18:26:37+00:00","breadcrumb":{"@id":"https:\/\/psol50.org.br\/juliano-medeiros-um-voto-inutil\/#breadcrumb"},"inLanguage":"pt-BR","potentialAction":[{"@type":"ReadAction","target":["https:\/\/psol50.org.br\/juliano-medeiros-um-voto-inutil\/"]}]},{"@type":"ImageObject","inLanguage":"pt-BR","@id":"https:\/\/psol50.org.br\/juliano-medeiros-um-voto-inutil\/#primaryimage","url":"https:\/\/psol50.org.br\/inc\/uploads\/2018\/09\/Eleicoes_EBC-600x400-1.jpg","contentUrl":"https:\/\/psol50.org.br\/inc\/uploads\/2018\/09\/Eleicoes_EBC-600x400-1.jpg","width":600,"height":400},{"@type":"BreadcrumbList","@id":"https:\/\/psol50.org.br\/juliano-medeiros-um-voto-inutil\/#breadcrumb","itemListElement":[{"@type":"ListItem","position":1,"name":"In\u00edcio","item":"https:\/\/psol50.org.br\/"},{"@type":"ListItem","position":2,"name":"Juliano Medeiros | Um voto in\u00fatil"}]},{"@type":"WebSite","@id":"https:\/\/psol50.org.br\/#website","url":"https:\/\/psol50.org.br\/","name":"PSOL 50","description":"Site oficial do Partido Socialismo e Liberdade","publisher":{"@id":"https:\/\/psol50.org.br\/#organization"},"alternateName":"PSOL50","potentialAction":[{"@type":"SearchAction","target":{"@type":"EntryPoint","urlTemplate":"https:\/\/psol50.org.br\/?s={search_term_string}"},"query-input":{"@type":"PropertyValueSpecification","valueRequired":true,"valueName":"search_term_string"}}],"inLanguage":"pt-BR"},{"@type":"Organization","@id":"https:\/\/psol50.org.br\/#organization","name":"PSOL 50","alternateName":"PSOL 50","url":"https:\/\/psol50.org.br\/","logo":{"@type":"ImageObject","inLanguage":"pt-BR","@id":"https:\/\/psol50.org.br\/#\/schema\/logo\/image\/","url":"https:\/\/psol50.org.br\/inc\/uploads\/2018\/07\/capa.png","contentUrl":"https:\/\/psol50.org.br\/inc\/uploads\/2018\/07\/capa.png","width":1350,"height":900,"caption":"PSOL 50"},"image":{"@id":"https:\/\/psol50.org.br\/#\/schema\/logo\/image\/"},"sameAs":["https:\/\/www.facebook.com\/psol50","https:\/\/x.com\/psol50","https:\/\/www.instagram.com\/psol50\/","https:\/\/www.youtube.com\/channel\/UC7SnJS5o1os7a6CaiNabzcg"]},{"@type":"Person","@id":"https:\/\/psol50.org.br\/#\/schema\/person\/475dfa57d0b815993c714c2e96491fcd","name":"Comunica\u00e7\u00e3o PSOL","image":{"@type":"ImageObject","inLanguage":"pt-BR","@id":"https:\/\/psol50.org.br\/#\/schema\/person\/image\/","url":"https:\/\/secure.gravatar.com\/avatar\/b34fc4f4e468a4e51785917065a3db57b841f5c95dba6ad8c73aaf8f66f8f9bf?s=96&d=mm&r=g","contentUrl":"https:\/\/secure.gravatar.com\/avatar\/b34fc4f4e468a4e51785917065a3db57b841f5c95dba6ad8c73aaf8f66f8f9bf?s=96&d=mm&r=g","caption":"Comunica\u00e7\u00e3o PSOL"}}]}},"_links":{"self":[{"href":"https:\/\/psol50.org.br\/rest\/wp\/v2\/posts\/21477","targetHints":{"allow":["GET"]}}],"collection":[{"href":"https:\/\/psol50.org.br\/rest\/wp\/v2\/posts"}],"about":[{"href":"https:\/\/psol50.org.br\/rest\/wp\/v2\/types\/post"}],"author":[{"embeddable":true,"href":"https:\/\/psol50.org.br\/rest\/wp\/v2\/users\/2"}],"replies":[{"embeddable":true,"href":"https:\/\/psol50.org.br\/rest\/wp\/v2\/comments?post=21477"}],"version-history":[{"count":0,"href":"https:\/\/psol50.org.br\/rest\/wp\/v2\/posts\/21477\/revisions"}],"wp:featuredmedia":[{"embeddable":true,"href":"https:\/\/psol50.org.br\/rest\/wp\/v2\/media\/21538"}],"wp:attachment":[{"href":"https:\/\/psol50.org.br\/rest\/wp\/v2\/media?parent=21477"}],"wp:term":[{"taxonomy":"category","embeddable":true,"href":"https:\/\/psol50.org.br\/rest\/wp\/v2\/categories?post=21477"},{"taxonomy":"post_tag","embeddable":true,"href":"https:\/\/psol50.org.br\/rest\/wp\/v2\/tags?post=21477"}],"curies":[{"name":"wp","href":"https:\/\/api.w.org\/{rel}","templated":true}]}}