{"id":2149,"date":"2013-07-26T00:00:00","date_gmt":"2013-07-26T00:00:00","guid":{"rendered":"http:\/\/psol50.org.br\/arquivo\/2013\/07\/26\/em-nota-psol-do-rio-repudia-sequestro-do-militante-de-19-anos-e-cobra-investigacao-do-caso\/"},"modified":"2013-07-26T00:00:00","modified_gmt":"2013-07-26T00:00:00","slug":"em-nota-psol-do-rio-repudia-sequestro-do-militante-de-19-anos-e-cobra-investigacao-do-caso","status":"publish","type":"post","link":"https:\/\/psol50.org.br\/em-nota-psol-do-rio-repudia-sequestro-do-militante-de-19-anos-e-cobra-investigacao-do-caso\/","title":{"rendered":"Em nota, PSOL do Rio repudia seq\u00fcestro do militante de 19 anos e cobra investiga\u00e7\u00e3o do caso"},"content":{"rendered":"<div style=\"text-align: justify;\">\n\t<em>Partido exige que autoridades tomem todas as provid\u00eancias a fim de que os mandantes e executores dessas a\u00e7\u00f5es sejam punidos<\/em><br \/>\n\t&nbsp;<br \/>\n\tO Diret\u00f3rio Estadual do PSOL do Rio de Janeiro emitiu nesta sexta-feira (26) uma nota referente ao seq\u00fcestro rel\u00e2mpago sofrido pelo militante do partido, Rodrigo D&#8217;Oliveira Gra\u00e7a, de 19 anos. O fato ocorreu na tarde desta quinta-feira (25), no bairro da Tijuca, segundo informou o estudante no depoimento \u00e0 18\u00aa DP (Pra\u00e7a da Bandeira). De acordo com o relato, Rodrigo foi pego na Rua Afonso Pena por quatro homens encapuzados, por volta das 14h, e deixado na Rua Mem de S\u00e1, no Est\u00e1cio, depois de 40 minutos e muitas amea\u00e7as. Os homens que o capturaram teriam dito para o jovem \u201csair das ruas\u201d e informaram que ele havia sido escolhido para \u201cservir de exemplo\u201d a outros militantes do PSOL.<br \/>\n\t&nbsp;<br \/>\n\tSegundo o estudante, as amea\u00e7as come\u00e7aram na ter\u00e7a-feira, com liga\u00e7\u00f5es an\u00f4nimas. \u201cEu estava sendo amea\u00e7ado desde anteontem. Ligaram para a sede do PSOL na Rua Gomes Freire, ligaram para a minha casa e para o meu celular. Hoje fui sequestrado e colocado no banco de tr\u00e1s de um Sandeiro branco. Foi uma a\u00e7\u00e3o muito r\u00e1pida. Me pegaram na Rua Afonso Pena, pr\u00f3ximo a uma cl\u00ednica odontol\u00f3gica. Devo ter ficado uns 40 minutos dentro do carro. A placa estava dobrada. Eram quatro homens. Um deles tinha arma, provalvemente uma pistola. Falaram que eu tinha que parar de ir para as passeatas, que estavam marcando a minha cara. Disseram que eu ia servir de exemplo para essa corja suja que \u00e9 o PSOL. E que se eu n\u00e3o parasse, ia morrer\u201d, relatou o estudante, de acordo com mat\u00e9ria publicada no jornal O Globo.<br \/>\n\t&nbsp;<br \/>\n\tNa nota, o partido afirma que o pa\u00eds n\u00e3o pode viver em um estado de exce\u00e7\u00e3o,&nbsp;onde se tenta impedir o simples direito de se manifestar por meio de intimida\u00e7\u00f5es dessa natureza. \u201cO PSOL repudia veementemente estes grav\u00edssimos epis\u00f3dios e exige que as autoridades tomem todas as providencias a fim de que os mandantes e executores dessas a\u00e7\u00f5es sejam punidos, que cesse a persegui\u00e7\u00e3o e a criminaliza\u00e7\u00e3o dos manifestantes, assim como a garantia de seguran\u00e7a de Rodrigo seja garantida\u201d, afirma a Executiva do partido estadual.<br \/>\n\t&nbsp;<br \/>\n\tAo final do documento, a dire\u00e7\u00e3o do partido no Rio afirma, ainda, que o PSOL continuar\u00e1 nas ruas apoiando todas as legitimas reivindica\u00e7\u00f5es do povo.<br \/>\n\t&nbsp;<br \/>\n\tLeia abaixo a \u00edntegra do documento.<br \/>\n\t&nbsp;<br \/>\n\t<strong>Nota da Executiva Estadual do PSOL\/RJ<\/strong><br \/>\n\t<strong>Sobre o seq\u00fcestro do estudante Rodrigo<\/strong><br \/>\n\t&nbsp;<br \/>\n\tNo dia 25 de julho o militante do PSOL&nbsp;Rodrigo D&#8217;Oliveira Gra\u00e7a, estudante de cursinho&nbsp;pr\u00e9-vestibular, sofreu um seq\u00fcestro rel\u00e2mpago. O fato aconteceu pr\u00f3ximo a sua casa no bairro da Tijuca, quando quatro homens encapuzados o obrigaram a entrar em um carro, sem placa&nbsp;vis\u00edvel. O amea\u00e7aram dizendo que ele serviria de exemplo, que estavam monitorando todos, que&nbsp;a corja do&nbsp;PSOL deveria sair das ruas&nbsp;e&nbsp;citaram o deputado Estadual Marcelo Freixo e o ex. deputado Bab\u00e1. Os seq\u00fcestradores al\u00e9m das amea\u00e7as rasgaram a camisa de Rodrigo&nbsp;e um BO que ele carregava.<br \/>\n\t&nbsp;<br \/>\n\tO grave do caso \u00e9 que o companheiro j\u00e1 tinha sido amea\u00e7ado nos dias 23\/07 e no dia 24\/07 com telefonemas e&nbsp;mensagens&nbsp;para seu celular e sua resid\u00eancia.&nbsp;Nesse mesmo per\u00edodo teve o email invadido e a senha alterada, al\u00e9m do cancelamento de sua conta do Facebook.&nbsp;Tanto que no dia 24 de Julho fez a denuncia pertinente&nbsp;na Comiss\u00e3o de Direitos Humanos da ALERJ e de l\u00e1 foi encaminhado&nbsp;para 18\u00ba delegacia de Pol\u00edcia Civil na qual registrou um BO. Nas amea\u00e7as recebidas no dia 25\/07, pela manh\u00e3, foi alertado que iria sofrer as consequ\u00eancias por ter realizado a denuncia. Poucas horas depois foi realizado o sequestro.&nbsp;Precedendo a tudo, no domingo, dia 21\/07, ocorreu uma liga\u00e7\u00e3o com o mesmo teor no telefone fixo do comit\u00ea do PSOL localizado na Gomes Freire, de onde nos organizamos para participar das passeatas.<br \/>\n\t&nbsp;<br \/>\n\tH\u00e1 poucos dias o soci\u00f3logo&nbsp;Paulo Bah\u00eda&nbsp;da UFRJ tamb\u00e9m sofreu um sequestro rel\u00e2mpago, caso que j\u00e1 foi denunciado ao Minist\u00e9rio P\u00fablico.<br \/>\n\t&nbsp;<br \/>\n\tN\u00e3o podemos viver em um estado de exce\u00e7\u00e3o,&nbsp;onde se tenta impedir o simples direito de se manifestar por meio de intimida\u00e7\u00f5es dessa natureza.<br \/>\n\t&nbsp;<br \/>\n\tO PSOL repudia veementemente estes grav\u00edssimos epis\u00f3dios e exige que as autoridades tomem todas as providencias a fim de que os mandantes e executores dessas a\u00e7\u00f5es sejam punidos, que cesse a persegui\u00e7\u00e3o e a criminaliza\u00e7\u00e3o dos manifestantes, assim como a garantia de seguran\u00e7a de Rodrigo seja garantida.<br \/>\n\t&nbsp;<br \/>\n\tO PSOL continuar\u00e1 nas ruas apoiando todas as legitimas reivindica\u00e7\u00f5es do povo.<br \/>\n\t&nbsp;<br \/>\n\t26 de julho de 2013<br \/>\n\tExecutiva Estadual do PSOL\/RJ<br \/>\n\t&nbsp;<\/div>\n<p>&nbsp;<\/p>\n","protected":false},"excerpt":{"rendered":"<p>Partido exige que autoridades tomem todas as provid\u00eancias a fim de que os mandantes e executores dessas a\u00e7\u00f5es sejam punidos &nbsp; O Diret\u00f3rio Estadual do PSOL do Rio de Janeiro emitiu nesta sexta-feira (26) uma nota referente ao seq\u00fcestro rel\u00e2mpago sofrido pelo militante do partido, Rodrigo D&#8217;Oliveira Gra\u00e7a, de 19 anos. O fato ocorreu na [&hellip;]<\/p>\n","protected":false},"author":2,"featured_media":0,"comment_status":"open","ping_status":"open","sticky":false,"template":"","format":"standard","meta":{"_acf_changed":false,"footnotes":""},"categories":[4766,654],"tags":[22],"class_list":{"0":"post-2149","1":"post","2":"type-post","3":"status-publish","4":"format-standard","6":"category-arquivo","7":"category-estados","8":"tag-psol"},"acf":[],"yoast_head":"<!-- This site is optimized with the Yoast SEO plugin v26.5 - https:\/\/yoast.com\/wordpress\/plugins\/seo\/ -->\n<title>Em nota, PSOL do Rio repudia seq\u00fcestro do militante de 19 anos e cobra investiga\u00e7\u00e3o do caso - PSOL 50<\/title>\n<meta name=\"robots\" content=\"index, follow, max-snippet:-1, max-image-preview:large, max-video-preview:-1\" \/>\n<link rel=\"canonical\" href=\"https:\/\/psol50.org.br\/em-nota-psol-do-rio-repudia-sequestro-do-militante-de-19-anos-e-cobra-investigacao-do-caso\/\" \/>\n<meta property=\"og:locale\" content=\"pt_BR\" \/>\n<meta property=\"og:type\" content=\"article\" \/>\n<meta property=\"og:title\" content=\"Em nota, PSOL do Rio repudia seq\u00fcestro do militante de 19 anos e cobra investiga\u00e7\u00e3o do caso - PSOL 50\" \/>\n<meta property=\"og:description\" content=\"Partido exige que autoridades tomem todas as provid\u00eancias a fim de que os mandantes e executores dessas a\u00e7\u00f5es sejam punidos &nbsp; O Diret\u00f3rio Estadual do PSOL do Rio de Janeiro emitiu nesta sexta-feira (26) uma nota referente ao seq\u00fcestro rel\u00e2mpago sofrido pelo militante do partido, Rodrigo D&#8217;Oliveira Gra\u00e7a, de 19 anos. O fato ocorreu na [&hellip;]\" \/>\n<meta property=\"og:url\" content=\"https:\/\/psol50.org.br\/em-nota-psol-do-rio-repudia-sequestro-do-militante-de-19-anos-e-cobra-investigacao-do-caso\/\" \/>\n<meta property=\"og:site_name\" content=\"PSOL 50\" \/>\n<meta property=\"article:publisher\" content=\"https:\/\/www.facebook.com\/psol50\" \/>\n<meta property=\"article:published_time\" content=\"2013-07-26T00:00:00+00:00\" \/>\n<meta property=\"og:image\" content=\"https:\/\/psol50.org.br\/inc\/uploads\/2018\/07\/capa.png\" \/>\n\t<meta property=\"og:image:width\" content=\"1350\" \/>\n\t<meta property=\"og:image:height\" content=\"900\" \/>\n\t<meta property=\"og:image:type\" content=\"image\/png\" \/>\n<meta name=\"author\" content=\"Comunica\u00e7\u00e3o PSOL\" \/>\n<meta name=\"twitter:card\" content=\"summary_large_image\" \/>\n<meta name=\"twitter:creator\" content=\"@psol50\" \/>\n<meta name=\"twitter:site\" content=\"@psol50\" \/>\n<meta name=\"twitter:label1\" content=\"Escrito por\" \/>\n\t<meta name=\"twitter:data1\" content=\"Comunica\u00e7\u00e3o PSOL\" \/>\n\t<meta name=\"twitter:label2\" content=\"Est. tempo de leitura\" \/>\n\t<meta name=\"twitter:data2\" content=\"4 minutos\" \/>\n<script type=\"application\/ld+json\" class=\"yoast-schema-graph\">{\"@context\":\"https:\/\/schema.org\",\"@graph\":[{\"@type\":\"Article\",\"@id\":\"https:\/\/psol50.org.br\/em-nota-psol-do-rio-repudia-sequestro-do-militante-de-19-anos-e-cobra-investigacao-do-caso\/#article\",\"isPartOf\":{\"@id\":\"https:\/\/psol50.org.br\/em-nota-psol-do-rio-repudia-sequestro-do-militante-de-19-anos-e-cobra-investigacao-do-caso\/\"},\"author\":{\"name\":\"Comunica\u00e7\u00e3o PSOL\",\"@id\":\"https:\/\/psol50.org.br\/#\/schema\/person\/475dfa57d0b815993c714c2e96491fcd\"},\"headline\":\"Em nota, PSOL do Rio repudia seq\u00fcestro do militante de 19 anos e cobra investiga\u00e7\u00e3o do caso\",\"datePublished\":\"2013-07-26T00:00:00+00:00\",\"mainEntityOfPage\":{\"@id\":\"https:\/\/psol50.org.br\/em-nota-psol-do-rio-repudia-sequestro-do-militante-de-19-anos-e-cobra-investigacao-do-caso\/\"},\"wordCount\":867,\"commentCount\":0,\"publisher\":{\"@id\":\"https:\/\/psol50.org.br\/#organization\"},\"keywords\":[\"PSOL\"],\"articleSection\":[\"Arquivo\",\"Estados\"],\"inLanguage\":\"pt-BR\",\"potentialAction\":[{\"@type\":\"CommentAction\",\"name\":\"Comment\",\"target\":[\"https:\/\/psol50.org.br\/em-nota-psol-do-rio-repudia-sequestro-do-militante-de-19-anos-e-cobra-investigacao-do-caso\/#respond\"]}]},{\"@type\":\"WebPage\",\"@id\":\"https:\/\/psol50.org.br\/em-nota-psol-do-rio-repudia-sequestro-do-militante-de-19-anos-e-cobra-investigacao-do-caso\/\",\"url\":\"https:\/\/psol50.org.br\/em-nota-psol-do-rio-repudia-sequestro-do-militante-de-19-anos-e-cobra-investigacao-do-caso\/\",\"name\":\"Em nota, PSOL do Rio repudia seq\u00fcestro do militante de 19 anos e cobra investiga\u00e7\u00e3o do caso - PSOL 50\",\"isPartOf\":{\"@id\":\"https:\/\/psol50.org.br\/#website\"},\"datePublished\":\"2013-07-26T00:00:00+00:00\",\"breadcrumb\":{\"@id\":\"https:\/\/psol50.org.br\/em-nota-psol-do-rio-repudia-sequestro-do-militante-de-19-anos-e-cobra-investigacao-do-caso\/#breadcrumb\"},\"inLanguage\":\"pt-BR\",\"potentialAction\":[{\"@type\":\"ReadAction\",\"target\":[\"https:\/\/psol50.org.br\/em-nota-psol-do-rio-repudia-sequestro-do-militante-de-19-anos-e-cobra-investigacao-do-caso\/\"]}]},{\"@type\":\"BreadcrumbList\",\"@id\":\"https:\/\/psol50.org.br\/em-nota-psol-do-rio-repudia-sequestro-do-militante-de-19-anos-e-cobra-investigacao-do-caso\/#breadcrumb\",\"itemListElement\":[{\"@type\":\"ListItem\",\"position\":1,\"name\":\"In\u00edcio\",\"item\":\"https:\/\/psol50.org.br\/\"},{\"@type\":\"ListItem\",\"position\":2,\"name\":\"Em nota, PSOL do Rio repudia seq\u00fcestro do militante de 19 anos e cobra investiga\u00e7\u00e3o do caso\"}]},{\"@type\":\"WebSite\",\"@id\":\"https:\/\/psol50.org.br\/#website\",\"url\":\"https:\/\/psol50.org.br\/\",\"name\":\"PSOL 50\",\"description\":\"Site oficial do Partido Socialismo e Liberdade\",\"publisher\":{\"@id\":\"https:\/\/psol50.org.br\/#organization\"},\"alternateName\":\"PSOL50\",\"potentialAction\":[{\"@type\":\"SearchAction\",\"target\":{\"@type\":\"EntryPoint\",\"urlTemplate\":\"https:\/\/psol50.org.br\/?s={search_term_string}\"},\"query-input\":{\"@type\":\"PropertyValueSpecification\",\"valueRequired\":true,\"valueName\":\"search_term_string\"}}],\"inLanguage\":\"pt-BR\"},{\"@type\":\"Organization\",\"@id\":\"https:\/\/psol50.org.br\/#organization\",\"name\":\"PSOL 50\",\"alternateName\":\"PSOL 50\",\"url\":\"https:\/\/psol50.org.br\/\",\"logo\":{\"@type\":\"ImageObject\",\"inLanguage\":\"pt-BR\",\"@id\":\"https:\/\/psol50.org.br\/#\/schema\/logo\/image\/\",\"url\":\"https:\/\/psol50.org.br\/inc\/uploads\/2018\/07\/capa.png\",\"contentUrl\":\"https:\/\/psol50.org.br\/inc\/uploads\/2018\/07\/capa.png\",\"width\":1350,\"height\":900,\"caption\":\"PSOL 50\"},\"image\":{\"@id\":\"https:\/\/psol50.org.br\/#\/schema\/logo\/image\/\"},\"sameAs\":[\"https:\/\/www.facebook.com\/psol50\",\"https:\/\/x.com\/psol50\",\"https:\/\/www.instagram.com\/psol50\/\",\"https:\/\/www.youtube.com\/channel\/UC7SnJS5o1os7a6CaiNabzcg\"]},{\"@type\":\"Person\",\"@id\":\"https:\/\/psol50.org.br\/#\/schema\/person\/475dfa57d0b815993c714c2e96491fcd\",\"name\":\"Comunica\u00e7\u00e3o PSOL\",\"image\":{\"@type\":\"ImageObject\",\"inLanguage\":\"pt-BR\",\"@id\":\"https:\/\/psol50.org.br\/#\/schema\/person\/image\/\",\"url\":\"https:\/\/secure.gravatar.com\/avatar\/b34fc4f4e468a4e51785917065a3db57b841f5c95dba6ad8c73aaf8f66f8f9bf?s=96&d=mm&r=g\",\"contentUrl\":\"https:\/\/secure.gravatar.com\/avatar\/b34fc4f4e468a4e51785917065a3db57b841f5c95dba6ad8c73aaf8f66f8f9bf?s=96&d=mm&r=g\",\"caption\":\"Comunica\u00e7\u00e3o PSOL\"}}]}<\/script>\n<!-- \/ Yoast SEO plugin. -->","yoast_head_json":{"title":"Em nota, PSOL do Rio repudia seq\u00fcestro do militante de 19 anos e cobra investiga\u00e7\u00e3o do caso - PSOL 50","robots":{"index":"index","follow":"follow","max-snippet":"max-snippet:-1","max-image-preview":"max-image-preview:large","max-video-preview":"max-video-preview:-1"},"canonical":"https:\/\/psol50.org.br\/em-nota-psol-do-rio-repudia-sequestro-do-militante-de-19-anos-e-cobra-investigacao-do-caso\/","og_locale":"pt_BR","og_type":"article","og_title":"Em nota, PSOL do Rio repudia seq\u00fcestro do militante de 19 anos e cobra investiga\u00e7\u00e3o do caso - PSOL 50","og_description":"Partido exige que autoridades tomem todas as provid\u00eancias a fim de que os mandantes e executores dessas a\u00e7\u00f5es sejam punidos &nbsp; O Diret\u00f3rio Estadual do PSOL do Rio de Janeiro emitiu nesta sexta-feira (26) uma nota referente ao seq\u00fcestro rel\u00e2mpago sofrido pelo militante do partido, Rodrigo D&#8217;Oliveira Gra\u00e7a, de 19 anos. O fato ocorreu na [&hellip;]","og_url":"https:\/\/psol50.org.br\/em-nota-psol-do-rio-repudia-sequestro-do-militante-de-19-anos-e-cobra-investigacao-do-caso\/","og_site_name":"PSOL 50","article_publisher":"https:\/\/www.facebook.com\/psol50","article_published_time":"2013-07-26T00:00:00+00:00","og_image":[{"width":1350,"height":900,"url":"https:\/\/psol50.org.br\/inc\/uploads\/2018\/07\/capa.png","type":"image\/png"}],"author":"Comunica\u00e7\u00e3o PSOL","twitter_card":"summary_large_image","twitter_creator":"@psol50","twitter_site":"@psol50","twitter_misc":{"Escrito por":"Comunica\u00e7\u00e3o PSOL","Est. tempo de leitura":"4 minutos"},"schema":{"@context":"https:\/\/schema.org","@graph":[{"@type":"Article","@id":"https:\/\/psol50.org.br\/em-nota-psol-do-rio-repudia-sequestro-do-militante-de-19-anos-e-cobra-investigacao-do-caso\/#article","isPartOf":{"@id":"https:\/\/psol50.org.br\/em-nota-psol-do-rio-repudia-sequestro-do-militante-de-19-anos-e-cobra-investigacao-do-caso\/"},"author":{"name":"Comunica\u00e7\u00e3o PSOL","@id":"https:\/\/psol50.org.br\/#\/schema\/person\/475dfa57d0b815993c714c2e96491fcd"},"headline":"Em nota, PSOL do Rio repudia seq\u00fcestro do militante de 19 anos e cobra investiga\u00e7\u00e3o do caso","datePublished":"2013-07-26T00:00:00+00:00","mainEntityOfPage":{"@id":"https:\/\/psol50.org.br\/em-nota-psol-do-rio-repudia-sequestro-do-militante-de-19-anos-e-cobra-investigacao-do-caso\/"},"wordCount":867,"commentCount":0,"publisher":{"@id":"https:\/\/psol50.org.br\/#organization"},"keywords":["PSOL"],"articleSection":["Arquivo","Estados"],"inLanguage":"pt-BR","potentialAction":[{"@type":"CommentAction","name":"Comment","target":["https:\/\/psol50.org.br\/em-nota-psol-do-rio-repudia-sequestro-do-militante-de-19-anos-e-cobra-investigacao-do-caso\/#respond"]}]},{"@type":"WebPage","@id":"https:\/\/psol50.org.br\/em-nota-psol-do-rio-repudia-sequestro-do-militante-de-19-anos-e-cobra-investigacao-do-caso\/","url":"https:\/\/psol50.org.br\/em-nota-psol-do-rio-repudia-sequestro-do-militante-de-19-anos-e-cobra-investigacao-do-caso\/","name":"Em nota, PSOL do Rio repudia seq\u00fcestro do militante de 19 anos e cobra investiga\u00e7\u00e3o do caso - PSOL 50","isPartOf":{"@id":"https:\/\/psol50.org.br\/#website"},"datePublished":"2013-07-26T00:00:00+00:00","breadcrumb":{"@id":"https:\/\/psol50.org.br\/em-nota-psol-do-rio-repudia-sequestro-do-militante-de-19-anos-e-cobra-investigacao-do-caso\/#breadcrumb"},"inLanguage":"pt-BR","potentialAction":[{"@type":"ReadAction","target":["https:\/\/psol50.org.br\/em-nota-psol-do-rio-repudia-sequestro-do-militante-de-19-anos-e-cobra-investigacao-do-caso\/"]}]},{"@type":"BreadcrumbList","@id":"https:\/\/psol50.org.br\/em-nota-psol-do-rio-repudia-sequestro-do-militante-de-19-anos-e-cobra-investigacao-do-caso\/#breadcrumb","itemListElement":[{"@type":"ListItem","position":1,"name":"In\u00edcio","item":"https:\/\/psol50.org.br\/"},{"@type":"ListItem","position":2,"name":"Em nota, PSOL do Rio repudia seq\u00fcestro do militante de 19 anos e cobra investiga\u00e7\u00e3o do caso"}]},{"@type":"WebSite","@id":"https:\/\/psol50.org.br\/#website","url":"https:\/\/psol50.org.br\/","name":"PSOL 50","description":"Site oficial do Partido Socialismo e Liberdade","publisher":{"@id":"https:\/\/psol50.org.br\/#organization"},"alternateName":"PSOL50","potentialAction":[{"@type":"SearchAction","target":{"@type":"EntryPoint","urlTemplate":"https:\/\/psol50.org.br\/?s={search_term_string}"},"query-input":{"@type":"PropertyValueSpecification","valueRequired":true,"valueName":"search_term_string"}}],"inLanguage":"pt-BR"},{"@type":"Organization","@id":"https:\/\/psol50.org.br\/#organization","name":"PSOL 50","alternateName":"PSOL 50","url":"https:\/\/psol50.org.br\/","logo":{"@type":"ImageObject","inLanguage":"pt-BR","@id":"https:\/\/psol50.org.br\/#\/schema\/logo\/image\/","url":"https:\/\/psol50.org.br\/inc\/uploads\/2018\/07\/capa.png","contentUrl":"https:\/\/psol50.org.br\/inc\/uploads\/2018\/07\/capa.png","width":1350,"height":900,"caption":"PSOL 50"},"image":{"@id":"https:\/\/psol50.org.br\/#\/schema\/logo\/image\/"},"sameAs":["https:\/\/www.facebook.com\/psol50","https:\/\/x.com\/psol50","https:\/\/www.instagram.com\/psol50\/","https:\/\/www.youtube.com\/channel\/UC7SnJS5o1os7a6CaiNabzcg"]},{"@type":"Person","@id":"https:\/\/psol50.org.br\/#\/schema\/person\/475dfa57d0b815993c714c2e96491fcd","name":"Comunica\u00e7\u00e3o PSOL","image":{"@type":"ImageObject","inLanguage":"pt-BR","@id":"https:\/\/psol50.org.br\/#\/schema\/person\/image\/","url":"https:\/\/secure.gravatar.com\/avatar\/b34fc4f4e468a4e51785917065a3db57b841f5c95dba6ad8c73aaf8f66f8f9bf?s=96&d=mm&r=g","contentUrl":"https:\/\/secure.gravatar.com\/avatar\/b34fc4f4e468a4e51785917065a3db57b841f5c95dba6ad8c73aaf8f66f8f9bf?s=96&d=mm&r=g","caption":"Comunica\u00e7\u00e3o PSOL"}}]}},"_links":{"self":[{"href":"https:\/\/psol50.org.br\/rest\/wp\/v2\/posts\/2149","targetHints":{"allow":["GET"]}}],"collection":[{"href":"https:\/\/psol50.org.br\/rest\/wp\/v2\/posts"}],"about":[{"href":"https:\/\/psol50.org.br\/rest\/wp\/v2\/types\/post"}],"author":[{"embeddable":true,"href":"https:\/\/psol50.org.br\/rest\/wp\/v2\/users\/2"}],"replies":[{"embeddable":true,"href":"https:\/\/psol50.org.br\/rest\/wp\/v2\/comments?post=2149"}],"version-history":[{"count":0,"href":"https:\/\/psol50.org.br\/rest\/wp\/v2\/posts\/2149\/revisions"}],"wp:attachment":[{"href":"https:\/\/psol50.org.br\/rest\/wp\/v2\/media?parent=2149"}],"wp:term":[{"taxonomy":"category","embeddable":true,"href":"https:\/\/psol50.org.br\/rest\/wp\/v2\/categories?post=2149"},{"taxonomy":"post_tag","embeddable":true,"href":"https:\/\/psol50.org.br\/rest\/wp\/v2\/tags?post=2149"}],"curies":[{"name":"wp","href":"https:\/\/api.w.org\/{rel}","templated":true}]}}