{"id":21529,"date":"2018-08-16T12:18:22","date_gmt":"2018-08-16T15:18:22","guid":{"rendered":"https:\/\/www.psol50.org.br\/?p=21354"},"modified":"2018-08-16T12:18:22","modified_gmt":"2018-08-16T15:18:22","slug":"dia-b-boulos-e-sonia-realizam-neste-sabado-primeiro-comicio-de-campanha","status":"publish","type":"post","link":"https:\/\/psol50.org.br\/dia-b-boulos-e-sonia-realizam-neste-sabado-primeiro-comicio-de-campanha\/","title":{"rendered":"Dia B: Boulos e Sonia realizam, neste s\u00e1bado, primeiro com\u00edcio de campanha"},"content":{"rendered":"<p>Os candidatos do PSOL ao Pal\u00e1cio do Planalto, Guilherme Boulos e Sonia Guajajara, realizam, neste s\u00e1bado (18), o primeiro com\u00edcio da campanha para as elei\u00e7\u00f5es de outubro. O <a href=\"https:\/\/www.facebook.com\/events\/688155841524548\/\" target=\"_blank\" rel=\"noopener\"><strong><span style=\"color: #0000ff;\">Dia B \u2013 1\u00ba Com\u00edcio com Boulos e Sonia<\/span><\/strong><\/a> ser\u00e1 no Largo da Batata, em S\u00e3o Paulo, e ter\u00e1 in\u00edcio \u00e0s 15h.<\/p>\n<p>Al\u00e9m dos candidatos, tamb\u00e9m estar\u00e3o presentes o presidente nacional do PSOL, Juliano Medeiros; o presidente do PSOL-SP, Josel\u00edcio J\u00fanior; os deputados federais de S\u00e3o Paulo Ivan Valente e Luiza Erundina; os deputados estaduais Carlos Giannazi, Raul Marcelo e Jo\u00e3o Paulo Rillo; e os candidatos do partido \u00e0 Assembleia Legislativa de SP, \u00e0 C\u00e2mara dos Deputados e ao Senado Federal.<\/p>\n<p>O com\u00edcio tamb\u00e9m contar\u00e1 com a presen\u00e7a de dirigentes do MTST (Movimento dos Trabalhadores Sem Teto), de lideran\u00e7as ind\u00edgenas, de militantes partid\u00e1rios e de apoiadores da chapa Boulos e Sonia.<\/p>\n<p>A campanha para as elei\u00e7\u00f5es do dia 7 de outubro teve in\u00edcio, oficialmente, nesta quinta-feira (16). Ao longo dos pr\u00f3ximos 50 dias, os candidatos do PSOL ter\u00e3o a oportunidade de apresentar alternativas que poder\u00e3o melhorar, concretamente, a vida da popula\u00e7\u00e3o, que vem sofrendo intensos ataques do governo de Michel Temer.<\/p>\n<p>Conhe\u00e7a as propostas de Boulos e Sonia: <a href=\"https:\/\/vamoscomboulosesonia.com.br\/\"><strong><span style=\"color: #0000ff;\">https:\/\/vamoscomboulosesonia.com.br\/<\/span><\/strong><\/a>.<\/p>\n","protected":false},"excerpt":{"rendered":"<p>Os candidatos do PSOL ao Pal\u00e1cio do Planalto, Guilherme Boulos e Sonia Guajajara, realizam, neste s\u00e1bado (18), o primeiro com\u00edcio da campanha para as elei\u00e7\u00f5es de outubro. O Dia B \u2013 1\u00ba Com\u00edcio com Boulos e Sonia ser\u00e1 no Largo da Batata, em S\u00e3o Paulo, e ter\u00e1 in\u00edcio \u00e0s 15h. Al\u00e9m dos candidatos, tamb\u00e9m estar\u00e3o [&hellip;]<\/p>\n","protected":false},"author":2,"featured_media":21355,"comment_status":"open","ping_status":"open","sticky":false,"template":"","format":"standard","meta":{"_acf_changed":false,"footnotes":""},"categories":[1882,2165,6],"tags":[2696,1026,2697,2698,977,2310,22,1170],"class_list":{"0":"post-21529","1":"post","2":"type-post","3":"status-publish","4":"format-standard","5":"has-post-thumbnail","7":"category-brasil","8":"category-eleicoes-2018","9":"category-noticias","10":"tag-campanha-eleitoral","11":"tag-candidatos","12":"tag-comicio","13":"tag-dia-b","14":"tag-guilherme-boulos","15":"tag-presidencia-da-republica","16":"tag-psol","17":"tag-sonia-guajajara"},"acf":[],"yoast_head":"<!-- This site is optimized with the Yoast SEO plugin v26.5 - https:\/\/yoast.com\/wordpress\/plugins\/seo\/ -->\n<title>Dia B: Boulos e Sonia realizam, neste s\u00e1bado, primeiro com\u00edcio de campanha - PSOL 50<\/title>\n<meta name=\"robots\" content=\"index, follow, max-snippet:-1, max-image-preview:large, max-video-preview:-1\" \/>\n<link rel=\"canonical\" href=\"https:\/\/psol50.org.br\/dia-b-boulos-e-sonia-realizam-neste-sabado-primeiro-comicio-de-campanha\/\" \/>\n<meta property=\"og:locale\" content=\"pt_BR\" \/>\n<meta property=\"og:type\" content=\"article\" \/>\n<meta property=\"og:title\" content=\"Dia B: Boulos e Sonia realizam, neste s\u00e1bado, primeiro com\u00edcio de campanha - PSOL 50\" \/>\n<meta property=\"og:description\" content=\"Os candidatos do PSOL ao Pal\u00e1cio do Planalto, Guilherme Boulos e Sonia Guajajara, realizam, neste s\u00e1bado (18), o primeiro com\u00edcio da campanha para as elei\u00e7\u00f5es de outubro. O Dia B \u2013 1\u00ba Com\u00edcio com Boulos e Sonia ser\u00e1 no Largo da Batata, em S\u00e3o Paulo, e ter\u00e1 in\u00edcio \u00e0s 15h. Al\u00e9m dos candidatos, tamb\u00e9m estar\u00e3o [&hellip;]\" \/>\n<meta property=\"og:url\" content=\"https:\/\/psol50.org.br\/dia-b-boulos-e-sonia-realizam-neste-sabado-primeiro-comicio-de-campanha\/\" \/>\n<meta property=\"og:site_name\" content=\"PSOL 50\" \/>\n<meta property=\"article:publisher\" content=\"https:\/\/www.facebook.com\/psol50\" \/>\n<meta property=\"article:published_time\" content=\"2018-08-16T15:18:22+00:00\" \/>\n<meta property=\"og:image\" content=\"https:\/\/psol50.org.br\/inc\/uploads\/2018\/07\/capa.png\" \/>\n\t<meta property=\"og:image:width\" content=\"1350\" \/>\n\t<meta property=\"og:image:height\" content=\"900\" \/>\n\t<meta property=\"og:image:type\" content=\"image\/png\" \/>\n<meta name=\"author\" content=\"Comunica\u00e7\u00e3o PSOL\" \/>\n<meta name=\"twitter:card\" content=\"summary_large_image\" \/>\n<meta name=\"twitter:creator\" content=\"@psol50\" \/>\n<meta name=\"twitter:site\" content=\"@psol50\" \/>\n<meta name=\"twitter:label1\" content=\"Escrito por\" \/>\n\t<meta name=\"twitter:data1\" content=\"Comunica\u00e7\u00e3o PSOL\" \/>\n\t<meta name=\"twitter:label2\" content=\"Est. tempo de leitura\" \/>\n\t<meta name=\"twitter:data2\" content=\"1 minuto\" \/>\n<script type=\"application\/ld+json\" class=\"yoast-schema-graph\">{\"@context\":\"https:\/\/schema.org\",\"@graph\":[{\"@type\":\"Article\",\"@id\":\"https:\/\/psol50.org.br\/dia-b-boulos-e-sonia-realizam-neste-sabado-primeiro-comicio-de-campanha\/#article\",\"isPartOf\":{\"@id\":\"https:\/\/psol50.org.br\/dia-b-boulos-e-sonia-realizam-neste-sabado-primeiro-comicio-de-campanha\/\"},\"author\":{\"name\":\"Comunica\u00e7\u00e3o PSOL\",\"@id\":\"https:\/\/psol50.org.br\/#\/schema\/person\/475dfa57d0b815993c714c2e96491fcd\"},\"headline\":\"Dia B: Boulos e Sonia realizam, neste s\u00e1bado, primeiro com\u00edcio de campanha\",\"datePublished\":\"2018-08-16T15:18:22+00:00\",\"mainEntityOfPage\":{\"@id\":\"https:\/\/psol50.org.br\/dia-b-boulos-e-sonia-realizam-neste-sabado-primeiro-comicio-de-campanha\/\"},\"wordCount\":234,\"commentCount\":0,\"publisher\":{\"@id\":\"https:\/\/psol50.org.br\/#organization\"},\"image\":{\"@id\":\"https:\/\/psol50.org.br\/dia-b-boulos-e-sonia-realizam-neste-sabado-primeiro-comicio-de-campanha\/#primaryimage\"},\"thumbnailUrl\":\"\",\"keywords\":[\"campanha eleitoral\",\"candidatos\",\"com\u00edcio\",\"Dia B\",\"Guilherme Boulos\",\"Presid\u00eancia da Rep\u00fablica\",\"PSOL\",\"S\u00f4nia Guajajara\"],\"articleSection\":[\"Brasil\",\"Elei\u00e7\u00f5es 2018\",\"Not\u00edcias\"],\"inLanguage\":\"pt-BR\",\"potentialAction\":[{\"@type\":\"CommentAction\",\"name\":\"Comment\",\"target\":[\"https:\/\/psol50.org.br\/dia-b-boulos-e-sonia-realizam-neste-sabado-primeiro-comicio-de-campanha\/#respond\"]}]},{\"@type\":\"WebPage\",\"@id\":\"https:\/\/psol50.org.br\/dia-b-boulos-e-sonia-realizam-neste-sabado-primeiro-comicio-de-campanha\/\",\"url\":\"https:\/\/psol50.org.br\/dia-b-boulos-e-sonia-realizam-neste-sabado-primeiro-comicio-de-campanha\/\",\"name\":\"Dia B: Boulos e Sonia realizam, neste s\u00e1bado, primeiro com\u00edcio de campanha - PSOL 50\",\"isPartOf\":{\"@id\":\"https:\/\/psol50.org.br\/#website\"},\"primaryImageOfPage\":{\"@id\":\"https:\/\/psol50.org.br\/dia-b-boulos-e-sonia-realizam-neste-sabado-primeiro-comicio-de-campanha\/#primaryimage\"},\"image\":{\"@id\":\"https:\/\/psol50.org.br\/dia-b-boulos-e-sonia-realizam-neste-sabado-primeiro-comicio-de-campanha\/#primaryimage\"},\"thumbnailUrl\":\"\",\"datePublished\":\"2018-08-16T15:18:22+00:00\",\"breadcrumb\":{\"@id\":\"https:\/\/psol50.org.br\/dia-b-boulos-e-sonia-realizam-neste-sabado-primeiro-comicio-de-campanha\/#breadcrumb\"},\"inLanguage\":\"pt-BR\",\"potentialAction\":[{\"@type\":\"ReadAction\",\"target\":[\"https:\/\/psol50.org.br\/dia-b-boulos-e-sonia-realizam-neste-sabado-primeiro-comicio-de-campanha\/\"]}]},{\"@type\":\"ImageObject\",\"inLanguage\":\"pt-BR\",\"@id\":\"https:\/\/psol50.org.br\/dia-b-boulos-e-sonia-realizam-neste-sabado-primeiro-comicio-de-campanha\/#primaryimage\",\"url\":\"\",\"contentUrl\":\"\"},{\"@type\":\"BreadcrumbList\",\"@id\":\"https:\/\/psol50.org.br\/dia-b-boulos-e-sonia-realizam-neste-sabado-primeiro-comicio-de-campanha\/#breadcrumb\",\"itemListElement\":[{\"@type\":\"ListItem\",\"position\":1,\"name\":\"In\u00edcio\",\"item\":\"https:\/\/psol50.org.br\/\"},{\"@type\":\"ListItem\",\"position\":2,\"name\":\"Dia B: Boulos e Sonia realizam, neste s\u00e1bado, primeiro com\u00edcio de campanha\"}]},{\"@type\":\"WebSite\",\"@id\":\"https:\/\/psol50.org.br\/#website\",\"url\":\"https:\/\/psol50.org.br\/\",\"name\":\"PSOL 50\",\"description\":\"Site oficial do Partido Socialismo e Liberdade\",\"publisher\":{\"@id\":\"https:\/\/psol50.org.br\/#organization\"},\"alternateName\":\"PSOL50\",\"potentialAction\":[{\"@type\":\"SearchAction\",\"target\":{\"@type\":\"EntryPoint\",\"urlTemplate\":\"https:\/\/psol50.org.br\/?s={search_term_string}\"},\"query-input\":{\"@type\":\"PropertyValueSpecification\",\"valueRequired\":true,\"valueName\":\"search_term_string\"}}],\"inLanguage\":\"pt-BR\"},{\"@type\":\"Organization\",\"@id\":\"https:\/\/psol50.org.br\/#organization\",\"name\":\"PSOL 50\",\"alternateName\":\"PSOL 50\",\"url\":\"https:\/\/psol50.org.br\/\",\"logo\":{\"@type\":\"ImageObject\",\"inLanguage\":\"pt-BR\",\"@id\":\"https:\/\/psol50.org.br\/#\/schema\/logo\/image\/\",\"url\":\"https:\/\/psol50.org.br\/inc\/uploads\/2018\/07\/capa.png\",\"contentUrl\":\"https:\/\/psol50.org.br\/inc\/uploads\/2018\/07\/capa.png\",\"width\":1350,\"height\":900,\"caption\":\"PSOL 50\"},\"image\":{\"@id\":\"https:\/\/psol50.org.br\/#\/schema\/logo\/image\/\"},\"sameAs\":[\"https:\/\/www.facebook.com\/psol50\",\"https:\/\/x.com\/psol50\",\"https:\/\/www.instagram.com\/psol50\/\",\"https:\/\/www.youtube.com\/channel\/UC7SnJS5o1os7a6CaiNabzcg\"]},{\"@type\":\"Person\",\"@id\":\"https:\/\/psol50.org.br\/#\/schema\/person\/475dfa57d0b815993c714c2e96491fcd\",\"name\":\"Comunica\u00e7\u00e3o PSOL\",\"image\":{\"@type\":\"ImageObject\",\"inLanguage\":\"pt-BR\",\"@id\":\"https:\/\/psol50.org.br\/#\/schema\/person\/image\/\",\"url\":\"https:\/\/secure.gravatar.com\/avatar\/b34fc4f4e468a4e51785917065a3db57b841f5c95dba6ad8c73aaf8f66f8f9bf?s=96&d=mm&r=g\",\"contentUrl\":\"https:\/\/secure.gravatar.com\/avatar\/b34fc4f4e468a4e51785917065a3db57b841f5c95dba6ad8c73aaf8f66f8f9bf?s=96&d=mm&r=g\",\"caption\":\"Comunica\u00e7\u00e3o PSOL\"}}]}<\/script>\n<!-- \/ Yoast SEO plugin. -->","yoast_head_json":{"title":"Dia B: Boulos e Sonia realizam, neste s\u00e1bado, primeiro com\u00edcio de campanha - PSOL 50","robots":{"index":"index","follow":"follow","max-snippet":"max-snippet:-1","max-image-preview":"max-image-preview:large","max-video-preview":"max-video-preview:-1"},"canonical":"https:\/\/psol50.org.br\/dia-b-boulos-e-sonia-realizam-neste-sabado-primeiro-comicio-de-campanha\/","og_locale":"pt_BR","og_type":"article","og_title":"Dia B: Boulos e Sonia realizam, neste s\u00e1bado, primeiro com\u00edcio de campanha - PSOL 50","og_description":"Os candidatos do PSOL ao Pal\u00e1cio do Planalto, Guilherme Boulos e Sonia Guajajara, realizam, neste s\u00e1bado (18), o primeiro com\u00edcio da campanha para as elei\u00e7\u00f5es de outubro. O Dia B \u2013 1\u00ba Com\u00edcio com Boulos e Sonia ser\u00e1 no Largo da Batata, em S\u00e3o Paulo, e ter\u00e1 in\u00edcio \u00e0s 15h. Al\u00e9m dos candidatos, tamb\u00e9m estar\u00e3o [&hellip;]","og_url":"https:\/\/psol50.org.br\/dia-b-boulos-e-sonia-realizam-neste-sabado-primeiro-comicio-de-campanha\/","og_site_name":"PSOL 50","article_publisher":"https:\/\/www.facebook.com\/psol50","article_published_time":"2018-08-16T15:18:22+00:00","og_image":[{"width":1350,"height":900,"url":"https:\/\/psol50.org.br\/inc\/uploads\/2018\/07\/capa.png","type":"image\/png"}],"author":"Comunica\u00e7\u00e3o PSOL","twitter_card":"summary_large_image","twitter_creator":"@psol50","twitter_site":"@psol50","twitter_misc":{"Escrito por":"Comunica\u00e7\u00e3o PSOL","Est. tempo de leitura":"1 minuto"},"schema":{"@context":"https:\/\/schema.org","@graph":[{"@type":"Article","@id":"https:\/\/psol50.org.br\/dia-b-boulos-e-sonia-realizam-neste-sabado-primeiro-comicio-de-campanha\/#article","isPartOf":{"@id":"https:\/\/psol50.org.br\/dia-b-boulos-e-sonia-realizam-neste-sabado-primeiro-comicio-de-campanha\/"},"author":{"name":"Comunica\u00e7\u00e3o PSOL","@id":"https:\/\/psol50.org.br\/#\/schema\/person\/475dfa57d0b815993c714c2e96491fcd"},"headline":"Dia B: Boulos e Sonia realizam, neste s\u00e1bado, primeiro com\u00edcio de campanha","datePublished":"2018-08-16T15:18:22+00:00","mainEntityOfPage":{"@id":"https:\/\/psol50.org.br\/dia-b-boulos-e-sonia-realizam-neste-sabado-primeiro-comicio-de-campanha\/"},"wordCount":234,"commentCount":0,"publisher":{"@id":"https:\/\/psol50.org.br\/#organization"},"image":{"@id":"https:\/\/psol50.org.br\/dia-b-boulos-e-sonia-realizam-neste-sabado-primeiro-comicio-de-campanha\/#primaryimage"},"thumbnailUrl":"","keywords":["campanha eleitoral","candidatos","com\u00edcio","Dia B","Guilherme Boulos","Presid\u00eancia da Rep\u00fablica","PSOL","S\u00f4nia Guajajara"],"articleSection":["Brasil","Elei\u00e7\u00f5es 2018","Not\u00edcias"],"inLanguage":"pt-BR","potentialAction":[{"@type":"CommentAction","name":"Comment","target":["https:\/\/psol50.org.br\/dia-b-boulos-e-sonia-realizam-neste-sabado-primeiro-comicio-de-campanha\/#respond"]}]},{"@type":"WebPage","@id":"https:\/\/psol50.org.br\/dia-b-boulos-e-sonia-realizam-neste-sabado-primeiro-comicio-de-campanha\/","url":"https:\/\/psol50.org.br\/dia-b-boulos-e-sonia-realizam-neste-sabado-primeiro-comicio-de-campanha\/","name":"Dia B: Boulos e Sonia realizam, neste s\u00e1bado, primeiro com\u00edcio de campanha - PSOL 50","isPartOf":{"@id":"https:\/\/psol50.org.br\/#website"},"primaryImageOfPage":{"@id":"https:\/\/psol50.org.br\/dia-b-boulos-e-sonia-realizam-neste-sabado-primeiro-comicio-de-campanha\/#primaryimage"},"image":{"@id":"https:\/\/psol50.org.br\/dia-b-boulos-e-sonia-realizam-neste-sabado-primeiro-comicio-de-campanha\/#primaryimage"},"thumbnailUrl":"","datePublished":"2018-08-16T15:18:22+00:00","breadcrumb":{"@id":"https:\/\/psol50.org.br\/dia-b-boulos-e-sonia-realizam-neste-sabado-primeiro-comicio-de-campanha\/#breadcrumb"},"inLanguage":"pt-BR","potentialAction":[{"@type":"ReadAction","target":["https:\/\/psol50.org.br\/dia-b-boulos-e-sonia-realizam-neste-sabado-primeiro-comicio-de-campanha\/"]}]},{"@type":"ImageObject","inLanguage":"pt-BR","@id":"https:\/\/psol50.org.br\/dia-b-boulos-e-sonia-realizam-neste-sabado-primeiro-comicio-de-campanha\/#primaryimage","url":"","contentUrl":""},{"@type":"BreadcrumbList","@id":"https:\/\/psol50.org.br\/dia-b-boulos-e-sonia-realizam-neste-sabado-primeiro-comicio-de-campanha\/#breadcrumb","itemListElement":[{"@type":"ListItem","position":1,"name":"In\u00edcio","item":"https:\/\/psol50.org.br\/"},{"@type":"ListItem","position":2,"name":"Dia B: Boulos e Sonia realizam, neste s\u00e1bado, primeiro com\u00edcio de campanha"}]},{"@type":"WebSite","@id":"https:\/\/psol50.org.br\/#website","url":"https:\/\/psol50.org.br\/","name":"PSOL 50","description":"Site oficial do Partido Socialismo e Liberdade","publisher":{"@id":"https:\/\/psol50.org.br\/#organization"},"alternateName":"PSOL50","potentialAction":[{"@type":"SearchAction","target":{"@type":"EntryPoint","urlTemplate":"https:\/\/psol50.org.br\/?s={search_term_string}"},"query-input":{"@type":"PropertyValueSpecification","valueRequired":true,"valueName":"search_term_string"}}],"inLanguage":"pt-BR"},{"@type":"Organization","@id":"https:\/\/psol50.org.br\/#organization","name":"PSOL 50","alternateName":"PSOL 50","url":"https:\/\/psol50.org.br\/","logo":{"@type":"ImageObject","inLanguage":"pt-BR","@id":"https:\/\/psol50.org.br\/#\/schema\/logo\/image\/","url":"https:\/\/psol50.org.br\/inc\/uploads\/2018\/07\/capa.png","contentUrl":"https:\/\/psol50.org.br\/inc\/uploads\/2018\/07\/capa.png","width":1350,"height":900,"caption":"PSOL 50"},"image":{"@id":"https:\/\/psol50.org.br\/#\/schema\/logo\/image\/"},"sameAs":["https:\/\/www.facebook.com\/psol50","https:\/\/x.com\/psol50","https:\/\/www.instagram.com\/psol50\/","https:\/\/www.youtube.com\/channel\/UC7SnJS5o1os7a6CaiNabzcg"]},{"@type":"Person","@id":"https:\/\/psol50.org.br\/#\/schema\/person\/475dfa57d0b815993c714c2e96491fcd","name":"Comunica\u00e7\u00e3o PSOL","image":{"@type":"ImageObject","inLanguage":"pt-BR","@id":"https:\/\/psol50.org.br\/#\/schema\/person\/image\/","url":"https:\/\/secure.gravatar.com\/avatar\/b34fc4f4e468a4e51785917065a3db57b841f5c95dba6ad8c73aaf8f66f8f9bf?s=96&d=mm&r=g","contentUrl":"https:\/\/secure.gravatar.com\/avatar\/b34fc4f4e468a4e51785917065a3db57b841f5c95dba6ad8c73aaf8f66f8f9bf?s=96&d=mm&r=g","caption":"Comunica\u00e7\u00e3o PSOL"}}]}},"_links":{"self":[{"href":"https:\/\/psol50.org.br\/rest\/wp\/v2\/posts\/21529","targetHints":{"allow":["GET"]}}],"collection":[{"href":"https:\/\/psol50.org.br\/rest\/wp\/v2\/posts"}],"about":[{"href":"https:\/\/psol50.org.br\/rest\/wp\/v2\/types\/post"}],"author":[{"embeddable":true,"href":"https:\/\/psol50.org.br\/rest\/wp\/v2\/users\/2"}],"replies":[{"embeddable":true,"href":"https:\/\/psol50.org.br\/rest\/wp\/v2\/comments?post=21529"}],"version-history":[{"count":0,"href":"https:\/\/psol50.org.br\/rest\/wp\/v2\/posts\/21529\/revisions"}],"wp:featuredmedia":[{"embeddable":true,"href":"https:\/\/psol50.org.br\/rest\/"}],"wp:attachment":[{"href":"https:\/\/psol50.org.br\/rest\/wp\/v2\/media?parent=21529"}],"wp:term":[{"taxonomy":"category","embeddable":true,"href":"https:\/\/psol50.org.br\/rest\/wp\/v2\/categories?post=21529"},{"taxonomy":"post_tag","embeddable":true,"href":"https:\/\/psol50.org.br\/rest\/wp\/v2\/tags?post=21529"}],"curies":[{"name":"wp","href":"https:\/\/api.w.org\/{rel}","templated":true}]}}