{"id":21688,"date":"2018-10-11T13:01:34","date_gmt":"2018-10-11T16:01:34","guid":{"rendered":"http:\/\/www.psol50.org.br\/?p=21688"},"modified":"2018-10-11T13:01:34","modified_gmt":"2018-10-11T16:01:34","slug":"psol-ganha-reforco-na-bancada-mais-combativa-da-camara-dos-deputados","status":"publish","type":"post","link":"https:\/\/psol50.org.br\/psol-ganha-reforco-na-bancada-mais-combativa-da-camara-dos-deputados\/","title":{"rendered":"PSOL ganha refor\u00e7o na bancada mais combativa da C\u00e2mara dos Deputados"},"content":{"rendered":"<p><img loading=\"lazy\" decoding=\"async\" class=\"alignleft wp-image-21968 size-medium\" src=\"http:\/\/www.psol50.org.br\/inc\/uploads\/2018\/10\/psol-na-camara-300x300.png\" alt=\"\" width=\"300\" height=\"300\" srcset=\"https:\/\/psol50.org.br\/inc\/uploads\/2018\/10\/psol-na-camara-300x300.png 300w, https:\/\/psol50.org.br\/inc\/uploads\/2018\/10\/psol-na-camara-150x150.png 150w, https:\/\/psol50.org.br\/inc\/uploads\/2018\/10\/psol-na-camara-768x768.png 768w, https:\/\/psol50.org.br\/inc\/uploads\/2018\/10\/psol-na-camara-696x696.png 696w, https:\/\/psol50.org.br\/inc\/uploads\/2018\/10\/psol-na-camara.png 940w\" sizes=\"auto, (max-width: 300px) 100vw, 300px\" \/>O <a href=\"https:\/\/www.facebook.com\/psolnacamara\/\" target=\"_blank\" rel=\"noopener\">PSOL na C\u00e2mara<\/a> saiu vitorioso das urnas nestas elei\u00e7\u00f5es de 7 de outubro. A bancada mais combativa do Congresso Nacional ganhou um refor\u00e7o consider\u00e1vel com a elei\u00e7\u00e3o de mais quatro deputadas federais.<\/p>\n<p>Agora, o nosso time contar\u00e1 com 10 parlamentares. Al\u00e9m da reelei\u00e7\u00e3o dos imbat\u00edveis Ivan Valente (SP), Glauber Braga (RJ), Edmilson Rodrigues (PA), Luiza Erundina (SP) e Jean Wyllys (RJ), o partido contar\u00e1, a partir de fevereiro de 2019, com os mandatos de Marcelo Freixo (RJ), Tal\u00edria Petrone (RJ), \u00c1urea Carolina (MG), S\u00e2mia Bomfim (SP) e Fernanda Melchionna (RS).<\/p>\n<p>Todas e todos com vota\u00e7\u00f5es muito expressivas, demonstrando o reconhecimento que a nossa bancada vem tendo no \u00faltimo per\u00edodo pela coer\u00eancia em denunciar os retrocessos em andamento no Congresso Nacional e por n\u00e3o abrir m\u00e3o das pautas que o partido defende ao longo de sua hist\u00f3ria. A bancada mais premiada pelo Congresso em Foco dar\u00e1 ainda mais trabalho para os representantes dos retrocessos!<\/p>\n","protected":false},"excerpt":{"rendered":"<p>O PSOL na C\u00e2mara saiu vitorioso das urnas nestas elei\u00e7\u00f5es de 7 de outubro. A bancada mais combativa do Congresso Nacional ganhou um refor\u00e7o consider\u00e1vel com a elei\u00e7\u00e3o de mais quatro deputadas federais. Agora, o nosso time contar\u00e1 com 10 parlamentares. Al\u00e9m da reelei\u00e7\u00e3o dos imbat\u00edveis Ivan Valente (SP), Glauber Braga (RJ), Edmilson Rodrigues (PA), [&hellip;]<\/p>\n","protected":false},"author":2,"featured_media":21968,"comment_status":"closed","ping_status":"open","sticky":false,"template":"","format":"standard","meta":{"_acf_changed":false,"footnotes":""},"categories":[10,2165,6,14],"tags":[],"class_list":{"0":"post-21688","1":"post","2":"type-post","3":"status-publish","4":"format-standard","5":"has-post-thumbnail","7":"category-acao-parlamentares","8":"category-eleicoes-2018","9":"category-noticias","10":"category-partido"},"acf":[],"yoast_head":"<!-- This site is optimized with the Yoast SEO plugin v26.5 - https:\/\/yoast.com\/wordpress\/plugins\/seo\/ -->\n<title>PSOL ganha refor\u00e7o na bancada mais combativa da C\u00e2mara dos Deputados - PSOL 50<\/title>\n<meta name=\"robots\" content=\"index, follow, max-snippet:-1, max-image-preview:large, max-video-preview:-1\" \/>\n<link rel=\"canonical\" href=\"https:\/\/psol50.org.br\/psol-ganha-reforco-na-bancada-mais-combativa-da-camara-dos-deputados\/\" \/>\n<meta property=\"og:locale\" content=\"pt_BR\" \/>\n<meta property=\"og:type\" content=\"article\" \/>\n<meta property=\"og:title\" content=\"PSOL ganha refor\u00e7o na bancada mais combativa da C\u00e2mara dos Deputados - PSOL 50\" \/>\n<meta property=\"og:description\" content=\"O PSOL na C\u00e2mara saiu vitorioso das urnas nestas elei\u00e7\u00f5es de 7 de outubro. A bancada mais combativa do Congresso Nacional ganhou um refor\u00e7o consider\u00e1vel com a elei\u00e7\u00e3o de mais quatro deputadas federais. Agora, o nosso time contar\u00e1 com 10 parlamentares. Al\u00e9m da reelei\u00e7\u00e3o dos imbat\u00edveis Ivan Valente (SP), Glauber Braga (RJ), Edmilson Rodrigues (PA), [&hellip;]\" \/>\n<meta property=\"og:url\" content=\"https:\/\/psol50.org.br\/psol-ganha-reforco-na-bancada-mais-combativa-da-camara-dos-deputados\/\" \/>\n<meta property=\"og:site_name\" content=\"PSOL 50\" \/>\n<meta property=\"article:publisher\" content=\"https:\/\/www.facebook.com\/psol50\" \/>\n<meta property=\"article:published_time\" content=\"2018-10-11T16:01:34+00:00\" \/>\n<meta property=\"og:image\" content=\"https:\/\/psol50.org.br\/inc\/uploads\/2018\/10\/psol-na-camara.png\" \/>\n\t<meta property=\"og:image:width\" content=\"940\" \/>\n\t<meta property=\"og:image:height\" content=\"940\" \/>\n\t<meta property=\"og:image:type\" content=\"image\/png\" \/>\n<meta name=\"author\" content=\"Comunica\u00e7\u00e3o PSOL\" \/>\n<meta name=\"twitter:card\" content=\"summary_large_image\" \/>\n<meta name=\"twitter:creator\" content=\"@psol50\" \/>\n<meta name=\"twitter:site\" content=\"@psol50\" \/>\n<meta name=\"twitter:label1\" content=\"Escrito por\" \/>\n\t<meta name=\"twitter:data1\" content=\"Comunica\u00e7\u00e3o PSOL\" \/>\n\t<meta name=\"twitter:label2\" content=\"Est. tempo de leitura\" \/>\n\t<meta name=\"twitter:data2\" content=\"1 minuto\" \/>\n<script type=\"application\/ld+json\" class=\"yoast-schema-graph\">{\"@context\":\"https:\/\/schema.org\",\"@graph\":[{\"@type\":\"Article\",\"@id\":\"https:\/\/psol50.org.br\/psol-ganha-reforco-na-bancada-mais-combativa-da-camara-dos-deputados\/#article\",\"isPartOf\":{\"@id\":\"https:\/\/psol50.org.br\/psol-ganha-reforco-na-bancada-mais-combativa-da-camara-dos-deputados\/\"},\"author\":{\"name\":\"Comunica\u00e7\u00e3o PSOL\",\"@id\":\"https:\/\/psol50.org.br\/#\/schema\/person\/475dfa57d0b815993c714c2e96491fcd\"},\"headline\":\"PSOL ganha refor\u00e7o na bancada mais combativa da C\u00e2mara dos Deputados\",\"datePublished\":\"2018-10-11T16:01:34+00:00\",\"mainEntityOfPage\":{\"@id\":\"https:\/\/psol50.org.br\/psol-ganha-reforco-na-bancada-mais-combativa-da-camara-dos-deputados\/\"},\"wordCount\":180,\"publisher\":{\"@id\":\"https:\/\/psol50.org.br\/#organization\"},\"image\":{\"@id\":\"https:\/\/psol50.org.br\/psol-ganha-reforco-na-bancada-mais-combativa-da-camara-dos-deputados\/#primaryimage\"},\"thumbnailUrl\":\"https:\/\/psol50.org.br\/inc\/uploads\/2018\/10\/psol-na-camara.png\",\"articleSection\":[\"A\u00e7\u00e3o Parlamentar\",\"Elei\u00e7\u00f5es 2018\",\"Not\u00edcias\",\"Partido\"],\"inLanguage\":\"pt-BR\"},{\"@type\":\"WebPage\",\"@id\":\"https:\/\/psol50.org.br\/psol-ganha-reforco-na-bancada-mais-combativa-da-camara-dos-deputados\/\",\"url\":\"https:\/\/psol50.org.br\/psol-ganha-reforco-na-bancada-mais-combativa-da-camara-dos-deputados\/\",\"name\":\"PSOL ganha refor\u00e7o na bancada mais combativa da C\u00e2mara dos Deputados - PSOL 50\",\"isPartOf\":{\"@id\":\"https:\/\/psol50.org.br\/#website\"},\"primaryImageOfPage\":{\"@id\":\"https:\/\/psol50.org.br\/psol-ganha-reforco-na-bancada-mais-combativa-da-camara-dos-deputados\/#primaryimage\"},\"image\":{\"@id\":\"https:\/\/psol50.org.br\/psol-ganha-reforco-na-bancada-mais-combativa-da-camara-dos-deputados\/#primaryimage\"},\"thumbnailUrl\":\"https:\/\/psol50.org.br\/inc\/uploads\/2018\/10\/psol-na-camara.png\",\"datePublished\":\"2018-10-11T16:01:34+00:00\",\"breadcrumb\":{\"@id\":\"https:\/\/psol50.org.br\/psol-ganha-reforco-na-bancada-mais-combativa-da-camara-dos-deputados\/#breadcrumb\"},\"inLanguage\":\"pt-BR\",\"potentialAction\":[{\"@type\":\"ReadAction\",\"target\":[\"https:\/\/psol50.org.br\/psol-ganha-reforco-na-bancada-mais-combativa-da-camara-dos-deputados\/\"]}]},{\"@type\":\"ImageObject\",\"inLanguage\":\"pt-BR\",\"@id\":\"https:\/\/psol50.org.br\/psol-ganha-reforco-na-bancada-mais-combativa-da-camara-dos-deputados\/#primaryimage\",\"url\":\"https:\/\/psol50.org.br\/inc\/uploads\/2018\/10\/psol-na-camara.png\",\"contentUrl\":\"https:\/\/psol50.org.br\/inc\/uploads\/2018\/10\/psol-na-camara.png\",\"width\":940,\"height\":940},{\"@type\":\"BreadcrumbList\",\"@id\":\"https:\/\/psol50.org.br\/psol-ganha-reforco-na-bancada-mais-combativa-da-camara-dos-deputados\/#breadcrumb\",\"itemListElement\":[{\"@type\":\"ListItem\",\"position\":1,\"name\":\"In\u00edcio\",\"item\":\"https:\/\/psol50.org.br\/\"},{\"@type\":\"ListItem\",\"position\":2,\"name\":\"PSOL ganha refor\u00e7o na bancada mais combativa da C\u00e2mara dos Deputados\"}]},{\"@type\":\"WebSite\",\"@id\":\"https:\/\/psol50.org.br\/#website\",\"url\":\"https:\/\/psol50.org.br\/\",\"name\":\"PSOL 50\",\"description\":\"Site oficial do Partido Socialismo e Liberdade\",\"publisher\":{\"@id\":\"https:\/\/psol50.org.br\/#organization\"},\"alternateName\":\"PSOL50\",\"potentialAction\":[{\"@type\":\"SearchAction\",\"target\":{\"@type\":\"EntryPoint\",\"urlTemplate\":\"https:\/\/psol50.org.br\/?s={search_term_string}\"},\"query-input\":{\"@type\":\"PropertyValueSpecification\",\"valueRequired\":true,\"valueName\":\"search_term_string\"}}],\"inLanguage\":\"pt-BR\"},{\"@type\":\"Organization\",\"@id\":\"https:\/\/psol50.org.br\/#organization\",\"name\":\"PSOL 50\",\"alternateName\":\"PSOL 50\",\"url\":\"https:\/\/psol50.org.br\/\",\"logo\":{\"@type\":\"ImageObject\",\"inLanguage\":\"pt-BR\",\"@id\":\"https:\/\/psol50.org.br\/#\/schema\/logo\/image\/\",\"url\":\"https:\/\/psol50.org.br\/inc\/uploads\/2018\/07\/capa.png\",\"contentUrl\":\"https:\/\/psol50.org.br\/inc\/uploads\/2018\/07\/capa.png\",\"width\":1350,\"height\":900,\"caption\":\"PSOL 50\"},\"image\":{\"@id\":\"https:\/\/psol50.org.br\/#\/schema\/logo\/image\/\"},\"sameAs\":[\"https:\/\/www.facebook.com\/psol50\",\"https:\/\/x.com\/psol50\",\"https:\/\/www.instagram.com\/psol50\/\",\"https:\/\/www.youtube.com\/channel\/UC7SnJS5o1os7a6CaiNabzcg\"]},{\"@type\":\"Person\",\"@id\":\"https:\/\/psol50.org.br\/#\/schema\/person\/475dfa57d0b815993c714c2e96491fcd\",\"name\":\"Comunica\u00e7\u00e3o PSOL\",\"image\":{\"@type\":\"ImageObject\",\"inLanguage\":\"pt-BR\",\"@id\":\"https:\/\/psol50.org.br\/#\/schema\/person\/image\/\",\"url\":\"https:\/\/secure.gravatar.com\/avatar\/b34fc4f4e468a4e51785917065a3db57b841f5c95dba6ad8c73aaf8f66f8f9bf?s=96&d=mm&r=g\",\"contentUrl\":\"https:\/\/secure.gravatar.com\/avatar\/b34fc4f4e468a4e51785917065a3db57b841f5c95dba6ad8c73aaf8f66f8f9bf?s=96&d=mm&r=g\",\"caption\":\"Comunica\u00e7\u00e3o PSOL\"}}]}<\/script>\n<!-- \/ Yoast SEO plugin. -->","yoast_head_json":{"title":"PSOL ganha refor\u00e7o na bancada mais combativa da C\u00e2mara dos Deputados - PSOL 50","robots":{"index":"index","follow":"follow","max-snippet":"max-snippet:-1","max-image-preview":"max-image-preview:large","max-video-preview":"max-video-preview:-1"},"canonical":"https:\/\/psol50.org.br\/psol-ganha-reforco-na-bancada-mais-combativa-da-camara-dos-deputados\/","og_locale":"pt_BR","og_type":"article","og_title":"PSOL ganha refor\u00e7o na bancada mais combativa da C\u00e2mara dos Deputados - PSOL 50","og_description":"O PSOL na C\u00e2mara saiu vitorioso das urnas nestas elei\u00e7\u00f5es de 7 de outubro. A bancada mais combativa do Congresso Nacional ganhou um refor\u00e7o consider\u00e1vel com a elei\u00e7\u00e3o de mais quatro deputadas federais. Agora, o nosso time contar\u00e1 com 10 parlamentares. Al\u00e9m da reelei\u00e7\u00e3o dos imbat\u00edveis Ivan Valente (SP), Glauber Braga (RJ), Edmilson Rodrigues (PA), [&hellip;]","og_url":"https:\/\/psol50.org.br\/psol-ganha-reforco-na-bancada-mais-combativa-da-camara-dos-deputados\/","og_site_name":"PSOL 50","article_publisher":"https:\/\/www.facebook.com\/psol50","article_published_time":"2018-10-11T16:01:34+00:00","og_image":[{"width":940,"height":940,"url":"https:\/\/psol50.org.br\/inc\/uploads\/2018\/10\/psol-na-camara.png","type":"image\/png"}],"author":"Comunica\u00e7\u00e3o PSOL","twitter_card":"summary_large_image","twitter_creator":"@psol50","twitter_site":"@psol50","twitter_misc":{"Escrito por":"Comunica\u00e7\u00e3o PSOL","Est. tempo de leitura":"1 minuto"},"schema":{"@context":"https:\/\/schema.org","@graph":[{"@type":"Article","@id":"https:\/\/psol50.org.br\/psol-ganha-reforco-na-bancada-mais-combativa-da-camara-dos-deputados\/#article","isPartOf":{"@id":"https:\/\/psol50.org.br\/psol-ganha-reforco-na-bancada-mais-combativa-da-camara-dos-deputados\/"},"author":{"name":"Comunica\u00e7\u00e3o PSOL","@id":"https:\/\/psol50.org.br\/#\/schema\/person\/475dfa57d0b815993c714c2e96491fcd"},"headline":"PSOL ganha refor\u00e7o na bancada mais combativa da C\u00e2mara dos Deputados","datePublished":"2018-10-11T16:01:34+00:00","mainEntityOfPage":{"@id":"https:\/\/psol50.org.br\/psol-ganha-reforco-na-bancada-mais-combativa-da-camara-dos-deputados\/"},"wordCount":180,"publisher":{"@id":"https:\/\/psol50.org.br\/#organization"},"image":{"@id":"https:\/\/psol50.org.br\/psol-ganha-reforco-na-bancada-mais-combativa-da-camara-dos-deputados\/#primaryimage"},"thumbnailUrl":"https:\/\/psol50.org.br\/inc\/uploads\/2018\/10\/psol-na-camara.png","articleSection":["A\u00e7\u00e3o Parlamentar","Elei\u00e7\u00f5es 2018","Not\u00edcias","Partido"],"inLanguage":"pt-BR"},{"@type":"WebPage","@id":"https:\/\/psol50.org.br\/psol-ganha-reforco-na-bancada-mais-combativa-da-camara-dos-deputados\/","url":"https:\/\/psol50.org.br\/psol-ganha-reforco-na-bancada-mais-combativa-da-camara-dos-deputados\/","name":"PSOL ganha refor\u00e7o na bancada mais combativa da C\u00e2mara dos Deputados - PSOL 50","isPartOf":{"@id":"https:\/\/psol50.org.br\/#website"},"primaryImageOfPage":{"@id":"https:\/\/psol50.org.br\/psol-ganha-reforco-na-bancada-mais-combativa-da-camara-dos-deputados\/#primaryimage"},"image":{"@id":"https:\/\/psol50.org.br\/psol-ganha-reforco-na-bancada-mais-combativa-da-camara-dos-deputados\/#primaryimage"},"thumbnailUrl":"https:\/\/psol50.org.br\/inc\/uploads\/2018\/10\/psol-na-camara.png","datePublished":"2018-10-11T16:01:34+00:00","breadcrumb":{"@id":"https:\/\/psol50.org.br\/psol-ganha-reforco-na-bancada-mais-combativa-da-camara-dos-deputados\/#breadcrumb"},"inLanguage":"pt-BR","potentialAction":[{"@type":"ReadAction","target":["https:\/\/psol50.org.br\/psol-ganha-reforco-na-bancada-mais-combativa-da-camara-dos-deputados\/"]}]},{"@type":"ImageObject","inLanguage":"pt-BR","@id":"https:\/\/psol50.org.br\/psol-ganha-reforco-na-bancada-mais-combativa-da-camara-dos-deputados\/#primaryimage","url":"https:\/\/psol50.org.br\/inc\/uploads\/2018\/10\/psol-na-camara.png","contentUrl":"https:\/\/psol50.org.br\/inc\/uploads\/2018\/10\/psol-na-camara.png","width":940,"height":940},{"@type":"BreadcrumbList","@id":"https:\/\/psol50.org.br\/psol-ganha-reforco-na-bancada-mais-combativa-da-camara-dos-deputados\/#breadcrumb","itemListElement":[{"@type":"ListItem","position":1,"name":"In\u00edcio","item":"https:\/\/psol50.org.br\/"},{"@type":"ListItem","position":2,"name":"PSOL ganha refor\u00e7o na bancada mais combativa da C\u00e2mara dos Deputados"}]},{"@type":"WebSite","@id":"https:\/\/psol50.org.br\/#website","url":"https:\/\/psol50.org.br\/","name":"PSOL 50","description":"Site oficial do Partido Socialismo e Liberdade","publisher":{"@id":"https:\/\/psol50.org.br\/#organization"},"alternateName":"PSOL50","potentialAction":[{"@type":"SearchAction","target":{"@type":"EntryPoint","urlTemplate":"https:\/\/psol50.org.br\/?s={search_term_string}"},"query-input":{"@type":"PropertyValueSpecification","valueRequired":true,"valueName":"search_term_string"}}],"inLanguage":"pt-BR"},{"@type":"Organization","@id":"https:\/\/psol50.org.br\/#organization","name":"PSOL 50","alternateName":"PSOL 50","url":"https:\/\/psol50.org.br\/","logo":{"@type":"ImageObject","inLanguage":"pt-BR","@id":"https:\/\/psol50.org.br\/#\/schema\/logo\/image\/","url":"https:\/\/psol50.org.br\/inc\/uploads\/2018\/07\/capa.png","contentUrl":"https:\/\/psol50.org.br\/inc\/uploads\/2018\/07\/capa.png","width":1350,"height":900,"caption":"PSOL 50"},"image":{"@id":"https:\/\/psol50.org.br\/#\/schema\/logo\/image\/"},"sameAs":["https:\/\/www.facebook.com\/psol50","https:\/\/x.com\/psol50","https:\/\/www.instagram.com\/psol50\/","https:\/\/www.youtube.com\/channel\/UC7SnJS5o1os7a6CaiNabzcg"]},{"@type":"Person","@id":"https:\/\/psol50.org.br\/#\/schema\/person\/475dfa57d0b815993c714c2e96491fcd","name":"Comunica\u00e7\u00e3o PSOL","image":{"@type":"ImageObject","inLanguage":"pt-BR","@id":"https:\/\/psol50.org.br\/#\/schema\/person\/image\/","url":"https:\/\/secure.gravatar.com\/avatar\/b34fc4f4e468a4e51785917065a3db57b841f5c95dba6ad8c73aaf8f66f8f9bf?s=96&d=mm&r=g","contentUrl":"https:\/\/secure.gravatar.com\/avatar\/b34fc4f4e468a4e51785917065a3db57b841f5c95dba6ad8c73aaf8f66f8f9bf?s=96&d=mm&r=g","caption":"Comunica\u00e7\u00e3o PSOL"}}]}},"_links":{"self":[{"href":"https:\/\/psol50.org.br\/rest\/wp\/v2\/posts\/21688","targetHints":{"allow":["GET"]}}],"collection":[{"href":"https:\/\/psol50.org.br\/rest\/wp\/v2\/posts"}],"about":[{"href":"https:\/\/psol50.org.br\/rest\/wp\/v2\/types\/post"}],"author":[{"embeddable":true,"href":"https:\/\/psol50.org.br\/rest\/wp\/v2\/users\/2"}],"replies":[{"embeddable":true,"href":"https:\/\/psol50.org.br\/rest\/wp\/v2\/comments?post=21688"}],"version-history":[{"count":0,"href":"https:\/\/psol50.org.br\/rest\/wp\/v2\/posts\/21688\/revisions"}],"wp:featuredmedia":[{"embeddable":true,"href":"https:\/\/psol50.org.br\/rest\/wp\/v2\/media\/21968"}],"wp:attachment":[{"href":"https:\/\/psol50.org.br\/rest\/wp\/v2\/media?parent=21688"}],"wp:term":[{"taxonomy":"category","embeddable":true,"href":"https:\/\/psol50.org.br\/rest\/wp\/v2\/categories?post=21688"},{"taxonomy":"post_tag","embeddable":true,"href":"https:\/\/psol50.org.br\/rest\/wp\/v2\/tags?post=21688"}],"curies":[{"name":"wp","href":"https:\/\/api.w.org\/{rel}","templated":true}]}}