{"id":2176,"date":"2013-08-07T00:00:00","date_gmt":"2013-08-07T00:00:00","guid":{"rendered":"http:\/\/psol50.org.br\/arquivo\/2013\/08\/07\/com-apoio-do-psol-profissionais-da-saude-se-mobilizam-contra-o-ato-medico\/"},"modified":"2013-08-07T00:00:00","modified_gmt":"2013-08-07T00:00:00","slug":"com-apoio-do-psol-profissionais-da-saude-se-mobilizam-contra-o-ato-medico","status":"publish","type":"post","link":"https:\/\/psol50.org.br\/com-apoio-do-psol-profissionais-da-saude-se-mobilizam-contra-o-ato-medico\/","title":{"rendered":"Com apoio do PSOL, profissionais da sa\u00fade se mobilizam contra o ato m\u00e9dico"},"content":{"rendered":"<div style=\"text-align: justify;\">\n\t<em>Categorias querem a manuten\u00e7\u00e3o dos vetos presidenciais que garantem sua compet\u00eancia nas atividades de sa\u00fade<\/em><br \/>\n\t\u00a0<br \/>\n\tO presidente do PSOL Nacional, deputado Ivan Valente (SP), participou da manifesta\u00e7\u00e3o de profissionais da \u00e1rea de sa\u00fade contr\u00e1rios ao ato m\u00e9dico, realizada nesta ter\u00e7a-feira (06), na frente do Congresso Nacional. A categoria quer a manuten\u00e7\u00e3o dos vetos presidenciais \u00e0 Lei 12.842\/2013, demanda que conta com o apoio da bancada do PSOL.<br \/>\n\t\u00a0<br \/>\n\t\u201cA manuten\u00e7\u00e3o dos vetos significar\u00e1 a vit\u00f3ria da sa\u00fade de forma ampla, com benef\u00edcios a v\u00e1rias categorias de profissionais e, principalmente, com benef\u00edcios para a popula\u00e7\u00e3o\u201d, afirmou Ivan Valente. Ele incentivou que as diversas categorias conversem com seus deputados federais, de cada estado, para explicar a import\u00e2ncia e necessidade da manuten\u00e7\u00e3o dos vetos.<br \/>\n\t\u00a0<br \/>\n\tO projeto do ato m\u00e9dico foi aprovado na C\u00e2mara e no Senado no semestre passado e sancionado pela Presid\u00eancia da Rep\u00fablica. O texto aprovado regulamenta a atividade m\u00e9dica, restringindo aos m\u00e9dicos atos como a prescri\u00e7\u00e3o de medicamentos e a diagn\u00f3stico de doen\u00e7as, retirando, assim, estas compet\u00eancias de enfermeiros, psic\u00f3logos e fisioterapeutas, por exemplo. Estas limita\u00e7\u00f5es foram vetadas pela presidente Dilma Roussef.<br \/>\n\t\u00a0<br \/>\n\tO deputado Ivan Valente alertou que a categoria m\u00e9dica, favor\u00e1vel \u00e0 Lei, possui um forte lobby dentro do Congresso Nacional e, por isso, os profissionais das demais categorias de sa\u00fade devem se mobilizar para que deputados e senadores votem pela manuten\u00e7\u00e3o dos vetos, em sess\u00e3o conjunta marcada para o dia 20 de agosto.<br \/>\n\t\u00a0<br \/>\n\t<strong>Encontro com o presidente da C\u00e2mara<\/strong><br \/>\n\tNo final da tarde, o deputado Ivan Valente, acompanhado do deputado Chico Alencar (RJ), e lideran\u00e7as dos profissionais de sa\u00fade se reuniram com o presidente da C\u00e2mara, Henrique Eduardo Alves. Segundo ele, o veto sobre o ato m\u00e9dico j\u00e1 ser\u00e1 apreciado na sess\u00e3o do dia 20. O presidente garantiu seu apoio \u00e0 manuten\u00e7\u00e3o dos vetos.<br \/>\n\t\u00a0<br \/>\n\tAs lideran\u00e7as de sa\u00fade disseram que representam, nesse momento, 13 categorias regulamentadas e de outras profiss\u00f5es ainda n\u00e3o regulamentadas, que somam mais de 4 milh\u00f5es de profissionais. De acordo com eles, sem os vetos a sa\u00fade brasileira ficar\u00e1 prejudicada, pois limitar\u00e1 as atividades dos demais profissionais, concentrando tudo nas m\u00e3os dos m\u00e9dicos. Eles alertaram ainda que os atuais universit\u00e1rios tamb\u00e9m ser\u00e3o penalizados porque correm o risco de perderem a autonomia de atua\u00e7\u00e3o ap\u00f3s se formarem, al\u00e9m do risco de diminuir o interesse dos jovens por essas profiss\u00f5es.<\/div>\n<p>\u00a0<\/p>\n","protected":false},"excerpt":{"rendered":"<p>Categorias querem a manuten\u00e7\u00e3o dos vetos presidenciais que garantem sua compet\u00eancia nas atividades de sa\u00fade \u00a0 O presidente do PSOL Nacional, deputado Ivan Valente (SP), participou da manifesta\u00e7\u00e3o de profissionais da \u00e1rea de sa\u00fade contr\u00e1rios ao ato m\u00e9dico, realizada nesta ter\u00e7a-feira (06), na frente do Congresso Nacional. A categoria quer a manuten\u00e7\u00e3o dos vetos presidenciais [&hellip;]<\/p>\n","protected":false},"author":2,"featured_media":0,"comment_status":"open","ping_status":"open","sticky":false,"template":"","format":"standard","meta":{"_acf_changed":false,"footnotes":""},"categories":[4766],"tags":[22],"class_list":{"0":"post-2176","1":"post","2":"type-post","3":"status-publish","4":"format-standard","6":"category-arquivo","7":"tag-psol"},"acf":[],"yoast_head":"<!-- This site is optimized with the Yoast SEO plugin v26.5 - https:\/\/yoast.com\/wordpress\/plugins\/seo\/ -->\n<title>Com apoio do PSOL, profissionais da sa\u00fade se mobilizam contra o ato m\u00e9dico - PSOL 50<\/title>\n<meta name=\"robots\" content=\"index, follow, max-snippet:-1, max-image-preview:large, max-video-preview:-1\" \/>\n<link rel=\"canonical\" href=\"https:\/\/psol50.org.br\/com-apoio-do-psol-profissionais-da-saude-se-mobilizam-contra-o-ato-medico\/\" \/>\n<meta property=\"og:locale\" content=\"pt_BR\" \/>\n<meta property=\"og:type\" content=\"article\" \/>\n<meta property=\"og:title\" content=\"Com apoio do PSOL, profissionais da sa\u00fade se mobilizam contra o ato m\u00e9dico - PSOL 50\" \/>\n<meta property=\"og:description\" content=\"Categorias querem a manuten\u00e7\u00e3o dos vetos presidenciais que garantem sua compet\u00eancia nas atividades de sa\u00fade \u00a0 O presidente do PSOL Nacional, deputado Ivan Valente (SP), participou da manifesta\u00e7\u00e3o de profissionais da \u00e1rea de sa\u00fade contr\u00e1rios ao ato m\u00e9dico, realizada nesta ter\u00e7a-feira (06), na frente do Congresso Nacional. A categoria quer a manuten\u00e7\u00e3o dos vetos presidenciais [&hellip;]\" \/>\n<meta property=\"og:url\" content=\"https:\/\/psol50.org.br\/com-apoio-do-psol-profissionais-da-saude-se-mobilizam-contra-o-ato-medico\/\" \/>\n<meta property=\"og:site_name\" content=\"PSOL 50\" \/>\n<meta property=\"article:publisher\" content=\"https:\/\/www.facebook.com\/psol50\" \/>\n<meta property=\"article:published_time\" content=\"2013-08-07T00:00:00+00:00\" \/>\n<meta property=\"og:image\" content=\"https:\/\/psol50.org.br\/inc\/uploads\/2018\/07\/capa.png\" \/>\n\t<meta property=\"og:image:width\" content=\"1350\" \/>\n\t<meta property=\"og:image:height\" content=\"900\" \/>\n\t<meta property=\"og:image:type\" content=\"image\/png\" \/>\n<meta name=\"author\" content=\"Comunica\u00e7\u00e3o PSOL\" \/>\n<meta name=\"twitter:card\" content=\"summary_large_image\" \/>\n<meta name=\"twitter:creator\" content=\"@psol50\" \/>\n<meta name=\"twitter:site\" content=\"@psol50\" \/>\n<meta name=\"twitter:label1\" content=\"Escrito por\" \/>\n\t<meta name=\"twitter:data1\" content=\"Comunica\u00e7\u00e3o PSOL\" \/>\n\t<meta name=\"twitter:label2\" content=\"Est. tempo de leitura\" \/>\n\t<meta name=\"twitter:data2\" content=\"2 minutos\" \/>\n<script type=\"application\/ld+json\" class=\"yoast-schema-graph\">{\"@context\":\"https:\/\/schema.org\",\"@graph\":[{\"@type\":\"Article\",\"@id\":\"https:\/\/psol50.org.br\/com-apoio-do-psol-profissionais-da-saude-se-mobilizam-contra-o-ato-medico\/#article\",\"isPartOf\":{\"@id\":\"https:\/\/psol50.org.br\/com-apoio-do-psol-profissionais-da-saude-se-mobilizam-contra-o-ato-medico\/\"},\"author\":{\"name\":\"Comunica\u00e7\u00e3o PSOL\",\"@id\":\"https:\/\/psol50.org.br\/#\/schema\/person\/475dfa57d0b815993c714c2e96491fcd\"},\"headline\":\"Com apoio do PSOL, profissionais da sa\u00fade se mobilizam contra o ato m\u00e9dico\",\"datePublished\":\"2013-08-07T00:00:00+00:00\",\"mainEntityOfPage\":{\"@id\":\"https:\/\/psol50.org.br\/com-apoio-do-psol-profissionais-da-saude-se-mobilizam-contra-o-ato-medico\/\"},\"wordCount\":445,\"commentCount\":0,\"publisher\":{\"@id\":\"https:\/\/psol50.org.br\/#organization\"},\"keywords\":[\"PSOL\"],\"articleSection\":[\"Arquivo\"],\"inLanguage\":\"pt-BR\",\"potentialAction\":[{\"@type\":\"CommentAction\",\"name\":\"Comment\",\"target\":[\"https:\/\/psol50.org.br\/com-apoio-do-psol-profissionais-da-saude-se-mobilizam-contra-o-ato-medico\/#respond\"]}]},{\"@type\":\"WebPage\",\"@id\":\"https:\/\/psol50.org.br\/com-apoio-do-psol-profissionais-da-saude-se-mobilizam-contra-o-ato-medico\/\",\"url\":\"https:\/\/psol50.org.br\/com-apoio-do-psol-profissionais-da-saude-se-mobilizam-contra-o-ato-medico\/\",\"name\":\"Com apoio do PSOL, profissionais da sa\u00fade se mobilizam contra o ato m\u00e9dico - PSOL 50\",\"isPartOf\":{\"@id\":\"https:\/\/psol50.org.br\/#website\"},\"datePublished\":\"2013-08-07T00:00:00+00:00\",\"breadcrumb\":{\"@id\":\"https:\/\/psol50.org.br\/com-apoio-do-psol-profissionais-da-saude-se-mobilizam-contra-o-ato-medico\/#breadcrumb\"},\"inLanguage\":\"pt-BR\",\"potentialAction\":[{\"@type\":\"ReadAction\",\"target\":[\"https:\/\/psol50.org.br\/com-apoio-do-psol-profissionais-da-saude-se-mobilizam-contra-o-ato-medico\/\"]}]},{\"@type\":\"BreadcrumbList\",\"@id\":\"https:\/\/psol50.org.br\/com-apoio-do-psol-profissionais-da-saude-se-mobilizam-contra-o-ato-medico\/#breadcrumb\",\"itemListElement\":[{\"@type\":\"ListItem\",\"position\":1,\"name\":\"In\u00edcio\",\"item\":\"https:\/\/psol50.org.br\/\"},{\"@type\":\"ListItem\",\"position\":2,\"name\":\"Com apoio do PSOL, profissionais da sa\u00fade se mobilizam contra o ato m\u00e9dico\"}]},{\"@type\":\"WebSite\",\"@id\":\"https:\/\/psol50.org.br\/#website\",\"url\":\"https:\/\/psol50.org.br\/\",\"name\":\"PSOL 50\",\"description\":\"Site oficial do Partido Socialismo e Liberdade\",\"publisher\":{\"@id\":\"https:\/\/psol50.org.br\/#organization\"},\"alternateName\":\"PSOL50\",\"potentialAction\":[{\"@type\":\"SearchAction\",\"target\":{\"@type\":\"EntryPoint\",\"urlTemplate\":\"https:\/\/psol50.org.br\/?s={search_term_string}\"},\"query-input\":{\"@type\":\"PropertyValueSpecification\",\"valueRequired\":true,\"valueName\":\"search_term_string\"}}],\"inLanguage\":\"pt-BR\"},{\"@type\":\"Organization\",\"@id\":\"https:\/\/psol50.org.br\/#organization\",\"name\":\"PSOL 50\",\"alternateName\":\"PSOL 50\",\"url\":\"https:\/\/psol50.org.br\/\",\"logo\":{\"@type\":\"ImageObject\",\"inLanguage\":\"pt-BR\",\"@id\":\"https:\/\/psol50.org.br\/#\/schema\/logo\/image\/\",\"url\":\"https:\/\/psol50.org.br\/inc\/uploads\/2018\/07\/capa.png\",\"contentUrl\":\"https:\/\/psol50.org.br\/inc\/uploads\/2018\/07\/capa.png\",\"width\":1350,\"height\":900,\"caption\":\"PSOL 50\"},\"image\":{\"@id\":\"https:\/\/psol50.org.br\/#\/schema\/logo\/image\/\"},\"sameAs\":[\"https:\/\/www.facebook.com\/psol50\",\"https:\/\/x.com\/psol50\",\"https:\/\/www.instagram.com\/psol50\/\",\"https:\/\/www.youtube.com\/channel\/UC7SnJS5o1os7a6CaiNabzcg\"]},{\"@type\":\"Person\",\"@id\":\"https:\/\/psol50.org.br\/#\/schema\/person\/475dfa57d0b815993c714c2e96491fcd\",\"name\":\"Comunica\u00e7\u00e3o PSOL\",\"image\":{\"@type\":\"ImageObject\",\"inLanguage\":\"pt-BR\",\"@id\":\"https:\/\/psol50.org.br\/#\/schema\/person\/image\/\",\"url\":\"https:\/\/secure.gravatar.com\/avatar\/b34fc4f4e468a4e51785917065a3db57b841f5c95dba6ad8c73aaf8f66f8f9bf?s=96&d=mm&r=g\",\"contentUrl\":\"https:\/\/secure.gravatar.com\/avatar\/b34fc4f4e468a4e51785917065a3db57b841f5c95dba6ad8c73aaf8f66f8f9bf?s=96&d=mm&r=g\",\"caption\":\"Comunica\u00e7\u00e3o PSOL\"}}]}<\/script>\n<!-- \/ Yoast SEO plugin. -->","yoast_head_json":{"title":"Com apoio do PSOL, profissionais da sa\u00fade se mobilizam contra o ato m\u00e9dico - PSOL 50","robots":{"index":"index","follow":"follow","max-snippet":"max-snippet:-1","max-image-preview":"max-image-preview:large","max-video-preview":"max-video-preview:-1"},"canonical":"https:\/\/psol50.org.br\/com-apoio-do-psol-profissionais-da-saude-se-mobilizam-contra-o-ato-medico\/","og_locale":"pt_BR","og_type":"article","og_title":"Com apoio do PSOL, profissionais da sa\u00fade se mobilizam contra o ato m\u00e9dico - PSOL 50","og_description":"Categorias querem a manuten\u00e7\u00e3o dos vetos presidenciais que garantem sua compet\u00eancia nas atividades de sa\u00fade \u00a0 O presidente do PSOL Nacional, deputado Ivan Valente (SP), participou da manifesta\u00e7\u00e3o de profissionais da \u00e1rea de sa\u00fade contr\u00e1rios ao ato m\u00e9dico, realizada nesta ter\u00e7a-feira (06), na frente do Congresso Nacional. A categoria quer a manuten\u00e7\u00e3o dos vetos presidenciais [&hellip;]","og_url":"https:\/\/psol50.org.br\/com-apoio-do-psol-profissionais-da-saude-se-mobilizam-contra-o-ato-medico\/","og_site_name":"PSOL 50","article_publisher":"https:\/\/www.facebook.com\/psol50","article_published_time":"2013-08-07T00:00:00+00:00","og_image":[{"width":1350,"height":900,"url":"https:\/\/psol50.org.br\/inc\/uploads\/2018\/07\/capa.png","type":"image\/png"}],"author":"Comunica\u00e7\u00e3o PSOL","twitter_card":"summary_large_image","twitter_creator":"@psol50","twitter_site":"@psol50","twitter_misc":{"Escrito por":"Comunica\u00e7\u00e3o PSOL","Est. tempo de leitura":"2 minutos"},"schema":{"@context":"https:\/\/schema.org","@graph":[{"@type":"Article","@id":"https:\/\/psol50.org.br\/com-apoio-do-psol-profissionais-da-saude-se-mobilizam-contra-o-ato-medico\/#article","isPartOf":{"@id":"https:\/\/psol50.org.br\/com-apoio-do-psol-profissionais-da-saude-se-mobilizam-contra-o-ato-medico\/"},"author":{"name":"Comunica\u00e7\u00e3o PSOL","@id":"https:\/\/psol50.org.br\/#\/schema\/person\/475dfa57d0b815993c714c2e96491fcd"},"headline":"Com apoio do PSOL, profissionais da sa\u00fade se mobilizam contra o ato m\u00e9dico","datePublished":"2013-08-07T00:00:00+00:00","mainEntityOfPage":{"@id":"https:\/\/psol50.org.br\/com-apoio-do-psol-profissionais-da-saude-se-mobilizam-contra-o-ato-medico\/"},"wordCount":445,"commentCount":0,"publisher":{"@id":"https:\/\/psol50.org.br\/#organization"},"keywords":["PSOL"],"articleSection":["Arquivo"],"inLanguage":"pt-BR","potentialAction":[{"@type":"CommentAction","name":"Comment","target":["https:\/\/psol50.org.br\/com-apoio-do-psol-profissionais-da-saude-se-mobilizam-contra-o-ato-medico\/#respond"]}]},{"@type":"WebPage","@id":"https:\/\/psol50.org.br\/com-apoio-do-psol-profissionais-da-saude-se-mobilizam-contra-o-ato-medico\/","url":"https:\/\/psol50.org.br\/com-apoio-do-psol-profissionais-da-saude-se-mobilizam-contra-o-ato-medico\/","name":"Com apoio do PSOL, profissionais da sa\u00fade se mobilizam contra o ato m\u00e9dico - PSOL 50","isPartOf":{"@id":"https:\/\/psol50.org.br\/#website"},"datePublished":"2013-08-07T00:00:00+00:00","breadcrumb":{"@id":"https:\/\/psol50.org.br\/com-apoio-do-psol-profissionais-da-saude-se-mobilizam-contra-o-ato-medico\/#breadcrumb"},"inLanguage":"pt-BR","potentialAction":[{"@type":"ReadAction","target":["https:\/\/psol50.org.br\/com-apoio-do-psol-profissionais-da-saude-se-mobilizam-contra-o-ato-medico\/"]}]},{"@type":"BreadcrumbList","@id":"https:\/\/psol50.org.br\/com-apoio-do-psol-profissionais-da-saude-se-mobilizam-contra-o-ato-medico\/#breadcrumb","itemListElement":[{"@type":"ListItem","position":1,"name":"In\u00edcio","item":"https:\/\/psol50.org.br\/"},{"@type":"ListItem","position":2,"name":"Com apoio do PSOL, profissionais da sa\u00fade se mobilizam contra o ato m\u00e9dico"}]},{"@type":"WebSite","@id":"https:\/\/psol50.org.br\/#website","url":"https:\/\/psol50.org.br\/","name":"PSOL 50","description":"Site oficial do Partido Socialismo e Liberdade","publisher":{"@id":"https:\/\/psol50.org.br\/#organization"},"alternateName":"PSOL50","potentialAction":[{"@type":"SearchAction","target":{"@type":"EntryPoint","urlTemplate":"https:\/\/psol50.org.br\/?s={search_term_string}"},"query-input":{"@type":"PropertyValueSpecification","valueRequired":true,"valueName":"search_term_string"}}],"inLanguage":"pt-BR"},{"@type":"Organization","@id":"https:\/\/psol50.org.br\/#organization","name":"PSOL 50","alternateName":"PSOL 50","url":"https:\/\/psol50.org.br\/","logo":{"@type":"ImageObject","inLanguage":"pt-BR","@id":"https:\/\/psol50.org.br\/#\/schema\/logo\/image\/","url":"https:\/\/psol50.org.br\/inc\/uploads\/2018\/07\/capa.png","contentUrl":"https:\/\/psol50.org.br\/inc\/uploads\/2018\/07\/capa.png","width":1350,"height":900,"caption":"PSOL 50"},"image":{"@id":"https:\/\/psol50.org.br\/#\/schema\/logo\/image\/"},"sameAs":["https:\/\/www.facebook.com\/psol50","https:\/\/x.com\/psol50","https:\/\/www.instagram.com\/psol50\/","https:\/\/www.youtube.com\/channel\/UC7SnJS5o1os7a6CaiNabzcg"]},{"@type":"Person","@id":"https:\/\/psol50.org.br\/#\/schema\/person\/475dfa57d0b815993c714c2e96491fcd","name":"Comunica\u00e7\u00e3o PSOL","image":{"@type":"ImageObject","inLanguage":"pt-BR","@id":"https:\/\/psol50.org.br\/#\/schema\/person\/image\/","url":"https:\/\/secure.gravatar.com\/avatar\/b34fc4f4e468a4e51785917065a3db57b841f5c95dba6ad8c73aaf8f66f8f9bf?s=96&d=mm&r=g","contentUrl":"https:\/\/secure.gravatar.com\/avatar\/b34fc4f4e468a4e51785917065a3db57b841f5c95dba6ad8c73aaf8f66f8f9bf?s=96&d=mm&r=g","caption":"Comunica\u00e7\u00e3o PSOL"}}]}},"_links":{"self":[{"href":"https:\/\/psol50.org.br\/rest\/wp\/v2\/posts\/2176","targetHints":{"allow":["GET"]}}],"collection":[{"href":"https:\/\/psol50.org.br\/rest\/wp\/v2\/posts"}],"about":[{"href":"https:\/\/psol50.org.br\/rest\/wp\/v2\/types\/post"}],"author":[{"embeddable":true,"href":"https:\/\/psol50.org.br\/rest\/wp\/v2\/users\/2"}],"replies":[{"embeddable":true,"href":"https:\/\/psol50.org.br\/rest\/wp\/v2\/comments?post=2176"}],"version-history":[{"count":0,"href":"https:\/\/psol50.org.br\/rest\/wp\/v2\/posts\/2176\/revisions"}],"wp:attachment":[{"href":"https:\/\/psol50.org.br\/rest\/wp\/v2\/media?parent=2176"}],"wp:term":[{"taxonomy":"category","embeddable":true,"href":"https:\/\/psol50.org.br\/rest\/wp\/v2\/categories?post=2176"},{"taxonomy":"post_tag","embeddable":true,"href":"https:\/\/psol50.org.br\/rest\/wp\/v2\/tags?post=2176"}],"curies":[{"name":"wp","href":"https:\/\/api.w.org\/{rel}","templated":true}]}}