{"id":2178,"date":"2013-08-08T00:00:00","date_gmt":"2013-08-08T00:00:00","guid":{"rendered":"http:\/\/psol50.org.br\/arquivo\/2013\/08\/08\/lider-do-psol-na-camara-propoe-ouvir-diretor-da-ans-que-omitiu-ligacao-com-planos-de-saude\/"},"modified":"2013-08-08T00:00:00","modified_gmt":"2013-08-08T00:00:00","slug":"lider-do-psol-na-camara-propoe-ouvir-diretor-da-ans-que-omitiu-ligacao-com-planos-de-saude","status":"publish","type":"post","link":"https:\/\/psol50.org.br\/lider-do-psol-na-camara-propoe-ouvir-diretor-da-ans-que-omitiu-ligacao-com-planos-de-saude\/","title":{"rendered":"L\u00edder do PSOL na C\u00e2mara prop\u00f5e ouvir diretor da ANS que omitiu liga\u00e7\u00e3o com planos de sa\u00fade"},"content":{"rendered":"<div style=\"text-align: justify;\">\n\t<em>Requerimento foi aprovado na manh\u00e3 desta quarta-feira na Comiss\u00e3o de Defesa do Consumidor<\/em><br \/>\n\t&nbsp;<br \/>\n\tA Comiss\u00e3o de Defesa do Consumidor aprovou, nesta quarta-feira (07), requerimento do deputado federal Ivan Valente (PSOL\/SP) para ouvir o rec\u00e9m-nomeado diretor da Ag\u00eancia Nacional de Sa\u00fade Suplementar (ANS), Elano Rodrigues Figueiredo. A proposta de oitiva vem na esteira da revela\u00e7\u00e3o por parte do jornal <em>O Globo<\/em> de que Figueiredo omitiu a rela\u00e7\u00e3o que teve com planos privados de sa\u00fade no curr\u00edculo que enviou ao governo e que foi submetido ao Senado.<br \/>\n\t&nbsp;<br \/>\n\tA den\u00fancia surgiu no <em>O Globo<\/em> no \u00faltimo dia 3 de agosto. Ele foi diretor jur\u00eddico da HapVida, uma empresa do setor que atua no Nordeste e advogou para a Unimed. Mas estas informa\u00e7\u00f5es foram omitidas no curr\u00edculo e o advogado nem as mencionou na sua sabatina. E assim ele foi indicado pela presidente Dilma para ocupar o cargo.<br \/>\n\t&nbsp;<br \/>\n\tFigueiredo foi diretor da HapVida pelo menos desde 2006. A empresa \u00e9 uma das que s\u00e3o alvo de mais reclama\u00e7\u00f5es dos consumidores: na pr\u00f3pria lista da ANS est\u00e1 em 18\u00ba lugar entre as cem operadoras com mais queixas. Ele tamb\u00e9m atuou como advogado da Unimed. No servi\u00e7o privado, ajuizou v\u00e1rias a\u00e7\u00f5es contra consumidores e at\u00e9 mesmo contra a pr\u00f3pria ANS.<br \/>\n\t&nbsp;<br \/>\n\tDesde mar\u00e7o de 2012, Figueiredo ocupa o cargo de diretor adjunto da Diretoria de Gest\u00e3o da ANS. Para esse posto, n\u00e3o precisou de sabatina, j\u00e1 que \u00e9 um cargo de confian\u00e7a. No curr\u00edculo que enviou para subsidiar sua indica\u00e7\u00e3o \u00e0 diretoria da ag\u00eancia, diz, genericamente, que trabalhou \u201cna gest\u00e3o de departamento de advogados\u201d, \u201cem a\u00e7\u00f5es de grande vulto envolvendo sa\u00fade\u201d, \u201cna intermedia\u00e7\u00e3o de conflitos entre segmentos da sa\u00fade\u201d. E tamb\u00e9m em \u201catividade regulat\u00f3ria de sa\u00fade\u201d.<br \/>\n\t&nbsp;<br \/>\n\tA indica\u00e7\u00e3o de profissionais do setor privado para a ANS n\u00e3o \u00e9 novidade. Figueiredo foi aprovado para a vaga de Mauricio Ceschin, que j\u00e1 foi da Qualicorp e da Amil. O atual diretor Leandro Tavares foi da Amil. Mas todos mencionaram suas atividades anteriores nos planos de sa\u00fade privados ao serem indicados para a ag\u00eancia.<br \/>\n\t&nbsp;<br \/>\n\t<strong>Sociedade reage<\/strong><br \/>\n\tO Instituto Brasileiro de Defesa do Consumidor (Idec) vai pedir a anula\u00e7\u00e3o da sabatina. A presidente do Idec, Marilena Lazzarini, considerou grave a omiss\u00e3o da informa\u00e7\u00e3o. \u201cFoi uma sabatina viciada, ficou prejudicada com a aus\u00eancia da principal informa\u00e7\u00e3o sobre esse senhor, que s\u00e3o suas rela\u00e7\u00f5es com esse setor privado. A informa\u00e7\u00e3o mais relevante foi omitida. \u00c9 muito grave. No m\u00ednimo, a sabatina deve ser anulada\u201d, disse Lazzarini ao O Globo.<br \/>\n\t&nbsp;<br \/>\n\tOs servidores da Regula\u00e7\u00e3o Federal da Ag\u00eancia Nacional de Sa\u00fade Suplementar tamb\u00e9m se manifestaram por meio de carta aberta. \u201cPor estes motivos e outros mais, os servidores da regula\u00e7\u00e3o federal da ANS alertam a sociedade brasileira da necessidade urgente de revis\u00e3o do atual processo de escolha e nomea\u00e7\u00e3o dos dirigentes das ag\u00eancias reguladoras e suas estruturas de poder. Enquanto as empresas do setor financiarem as campanhas pol\u00edticas, assistiremos a nomea\u00e7\u00e3o de agentes de empresas disfar\u00e7ados de especialistas, legitimados por sabatinas teatrais no Senado Federal\u201d.<br \/>\n\t&nbsp;<br \/>\n\tO l\u00edder do PSOL no Senado, Randolfe Rodrigues, fez, na segunda (05), quest\u00e3o de ordem solicitando a anula\u00e7\u00e3o da sabatina de Elano Figueiredo, realizada em 11 de julho, na Comiss\u00e3o de Assuntos Sociais. O nome de Figueiredo foi aprovado, em seguida, em vota\u00e7\u00e3o no plen\u00e1rio no Senado com voto contr\u00e1rio de Randolfe Rodrigues.<br \/>\n\t&nbsp;<br \/>\n\t<strong>CPI dos Planos de Sa\u00fade<\/strong><br \/>\n\tEm junho, o deputado Ivan Valente apresentou requerimento para instala\u00e7\u00e3o de uma Comiss\u00e3o Parlamentar de Inqu\u00e9rito (CPI) para investigar os planos de sa\u00fade. Ele afirma que a leni\u00eancia da ANS na fiscaliza\u00e7\u00e3o dos planos, extremamente mal avaliados pela popula\u00e7\u00e3o, tem a ver com a \u201cporta girat\u00f3ria\u201d instalada na ag\u00eancia, onde funcion\u00e1rios das operadoras saem de seus empregos para atuar na ANS, e voltam para o setor privado na sequ\u00eancia.<br \/>\n\t&nbsp;<br \/>\n\t\u201cA Ag\u00eancia Nacional de Sa\u00fade deveria atuar na defesa dos milh\u00f5es de brasileiros usu\u00e1rios dos Planos de Sa\u00fade, e para isso deveria ter em sua diretoria profissionais que n\u00e3o tenham nenhuma rela\u00e7\u00e3o com as empresas privadas do setor, obedecendo aos princ\u00edpios da moralidade, impessoalidade e transpar\u00eancia. Quanto a Figueiredo, ele tem que depor e dar as devidas explica\u00e7\u00f5es. \u00c9 brincadeira com todo o cidad\u00e3o brasileiro argumentar sigilo profissional. \u00c9 um deboche\u201d, afirmou Valente.<br \/>\n\t&nbsp;<\/div>\n<p>&nbsp;<\/p>\n","protected":false},"excerpt":{"rendered":"<p>Requerimento foi aprovado na manh\u00e3 desta quarta-feira na Comiss\u00e3o de Defesa do Consumidor &nbsp; A Comiss\u00e3o de Defesa do Consumidor aprovou, nesta quarta-feira (07), requerimento do deputado federal Ivan Valente (PSOL\/SP) para ouvir o rec\u00e9m-nomeado diretor da Ag\u00eancia Nacional de Sa\u00fade Suplementar (ANS), Elano Rodrigues Figueiredo. A proposta de oitiva vem na esteira da revela\u00e7\u00e3o [&hellip;]<\/p>\n","protected":false},"author":2,"featured_media":0,"comment_status":"open","ping_status":"open","sticky":false,"template":"","format":"standard","meta":{"_acf_changed":false,"footnotes":""},"categories":[4766],"tags":[22],"class_list":{"0":"post-2178","1":"post","2":"type-post","3":"status-publish","4":"format-standard","6":"category-arquivo","7":"tag-psol"},"acf":[],"yoast_head":"<!-- This site is optimized with the Yoast SEO plugin v26.5 - https:\/\/yoast.com\/wordpress\/plugins\/seo\/ -->\n<title>L\u00edder do PSOL na C\u00e2mara prop\u00f5e ouvir diretor da ANS que omitiu liga\u00e7\u00e3o com planos de sa\u00fade - PSOL 50<\/title>\n<meta name=\"robots\" content=\"index, follow, max-snippet:-1, max-image-preview:large, max-video-preview:-1\" \/>\n<link rel=\"canonical\" href=\"https:\/\/psol50.org.br\/lider-do-psol-na-camara-propoe-ouvir-diretor-da-ans-que-omitiu-ligacao-com-planos-de-saude\/\" \/>\n<meta property=\"og:locale\" content=\"pt_BR\" \/>\n<meta property=\"og:type\" content=\"article\" \/>\n<meta property=\"og:title\" content=\"L\u00edder do PSOL na C\u00e2mara prop\u00f5e ouvir diretor da ANS que omitiu liga\u00e7\u00e3o com planos de sa\u00fade - PSOL 50\" \/>\n<meta property=\"og:description\" content=\"Requerimento foi aprovado na manh\u00e3 desta quarta-feira na Comiss\u00e3o de Defesa do Consumidor &nbsp; A Comiss\u00e3o de Defesa do Consumidor aprovou, nesta quarta-feira (07), requerimento do deputado federal Ivan Valente (PSOL\/SP) para ouvir o rec\u00e9m-nomeado diretor da Ag\u00eancia Nacional de Sa\u00fade Suplementar (ANS), Elano Rodrigues Figueiredo. A proposta de oitiva vem na esteira da revela\u00e7\u00e3o [&hellip;]\" \/>\n<meta property=\"og:url\" content=\"https:\/\/psol50.org.br\/lider-do-psol-na-camara-propoe-ouvir-diretor-da-ans-que-omitiu-ligacao-com-planos-de-saude\/\" \/>\n<meta property=\"og:site_name\" content=\"PSOL 50\" \/>\n<meta property=\"article:publisher\" content=\"https:\/\/www.facebook.com\/psol50\" \/>\n<meta property=\"article:published_time\" content=\"2013-08-08T00:00:00+00:00\" \/>\n<meta property=\"og:image\" content=\"https:\/\/psol50.org.br\/inc\/uploads\/2018\/07\/capa.png\" \/>\n\t<meta property=\"og:image:width\" content=\"1350\" \/>\n\t<meta property=\"og:image:height\" content=\"900\" \/>\n\t<meta property=\"og:image:type\" content=\"image\/png\" \/>\n<meta name=\"author\" content=\"Comunica\u00e7\u00e3o PSOL\" \/>\n<meta name=\"twitter:card\" content=\"summary_large_image\" \/>\n<meta name=\"twitter:creator\" content=\"@psol50\" \/>\n<meta name=\"twitter:site\" content=\"@psol50\" \/>\n<meta name=\"twitter:label1\" content=\"Escrito por\" \/>\n\t<meta name=\"twitter:data1\" content=\"Comunica\u00e7\u00e3o PSOL\" \/>\n\t<meta name=\"twitter:label2\" content=\"Est. tempo de leitura\" \/>\n\t<meta name=\"twitter:data2\" content=\"4 minutos\" \/>\n<script type=\"application\/ld+json\" class=\"yoast-schema-graph\">{\"@context\":\"https:\/\/schema.org\",\"@graph\":[{\"@type\":\"Article\",\"@id\":\"https:\/\/psol50.org.br\/lider-do-psol-na-camara-propoe-ouvir-diretor-da-ans-que-omitiu-ligacao-com-planos-de-saude\/#article\",\"isPartOf\":{\"@id\":\"https:\/\/psol50.org.br\/lider-do-psol-na-camara-propoe-ouvir-diretor-da-ans-que-omitiu-ligacao-com-planos-de-saude\/\"},\"author\":{\"name\":\"Comunica\u00e7\u00e3o PSOL\",\"@id\":\"https:\/\/psol50.org.br\/#\/schema\/person\/475dfa57d0b815993c714c2e96491fcd\"},\"headline\":\"L\u00edder do PSOL na C\u00e2mara prop\u00f5e ouvir diretor da ANS que omitiu liga\u00e7\u00e3o com planos de sa\u00fade\",\"datePublished\":\"2013-08-08T00:00:00+00:00\",\"mainEntityOfPage\":{\"@id\":\"https:\/\/psol50.org.br\/lider-do-psol-na-camara-propoe-ouvir-diretor-da-ans-que-omitiu-ligacao-com-planos-de-saude\/\"},\"wordCount\":801,\"commentCount\":0,\"publisher\":{\"@id\":\"https:\/\/psol50.org.br\/#organization\"},\"keywords\":[\"PSOL\"],\"articleSection\":[\"Arquivo\"],\"inLanguage\":\"pt-BR\",\"potentialAction\":[{\"@type\":\"CommentAction\",\"name\":\"Comment\",\"target\":[\"https:\/\/psol50.org.br\/lider-do-psol-na-camara-propoe-ouvir-diretor-da-ans-que-omitiu-ligacao-com-planos-de-saude\/#respond\"]}]},{\"@type\":\"WebPage\",\"@id\":\"https:\/\/psol50.org.br\/lider-do-psol-na-camara-propoe-ouvir-diretor-da-ans-que-omitiu-ligacao-com-planos-de-saude\/\",\"url\":\"https:\/\/psol50.org.br\/lider-do-psol-na-camara-propoe-ouvir-diretor-da-ans-que-omitiu-ligacao-com-planos-de-saude\/\",\"name\":\"L\u00edder do PSOL na C\u00e2mara prop\u00f5e ouvir diretor da ANS que omitiu liga\u00e7\u00e3o com planos de sa\u00fade - PSOL 50\",\"isPartOf\":{\"@id\":\"https:\/\/psol50.org.br\/#website\"},\"datePublished\":\"2013-08-08T00:00:00+00:00\",\"breadcrumb\":{\"@id\":\"https:\/\/psol50.org.br\/lider-do-psol-na-camara-propoe-ouvir-diretor-da-ans-que-omitiu-ligacao-com-planos-de-saude\/#breadcrumb\"},\"inLanguage\":\"pt-BR\",\"potentialAction\":[{\"@type\":\"ReadAction\",\"target\":[\"https:\/\/psol50.org.br\/lider-do-psol-na-camara-propoe-ouvir-diretor-da-ans-que-omitiu-ligacao-com-planos-de-saude\/\"]}]},{\"@type\":\"BreadcrumbList\",\"@id\":\"https:\/\/psol50.org.br\/lider-do-psol-na-camara-propoe-ouvir-diretor-da-ans-que-omitiu-ligacao-com-planos-de-saude\/#breadcrumb\",\"itemListElement\":[{\"@type\":\"ListItem\",\"position\":1,\"name\":\"In\u00edcio\",\"item\":\"https:\/\/psol50.org.br\/\"},{\"@type\":\"ListItem\",\"position\":2,\"name\":\"L\u00edder do PSOL na C\u00e2mara prop\u00f5e ouvir diretor da ANS que omitiu liga\u00e7\u00e3o com planos de sa\u00fade\"}]},{\"@type\":\"WebSite\",\"@id\":\"https:\/\/psol50.org.br\/#website\",\"url\":\"https:\/\/psol50.org.br\/\",\"name\":\"PSOL 50\",\"description\":\"Site oficial do Partido Socialismo e Liberdade\",\"publisher\":{\"@id\":\"https:\/\/psol50.org.br\/#organization\"},\"alternateName\":\"PSOL50\",\"potentialAction\":[{\"@type\":\"SearchAction\",\"target\":{\"@type\":\"EntryPoint\",\"urlTemplate\":\"https:\/\/psol50.org.br\/?s={search_term_string}\"},\"query-input\":{\"@type\":\"PropertyValueSpecification\",\"valueRequired\":true,\"valueName\":\"search_term_string\"}}],\"inLanguage\":\"pt-BR\"},{\"@type\":\"Organization\",\"@id\":\"https:\/\/psol50.org.br\/#organization\",\"name\":\"PSOL 50\",\"alternateName\":\"PSOL 50\",\"url\":\"https:\/\/psol50.org.br\/\",\"logo\":{\"@type\":\"ImageObject\",\"inLanguage\":\"pt-BR\",\"@id\":\"https:\/\/psol50.org.br\/#\/schema\/logo\/image\/\",\"url\":\"https:\/\/psol50.org.br\/inc\/uploads\/2018\/07\/capa.png\",\"contentUrl\":\"https:\/\/psol50.org.br\/inc\/uploads\/2018\/07\/capa.png\",\"width\":1350,\"height\":900,\"caption\":\"PSOL 50\"},\"image\":{\"@id\":\"https:\/\/psol50.org.br\/#\/schema\/logo\/image\/\"},\"sameAs\":[\"https:\/\/www.facebook.com\/psol50\",\"https:\/\/x.com\/psol50\",\"https:\/\/www.instagram.com\/psol50\/\",\"https:\/\/www.youtube.com\/channel\/UC7SnJS5o1os7a6CaiNabzcg\"]},{\"@type\":\"Person\",\"@id\":\"https:\/\/psol50.org.br\/#\/schema\/person\/475dfa57d0b815993c714c2e96491fcd\",\"name\":\"Comunica\u00e7\u00e3o PSOL\",\"image\":{\"@type\":\"ImageObject\",\"inLanguage\":\"pt-BR\",\"@id\":\"https:\/\/psol50.org.br\/#\/schema\/person\/image\/\",\"url\":\"https:\/\/secure.gravatar.com\/avatar\/b34fc4f4e468a4e51785917065a3db57b841f5c95dba6ad8c73aaf8f66f8f9bf?s=96&d=mm&r=g\",\"contentUrl\":\"https:\/\/secure.gravatar.com\/avatar\/b34fc4f4e468a4e51785917065a3db57b841f5c95dba6ad8c73aaf8f66f8f9bf?s=96&d=mm&r=g\",\"caption\":\"Comunica\u00e7\u00e3o PSOL\"}}]}<\/script>\n<!-- \/ Yoast SEO plugin. -->","yoast_head_json":{"title":"L\u00edder do PSOL na C\u00e2mara prop\u00f5e ouvir diretor da ANS que omitiu liga\u00e7\u00e3o com planos de sa\u00fade - PSOL 50","robots":{"index":"index","follow":"follow","max-snippet":"max-snippet:-1","max-image-preview":"max-image-preview:large","max-video-preview":"max-video-preview:-1"},"canonical":"https:\/\/psol50.org.br\/lider-do-psol-na-camara-propoe-ouvir-diretor-da-ans-que-omitiu-ligacao-com-planos-de-saude\/","og_locale":"pt_BR","og_type":"article","og_title":"L\u00edder do PSOL na C\u00e2mara prop\u00f5e ouvir diretor da ANS que omitiu liga\u00e7\u00e3o com planos de sa\u00fade - PSOL 50","og_description":"Requerimento foi aprovado na manh\u00e3 desta quarta-feira na Comiss\u00e3o de Defesa do Consumidor &nbsp; A Comiss\u00e3o de Defesa do Consumidor aprovou, nesta quarta-feira (07), requerimento do deputado federal Ivan Valente (PSOL\/SP) para ouvir o rec\u00e9m-nomeado diretor da Ag\u00eancia Nacional de Sa\u00fade Suplementar (ANS), Elano Rodrigues Figueiredo. A proposta de oitiva vem na esteira da revela\u00e7\u00e3o [&hellip;]","og_url":"https:\/\/psol50.org.br\/lider-do-psol-na-camara-propoe-ouvir-diretor-da-ans-que-omitiu-ligacao-com-planos-de-saude\/","og_site_name":"PSOL 50","article_publisher":"https:\/\/www.facebook.com\/psol50","article_published_time":"2013-08-08T00:00:00+00:00","og_image":[{"width":1350,"height":900,"url":"https:\/\/psol50.org.br\/inc\/uploads\/2018\/07\/capa.png","type":"image\/png"}],"author":"Comunica\u00e7\u00e3o PSOL","twitter_card":"summary_large_image","twitter_creator":"@psol50","twitter_site":"@psol50","twitter_misc":{"Escrito por":"Comunica\u00e7\u00e3o PSOL","Est. tempo de leitura":"4 minutos"},"schema":{"@context":"https:\/\/schema.org","@graph":[{"@type":"Article","@id":"https:\/\/psol50.org.br\/lider-do-psol-na-camara-propoe-ouvir-diretor-da-ans-que-omitiu-ligacao-com-planos-de-saude\/#article","isPartOf":{"@id":"https:\/\/psol50.org.br\/lider-do-psol-na-camara-propoe-ouvir-diretor-da-ans-que-omitiu-ligacao-com-planos-de-saude\/"},"author":{"name":"Comunica\u00e7\u00e3o PSOL","@id":"https:\/\/psol50.org.br\/#\/schema\/person\/475dfa57d0b815993c714c2e96491fcd"},"headline":"L\u00edder do PSOL na C\u00e2mara prop\u00f5e ouvir diretor da ANS que omitiu liga\u00e7\u00e3o com planos de sa\u00fade","datePublished":"2013-08-08T00:00:00+00:00","mainEntityOfPage":{"@id":"https:\/\/psol50.org.br\/lider-do-psol-na-camara-propoe-ouvir-diretor-da-ans-que-omitiu-ligacao-com-planos-de-saude\/"},"wordCount":801,"commentCount":0,"publisher":{"@id":"https:\/\/psol50.org.br\/#organization"},"keywords":["PSOL"],"articleSection":["Arquivo"],"inLanguage":"pt-BR","potentialAction":[{"@type":"CommentAction","name":"Comment","target":["https:\/\/psol50.org.br\/lider-do-psol-na-camara-propoe-ouvir-diretor-da-ans-que-omitiu-ligacao-com-planos-de-saude\/#respond"]}]},{"@type":"WebPage","@id":"https:\/\/psol50.org.br\/lider-do-psol-na-camara-propoe-ouvir-diretor-da-ans-que-omitiu-ligacao-com-planos-de-saude\/","url":"https:\/\/psol50.org.br\/lider-do-psol-na-camara-propoe-ouvir-diretor-da-ans-que-omitiu-ligacao-com-planos-de-saude\/","name":"L\u00edder do PSOL na C\u00e2mara prop\u00f5e ouvir diretor da ANS que omitiu liga\u00e7\u00e3o com planos de sa\u00fade - PSOL 50","isPartOf":{"@id":"https:\/\/psol50.org.br\/#website"},"datePublished":"2013-08-08T00:00:00+00:00","breadcrumb":{"@id":"https:\/\/psol50.org.br\/lider-do-psol-na-camara-propoe-ouvir-diretor-da-ans-que-omitiu-ligacao-com-planos-de-saude\/#breadcrumb"},"inLanguage":"pt-BR","potentialAction":[{"@type":"ReadAction","target":["https:\/\/psol50.org.br\/lider-do-psol-na-camara-propoe-ouvir-diretor-da-ans-que-omitiu-ligacao-com-planos-de-saude\/"]}]},{"@type":"BreadcrumbList","@id":"https:\/\/psol50.org.br\/lider-do-psol-na-camara-propoe-ouvir-diretor-da-ans-que-omitiu-ligacao-com-planos-de-saude\/#breadcrumb","itemListElement":[{"@type":"ListItem","position":1,"name":"In\u00edcio","item":"https:\/\/psol50.org.br\/"},{"@type":"ListItem","position":2,"name":"L\u00edder do PSOL na C\u00e2mara prop\u00f5e ouvir diretor da ANS que omitiu liga\u00e7\u00e3o com planos de sa\u00fade"}]},{"@type":"WebSite","@id":"https:\/\/psol50.org.br\/#website","url":"https:\/\/psol50.org.br\/","name":"PSOL 50","description":"Site oficial do Partido Socialismo e Liberdade","publisher":{"@id":"https:\/\/psol50.org.br\/#organization"},"alternateName":"PSOL50","potentialAction":[{"@type":"SearchAction","target":{"@type":"EntryPoint","urlTemplate":"https:\/\/psol50.org.br\/?s={search_term_string}"},"query-input":{"@type":"PropertyValueSpecification","valueRequired":true,"valueName":"search_term_string"}}],"inLanguage":"pt-BR"},{"@type":"Organization","@id":"https:\/\/psol50.org.br\/#organization","name":"PSOL 50","alternateName":"PSOL 50","url":"https:\/\/psol50.org.br\/","logo":{"@type":"ImageObject","inLanguage":"pt-BR","@id":"https:\/\/psol50.org.br\/#\/schema\/logo\/image\/","url":"https:\/\/psol50.org.br\/inc\/uploads\/2018\/07\/capa.png","contentUrl":"https:\/\/psol50.org.br\/inc\/uploads\/2018\/07\/capa.png","width":1350,"height":900,"caption":"PSOL 50"},"image":{"@id":"https:\/\/psol50.org.br\/#\/schema\/logo\/image\/"},"sameAs":["https:\/\/www.facebook.com\/psol50","https:\/\/x.com\/psol50","https:\/\/www.instagram.com\/psol50\/","https:\/\/www.youtube.com\/channel\/UC7SnJS5o1os7a6CaiNabzcg"]},{"@type":"Person","@id":"https:\/\/psol50.org.br\/#\/schema\/person\/475dfa57d0b815993c714c2e96491fcd","name":"Comunica\u00e7\u00e3o PSOL","image":{"@type":"ImageObject","inLanguage":"pt-BR","@id":"https:\/\/psol50.org.br\/#\/schema\/person\/image\/","url":"https:\/\/secure.gravatar.com\/avatar\/b34fc4f4e468a4e51785917065a3db57b841f5c95dba6ad8c73aaf8f66f8f9bf?s=96&d=mm&r=g","contentUrl":"https:\/\/secure.gravatar.com\/avatar\/b34fc4f4e468a4e51785917065a3db57b841f5c95dba6ad8c73aaf8f66f8f9bf?s=96&d=mm&r=g","caption":"Comunica\u00e7\u00e3o PSOL"}}]}},"_links":{"self":[{"href":"https:\/\/psol50.org.br\/rest\/wp\/v2\/posts\/2178","targetHints":{"allow":["GET"]}}],"collection":[{"href":"https:\/\/psol50.org.br\/rest\/wp\/v2\/posts"}],"about":[{"href":"https:\/\/psol50.org.br\/rest\/wp\/v2\/types\/post"}],"author":[{"embeddable":true,"href":"https:\/\/psol50.org.br\/rest\/wp\/v2\/users\/2"}],"replies":[{"embeddable":true,"href":"https:\/\/psol50.org.br\/rest\/wp\/v2\/comments?post=2178"}],"version-history":[{"count":0,"href":"https:\/\/psol50.org.br\/rest\/wp\/v2\/posts\/2178\/revisions"}],"wp:attachment":[{"href":"https:\/\/psol50.org.br\/rest\/wp\/v2\/media?parent=2178"}],"wp:term":[{"taxonomy":"category","embeddable":true,"href":"https:\/\/psol50.org.br\/rest\/wp\/v2\/categories?post=2178"},{"taxonomy":"post_tag","embeddable":true,"href":"https:\/\/psol50.org.br\/rest\/wp\/v2\/tags?post=2178"}],"curies":[{"name":"wp","href":"https:\/\/api.w.org\/{rel}","templated":true}]}}