{"id":2180,"date":"2013-08-08T00:00:00","date_gmt":"2013-08-08T00:00:00","guid":{"rendered":"http:\/\/psol50.org.br\/arquivo\/2013\/08\/08\/acao-violenta-e-ilegal-da-pm-retira-manifestantes-de-ocupacao-em-fortaleza\/"},"modified":"2013-08-08T00:00:00","modified_gmt":"2013-08-08T00:00:00","slug":"acao-violenta-e-ilegal-da-pm-retira-manifestantes-de-ocupacao-em-fortaleza","status":"publish","type":"post","link":"https:\/\/psol50.org.br\/acao-violenta-e-ilegal-da-pm-retira-manifestantes-de-ocupacao-em-fortaleza\/","title":{"rendered":"A\u00e7\u00e3o violenta e ilegal da PM retira manifestantes de ocupa\u00e7\u00e3o em Fortaleza"},"content":{"rendered":"<div style=\"text-align: justify;\">\n\tFortaleza (CE) amanheceu escura com a not\u00edcia da invas\u00e3o de policiais da Guarda Municipal, de forma violenta e imprevista, no acampamento que se estendia h\u00e1 cerca de 30 dias dentro do Parque do Coc\u00f3. A Guarda come\u00e7ou a atirar balas de borracha e bombas de g\u00e1s lacrimog\u00eaneo \u00e0s 4 horas da madrugada, enquanto manifestantes dormiam. At\u00e9 o final da manh\u00e3 manifestantes ainda estavam no local, apesar do grande n\u00famero de policiais e da constante amea\u00e7a de nova investida por parte deles. Dois deles conseguiram furar o bloqueio e subiram em cima de \u00e1rvores, enquanto m\u00e1quinas e tratores continuam a derrubada de mais \u00e1rvores.<\/p>\n<p>\tUm jornalista do jornal O Povo, Bruno de Castro, foi agredido.<\/p>\n<p>\tNesta manh\u00e3 a&nbsp;trucul\u00eancia tinha fei\u00e7\u00f5es de opera\u00e7\u00e3o de guerra: manifestantes foram agredidos sem terem demonstrado qualquer sinal de intransig\u00eancia. A a\u00e7\u00e3o foi uma decis\u00e3o do governo Roberto Cl\u00e1udio (PSB) contra a ocupa\u00e7\u00e3o. O acesso \u00e0quela por\u00e7\u00e3o do Parque foi fechado &#8211; o que fez parar o tr\u00e2nsito das \u00e1reas nobres da cidade, onde se localiza o Parque.&nbsp;&nbsp;<\/p>\n<p>\tO movimento #ocupecoc\u00f3 come\u00e7ou logo ap\u00f3s o in\u00edcio do corte de \u00e1rvores no local previsto para a constru\u00e7\u00e3o de um viaduto A ocupa\u00e7\u00e3o reunia ambientalistas e ativistas de diversas matizes e se autogestionava h\u00e1 quase um m\u00eas. A principal reivindica\u00e7\u00e3o dos manifestantes era &#8211; e continua sendo &#8211; a preserva\u00e7\u00e3o do Parque, uma das poucas \u00e1reas verdes de Fortaleza. O viaduto, projeto que a prefeitura vem mudando e sendo refeito a cada gest\u00e3o, seria uma solu\u00e7\u00e3o para o tr\u00e2nsito da \u00e1rea.<\/p>\n<p>\tEm diversas audi\u00eancias e reuni\u00f5es, foi colocado, por parte do #ocupecoc\u00f3, alternativas ao projeto, considerado retr\u00f3grado por urbanistas e ge\u00f3grafos &#8211; tendo em vista que viadutos s\u00e3o solu\u00e7\u00f5es dos anos 50 e j\u00e1 se mostraram invi\u00e1veis ambientalmente, al\u00e9m de degradarem o entorno.&nbsp;<\/p>\n<p>\t<strong>Pris\u00f5es arbitr\u00e1rias<\/strong><br \/>\n\tAinda no in\u00edcio da manh\u00e3, tr\u00eas pessoas foram detidas e encaminhadas para o 2\u00b0 Distrito Policial, e liberados por volta das 9 horas. Advogados populares e a Defensoria P\u00fablica acompanhavam os depoimentos. Um dos rapazes contou que estava correndo por conta do g\u00e1s e ouviu os policiais para parar. Em nenhum dos casos se confirmou alguma ilegalidade por parte dos manifestantes. Os tr\u00eas assinaram um Termo Circunstancial de Ocorr\u00eancia (TCO).&nbsp;<\/p>\n<p>\tDepois um outro grupo se encaminhou para a 15\u00aa DP para registrar um boletim de ocorr\u00eancia contra a Guarda Municipal por conta das agress\u00f5es sofridas. Tamb\u00e9m h\u00e1 den\u00fancias de cerceamento do direito \u00e0 comunica\u00e7\u00e3o: um manifestante teve os vidros do carro todos quebrados pela Guarda porque se negou a entregar o celular no qual fazia imagens das viola\u00e7\u00f5es cometidas pela pol\u00edcia.<\/p><\/div>\n","protected":false},"excerpt":{"rendered":"<p>Fortaleza (CE) amanheceu escura com a not\u00edcia da invas\u00e3o de policiais da Guarda Municipal, de forma violenta e imprevista, no acampamento que se estendia h\u00e1 cerca de 30 dias dentro do Parque do Coc\u00f3. A Guarda come\u00e7ou a atirar balas de borracha e bombas de g\u00e1s lacrimog\u00eaneo \u00e0s 4 horas da madrugada, enquanto manifestantes dormiam. [&hellip;]<\/p>\n","protected":false},"author":2,"featured_media":0,"comment_status":"open","ping_status":"open","sticky":false,"template":"","format":"standard","meta":{"_acf_changed":false,"footnotes":""},"categories":[4766],"tags":[],"class_list":{"0":"post-2180","1":"post","2":"type-post","3":"status-publish","4":"format-standard","6":"category-arquivo"},"acf":[],"yoast_head":"<!-- This site is optimized with the Yoast SEO plugin v26.5 - https:\/\/yoast.com\/wordpress\/plugins\/seo\/ -->\n<title>A\u00e7\u00e3o violenta e ilegal da PM retira manifestantes de ocupa\u00e7\u00e3o em Fortaleza - PSOL 50<\/title>\n<meta name=\"robots\" content=\"index, follow, max-snippet:-1, max-image-preview:large, max-video-preview:-1\" \/>\n<link rel=\"canonical\" href=\"https:\/\/psol50.org.br\/acao-violenta-e-ilegal-da-pm-retira-manifestantes-de-ocupacao-em-fortaleza\/\" \/>\n<meta property=\"og:locale\" content=\"pt_BR\" \/>\n<meta property=\"og:type\" content=\"article\" \/>\n<meta property=\"og:title\" content=\"A\u00e7\u00e3o violenta e ilegal da PM retira manifestantes de ocupa\u00e7\u00e3o em Fortaleza - PSOL 50\" \/>\n<meta property=\"og:description\" content=\"Fortaleza (CE) amanheceu escura com a not\u00edcia da invas\u00e3o de policiais da Guarda Municipal, de forma violenta e imprevista, no acampamento que se estendia h\u00e1 cerca de 30 dias dentro do Parque do Coc\u00f3. A Guarda come\u00e7ou a atirar balas de borracha e bombas de g\u00e1s lacrimog\u00eaneo \u00e0s 4 horas da madrugada, enquanto manifestantes dormiam. [&hellip;]\" \/>\n<meta property=\"og:url\" content=\"https:\/\/psol50.org.br\/acao-violenta-e-ilegal-da-pm-retira-manifestantes-de-ocupacao-em-fortaleza\/\" \/>\n<meta property=\"og:site_name\" content=\"PSOL 50\" \/>\n<meta property=\"article:publisher\" content=\"https:\/\/www.facebook.com\/psol50\" \/>\n<meta property=\"article:published_time\" content=\"2013-08-08T00:00:00+00:00\" \/>\n<meta property=\"og:image\" content=\"https:\/\/psol50.org.br\/inc\/uploads\/2018\/07\/capa.png\" \/>\n\t<meta property=\"og:image:width\" content=\"1350\" \/>\n\t<meta property=\"og:image:height\" content=\"900\" \/>\n\t<meta property=\"og:image:type\" content=\"image\/png\" \/>\n<meta name=\"author\" content=\"Comunica\u00e7\u00e3o PSOL\" \/>\n<meta name=\"twitter:card\" content=\"summary_large_image\" \/>\n<meta name=\"twitter:creator\" content=\"@psol50\" \/>\n<meta name=\"twitter:site\" content=\"@psol50\" \/>\n<meta name=\"twitter:label1\" content=\"Escrito por\" \/>\n\t<meta name=\"twitter:data1\" content=\"Comunica\u00e7\u00e3o PSOL\" \/>\n\t<meta name=\"twitter:label2\" content=\"Est. tempo de leitura\" \/>\n\t<meta name=\"twitter:data2\" content=\"2 minutos\" \/>\n<script type=\"application\/ld+json\" class=\"yoast-schema-graph\">{\"@context\":\"https:\/\/schema.org\",\"@graph\":[{\"@type\":\"Article\",\"@id\":\"https:\/\/psol50.org.br\/acao-violenta-e-ilegal-da-pm-retira-manifestantes-de-ocupacao-em-fortaleza\/#article\",\"isPartOf\":{\"@id\":\"https:\/\/psol50.org.br\/acao-violenta-e-ilegal-da-pm-retira-manifestantes-de-ocupacao-em-fortaleza\/\"},\"author\":{\"name\":\"Comunica\u00e7\u00e3o PSOL\",\"@id\":\"https:\/\/psol50.org.br\/#\/schema\/person\/475dfa57d0b815993c714c2e96491fcd\"},\"headline\":\"A\u00e7\u00e3o violenta e ilegal da PM retira manifestantes de ocupa\u00e7\u00e3o em Fortaleza\",\"datePublished\":\"2013-08-08T00:00:00+00:00\",\"mainEntityOfPage\":{\"@id\":\"https:\/\/psol50.org.br\/acao-violenta-e-ilegal-da-pm-retira-manifestantes-de-ocupacao-em-fortaleza\/\"},\"wordCount\":492,\"commentCount\":0,\"publisher\":{\"@id\":\"https:\/\/psol50.org.br\/#organization\"},\"articleSection\":[\"Arquivo\"],\"inLanguage\":\"pt-BR\",\"potentialAction\":[{\"@type\":\"CommentAction\",\"name\":\"Comment\",\"target\":[\"https:\/\/psol50.org.br\/acao-violenta-e-ilegal-da-pm-retira-manifestantes-de-ocupacao-em-fortaleza\/#respond\"]}]},{\"@type\":\"WebPage\",\"@id\":\"https:\/\/psol50.org.br\/acao-violenta-e-ilegal-da-pm-retira-manifestantes-de-ocupacao-em-fortaleza\/\",\"url\":\"https:\/\/psol50.org.br\/acao-violenta-e-ilegal-da-pm-retira-manifestantes-de-ocupacao-em-fortaleza\/\",\"name\":\"A\u00e7\u00e3o violenta e ilegal da PM retira manifestantes de ocupa\u00e7\u00e3o em Fortaleza - PSOL 50\",\"isPartOf\":{\"@id\":\"https:\/\/psol50.org.br\/#website\"},\"datePublished\":\"2013-08-08T00:00:00+00:00\",\"breadcrumb\":{\"@id\":\"https:\/\/psol50.org.br\/acao-violenta-e-ilegal-da-pm-retira-manifestantes-de-ocupacao-em-fortaleza\/#breadcrumb\"},\"inLanguage\":\"pt-BR\",\"potentialAction\":[{\"@type\":\"ReadAction\",\"target\":[\"https:\/\/psol50.org.br\/acao-violenta-e-ilegal-da-pm-retira-manifestantes-de-ocupacao-em-fortaleza\/\"]}]},{\"@type\":\"BreadcrumbList\",\"@id\":\"https:\/\/psol50.org.br\/acao-violenta-e-ilegal-da-pm-retira-manifestantes-de-ocupacao-em-fortaleza\/#breadcrumb\",\"itemListElement\":[{\"@type\":\"ListItem\",\"position\":1,\"name\":\"In\u00edcio\",\"item\":\"https:\/\/psol50.org.br\/\"},{\"@type\":\"ListItem\",\"position\":2,\"name\":\"A\u00e7\u00e3o violenta e ilegal da PM retira manifestantes de ocupa\u00e7\u00e3o em Fortaleza\"}]},{\"@type\":\"WebSite\",\"@id\":\"https:\/\/psol50.org.br\/#website\",\"url\":\"https:\/\/psol50.org.br\/\",\"name\":\"PSOL 50\",\"description\":\"Site oficial do Partido Socialismo e Liberdade\",\"publisher\":{\"@id\":\"https:\/\/psol50.org.br\/#organization\"},\"alternateName\":\"PSOL50\",\"potentialAction\":[{\"@type\":\"SearchAction\",\"target\":{\"@type\":\"EntryPoint\",\"urlTemplate\":\"https:\/\/psol50.org.br\/?s={search_term_string}\"},\"query-input\":{\"@type\":\"PropertyValueSpecification\",\"valueRequired\":true,\"valueName\":\"search_term_string\"}}],\"inLanguage\":\"pt-BR\"},{\"@type\":\"Organization\",\"@id\":\"https:\/\/psol50.org.br\/#organization\",\"name\":\"PSOL 50\",\"alternateName\":\"PSOL 50\",\"url\":\"https:\/\/psol50.org.br\/\",\"logo\":{\"@type\":\"ImageObject\",\"inLanguage\":\"pt-BR\",\"@id\":\"https:\/\/psol50.org.br\/#\/schema\/logo\/image\/\",\"url\":\"https:\/\/psol50.org.br\/inc\/uploads\/2018\/07\/capa.png\",\"contentUrl\":\"https:\/\/psol50.org.br\/inc\/uploads\/2018\/07\/capa.png\",\"width\":1350,\"height\":900,\"caption\":\"PSOL 50\"},\"image\":{\"@id\":\"https:\/\/psol50.org.br\/#\/schema\/logo\/image\/\"},\"sameAs\":[\"https:\/\/www.facebook.com\/psol50\",\"https:\/\/x.com\/psol50\",\"https:\/\/www.instagram.com\/psol50\/\",\"https:\/\/www.youtube.com\/channel\/UC7SnJS5o1os7a6CaiNabzcg\"]},{\"@type\":\"Person\",\"@id\":\"https:\/\/psol50.org.br\/#\/schema\/person\/475dfa57d0b815993c714c2e96491fcd\",\"name\":\"Comunica\u00e7\u00e3o PSOL\",\"image\":{\"@type\":\"ImageObject\",\"inLanguage\":\"pt-BR\",\"@id\":\"https:\/\/psol50.org.br\/#\/schema\/person\/image\/\",\"url\":\"https:\/\/secure.gravatar.com\/avatar\/b34fc4f4e468a4e51785917065a3db57b841f5c95dba6ad8c73aaf8f66f8f9bf?s=96&d=mm&r=g\",\"contentUrl\":\"https:\/\/secure.gravatar.com\/avatar\/b34fc4f4e468a4e51785917065a3db57b841f5c95dba6ad8c73aaf8f66f8f9bf?s=96&d=mm&r=g\",\"caption\":\"Comunica\u00e7\u00e3o PSOL\"}}]}<\/script>\n<!-- \/ Yoast SEO plugin. -->","yoast_head_json":{"title":"A\u00e7\u00e3o violenta e ilegal da PM retira manifestantes de ocupa\u00e7\u00e3o em Fortaleza - PSOL 50","robots":{"index":"index","follow":"follow","max-snippet":"max-snippet:-1","max-image-preview":"max-image-preview:large","max-video-preview":"max-video-preview:-1"},"canonical":"https:\/\/psol50.org.br\/acao-violenta-e-ilegal-da-pm-retira-manifestantes-de-ocupacao-em-fortaleza\/","og_locale":"pt_BR","og_type":"article","og_title":"A\u00e7\u00e3o violenta e ilegal da PM retira manifestantes de ocupa\u00e7\u00e3o em Fortaleza - PSOL 50","og_description":"Fortaleza (CE) amanheceu escura com a not\u00edcia da invas\u00e3o de policiais da Guarda Municipal, de forma violenta e imprevista, no acampamento que se estendia h\u00e1 cerca de 30 dias dentro do Parque do Coc\u00f3. A Guarda come\u00e7ou a atirar balas de borracha e bombas de g\u00e1s lacrimog\u00eaneo \u00e0s 4 horas da madrugada, enquanto manifestantes dormiam. [&hellip;]","og_url":"https:\/\/psol50.org.br\/acao-violenta-e-ilegal-da-pm-retira-manifestantes-de-ocupacao-em-fortaleza\/","og_site_name":"PSOL 50","article_publisher":"https:\/\/www.facebook.com\/psol50","article_published_time":"2013-08-08T00:00:00+00:00","og_image":[{"width":1350,"height":900,"url":"https:\/\/psol50.org.br\/inc\/uploads\/2018\/07\/capa.png","type":"image\/png"}],"author":"Comunica\u00e7\u00e3o PSOL","twitter_card":"summary_large_image","twitter_creator":"@psol50","twitter_site":"@psol50","twitter_misc":{"Escrito por":"Comunica\u00e7\u00e3o PSOL","Est. tempo de leitura":"2 minutos"},"schema":{"@context":"https:\/\/schema.org","@graph":[{"@type":"Article","@id":"https:\/\/psol50.org.br\/acao-violenta-e-ilegal-da-pm-retira-manifestantes-de-ocupacao-em-fortaleza\/#article","isPartOf":{"@id":"https:\/\/psol50.org.br\/acao-violenta-e-ilegal-da-pm-retira-manifestantes-de-ocupacao-em-fortaleza\/"},"author":{"name":"Comunica\u00e7\u00e3o PSOL","@id":"https:\/\/psol50.org.br\/#\/schema\/person\/475dfa57d0b815993c714c2e96491fcd"},"headline":"A\u00e7\u00e3o violenta e ilegal da PM retira manifestantes de ocupa\u00e7\u00e3o em Fortaleza","datePublished":"2013-08-08T00:00:00+00:00","mainEntityOfPage":{"@id":"https:\/\/psol50.org.br\/acao-violenta-e-ilegal-da-pm-retira-manifestantes-de-ocupacao-em-fortaleza\/"},"wordCount":492,"commentCount":0,"publisher":{"@id":"https:\/\/psol50.org.br\/#organization"},"articleSection":["Arquivo"],"inLanguage":"pt-BR","potentialAction":[{"@type":"CommentAction","name":"Comment","target":["https:\/\/psol50.org.br\/acao-violenta-e-ilegal-da-pm-retira-manifestantes-de-ocupacao-em-fortaleza\/#respond"]}]},{"@type":"WebPage","@id":"https:\/\/psol50.org.br\/acao-violenta-e-ilegal-da-pm-retira-manifestantes-de-ocupacao-em-fortaleza\/","url":"https:\/\/psol50.org.br\/acao-violenta-e-ilegal-da-pm-retira-manifestantes-de-ocupacao-em-fortaleza\/","name":"A\u00e7\u00e3o violenta e ilegal da PM retira manifestantes de ocupa\u00e7\u00e3o em Fortaleza - PSOL 50","isPartOf":{"@id":"https:\/\/psol50.org.br\/#website"},"datePublished":"2013-08-08T00:00:00+00:00","breadcrumb":{"@id":"https:\/\/psol50.org.br\/acao-violenta-e-ilegal-da-pm-retira-manifestantes-de-ocupacao-em-fortaleza\/#breadcrumb"},"inLanguage":"pt-BR","potentialAction":[{"@type":"ReadAction","target":["https:\/\/psol50.org.br\/acao-violenta-e-ilegal-da-pm-retira-manifestantes-de-ocupacao-em-fortaleza\/"]}]},{"@type":"BreadcrumbList","@id":"https:\/\/psol50.org.br\/acao-violenta-e-ilegal-da-pm-retira-manifestantes-de-ocupacao-em-fortaleza\/#breadcrumb","itemListElement":[{"@type":"ListItem","position":1,"name":"In\u00edcio","item":"https:\/\/psol50.org.br\/"},{"@type":"ListItem","position":2,"name":"A\u00e7\u00e3o violenta e ilegal da PM retira manifestantes de ocupa\u00e7\u00e3o em Fortaleza"}]},{"@type":"WebSite","@id":"https:\/\/psol50.org.br\/#website","url":"https:\/\/psol50.org.br\/","name":"PSOL 50","description":"Site oficial do Partido Socialismo e Liberdade","publisher":{"@id":"https:\/\/psol50.org.br\/#organization"},"alternateName":"PSOL50","potentialAction":[{"@type":"SearchAction","target":{"@type":"EntryPoint","urlTemplate":"https:\/\/psol50.org.br\/?s={search_term_string}"},"query-input":{"@type":"PropertyValueSpecification","valueRequired":true,"valueName":"search_term_string"}}],"inLanguage":"pt-BR"},{"@type":"Organization","@id":"https:\/\/psol50.org.br\/#organization","name":"PSOL 50","alternateName":"PSOL 50","url":"https:\/\/psol50.org.br\/","logo":{"@type":"ImageObject","inLanguage":"pt-BR","@id":"https:\/\/psol50.org.br\/#\/schema\/logo\/image\/","url":"https:\/\/psol50.org.br\/inc\/uploads\/2018\/07\/capa.png","contentUrl":"https:\/\/psol50.org.br\/inc\/uploads\/2018\/07\/capa.png","width":1350,"height":900,"caption":"PSOL 50"},"image":{"@id":"https:\/\/psol50.org.br\/#\/schema\/logo\/image\/"},"sameAs":["https:\/\/www.facebook.com\/psol50","https:\/\/x.com\/psol50","https:\/\/www.instagram.com\/psol50\/","https:\/\/www.youtube.com\/channel\/UC7SnJS5o1os7a6CaiNabzcg"]},{"@type":"Person","@id":"https:\/\/psol50.org.br\/#\/schema\/person\/475dfa57d0b815993c714c2e96491fcd","name":"Comunica\u00e7\u00e3o PSOL","image":{"@type":"ImageObject","inLanguage":"pt-BR","@id":"https:\/\/psol50.org.br\/#\/schema\/person\/image\/","url":"https:\/\/secure.gravatar.com\/avatar\/b34fc4f4e468a4e51785917065a3db57b841f5c95dba6ad8c73aaf8f66f8f9bf?s=96&d=mm&r=g","contentUrl":"https:\/\/secure.gravatar.com\/avatar\/b34fc4f4e468a4e51785917065a3db57b841f5c95dba6ad8c73aaf8f66f8f9bf?s=96&d=mm&r=g","caption":"Comunica\u00e7\u00e3o PSOL"}}]}},"_links":{"self":[{"href":"https:\/\/psol50.org.br\/rest\/wp\/v2\/posts\/2180","targetHints":{"allow":["GET"]}}],"collection":[{"href":"https:\/\/psol50.org.br\/rest\/wp\/v2\/posts"}],"about":[{"href":"https:\/\/psol50.org.br\/rest\/wp\/v2\/types\/post"}],"author":[{"embeddable":true,"href":"https:\/\/psol50.org.br\/rest\/wp\/v2\/users\/2"}],"replies":[{"embeddable":true,"href":"https:\/\/psol50.org.br\/rest\/wp\/v2\/comments?post=2180"}],"version-history":[{"count":0,"href":"https:\/\/psol50.org.br\/rest\/wp\/v2\/posts\/2180\/revisions"}],"wp:attachment":[{"href":"https:\/\/psol50.org.br\/rest\/wp\/v2\/media?parent=2180"}],"wp:term":[{"taxonomy":"category","embeddable":true,"href":"https:\/\/psol50.org.br\/rest\/wp\/v2\/categories?post=2180"},{"taxonomy":"post_tag","embeddable":true,"href":"https:\/\/psol50.org.br\/rest\/wp\/v2\/tags?post=2180"}],"curies":[{"name":"wp","href":"https:\/\/api.w.org\/{rel}","templated":true}]}}