{"id":2183,"date":"2013-08-09T00:00:00","date_gmt":"2013-08-09T00:00:00","guid":{"rendered":"http:\/\/psol50.org.br\/arquivo\/2013\/08\/09\/bancada-do-psol-e-destaque-entre-os-cabecas-do-congresso-nacional\/"},"modified":"2013-08-09T00:00:00","modified_gmt":"2013-08-09T00:00:00","slug":"bancada-do-psol-e-destaque-entre-os-cabecas-do-congresso-nacional","status":"publish","type":"post","link":"https:\/\/psol50.org.br\/bancada-do-psol-e-destaque-entre-os-cabecas-do-congresso-nacional\/","title":{"rendered":"Bancada do PSOL \u00e9 destaque entre os \u201cCabe\u00e7as\u201d do Congresso Nacional"},"content":{"rendered":"<div style=\"text-align: justify;\">\n\t<em>Levantamento do DIAP aponta aos 100 pol\u00edticos mais influentes do pa\u00eds. Os deputados Ivan Valente, Chico Alencar e Jean Wyllys e o senador Randolfe Rodrigues est\u00e3o na lista<\/em><br \/>\n\t&nbsp;<br \/>\n\tO Departamento Intersindical de Assessoria Parlamentar (Diap) divulgou nesta semana a lista dos 100 pol\u00edticos mais influentes no Congresso Nacional. Por mais um ano consecutivo, a bancada do PSOL aparece na lista \u201cOs Cabe\u00e7as do Congresso Nacional 2013\u201d.<br \/>\n\t&nbsp;<br \/>\n\tOs \u201cCabe\u00e7as\u201d s\u00e3o, segundo o Diap, parlamentares que conseguem se diferenciar dos demais pelo exerc\u00edcio de todas ou algumas das qualidades e habilidades, como capacidade de conduzir debates, negocia\u00e7\u00f5es, vota\u00e7\u00f5es, articula\u00e7\u00f5es e formula\u00e7\u00f5es, saber, senso de oportunidade e, principalmente, facilidade para conceber ideias, constituir posi\u00e7\u00f5es, elaborar propostas e projet\u00e1-las para o centro do debate, liderando sua repercuss\u00e3o e tomada de decis\u00e3o.<br \/>\n\t&nbsp;<br \/>\n\tOs deputados Ivan Valente (SP), l\u00edder do PSOL na C\u00e2mara, e Chico Alencar (RJ) e o senador Randolfe Rodrigues (AP), l\u00edder do partido no Senado, integram esta lista. Os tr\u00eas foram apontados como destaque na categoria \u201cDebatedor\u201d \u2013 parlamentares ativos, atentos aos acontecimentos e, principalmente, com grande senso de oportunidade e capacidade de repercutir, seja no plen\u00e1rio ou na imprensa, os fatos pol\u00edticos gerados dentro ou fora do Congresso, de acordo com o Diap.<br \/>\n\t&nbsp;<br \/>\n\tO deputado Jean Wyllys (RJ) foi indicado na categoria \u201cEm Ascens\u00e3o\u201d, que, segundo o levantamento do Diap, \u00e9 aquele parlamentar capaz de receber miss\u00f5es partid\u00e1rias, pol\u00edticas ou institucionais e resolv\u00ea-las, al\u00e9m de conseguir abrir canais de interlocu\u00e7\u00e3o, criando seus pr\u00f3prios espa\u00e7os e se credenciando para o exerc\u00edcio de lideran\u00e7as formais ou informais no \u00e2mbito do parlamento.<br \/>\n\t&nbsp;<br \/>\n\tA publica\u00e7\u00e3o imprensa da 20\u00aa Edi\u00e7\u00e3o \u201cOs Cabe\u00e7as do Congresso Nacional 2013\u201d ser\u00e1 lan\u00e7ada neste m\u00eas.<\/div>\n<p>&nbsp;<br \/>\n&nbsp;<\/p>\n","protected":false},"excerpt":{"rendered":"<p>Levantamento do DIAP aponta aos 100 pol\u00edticos mais influentes do pa\u00eds. Os deputados Ivan Valente, Chico Alencar e Jean Wyllys e o senador Randolfe Rodrigues est\u00e3o na lista &nbsp; O Departamento Intersindical de Assessoria Parlamentar (Diap) divulgou nesta semana a lista dos 100 pol\u00edticos mais influentes no Congresso Nacional. Por mais um ano consecutivo, a [&hellip;]<\/p>\n","protected":false},"author":2,"featured_media":0,"comment_status":"open","ping_status":"open","sticky":false,"template":"","format":"standard","meta":{"_acf_changed":false,"footnotes":""},"categories":[10,4766],"tags":[22],"class_list":{"0":"post-2183","1":"post","2":"type-post","3":"status-publish","4":"format-standard","6":"category-acao-parlamentares","7":"category-arquivo","8":"tag-psol"},"acf":[],"yoast_head":"<!-- This site is optimized with the Yoast SEO plugin v26.5 - https:\/\/yoast.com\/wordpress\/plugins\/seo\/ -->\n<title>Bancada do PSOL \u00e9 destaque entre os \u201cCabe\u00e7as\u201d do Congresso Nacional - PSOL 50<\/title>\n<meta name=\"robots\" content=\"index, follow, max-snippet:-1, max-image-preview:large, max-video-preview:-1\" \/>\n<link rel=\"canonical\" href=\"https:\/\/psol50.org.br\/bancada-do-psol-e-destaque-entre-os-cabecas-do-congresso-nacional\/\" \/>\n<meta property=\"og:locale\" content=\"pt_BR\" \/>\n<meta property=\"og:type\" content=\"article\" \/>\n<meta property=\"og:title\" content=\"Bancada do PSOL \u00e9 destaque entre os \u201cCabe\u00e7as\u201d do Congresso Nacional - PSOL 50\" \/>\n<meta property=\"og:description\" content=\"Levantamento do DIAP aponta aos 100 pol\u00edticos mais influentes do pa\u00eds. Os deputados Ivan Valente, Chico Alencar e Jean Wyllys e o senador Randolfe Rodrigues est\u00e3o na lista &nbsp; O Departamento Intersindical de Assessoria Parlamentar (Diap) divulgou nesta semana a lista dos 100 pol\u00edticos mais influentes no Congresso Nacional. Por mais um ano consecutivo, a [&hellip;]\" \/>\n<meta property=\"og:url\" content=\"https:\/\/psol50.org.br\/bancada-do-psol-e-destaque-entre-os-cabecas-do-congresso-nacional\/\" \/>\n<meta property=\"og:site_name\" content=\"PSOL 50\" \/>\n<meta property=\"article:publisher\" content=\"https:\/\/www.facebook.com\/psol50\" \/>\n<meta property=\"article:published_time\" content=\"2013-08-09T00:00:00+00:00\" \/>\n<meta property=\"og:image\" content=\"https:\/\/psol50.org.br\/inc\/uploads\/2018\/07\/capa.png\" \/>\n\t<meta property=\"og:image:width\" content=\"1350\" \/>\n\t<meta property=\"og:image:height\" content=\"900\" \/>\n\t<meta property=\"og:image:type\" content=\"image\/png\" \/>\n<meta name=\"author\" content=\"Comunica\u00e7\u00e3o PSOL\" \/>\n<meta name=\"twitter:card\" content=\"summary_large_image\" \/>\n<meta name=\"twitter:creator\" content=\"@psol50\" \/>\n<meta name=\"twitter:site\" content=\"@psol50\" \/>\n<meta name=\"twitter:label1\" content=\"Escrito por\" \/>\n\t<meta name=\"twitter:data1\" content=\"Comunica\u00e7\u00e3o PSOL\" \/>\n\t<meta name=\"twitter:label2\" content=\"Est. tempo de leitura\" \/>\n\t<meta name=\"twitter:data2\" content=\"2 minutos\" \/>\n<script type=\"application\/ld+json\" class=\"yoast-schema-graph\">{\"@context\":\"https:\/\/schema.org\",\"@graph\":[{\"@type\":\"Article\",\"@id\":\"https:\/\/psol50.org.br\/bancada-do-psol-e-destaque-entre-os-cabecas-do-congresso-nacional\/#article\",\"isPartOf\":{\"@id\":\"https:\/\/psol50.org.br\/bancada-do-psol-e-destaque-entre-os-cabecas-do-congresso-nacional\/\"},\"author\":{\"name\":\"Comunica\u00e7\u00e3o PSOL\",\"@id\":\"https:\/\/psol50.org.br\/#\/schema\/person\/475dfa57d0b815993c714c2e96491fcd\"},\"headline\":\"Bancada do PSOL \u00e9 destaque entre os \u201cCabe\u00e7as\u201d do Congresso Nacional\",\"datePublished\":\"2013-08-09T00:00:00+00:00\",\"mainEntityOfPage\":{\"@id\":\"https:\/\/psol50.org.br\/bancada-do-psol-e-destaque-entre-os-cabecas-do-congresso-nacional\/\"},\"wordCount\":322,\"commentCount\":0,\"publisher\":{\"@id\":\"https:\/\/psol50.org.br\/#organization\"},\"keywords\":[\"PSOL\"],\"articleSection\":[\"A\u00e7\u00e3o Parlamentar\",\"Arquivo\"],\"inLanguage\":\"pt-BR\",\"potentialAction\":[{\"@type\":\"CommentAction\",\"name\":\"Comment\",\"target\":[\"https:\/\/psol50.org.br\/bancada-do-psol-e-destaque-entre-os-cabecas-do-congresso-nacional\/#respond\"]}]},{\"@type\":\"WebPage\",\"@id\":\"https:\/\/psol50.org.br\/bancada-do-psol-e-destaque-entre-os-cabecas-do-congresso-nacional\/\",\"url\":\"https:\/\/psol50.org.br\/bancada-do-psol-e-destaque-entre-os-cabecas-do-congresso-nacional\/\",\"name\":\"Bancada do PSOL \u00e9 destaque entre os \u201cCabe\u00e7as\u201d do Congresso Nacional - PSOL 50\",\"isPartOf\":{\"@id\":\"https:\/\/psol50.org.br\/#website\"},\"datePublished\":\"2013-08-09T00:00:00+00:00\",\"breadcrumb\":{\"@id\":\"https:\/\/psol50.org.br\/bancada-do-psol-e-destaque-entre-os-cabecas-do-congresso-nacional\/#breadcrumb\"},\"inLanguage\":\"pt-BR\",\"potentialAction\":[{\"@type\":\"ReadAction\",\"target\":[\"https:\/\/psol50.org.br\/bancada-do-psol-e-destaque-entre-os-cabecas-do-congresso-nacional\/\"]}]},{\"@type\":\"BreadcrumbList\",\"@id\":\"https:\/\/psol50.org.br\/bancada-do-psol-e-destaque-entre-os-cabecas-do-congresso-nacional\/#breadcrumb\",\"itemListElement\":[{\"@type\":\"ListItem\",\"position\":1,\"name\":\"In\u00edcio\",\"item\":\"https:\/\/psol50.org.br\/\"},{\"@type\":\"ListItem\",\"position\":2,\"name\":\"Bancada do PSOL \u00e9 destaque entre os \u201cCabe\u00e7as\u201d do Congresso Nacional\"}]},{\"@type\":\"WebSite\",\"@id\":\"https:\/\/psol50.org.br\/#website\",\"url\":\"https:\/\/psol50.org.br\/\",\"name\":\"PSOL 50\",\"description\":\"Site oficial do Partido Socialismo e Liberdade\",\"publisher\":{\"@id\":\"https:\/\/psol50.org.br\/#organization\"},\"alternateName\":\"PSOL50\",\"potentialAction\":[{\"@type\":\"SearchAction\",\"target\":{\"@type\":\"EntryPoint\",\"urlTemplate\":\"https:\/\/psol50.org.br\/?s={search_term_string}\"},\"query-input\":{\"@type\":\"PropertyValueSpecification\",\"valueRequired\":true,\"valueName\":\"search_term_string\"}}],\"inLanguage\":\"pt-BR\"},{\"@type\":\"Organization\",\"@id\":\"https:\/\/psol50.org.br\/#organization\",\"name\":\"PSOL 50\",\"alternateName\":\"PSOL 50\",\"url\":\"https:\/\/psol50.org.br\/\",\"logo\":{\"@type\":\"ImageObject\",\"inLanguage\":\"pt-BR\",\"@id\":\"https:\/\/psol50.org.br\/#\/schema\/logo\/image\/\",\"url\":\"https:\/\/psol50.org.br\/inc\/uploads\/2018\/07\/capa.png\",\"contentUrl\":\"https:\/\/psol50.org.br\/inc\/uploads\/2018\/07\/capa.png\",\"width\":1350,\"height\":900,\"caption\":\"PSOL 50\"},\"image\":{\"@id\":\"https:\/\/psol50.org.br\/#\/schema\/logo\/image\/\"},\"sameAs\":[\"https:\/\/www.facebook.com\/psol50\",\"https:\/\/x.com\/psol50\",\"https:\/\/www.instagram.com\/psol50\/\",\"https:\/\/www.youtube.com\/channel\/UC7SnJS5o1os7a6CaiNabzcg\"]},{\"@type\":\"Person\",\"@id\":\"https:\/\/psol50.org.br\/#\/schema\/person\/475dfa57d0b815993c714c2e96491fcd\",\"name\":\"Comunica\u00e7\u00e3o PSOL\",\"image\":{\"@type\":\"ImageObject\",\"inLanguage\":\"pt-BR\",\"@id\":\"https:\/\/psol50.org.br\/#\/schema\/person\/image\/\",\"url\":\"https:\/\/secure.gravatar.com\/avatar\/b34fc4f4e468a4e51785917065a3db57b841f5c95dba6ad8c73aaf8f66f8f9bf?s=96&d=mm&r=g\",\"contentUrl\":\"https:\/\/secure.gravatar.com\/avatar\/b34fc4f4e468a4e51785917065a3db57b841f5c95dba6ad8c73aaf8f66f8f9bf?s=96&d=mm&r=g\",\"caption\":\"Comunica\u00e7\u00e3o PSOL\"}}]}<\/script>\n<!-- \/ Yoast SEO plugin. -->","yoast_head_json":{"title":"Bancada do PSOL \u00e9 destaque entre os \u201cCabe\u00e7as\u201d do Congresso Nacional - PSOL 50","robots":{"index":"index","follow":"follow","max-snippet":"max-snippet:-1","max-image-preview":"max-image-preview:large","max-video-preview":"max-video-preview:-1"},"canonical":"https:\/\/psol50.org.br\/bancada-do-psol-e-destaque-entre-os-cabecas-do-congresso-nacional\/","og_locale":"pt_BR","og_type":"article","og_title":"Bancada do PSOL \u00e9 destaque entre os \u201cCabe\u00e7as\u201d do Congresso Nacional - PSOL 50","og_description":"Levantamento do DIAP aponta aos 100 pol\u00edticos mais influentes do pa\u00eds. Os deputados Ivan Valente, Chico Alencar e Jean Wyllys e o senador Randolfe Rodrigues est\u00e3o na lista &nbsp; O Departamento Intersindical de Assessoria Parlamentar (Diap) divulgou nesta semana a lista dos 100 pol\u00edticos mais influentes no Congresso Nacional. Por mais um ano consecutivo, a [&hellip;]","og_url":"https:\/\/psol50.org.br\/bancada-do-psol-e-destaque-entre-os-cabecas-do-congresso-nacional\/","og_site_name":"PSOL 50","article_publisher":"https:\/\/www.facebook.com\/psol50","article_published_time":"2013-08-09T00:00:00+00:00","og_image":[{"width":1350,"height":900,"url":"https:\/\/psol50.org.br\/inc\/uploads\/2018\/07\/capa.png","type":"image\/png"}],"author":"Comunica\u00e7\u00e3o PSOL","twitter_card":"summary_large_image","twitter_creator":"@psol50","twitter_site":"@psol50","twitter_misc":{"Escrito por":"Comunica\u00e7\u00e3o PSOL","Est. tempo de leitura":"2 minutos"},"schema":{"@context":"https:\/\/schema.org","@graph":[{"@type":"Article","@id":"https:\/\/psol50.org.br\/bancada-do-psol-e-destaque-entre-os-cabecas-do-congresso-nacional\/#article","isPartOf":{"@id":"https:\/\/psol50.org.br\/bancada-do-psol-e-destaque-entre-os-cabecas-do-congresso-nacional\/"},"author":{"name":"Comunica\u00e7\u00e3o PSOL","@id":"https:\/\/psol50.org.br\/#\/schema\/person\/475dfa57d0b815993c714c2e96491fcd"},"headline":"Bancada do PSOL \u00e9 destaque entre os \u201cCabe\u00e7as\u201d do Congresso Nacional","datePublished":"2013-08-09T00:00:00+00:00","mainEntityOfPage":{"@id":"https:\/\/psol50.org.br\/bancada-do-psol-e-destaque-entre-os-cabecas-do-congresso-nacional\/"},"wordCount":322,"commentCount":0,"publisher":{"@id":"https:\/\/psol50.org.br\/#organization"},"keywords":["PSOL"],"articleSection":["A\u00e7\u00e3o Parlamentar","Arquivo"],"inLanguage":"pt-BR","potentialAction":[{"@type":"CommentAction","name":"Comment","target":["https:\/\/psol50.org.br\/bancada-do-psol-e-destaque-entre-os-cabecas-do-congresso-nacional\/#respond"]}]},{"@type":"WebPage","@id":"https:\/\/psol50.org.br\/bancada-do-psol-e-destaque-entre-os-cabecas-do-congresso-nacional\/","url":"https:\/\/psol50.org.br\/bancada-do-psol-e-destaque-entre-os-cabecas-do-congresso-nacional\/","name":"Bancada do PSOL \u00e9 destaque entre os \u201cCabe\u00e7as\u201d do Congresso Nacional - PSOL 50","isPartOf":{"@id":"https:\/\/psol50.org.br\/#website"},"datePublished":"2013-08-09T00:00:00+00:00","breadcrumb":{"@id":"https:\/\/psol50.org.br\/bancada-do-psol-e-destaque-entre-os-cabecas-do-congresso-nacional\/#breadcrumb"},"inLanguage":"pt-BR","potentialAction":[{"@type":"ReadAction","target":["https:\/\/psol50.org.br\/bancada-do-psol-e-destaque-entre-os-cabecas-do-congresso-nacional\/"]}]},{"@type":"BreadcrumbList","@id":"https:\/\/psol50.org.br\/bancada-do-psol-e-destaque-entre-os-cabecas-do-congresso-nacional\/#breadcrumb","itemListElement":[{"@type":"ListItem","position":1,"name":"In\u00edcio","item":"https:\/\/psol50.org.br\/"},{"@type":"ListItem","position":2,"name":"Bancada do PSOL \u00e9 destaque entre os \u201cCabe\u00e7as\u201d do Congresso Nacional"}]},{"@type":"WebSite","@id":"https:\/\/psol50.org.br\/#website","url":"https:\/\/psol50.org.br\/","name":"PSOL 50","description":"Site oficial do Partido Socialismo e Liberdade","publisher":{"@id":"https:\/\/psol50.org.br\/#organization"},"alternateName":"PSOL50","potentialAction":[{"@type":"SearchAction","target":{"@type":"EntryPoint","urlTemplate":"https:\/\/psol50.org.br\/?s={search_term_string}"},"query-input":{"@type":"PropertyValueSpecification","valueRequired":true,"valueName":"search_term_string"}}],"inLanguage":"pt-BR"},{"@type":"Organization","@id":"https:\/\/psol50.org.br\/#organization","name":"PSOL 50","alternateName":"PSOL 50","url":"https:\/\/psol50.org.br\/","logo":{"@type":"ImageObject","inLanguage":"pt-BR","@id":"https:\/\/psol50.org.br\/#\/schema\/logo\/image\/","url":"https:\/\/psol50.org.br\/inc\/uploads\/2018\/07\/capa.png","contentUrl":"https:\/\/psol50.org.br\/inc\/uploads\/2018\/07\/capa.png","width":1350,"height":900,"caption":"PSOL 50"},"image":{"@id":"https:\/\/psol50.org.br\/#\/schema\/logo\/image\/"},"sameAs":["https:\/\/www.facebook.com\/psol50","https:\/\/x.com\/psol50","https:\/\/www.instagram.com\/psol50\/","https:\/\/www.youtube.com\/channel\/UC7SnJS5o1os7a6CaiNabzcg"]},{"@type":"Person","@id":"https:\/\/psol50.org.br\/#\/schema\/person\/475dfa57d0b815993c714c2e96491fcd","name":"Comunica\u00e7\u00e3o PSOL","image":{"@type":"ImageObject","inLanguage":"pt-BR","@id":"https:\/\/psol50.org.br\/#\/schema\/person\/image\/","url":"https:\/\/secure.gravatar.com\/avatar\/b34fc4f4e468a4e51785917065a3db57b841f5c95dba6ad8c73aaf8f66f8f9bf?s=96&d=mm&r=g","contentUrl":"https:\/\/secure.gravatar.com\/avatar\/b34fc4f4e468a4e51785917065a3db57b841f5c95dba6ad8c73aaf8f66f8f9bf?s=96&d=mm&r=g","caption":"Comunica\u00e7\u00e3o PSOL"}}]}},"_links":{"self":[{"href":"https:\/\/psol50.org.br\/rest\/wp\/v2\/posts\/2183","targetHints":{"allow":["GET"]}}],"collection":[{"href":"https:\/\/psol50.org.br\/rest\/wp\/v2\/posts"}],"about":[{"href":"https:\/\/psol50.org.br\/rest\/wp\/v2\/types\/post"}],"author":[{"embeddable":true,"href":"https:\/\/psol50.org.br\/rest\/wp\/v2\/users\/2"}],"replies":[{"embeddable":true,"href":"https:\/\/psol50.org.br\/rest\/wp\/v2\/comments?post=2183"}],"version-history":[{"count":0,"href":"https:\/\/psol50.org.br\/rest\/wp\/v2\/posts\/2183\/revisions"}],"wp:attachment":[{"href":"https:\/\/psol50.org.br\/rest\/wp\/v2\/media?parent=2183"}],"wp:term":[{"taxonomy":"category","embeddable":true,"href":"https:\/\/psol50.org.br\/rest\/wp\/v2\/categories?post=2183"},{"taxonomy":"post_tag","embeddable":true,"href":"https:\/\/psol50.org.br\/rest\/wp\/v2\/tags?post=2183"}],"curies":[{"name":"wp","href":"https:\/\/api.w.org\/{rel}","templated":true}]}}