{"id":2189,"date":"2013-08-12T00:00:00","date_gmt":"2013-08-12T00:00:00","guid":{"rendered":"http:\/\/psol50.org.br\/arquivo\/2013\/08\/12\/trabalhador-rural-e-assassinado-em-fazenda-no-para\/"},"modified":"2013-08-12T00:00:00","modified_gmt":"2013-08-12T00:00:00","slug":"trabalhador-rural-e-assassinado-em-fazenda-no-para","status":"publish","type":"post","link":"https:\/\/psol50.org.br\/trabalhador-rural-e-assassinado-em-fazenda-no-para\/","title":{"rendered":"Trabalhador rural \u00e9 assassinado em fazenda no Par\u00e1"},"content":{"rendered":"<div style=\"text-align: justify;\">\n\t<em>Welbert Cabral Costa teria sido morto por um funcion\u00e1rio da Fazenda Vale do Triunfo, pertencente ao banqueiro Daniel Dantas<\/em><br \/>\n\t&nbsp;<br \/>\n\tOrganiza\u00e7\u00f5es sociais denunciam o assassinato do trabalhador rural Welbert Cabral Costa, de 26 anos, que teria sido morto por um funcion\u00e1rio da Fazenda Vale do Triunfo, do Grupo Santa B\u00e1rbara, pertencente ao banqueiro Daniel Dantas, no dia 27 de julho deste ano.<br \/>\n\t&nbsp;<br \/>\n\tA fazenda se encontra no munic\u00edpio de S\u00e3o F\u00e9lix do Xingu, no Par\u00e1 e, segundo relatos, Divo Ferreira, funcion\u00e1rio da fazenda, atirou na nuca de Welbert por causa de um desentendimento em rela\u00e7\u00e3o aos direitos trabalhistas.<br \/>\n\t&nbsp;<br \/>\n\tSeu corpo ainda n\u00e3o foi encontrado, e as investiga\u00e7\u00f5es iniciais foram feitas pela pr\u00f3pria fam\u00edlia, at\u00e9 que o delegado Lenildo Mendes dos Santos assumiu o caso. Por\u00e9m, o mesmo est\u00e1 tendo dificuldades em receber o apoio da Pol\u00edcia Civil para encontrar o corpo e realizar outras dilig\u00eancias necess\u00e1rias para a conclus\u00e3o das investiga\u00e7\u00f5es.<br \/>\n\t&nbsp;<br \/>\n\tConfira abaixo a nota das entidades:<br \/>\n\t&nbsp;<br \/>\n\t<strong>Assassinato de trabalhador rural em Fazenda do grupo Santa B\u00e1rbara<\/strong><br \/>\n\t&nbsp;A Comiss\u00e3o Pastoral da Terra (CPT-PA), a Sociedade Paraense de Defesa dos Direitos Humanos e a Comiss\u00e3o de Direitos Humanos da Ordem dos Advogados (OAB-PA) denunciam o assassinato de Welbert Cabral Costa, em 24\/07\/13, no interior da Fazenda Vale do Triunfo, do Grupo Santa B\u00e1rbara, no Munic\u00edpio de S\u00e3o F\u00e9lix do Xingu.<br \/>\n\t&nbsp;<br \/>\n\tEmbora a pol\u00edcia ainda n\u00e3o tenha encontrado o corpo, h\u00e1 uma testemunha ocular, que presenciou o funcion\u00e1rio da fazenda, Divo Ferreira, disparar um tiro na nuca de Welbert.<br \/>\n\t&nbsp;<br \/>\n\tO assassinato frio e covarde se deu por um desentendimento relacionado a direitos trabalhistas. Informa\u00e7\u00f5es de moradores da regi\u00e3o e funcion\u00e1rios d\u00e3o conta de que este n\u00e3o \u00e9 o primeiro homic\u00eddio pela mesma motiva\u00e7\u00e3o e com as mesmas caracter\u00edsticas.<br \/>\n\t&nbsp;<br \/>\n\tA presen\u00e7a do Grupo Santa B\u00e1rbara na regi\u00e3o, maior agropecu\u00e1ria do Brasil e segunda do mundo, possuidora de 500 mil hectares de terra e 550 mil cabe\u00e7as de gado, tem sido alvo de frequentes den\u00fancias da CPT em conflitos agr\u00e1rios.<br \/>\n\t&nbsp;<br \/>\n\tRecentemente, a CPT de Marab\u00e1 e a Fetragri\/Sudeste denunciaram que a Fazenda Castanhal, tamb\u00e9m do Grupo Santa B\u00e1rbara, localizada no Munic\u00edpio de Pi\u00e7arra, usava jovens delinquentes para fazer a seguran\u00e7a da fazenda com armas pesadas; foi instaurado inqu\u00e9rito, por\u00e9m ainda sem qualquer conclus\u00e3o.<br \/>\n\t&nbsp;<br \/>\n\tWelbert tinha 26 anos e deixou esposa e quatro filhos pequenos. Seu corpo ainda n\u00e3o foi encontrado e as investiga\u00e7\u00f5es iniciais foram feitas pela pr\u00f3pria fam\u00edlia, at\u00e9 que o Delegado Lenildo Mendes dos Santos assumiu o caso e esclareceu os fatos. Por\u00e9m, n\u00e3o est\u00e1 recebendo o apoio da Pol\u00edcia Civil para encontrar o corpo e realizar outras dilig\u00eancias necess\u00e1rias para a conclus\u00e3o das investiga\u00e7\u00f5es.<br \/>\n\t&nbsp;<br \/>\n\tA fam\u00edlia de Welbert, desesperada, reclama o corpo. A testemunha ocular do crime est\u00e1 amedrontada e sente-se amea\u00e7ada j\u00e1 que sabe que crimes com estas caracter\u00edsticas s\u00e3o comuns naquela fazenda.<br \/>\n\t&nbsp;<br \/>\n\tO pr\u00f3prio Welbert j\u00e1 havia relatado para a fam\u00edlia que presenciou um operador de trator ser assassinado com as mesmas nuances a que viria a ser v\u00edtima, motivo pelo qual, acredita-se, existir um cemit\u00e9rio clandestino dentro da Fazenda Vale do Triunfo, onde o corpo de Welbert fora ocultado.<br \/>\n\t&nbsp;<br \/>\n\tAs entidades abaixo assinado:<br \/>\n\t&nbsp;<br \/>\n\t&#8211; denunciam o assassinato do trabalhador rural Welbert Cabral Costa, na fazenda Vale do Triunfo, do Grupo Santa B\u00e1rbara<br \/>\n\t&#8211; exigem, do Delegado Geral da Policia da Policia Civil e do Secretaria da Seguran\u00e7a P\u00fablica do Par\u00e1 ,imediatamente e com a m\u00e1xima urg\u00eancia que sejam feitas buscas no interior da referida fazenda para encontrar o corpo de Welbert, para que as investiga\u00e7\u00f5es sejam conclu\u00eddas.<br \/>\n\t&nbsp;<br \/>\n\tXinguara, 9 de agosto de 2013<br \/>\n\t&nbsp;<br \/>\n\tComiss\u00e3o Pastoral da Terra &#8211; PA<br \/>\n\tSociedade Paraense de Defesa dos Direitos Humanos<br \/>\n\tComiss\u00e3o de Direitos Humanos da OAB\/PA<br \/>\n\tFedera\u00e7\u00e3o dos Trabalhadores na Agricultura do Estado do Par\u00e1 \u2013 Fetagri<br \/>\n\tMovimento dos Trabalhadores Rurais Sem Terra (MST-PA)<br \/>\n\t&nbsp;<\/div>\n","protected":false},"excerpt":{"rendered":"<p>Welbert Cabral Costa teria sido morto por um funcion\u00e1rio da Fazenda Vale do Triunfo, pertencente ao banqueiro Daniel Dantas &nbsp; Organiza\u00e7\u00f5es sociais denunciam o assassinato do trabalhador rural Welbert Cabral Costa, de 26 anos, que teria sido morto por um funcion\u00e1rio da Fazenda Vale do Triunfo, do Grupo Santa B\u00e1rbara, pertencente ao banqueiro Daniel Dantas, [&hellip;]<\/p>\n","protected":false},"author":2,"featured_media":0,"comment_status":"open","ping_status":"open","sticky":false,"template":"","format":"standard","meta":{"_acf_changed":false,"footnotes":""},"categories":[4766],"tags":[],"class_list":{"0":"post-2189","1":"post","2":"type-post","3":"status-publish","4":"format-standard","6":"category-arquivo"},"acf":[],"yoast_head":"<!-- This site is optimized with the Yoast SEO plugin v26.5 - https:\/\/yoast.com\/wordpress\/plugins\/seo\/ -->\n<title>Trabalhador rural \u00e9 assassinado em fazenda no Par\u00e1 - PSOL 50<\/title>\n<meta name=\"robots\" content=\"index, follow, max-snippet:-1, max-image-preview:large, max-video-preview:-1\" \/>\n<link rel=\"canonical\" href=\"https:\/\/psol50.org.br\/trabalhador-rural-e-assassinado-em-fazenda-no-para\/\" \/>\n<meta property=\"og:locale\" content=\"pt_BR\" \/>\n<meta property=\"og:type\" content=\"article\" \/>\n<meta property=\"og:title\" content=\"Trabalhador rural \u00e9 assassinado em fazenda no Par\u00e1 - PSOL 50\" \/>\n<meta property=\"og:description\" content=\"Welbert Cabral Costa teria sido morto por um funcion\u00e1rio da Fazenda Vale do Triunfo, pertencente ao banqueiro Daniel Dantas &nbsp; Organiza\u00e7\u00f5es sociais denunciam o assassinato do trabalhador rural Welbert Cabral Costa, de 26 anos, que teria sido morto por um funcion\u00e1rio da Fazenda Vale do Triunfo, do Grupo Santa B\u00e1rbara, pertencente ao banqueiro Daniel Dantas, [&hellip;]\" \/>\n<meta property=\"og:url\" content=\"https:\/\/psol50.org.br\/trabalhador-rural-e-assassinado-em-fazenda-no-para\/\" \/>\n<meta property=\"og:site_name\" content=\"PSOL 50\" \/>\n<meta property=\"article:publisher\" content=\"https:\/\/www.facebook.com\/psol50\" \/>\n<meta property=\"article:published_time\" content=\"2013-08-12T00:00:00+00:00\" \/>\n<meta property=\"og:image\" content=\"https:\/\/psol50.org.br\/inc\/uploads\/2018\/07\/capa.png\" \/>\n\t<meta property=\"og:image:width\" content=\"1350\" \/>\n\t<meta property=\"og:image:height\" content=\"900\" \/>\n\t<meta property=\"og:image:type\" content=\"image\/png\" \/>\n<meta name=\"author\" content=\"Comunica\u00e7\u00e3o PSOL\" \/>\n<meta name=\"twitter:card\" content=\"summary_large_image\" \/>\n<meta name=\"twitter:creator\" content=\"@psol50\" \/>\n<meta name=\"twitter:site\" content=\"@psol50\" \/>\n<meta name=\"twitter:label1\" content=\"Escrito por\" \/>\n\t<meta name=\"twitter:data1\" content=\"Comunica\u00e7\u00e3o PSOL\" \/>\n\t<meta name=\"twitter:label2\" content=\"Est. tempo de leitura\" \/>\n\t<meta name=\"twitter:data2\" content=\"4 minutos\" \/>\n<script type=\"application\/ld+json\" class=\"yoast-schema-graph\">{\"@context\":\"https:\/\/schema.org\",\"@graph\":[{\"@type\":\"Article\",\"@id\":\"https:\/\/psol50.org.br\/trabalhador-rural-e-assassinado-em-fazenda-no-para\/#article\",\"isPartOf\":{\"@id\":\"https:\/\/psol50.org.br\/trabalhador-rural-e-assassinado-em-fazenda-no-para\/\"},\"author\":{\"name\":\"Comunica\u00e7\u00e3o PSOL\",\"@id\":\"https:\/\/psol50.org.br\/#\/schema\/person\/475dfa57d0b815993c714c2e96491fcd\"},\"headline\":\"Trabalhador rural \u00e9 assassinado em fazenda no Par\u00e1\",\"datePublished\":\"2013-08-12T00:00:00+00:00\",\"mainEntityOfPage\":{\"@id\":\"https:\/\/psol50.org.br\/trabalhador-rural-e-assassinado-em-fazenda-no-para\/\"},\"wordCount\":719,\"commentCount\":0,\"publisher\":{\"@id\":\"https:\/\/psol50.org.br\/#organization\"},\"articleSection\":[\"Arquivo\"],\"inLanguage\":\"pt-BR\",\"potentialAction\":[{\"@type\":\"CommentAction\",\"name\":\"Comment\",\"target\":[\"https:\/\/psol50.org.br\/trabalhador-rural-e-assassinado-em-fazenda-no-para\/#respond\"]}]},{\"@type\":\"WebPage\",\"@id\":\"https:\/\/psol50.org.br\/trabalhador-rural-e-assassinado-em-fazenda-no-para\/\",\"url\":\"https:\/\/psol50.org.br\/trabalhador-rural-e-assassinado-em-fazenda-no-para\/\",\"name\":\"Trabalhador rural \u00e9 assassinado em fazenda no Par\u00e1 - PSOL 50\",\"isPartOf\":{\"@id\":\"https:\/\/psol50.org.br\/#website\"},\"datePublished\":\"2013-08-12T00:00:00+00:00\",\"breadcrumb\":{\"@id\":\"https:\/\/psol50.org.br\/trabalhador-rural-e-assassinado-em-fazenda-no-para\/#breadcrumb\"},\"inLanguage\":\"pt-BR\",\"potentialAction\":[{\"@type\":\"ReadAction\",\"target\":[\"https:\/\/psol50.org.br\/trabalhador-rural-e-assassinado-em-fazenda-no-para\/\"]}]},{\"@type\":\"BreadcrumbList\",\"@id\":\"https:\/\/psol50.org.br\/trabalhador-rural-e-assassinado-em-fazenda-no-para\/#breadcrumb\",\"itemListElement\":[{\"@type\":\"ListItem\",\"position\":1,\"name\":\"In\u00edcio\",\"item\":\"https:\/\/psol50.org.br\/\"},{\"@type\":\"ListItem\",\"position\":2,\"name\":\"Trabalhador rural \u00e9 assassinado em fazenda no Par\u00e1\"}]},{\"@type\":\"WebSite\",\"@id\":\"https:\/\/psol50.org.br\/#website\",\"url\":\"https:\/\/psol50.org.br\/\",\"name\":\"PSOL 50\",\"description\":\"Site oficial do Partido Socialismo e Liberdade\",\"publisher\":{\"@id\":\"https:\/\/psol50.org.br\/#organization\"},\"alternateName\":\"PSOL50\",\"potentialAction\":[{\"@type\":\"SearchAction\",\"target\":{\"@type\":\"EntryPoint\",\"urlTemplate\":\"https:\/\/psol50.org.br\/?s={search_term_string}\"},\"query-input\":{\"@type\":\"PropertyValueSpecification\",\"valueRequired\":true,\"valueName\":\"search_term_string\"}}],\"inLanguage\":\"pt-BR\"},{\"@type\":\"Organization\",\"@id\":\"https:\/\/psol50.org.br\/#organization\",\"name\":\"PSOL 50\",\"alternateName\":\"PSOL 50\",\"url\":\"https:\/\/psol50.org.br\/\",\"logo\":{\"@type\":\"ImageObject\",\"inLanguage\":\"pt-BR\",\"@id\":\"https:\/\/psol50.org.br\/#\/schema\/logo\/image\/\",\"url\":\"https:\/\/psol50.org.br\/inc\/uploads\/2018\/07\/capa.png\",\"contentUrl\":\"https:\/\/psol50.org.br\/inc\/uploads\/2018\/07\/capa.png\",\"width\":1350,\"height\":900,\"caption\":\"PSOL 50\"},\"image\":{\"@id\":\"https:\/\/psol50.org.br\/#\/schema\/logo\/image\/\"},\"sameAs\":[\"https:\/\/www.facebook.com\/psol50\",\"https:\/\/x.com\/psol50\",\"https:\/\/www.instagram.com\/psol50\/\",\"https:\/\/www.youtube.com\/channel\/UC7SnJS5o1os7a6CaiNabzcg\"]},{\"@type\":\"Person\",\"@id\":\"https:\/\/psol50.org.br\/#\/schema\/person\/475dfa57d0b815993c714c2e96491fcd\",\"name\":\"Comunica\u00e7\u00e3o PSOL\",\"image\":{\"@type\":\"ImageObject\",\"inLanguage\":\"pt-BR\",\"@id\":\"https:\/\/psol50.org.br\/#\/schema\/person\/image\/\",\"url\":\"https:\/\/secure.gravatar.com\/avatar\/b34fc4f4e468a4e51785917065a3db57b841f5c95dba6ad8c73aaf8f66f8f9bf?s=96&d=mm&r=g\",\"contentUrl\":\"https:\/\/secure.gravatar.com\/avatar\/b34fc4f4e468a4e51785917065a3db57b841f5c95dba6ad8c73aaf8f66f8f9bf?s=96&d=mm&r=g\",\"caption\":\"Comunica\u00e7\u00e3o PSOL\"}}]}<\/script>\n<!-- \/ Yoast SEO plugin. -->","yoast_head_json":{"title":"Trabalhador rural \u00e9 assassinado em fazenda no Par\u00e1 - PSOL 50","robots":{"index":"index","follow":"follow","max-snippet":"max-snippet:-1","max-image-preview":"max-image-preview:large","max-video-preview":"max-video-preview:-1"},"canonical":"https:\/\/psol50.org.br\/trabalhador-rural-e-assassinado-em-fazenda-no-para\/","og_locale":"pt_BR","og_type":"article","og_title":"Trabalhador rural \u00e9 assassinado em fazenda no Par\u00e1 - PSOL 50","og_description":"Welbert Cabral Costa teria sido morto por um funcion\u00e1rio da Fazenda Vale do Triunfo, pertencente ao banqueiro Daniel Dantas &nbsp; Organiza\u00e7\u00f5es sociais denunciam o assassinato do trabalhador rural Welbert Cabral Costa, de 26 anos, que teria sido morto por um funcion\u00e1rio da Fazenda Vale do Triunfo, do Grupo Santa B\u00e1rbara, pertencente ao banqueiro Daniel Dantas, [&hellip;]","og_url":"https:\/\/psol50.org.br\/trabalhador-rural-e-assassinado-em-fazenda-no-para\/","og_site_name":"PSOL 50","article_publisher":"https:\/\/www.facebook.com\/psol50","article_published_time":"2013-08-12T00:00:00+00:00","og_image":[{"width":1350,"height":900,"url":"https:\/\/psol50.org.br\/inc\/uploads\/2018\/07\/capa.png","type":"image\/png"}],"author":"Comunica\u00e7\u00e3o PSOL","twitter_card":"summary_large_image","twitter_creator":"@psol50","twitter_site":"@psol50","twitter_misc":{"Escrito por":"Comunica\u00e7\u00e3o PSOL","Est. tempo de leitura":"4 minutos"},"schema":{"@context":"https:\/\/schema.org","@graph":[{"@type":"Article","@id":"https:\/\/psol50.org.br\/trabalhador-rural-e-assassinado-em-fazenda-no-para\/#article","isPartOf":{"@id":"https:\/\/psol50.org.br\/trabalhador-rural-e-assassinado-em-fazenda-no-para\/"},"author":{"name":"Comunica\u00e7\u00e3o PSOL","@id":"https:\/\/psol50.org.br\/#\/schema\/person\/475dfa57d0b815993c714c2e96491fcd"},"headline":"Trabalhador rural \u00e9 assassinado em fazenda no Par\u00e1","datePublished":"2013-08-12T00:00:00+00:00","mainEntityOfPage":{"@id":"https:\/\/psol50.org.br\/trabalhador-rural-e-assassinado-em-fazenda-no-para\/"},"wordCount":719,"commentCount":0,"publisher":{"@id":"https:\/\/psol50.org.br\/#organization"},"articleSection":["Arquivo"],"inLanguage":"pt-BR","potentialAction":[{"@type":"CommentAction","name":"Comment","target":["https:\/\/psol50.org.br\/trabalhador-rural-e-assassinado-em-fazenda-no-para\/#respond"]}]},{"@type":"WebPage","@id":"https:\/\/psol50.org.br\/trabalhador-rural-e-assassinado-em-fazenda-no-para\/","url":"https:\/\/psol50.org.br\/trabalhador-rural-e-assassinado-em-fazenda-no-para\/","name":"Trabalhador rural \u00e9 assassinado em fazenda no Par\u00e1 - PSOL 50","isPartOf":{"@id":"https:\/\/psol50.org.br\/#website"},"datePublished":"2013-08-12T00:00:00+00:00","breadcrumb":{"@id":"https:\/\/psol50.org.br\/trabalhador-rural-e-assassinado-em-fazenda-no-para\/#breadcrumb"},"inLanguage":"pt-BR","potentialAction":[{"@type":"ReadAction","target":["https:\/\/psol50.org.br\/trabalhador-rural-e-assassinado-em-fazenda-no-para\/"]}]},{"@type":"BreadcrumbList","@id":"https:\/\/psol50.org.br\/trabalhador-rural-e-assassinado-em-fazenda-no-para\/#breadcrumb","itemListElement":[{"@type":"ListItem","position":1,"name":"In\u00edcio","item":"https:\/\/psol50.org.br\/"},{"@type":"ListItem","position":2,"name":"Trabalhador rural \u00e9 assassinado em fazenda no Par\u00e1"}]},{"@type":"WebSite","@id":"https:\/\/psol50.org.br\/#website","url":"https:\/\/psol50.org.br\/","name":"PSOL 50","description":"Site oficial do Partido Socialismo e Liberdade","publisher":{"@id":"https:\/\/psol50.org.br\/#organization"},"alternateName":"PSOL50","potentialAction":[{"@type":"SearchAction","target":{"@type":"EntryPoint","urlTemplate":"https:\/\/psol50.org.br\/?s={search_term_string}"},"query-input":{"@type":"PropertyValueSpecification","valueRequired":true,"valueName":"search_term_string"}}],"inLanguage":"pt-BR"},{"@type":"Organization","@id":"https:\/\/psol50.org.br\/#organization","name":"PSOL 50","alternateName":"PSOL 50","url":"https:\/\/psol50.org.br\/","logo":{"@type":"ImageObject","inLanguage":"pt-BR","@id":"https:\/\/psol50.org.br\/#\/schema\/logo\/image\/","url":"https:\/\/psol50.org.br\/inc\/uploads\/2018\/07\/capa.png","contentUrl":"https:\/\/psol50.org.br\/inc\/uploads\/2018\/07\/capa.png","width":1350,"height":900,"caption":"PSOL 50"},"image":{"@id":"https:\/\/psol50.org.br\/#\/schema\/logo\/image\/"},"sameAs":["https:\/\/www.facebook.com\/psol50","https:\/\/x.com\/psol50","https:\/\/www.instagram.com\/psol50\/","https:\/\/www.youtube.com\/channel\/UC7SnJS5o1os7a6CaiNabzcg"]},{"@type":"Person","@id":"https:\/\/psol50.org.br\/#\/schema\/person\/475dfa57d0b815993c714c2e96491fcd","name":"Comunica\u00e7\u00e3o PSOL","image":{"@type":"ImageObject","inLanguage":"pt-BR","@id":"https:\/\/psol50.org.br\/#\/schema\/person\/image\/","url":"https:\/\/secure.gravatar.com\/avatar\/b34fc4f4e468a4e51785917065a3db57b841f5c95dba6ad8c73aaf8f66f8f9bf?s=96&d=mm&r=g","contentUrl":"https:\/\/secure.gravatar.com\/avatar\/b34fc4f4e468a4e51785917065a3db57b841f5c95dba6ad8c73aaf8f66f8f9bf?s=96&d=mm&r=g","caption":"Comunica\u00e7\u00e3o PSOL"}}]}},"_links":{"self":[{"href":"https:\/\/psol50.org.br\/rest\/wp\/v2\/posts\/2189","targetHints":{"allow":["GET"]}}],"collection":[{"href":"https:\/\/psol50.org.br\/rest\/wp\/v2\/posts"}],"about":[{"href":"https:\/\/psol50.org.br\/rest\/wp\/v2\/types\/post"}],"author":[{"embeddable":true,"href":"https:\/\/psol50.org.br\/rest\/wp\/v2\/users\/2"}],"replies":[{"embeddable":true,"href":"https:\/\/psol50.org.br\/rest\/wp\/v2\/comments?post=2189"}],"version-history":[{"count":0,"href":"https:\/\/psol50.org.br\/rest\/wp\/v2\/posts\/2189\/revisions"}],"wp:attachment":[{"href":"https:\/\/psol50.org.br\/rest\/wp\/v2\/media?parent=2189"}],"wp:term":[{"taxonomy":"category","embeddable":true,"href":"https:\/\/psol50.org.br\/rest\/wp\/v2\/categories?post=2189"},{"taxonomy":"post_tag","embeddable":true,"href":"https:\/\/psol50.org.br\/rest\/wp\/v2\/tags?post=2189"}],"curies":[{"name":"wp","href":"https:\/\/api.w.org\/{rel}","templated":true}]}}