{"id":21978,"date":"2018-10-22T13:43:16","date_gmt":"2018-10-22T16:43:16","guid":{"rendered":"http:\/\/www.psol50.org.br\/?p=21978"},"modified":"2018-10-22T13:43:16","modified_gmt":"2018-10-22T16:43:16","slug":"psol-entra-com-representacao-na-pgr-contra-declaracoes-de-eduardo-bolsonaro","status":"publish","type":"post","link":"https:\/\/psol50.org.br\/psol-entra-com-representacao-na-pgr-contra-declaracoes-de-eduardo-bolsonaro\/","title":{"rendered":"PSOL entra com representa\u00e7\u00e3o na PGR contra declara\u00e7\u00f5es de Eduardo Bolsonaro"},"content":{"rendered":"<p>O PSOL protocolou, nesta segunda-feira (22), uma <a href=\"https:\/\/www.psol50.org.br\/inc\/uploads\/2018\/10\/Representac\u0327a\u0303o_EduardoBolsonaro_PGR.pdf\" target=\"_blank\" rel=\"noopener\"><strong>representa\u00e7\u00e3o junto \u00e0 Procuradoria-Geral da Rep\u00fablica<\/strong><\/a> (PGR) contra o deputado Eduardo Bolsonaro (PSL-SP), pelas graves declara\u00e7\u00f5es proferidas por ele e vindas a p\u00fablico no \u00faltimo s\u00e1bado (20). Filho de Jair Bolsonaro, o parlamentar afirmou que \u201cse o STF arguir qualquer coisa, sei l\u00e1, que ele recebeu uma doa\u00e7\u00e3o ilegal de 100 reais do Jos\u00e9 da Silva, e impugna a candidatura dele\u2026 eu n\u00e3o acho isso improv\u00e1vel, mas a\u00ed vai ter que pagar para ver. Ser\u00e1 que eles v\u00e3o ter essa for\u00e7a mesmo?\u201d. Na sequ\u00eancia, afirmou que \u201cpara fechar o STF voc\u00ea n\u00e3o manda nem um jipe, manda um soldado e um cabo. Se voc\u00ea prender um ministro do STF, voc\u00ea acha que vai ter uma manifesta\u00e7\u00e3o popular?\u201d.<\/p>\n<p>Na representa\u00e7\u00e3o o PSOL pede que o Minist\u00e9rio P\u00fablico Federal (MPF) instaure inqu\u00e9rito para apurar eventuais il\u00edcitos e crimes praticados pelo deputado do PSL. \u201cAs declara\u00e7\u00f5es s\u00e3o grav\u00edssimas por si s\u00f3. Fossem elas meras bravatas de um deputado federal j\u00e1 seriam s\u00e9rias e preocupantes. Mas, colocadas no contexto da elei\u00e7\u00e3o presidencial e da reitera\u00e7\u00e3o de declara\u00e7\u00f5es deste jaez pelo candidato \u00e0 presid\u00eancia, por membros da chapa e por coordenadores de campanha, as refer\u00eancias do declarante ganham o contorno preocupante e supostamente criminoso de atentado ou amea\u00e7a ao estado de direito e \u00e0 democracia\u201d, destaca o PSOL.<\/p>\n<p>Na avalia\u00e7\u00e3o do partido, a investiga\u00e7\u00e3o \u00e9 necess\u00e1ria, uma vez que as declara\u00e7\u00f5es configuram, em tese, crime de amea\u00e7a e atentado contra a divis\u00e3o de poderes. \u201cAl\u00e9m disso, desobedi\u00eancia coletiva ao cumprimento da lei de ordem p\u00fablica e tentativa de desestabiliza\u00e7\u00e3o da normalidade e equil\u00edbrio do pleito eleitoral\u201d.<\/p>\n<p>Em nota divulgada neste domingo (21), a Executiva Nacional do PSOL j\u00e1 havia repudiado as declara\u00e7\u00f5es de Eduardo Bolsonaro. <a href=\"http:\/\/www.psol50.org.br\/nota-de-repudio-as-declaracoes-de-eduardo-bolsonaro\/\" target=\"_blank\" rel=\"noopener\"><strong>Confira a nota<\/strong><\/a>.<\/p>\n<p>Para o presidente nacional do partido, Juliano Medeiros, &#8220;\u00e9 preciso que o Judici\u00e1rio d\u00ea um basta a essas reiteradas manifesta\u00e7\u00f5es de desprezo pela democracia por parte da fam\u00edlia Bolsonaro. Espero que a PGR proponha medidas exemplares para defender o Estado Democr\u00e1tico de Direito&#8221;.<\/p>\n","protected":false},"excerpt":{"rendered":"<p>O PSOL protocolou, nesta segunda-feira (22), uma representa\u00e7\u00e3o junto \u00e0 Procuradoria-Geral da Rep\u00fablica (PGR) contra o deputado Eduardo Bolsonaro (PSL-SP), pelas graves declara\u00e7\u00f5es proferidas por ele e vindas a p\u00fablico no \u00faltimo s\u00e1bado (20). Filho de Jair Bolsonaro, o parlamentar afirmou que \u201cse o STF arguir qualquer coisa, sei l\u00e1, que ele recebeu uma doa\u00e7\u00e3o [&hellip;]<\/p>\n","protected":false},"author":2,"featured_media":21979,"comment_status":"closed","ping_status":"open","sticky":false,"template":"","format":"standard","meta":{"_acf_changed":false,"footnotes":""},"categories":[6],"tags":[380,244,2405,77,756,1606],"class_list":{"0":"post-21978","1":"post","2":"type-post","3":"status-publish","4":"format-standard","5":"has-post-thumbnail","7":"category-noticias","8":"tag-eduardo-bolsonaro","9":"tag-jair-bolsonaro","10":"tag-ministerio-publico-federal","11":"tag-pgr","12":"tag-psl","13":"tag-representacao"},"acf":[],"yoast_head":"<!-- This site is optimized with the Yoast SEO plugin v26.5 - https:\/\/yoast.com\/wordpress\/plugins\/seo\/ -->\n<title>PSOL entra com representa\u00e7\u00e3o na PGR contra declara\u00e7\u00f5es de Eduardo Bolsonaro - PSOL 50<\/title>\n<meta name=\"robots\" content=\"index, follow, max-snippet:-1, max-image-preview:large, max-video-preview:-1\" \/>\n<link rel=\"canonical\" href=\"https:\/\/psol50.org.br\/psol-entra-com-representacao-na-pgr-contra-declaracoes-de-eduardo-bolsonaro\/\" \/>\n<meta property=\"og:locale\" content=\"pt_BR\" \/>\n<meta property=\"og:type\" content=\"article\" \/>\n<meta property=\"og:title\" content=\"PSOL entra com representa\u00e7\u00e3o na PGR contra declara\u00e7\u00f5es de Eduardo Bolsonaro - PSOL 50\" \/>\n<meta property=\"og:description\" content=\"O PSOL protocolou, nesta segunda-feira (22), uma representa\u00e7\u00e3o junto \u00e0 Procuradoria-Geral da Rep\u00fablica (PGR) contra o deputado Eduardo Bolsonaro (PSL-SP), pelas graves declara\u00e7\u00f5es proferidas por ele e vindas a p\u00fablico no \u00faltimo s\u00e1bado (20). Filho de Jair Bolsonaro, o parlamentar afirmou que \u201cse o STF arguir qualquer coisa, sei l\u00e1, que ele recebeu uma doa\u00e7\u00e3o [&hellip;]\" \/>\n<meta property=\"og:url\" content=\"https:\/\/psol50.org.br\/psol-entra-com-representacao-na-pgr-contra-declaracoes-de-eduardo-bolsonaro\/\" \/>\n<meta property=\"og:site_name\" content=\"PSOL 50\" \/>\n<meta property=\"article:publisher\" content=\"https:\/\/www.facebook.com\/psol50\" \/>\n<meta property=\"article:published_time\" content=\"2018-10-22T16:43:16+00:00\" \/>\n<meta property=\"og:image\" content=\"https:\/\/psol50.org.br\/inc\/uploads\/2018\/10\/EduardoBolsonaro_FabioRodriguesPozzebom.jpg\" \/>\n\t<meta property=\"og:image:width\" content=\"800\" \/>\n\t<meta property=\"og:image:height\" content=\"533\" \/>\n\t<meta property=\"og:image:type\" content=\"image\/jpeg\" \/>\n<meta name=\"author\" content=\"Comunica\u00e7\u00e3o PSOL\" \/>\n<meta name=\"twitter:card\" content=\"summary_large_image\" \/>\n<meta name=\"twitter:creator\" content=\"@psol50\" \/>\n<meta name=\"twitter:site\" content=\"@psol50\" \/>\n<meta name=\"twitter:label1\" content=\"Escrito por\" \/>\n\t<meta name=\"twitter:data1\" content=\"Comunica\u00e7\u00e3o PSOL\" \/>\n\t<meta name=\"twitter:label2\" content=\"Est. tempo de leitura\" \/>\n\t<meta name=\"twitter:data2\" content=\"2 minutos\" \/>\n<script type=\"application\/ld+json\" class=\"yoast-schema-graph\">{\"@context\":\"https:\/\/schema.org\",\"@graph\":[{\"@type\":\"Article\",\"@id\":\"https:\/\/psol50.org.br\/psol-entra-com-representacao-na-pgr-contra-declaracoes-de-eduardo-bolsonaro\/#article\",\"isPartOf\":{\"@id\":\"https:\/\/psol50.org.br\/psol-entra-com-representacao-na-pgr-contra-declaracoes-de-eduardo-bolsonaro\/\"},\"author\":{\"name\":\"Comunica\u00e7\u00e3o PSOL\",\"@id\":\"https:\/\/psol50.org.br\/#\/schema\/person\/475dfa57d0b815993c714c2e96491fcd\"},\"headline\":\"PSOL entra com representa\u00e7\u00e3o na PGR contra declara\u00e7\u00f5es de Eduardo Bolsonaro\",\"datePublished\":\"2018-10-22T16:43:16+00:00\",\"mainEntityOfPage\":{\"@id\":\"https:\/\/psol50.org.br\/psol-entra-com-representacao-na-pgr-contra-declaracoes-de-eduardo-bolsonaro\/\"},\"wordCount\":381,\"publisher\":{\"@id\":\"https:\/\/psol50.org.br\/#organization\"},\"image\":{\"@id\":\"https:\/\/psol50.org.br\/psol-entra-com-representacao-na-pgr-contra-declaracoes-de-eduardo-bolsonaro\/#primaryimage\"},\"thumbnailUrl\":\"https:\/\/psol50.org.br\/inc\/uploads\/2018\/10\/EduardoBolsonaro_FabioRodriguesPozzebom.jpg\",\"keywords\":[\"Eduardo Bolsonaro\",\"Jair Bolsonaro\",\"Minist\u00e9rio P\u00fablico Federal\",\"PGR\",\"PSL\",\"representa\u00e7\u00e3o\"],\"articleSection\":[\"Not\u00edcias\"],\"inLanguage\":\"pt-BR\"},{\"@type\":\"WebPage\",\"@id\":\"https:\/\/psol50.org.br\/psol-entra-com-representacao-na-pgr-contra-declaracoes-de-eduardo-bolsonaro\/\",\"url\":\"https:\/\/psol50.org.br\/psol-entra-com-representacao-na-pgr-contra-declaracoes-de-eduardo-bolsonaro\/\",\"name\":\"PSOL entra com representa\u00e7\u00e3o na PGR contra declara\u00e7\u00f5es de Eduardo Bolsonaro - PSOL 50\",\"isPartOf\":{\"@id\":\"https:\/\/psol50.org.br\/#website\"},\"primaryImageOfPage\":{\"@id\":\"https:\/\/psol50.org.br\/psol-entra-com-representacao-na-pgr-contra-declaracoes-de-eduardo-bolsonaro\/#primaryimage\"},\"image\":{\"@id\":\"https:\/\/psol50.org.br\/psol-entra-com-representacao-na-pgr-contra-declaracoes-de-eduardo-bolsonaro\/#primaryimage\"},\"thumbnailUrl\":\"https:\/\/psol50.org.br\/inc\/uploads\/2018\/10\/EduardoBolsonaro_FabioRodriguesPozzebom.jpg\",\"datePublished\":\"2018-10-22T16:43:16+00:00\",\"breadcrumb\":{\"@id\":\"https:\/\/psol50.org.br\/psol-entra-com-representacao-na-pgr-contra-declaracoes-de-eduardo-bolsonaro\/#breadcrumb\"},\"inLanguage\":\"pt-BR\",\"potentialAction\":[{\"@type\":\"ReadAction\",\"target\":[\"https:\/\/psol50.org.br\/psol-entra-com-representacao-na-pgr-contra-declaracoes-de-eduardo-bolsonaro\/\"]}]},{\"@type\":\"ImageObject\",\"inLanguage\":\"pt-BR\",\"@id\":\"https:\/\/psol50.org.br\/psol-entra-com-representacao-na-pgr-contra-declaracoes-de-eduardo-bolsonaro\/#primaryimage\",\"url\":\"https:\/\/psol50.org.br\/inc\/uploads\/2018\/10\/EduardoBolsonaro_FabioRodriguesPozzebom.jpg\",\"contentUrl\":\"https:\/\/psol50.org.br\/inc\/uploads\/2018\/10\/EduardoBolsonaro_FabioRodriguesPozzebom.jpg\",\"width\":800,\"height\":533,\"caption\":\"Foto: Fabio Rodrigues Pozzebom\/ Agencia Brasil\"},{\"@type\":\"BreadcrumbList\",\"@id\":\"https:\/\/psol50.org.br\/psol-entra-com-representacao-na-pgr-contra-declaracoes-de-eduardo-bolsonaro\/#breadcrumb\",\"itemListElement\":[{\"@type\":\"ListItem\",\"position\":1,\"name\":\"In\u00edcio\",\"item\":\"https:\/\/psol50.org.br\/\"},{\"@type\":\"ListItem\",\"position\":2,\"name\":\"PSOL entra com representa\u00e7\u00e3o na PGR contra declara\u00e7\u00f5es de Eduardo Bolsonaro\"}]},{\"@type\":\"WebSite\",\"@id\":\"https:\/\/psol50.org.br\/#website\",\"url\":\"https:\/\/psol50.org.br\/\",\"name\":\"PSOL 50\",\"description\":\"Site oficial do Partido Socialismo e Liberdade\",\"publisher\":{\"@id\":\"https:\/\/psol50.org.br\/#organization\"},\"alternateName\":\"PSOL50\",\"potentialAction\":[{\"@type\":\"SearchAction\",\"target\":{\"@type\":\"EntryPoint\",\"urlTemplate\":\"https:\/\/psol50.org.br\/?s={search_term_string}\"},\"query-input\":{\"@type\":\"PropertyValueSpecification\",\"valueRequired\":true,\"valueName\":\"search_term_string\"}}],\"inLanguage\":\"pt-BR\"},{\"@type\":\"Organization\",\"@id\":\"https:\/\/psol50.org.br\/#organization\",\"name\":\"PSOL 50\",\"alternateName\":\"PSOL 50\",\"url\":\"https:\/\/psol50.org.br\/\",\"logo\":{\"@type\":\"ImageObject\",\"inLanguage\":\"pt-BR\",\"@id\":\"https:\/\/psol50.org.br\/#\/schema\/logo\/image\/\",\"url\":\"https:\/\/psol50.org.br\/inc\/uploads\/2018\/07\/capa.png\",\"contentUrl\":\"https:\/\/psol50.org.br\/inc\/uploads\/2018\/07\/capa.png\",\"width\":1350,\"height\":900,\"caption\":\"PSOL 50\"},\"image\":{\"@id\":\"https:\/\/psol50.org.br\/#\/schema\/logo\/image\/\"},\"sameAs\":[\"https:\/\/www.facebook.com\/psol50\",\"https:\/\/x.com\/psol50\",\"https:\/\/www.instagram.com\/psol50\/\",\"https:\/\/www.youtube.com\/channel\/UC7SnJS5o1os7a6CaiNabzcg\"]},{\"@type\":\"Person\",\"@id\":\"https:\/\/psol50.org.br\/#\/schema\/person\/475dfa57d0b815993c714c2e96491fcd\",\"name\":\"Comunica\u00e7\u00e3o PSOL\",\"image\":{\"@type\":\"ImageObject\",\"inLanguage\":\"pt-BR\",\"@id\":\"https:\/\/psol50.org.br\/#\/schema\/person\/image\/\",\"url\":\"https:\/\/secure.gravatar.com\/avatar\/b34fc4f4e468a4e51785917065a3db57b841f5c95dba6ad8c73aaf8f66f8f9bf?s=96&d=mm&r=g\",\"contentUrl\":\"https:\/\/secure.gravatar.com\/avatar\/b34fc4f4e468a4e51785917065a3db57b841f5c95dba6ad8c73aaf8f66f8f9bf?s=96&d=mm&r=g\",\"caption\":\"Comunica\u00e7\u00e3o PSOL\"}}]}<\/script>\n<!-- \/ Yoast SEO plugin. -->","yoast_head_json":{"title":"PSOL entra com representa\u00e7\u00e3o na PGR contra declara\u00e7\u00f5es de Eduardo Bolsonaro - PSOL 50","robots":{"index":"index","follow":"follow","max-snippet":"max-snippet:-1","max-image-preview":"max-image-preview:large","max-video-preview":"max-video-preview:-1"},"canonical":"https:\/\/psol50.org.br\/psol-entra-com-representacao-na-pgr-contra-declaracoes-de-eduardo-bolsonaro\/","og_locale":"pt_BR","og_type":"article","og_title":"PSOL entra com representa\u00e7\u00e3o na PGR contra declara\u00e7\u00f5es de Eduardo Bolsonaro - PSOL 50","og_description":"O PSOL protocolou, nesta segunda-feira (22), uma representa\u00e7\u00e3o junto \u00e0 Procuradoria-Geral da Rep\u00fablica (PGR) contra o deputado Eduardo Bolsonaro (PSL-SP), pelas graves declara\u00e7\u00f5es proferidas por ele e vindas a p\u00fablico no \u00faltimo s\u00e1bado (20). Filho de Jair Bolsonaro, o parlamentar afirmou que \u201cse o STF arguir qualquer coisa, sei l\u00e1, que ele recebeu uma doa\u00e7\u00e3o [&hellip;]","og_url":"https:\/\/psol50.org.br\/psol-entra-com-representacao-na-pgr-contra-declaracoes-de-eduardo-bolsonaro\/","og_site_name":"PSOL 50","article_publisher":"https:\/\/www.facebook.com\/psol50","article_published_time":"2018-10-22T16:43:16+00:00","og_image":[{"width":800,"height":533,"url":"https:\/\/psol50.org.br\/inc\/uploads\/2018\/10\/EduardoBolsonaro_FabioRodriguesPozzebom.jpg","type":"image\/jpeg"}],"author":"Comunica\u00e7\u00e3o PSOL","twitter_card":"summary_large_image","twitter_creator":"@psol50","twitter_site":"@psol50","twitter_misc":{"Escrito por":"Comunica\u00e7\u00e3o PSOL","Est. tempo de leitura":"2 minutos"},"schema":{"@context":"https:\/\/schema.org","@graph":[{"@type":"Article","@id":"https:\/\/psol50.org.br\/psol-entra-com-representacao-na-pgr-contra-declaracoes-de-eduardo-bolsonaro\/#article","isPartOf":{"@id":"https:\/\/psol50.org.br\/psol-entra-com-representacao-na-pgr-contra-declaracoes-de-eduardo-bolsonaro\/"},"author":{"name":"Comunica\u00e7\u00e3o PSOL","@id":"https:\/\/psol50.org.br\/#\/schema\/person\/475dfa57d0b815993c714c2e96491fcd"},"headline":"PSOL entra com representa\u00e7\u00e3o na PGR contra declara\u00e7\u00f5es de Eduardo Bolsonaro","datePublished":"2018-10-22T16:43:16+00:00","mainEntityOfPage":{"@id":"https:\/\/psol50.org.br\/psol-entra-com-representacao-na-pgr-contra-declaracoes-de-eduardo-bolsonaro\/"},"wordCount":381,"publisher":{"@id":"https:\/\/psol50.org.br\/#organization"},"image":{"@id":"https:\/\/psol50.org.br\/psol-entra-com-representacao-na-pgr-contra-declaracoes-de-eduardo-bolsonaro\/#primaryimage"},"thumbnailUrl":"https:\/\/psol50.org.br\/inc\/uploads\/2018\/10\/EduardoBolsonaro_FabioRodriguesPozzebom.jpg","keywords":["Eduardo Bolsonaro","Jair Bolsonaro","Minist\u00e9rio P\u00fablico Federal","PGR","PSL","representa\u00e7\u00e3o"],"articleSection":["Not\u00edcias"],"inLanguage":"pt-BR"},{"@type":"WebPage","@id":"https:\/\/psol50.org.br\/psol-entra-com-representacao-na-pgr-contra-declaracoes-de-eduardo-bolsonaro\/","url":"https:\/\/psol50.org.br\/psol-entra-com-representacao-na-pgr-contra-declaracoes-de-eduardo-bolsonaro\/","name":"PSOL entra com representa\u00e7\u00e3o na PGR contra declara\u00e7\u00f5es de Eduardo Bolsonaro - PSOL 50","isPartOf":{"@id":"https:\/\/psol50.org.br\/#website"},"primaryImageOfPage":{"@id":"https:\/\/psol50.org.br\/psol-entra-com-representacao-na-pgr-contra-declaracoes-de-eduardo-bolsonaro\/#primaryimage"},"image":{"@id":"https:\/\/psol50.org.br\/psol-entra-com-representacao-na-pgr-contra-declaracoes-de-eduardo-bolsonaro\/#primaryimage"},"thumbnailUrl":"https:\/\/psol50.org.br\/inc\/uploads\/2018\/10\/EduardoBolsonaro_FabioRodriguesPozzebom.jpg","datePublished":"2018-10-22T16:43:16+00:00","breadcrumb":{"@id":"https:\/\/psol50.org.br\/psol-entra-com-representacao-na-pgr-contra-declaracoes-de-eduardo-bolsonaro\/#breadcrumb"},"inLanguage":"pt-BR","potentialAction":[{"@type":"ReadAction","target":["https:\/\/psol50.org.br\/psol-entra-com-representacao-na-pgr-contra-declaracoes-de-eduardo-bolsonaro\/"]}]},{"@type":"ImageObject","inLanguage":"pt-BR","@id":"https:\/\/psol50.org.br\/psol-entra-com-representacao-na-pgr-contra-declaracoes-de-eduardo-bolsonaro\/#primaryimage","url":"https:\/\/psol50.org.br\/inc\/uploads\/2018\/10\/EduardoBolsonaro_FabioRodriguesPozzebom.jpg","contentUrl":"https:\/\/psol50.org.br\/inc\/uploads\/2018\/10\/EduardoBolsonaro_FabioRodriguesPozzebom.jpg","width":800,"height":533,"caption":"Foto: Fabio Rodrigues Pozzebom\/ Agencia Brasil"},{"@type":"BreadcrumbList","@id":"https:\/\/psol50.org.br\/psol-entra-com-representacao-na-pgr-contra-declaracoes-de-eduardo-bolsonaro\/#breadcrumb","itemListElement":[{"@type":"ListItem","position":1,"name":"In\u00edcio","item":"https:\/\/psol50.org.br\/"},{"@type":"ListItem","position":2,"name":"PSOL entra com representa\u00e7\u00e3o na PGR contra declara\u00e7\u00f5es de Eduardo Bolsonaro"}]},{"@type":"WebSite","@id":"https:\/\/psol50.org.br\/#website","url":"https:\/\/psol50.org.br\/","name":"PSOL 50","description":"Site oficial do Partido Socialismo e Liberdade","publisher":{"@id":"https:\/\/psol50.org.br\/#organization"},"alternateName":"PSOL50","potentialAction":[{"@type":"SearchAction","target":{"@type":"EntryPoint","urlTemplate":"https:\/\/psol50.org.br\/?s={search_term_string}"},"query-input":{"@type":"PropertyValueSpecification","valueRequired":true,"valueName":"search_term_string"}}],"inLanguage":"pt-BR"},{"@type":"Organization","@id":"https:\/\/psol50.org.br\/#organization","name":"PSOL 50","alternateName":"PSOL 50","url":"https:\/\/psol50.org.br\/","logo":{"@type":"ImageObject","inLanguage":"pt-BR","@id":"https:\/\/psol50.org.br\/#\/schema\/logo\/image\/","url":"https:\/\/psol50.org.br\/inc\/uploads\/2018\/07\/capa.png","contentUrl":"https:\/\/psol50.org.br\/inc\/uploads\/2018\/07\/capa.png","width":1350,"height":900,"caption":"PSOL 50"},"image":{"@id":"https:\/\/psol50.org.br\/#\/schema\/logo\/image\/"},"sameAs":["https:\/\/www.facebook.com\/psol50","https:\/\/x.com\/psol50","https:\/\/www.instagram.com\/psol50\/","https:\/\/www.youtube.com\/channel\/UC7SnJS5o1os7a6CaiNabzcg"]},{"@type":"Person","@id":"https:\/\/psol50.org.br\/#\/schema\/person\/475dfa57d0b815993c714c2e96491fcd","name":"Comunica\u00e7\u00e3o PSOL","image":{"@type":"ImageObject","inLanguage":"pt-BR","@id":"https:\/\/psol50.org.br\/#\/schema\/person\/image\/","url":"https:\/\/secure.gravatar.com\/avatar\/b34fc4f4e468a4e51785917065a3db57b841f5c95dba6ad8c73aaf8f66f8f9bf?s=96&d=mm&r=g","contentUrl":"https:\/\/secure.gravatar.com\/avatar\/b34fc4f4e468a4e51785917065a3db57b841f5c95dba6ad8c73aaf8f66f8f9bf?s=96&d=mm&r=g","caption":"Comunica\u00e7\u00e3o PSOL"}}]}},"_links":{"self":[{"href":"https:\/\/psol50.org.br\/rest\/wp\/v2\/posts\/21978","targetHints":{"allow":["GET"]}}],"collection":[{"href":"https:\/\/psol50.org.br\/rest\/wp\/v2\/posts"}],"about":[{"href":"https:\/\/psol50.org.br\/rest\/wp\/v2\/types\/post"}],"author":[{"embeddable":true,"href":"https:\/\/psol50.org.br\/rest\/wp\/v2\/users\/2"}],"replies":[{"embeddable":true,"href":"https:\/\/psol50.org.br\/rest\/wp\/v2\/comments?post=21978"}],"version-history":[{"count":0,"href":"https:\/\/psol50.org.br\/rest\/wp\/v2\/posts\/21978\/revisions"}],"wp:featuredmedia":[{"embeddable":true,"href":"https:\/\/psol50.org.br\/rest\/wp\/v2\/media\/21979"}],"wp:attachment":[{"href":"https:\/\/psol50.org.br\/rest\/wp\/v2\/media?parent=21978"}],"wp:term":[{"taxonomy":"category","embeddable":true,"href":"https:\/\/psol50.org.br\/rest\/wp\/v2\/categories?post=21978"},{"taxonomy":"post_tag","embeddable":true,"href":"https:\/\/psol50.org.br\/rest\/wp\/v2\/tags?post=21978"}],"curies":[{"name":"wp","href":"https:\/\/api.w.org\/{rel}","templated":true}]}}