{"id":21988,"date":"2018-10-25T12:52:47","date_gmt":"2018-10-25T15:52:47","guid":{"rendered":"http:\/\/psol50.org.br\/?p=21988"},"modified":"2018-10-25T12:52:47","modified_gmt":"2018-10-25T15:52:47","slug":"bancada-do-psol-denuncia-bolsonaro-na-pgr-por-ameacas-proferidas-em-discurso","status":"publish","type":"post","link":"https:\/\/psol50.org.br\/bancada-do-psol-denuncia-bolsonaro-na-pgr-por-ameacas-proferidas-em-discurso\/","title":{"rendered":"Bancada do PSOL denuncia Bolsonaro na PGR por amea\u00e7as proferidas em discurso"},"content":{"rendered":"<p><span id=\"fbPhotoSnowliftCaption\" class=\"fbPhotosPhotoCaption\" tabindex=\"0\" aria-live=\"polite\" data-ft=\"{&quot;tn&quot;:&quot;K&quot;}\"><span class=\"hasCaption\">A bancada do <a href=\"https:\/\/www.facebook.com\/psolnacamara\/?__tn__=%2CdK%2AF-R&amp;eid=ARAxW9Wda24VkOcu5qAuSftY2LQ4wv_2LU1uwyVoSQwG1pLLK3MjshbdQYHkrTrb73nbZ44w79EtZoiV\" data-hovercard=\"\/ajax\/hovercard\/page.php?id=197749170329322&amp;extragetparams=%7B%22__tn__%22%3A%22%2CdK%2AF-R%22%2C%22eid%22%3A%22ARAxW9Wda24VkOcu5qAuSftY2LQ4wv_2LU1uwyVoSQwG1pLLK3MjshbdQYHkrTrb73nbZ44w79EtZoiV%22%2C%22directed_target_id%22%3Anull%2C%22groups_location%22%3Anull%7D\" data-hovercard-prefer-more-content-show=\"1\"><strong>PSOL na C\u00e2mara<\/strong><\/a> protocolou, nesta quarta-feira (24\/10), na Procuradoria Geral da Rep\u00fablica (PGR), representa\u00e7\u00e3o contra o deputado federal e candidato \u00e0 Presid\u00eancia da Rep\u00fablica pelo PSL, Jair Bolsonaro (RJ), devido \u00e0s graves declara\u00e7\u00f5es durante ato de campanha, em S\u00e3o Paulo, no \u00faltimo domingo (21).<\/span><\/span><\/p>\n<p>Por videoconfer\u00eancia, Bolsonaro proferiu discurso de \u00f3dio contra seus opositores, atentando <span class=\"text_exposed_show\">contra o Estado Democr\u00e1tico de Direito. Na avalia\u00e7\u00e3o do PSOL, o discurso configura, em tese, viola\u00e7\u00e3o ao C\u00f3digo Penal: crime de amea\u00e7a (art. 147), incita\u00e7\u00e3o \u00e0 viol\u00eancia (art. 286) e apologia de crime ou fato criminoso (art. 287).<\/span><\/p>\n<p>Na representa\u00e7\u00e3o, o PSOL pede investiga\u00e7\u00e3o dos fatos e que sejam tomadas as devidas provid\u00eancias civis e\/ou penais, visando o cumprimento da Lei e da Constitui\u00e7\u00e3o. \u201cA liberdade de se expressar n\u00e3o pode se confundir com o discurso de \u00f3dio, o incentivo \u00e0 viol\u00eancia e a reprodu\u00e7\u00e3o de preconceitos sociais, raciais, \u00e9tnicos e de g\u00eanero\u201d, destaca o PSOL.<\/p>\n<p>&#8220;H\u00e1 mil formas de usar o bem p\u00fablico para a promo\u00e7\u00e3o pessoal e eleitoral. \u00c9 preciso ir desmontando uma a uma, e, de minha parte, farei isso at\u00e9 o final do mandato,&#8221; afirmou o l\u00edder do PSOL, deputado Chico Alencar (RJ).<\/p>\n","protected":false},"excerpt":{"rendered":"<p>A bancada do PSOL na C\u00e2mara protocolou, nesta quarta-feira (24\/10), na Procuradoria Geral da Rep\u00fablica (PGR), representa\u00e7\u00e3o contra o deputado federal e candidato \u00e0 Presid\u00eancia da Rep\u00fablica pelo PSL, Jair Bolsonaro (RJ), devido \u00e0s graves declara\u00e7\u00f5es durante ato de campanha, em S\u00e3o Paulo, no \u00faltimo domingo (21). Por videoconfer\u00eancia, Bolsonaro proferiu discurso de \u00f3dio contra [&hellip;]<\/p>\n","protected":false},"author":2,"featured_media":21571,"comment_status":"closed","ping_status":"open","sticky":false,"template":"","format":"standard","meta":{"_acf_changed":false,"footnotes":""},"categories":[6],"tags":[67,244,77,417,1606],"class_list":{"0":"post-21988","1":"post","2":"type-post","3":"status-publish","4":"format-standard","5":"has-post-thumbnail","7":"category-noticias","8":"tag-discurso","9":"tag-jair-bolsonaro","10":"tag-pgr","11":"tag-psol-na-camara","12":"tag-representacao"},"acf":[],"yoast_head":"<!-- This site is optimized with the Yoast SEO plugin v26.5 - https:\/\/yoast.com\/wordpress\/plugins\/seo\/ -->\n<title>Bancada do PSOL denuncia Bolsonaro na PGR por amea\u00e7as proferidas em discurso - PSOL 50<\/title>\n<meta name=\"robots\" content=\"index, follow, max-snippet:-1, max-image-preview:large, max-video-preview:-1\" \/>\n<link rel=\"canonical\" href=\"https:\/\/psol50.org.br\/bancada-do-psol-denuncia-bolsonaro-na-pgr-por-ameacas-proferidas-em-discurso\/\" \/>\n<meta property=\"og:locale\" content=\"pt_BR\" \/>\n<meta property=\"og:type\" content=\"article\" \/>\n<meta property=\"og:title\" content=\"Bancada do PSOL denuncia Bolsonaro na PGR por amea\u00e7as proferidas em discurso - PSOL 50\" \/>\n<meta property=\"og:description\" content=\"A bancada do PSOL na C\u00e2mara protocolou, nesta quarta-feira (24\/10), na Procuradoria Geral da Rep\u00fablica (PGR), representa\u00e7\u00e3o contra o deputado federal e candidato \u00e0 Presid\u00eancia da Rep\u00fablica pelo PSL, Jair Bolsonaro (RJ), devido \u00e0s graves declara\u00e7\u00f5es durante ato de campanha, em S\u00e3o Paulo, no \u00faltimo domingo (21). Por videoconfer\u00eancia, Bolsonaro proferiu discurso de \u00f3dio contra [&hellip;]\" \/>\n<meta property=\"og:url\" content=\"https:\/\/psol50.org.br\/bancada-do-psol-denuncia-bolsonaro-na-pgr-por-ameacas-proferidas-em-discurso\/\" \/>\n<meta property=\"og:site_name\" content=\"PSOL 50\" \/>\n<meta property=\"article:publisher\" content=\"https:\/\/www.facebook.com\/psol50\" \/>\n<meta property=\"article:published_time\" content=\"2018-10-25T15:52:47+00:00\" \/>\n<meta property=\"og:image\" content=\"https:\/\/psol50.org.br\/inc\/uploads\/2018\/09\/bolsonaro-marcelocamargo-abr-546x365-1.jpg\" \/>\n\t<meta property=\"og:image:width\" content=\"546\" \/>\n\t<meta property=\"og:image:height\" content=\"365\" \/>\n\t<meta property=\"og:image:type\" content=\"image\/jpeg\" \/>\n<meta name=\"author\" content=\"Comunica\u00e7\u00e3o PSOL\" \/>\n<meta name=\"twitter:card\" content=\"summary_large_image\" \/>\n<meta name=\"twitter:creator\" content=\"@psol50\" \/>\n<meta name=\"twitter:site\" content=\"@psol50\" \/>\n<meta name=\"twitter:label1\" content=\"Escrito por\" \/>\n\t<meta name=\"twitter:data1\" content=\"Comunica\u00e7\u00e3o PSOL\" \/>\n\t<meta name=\"twitter:label2\" content=\"Est. tempo de leitura\" \/>\n\t<meta name=\"twitter:data2\" content=\"1 minuto\" \/>\n<script type=\"application\/ld+json\" class=\"yoast-schema-graph\">{\"@context\":\"https:\/\/schema.org\",\"@graph\":[{\"@type\":\"Article\",\"@id\":\"https:\/\/psol50.org.br\/bancada-do-psol-denuncia-bolsonaro-na-pgr-por-ameacas-proferidas-em-discurso\/#article\",\"isPartOf\":{\"@id\":\"https:\/\/psol50.org.br\/bancada-do-psol-denuncia-bolsonaro-na-pgr-por-ameacas-proferidas-em-discurso\/\"},\"author\":{\"name\":\"Comunica\u00e7\u00e3o PSOL\",\"@id\":\"https:\/\/psol50.org.br\/#\/schema\/person\/475dfa57d0b815993c714c2e96491fcd\"},\"headline\":\"Bancada do PSOL denuncia Bolsonaro na PGR por amea\u00e7as proferidas em discurso\",\"datePublished\":\"2018-10-25T15:52:47+00:00\",\"mainEntityOfPage\":{\"@id\":\"https:\/\/psol50.org.br\/bancada-do-psol-denuncia-bolsonaro-na-pgr-por-ameacas-proferidas-em-discurso\/\"},\"wordCount\":226,\"publisher\":{\"@id\":\"https:\/\/psol50.org.br\/#organization\"},\"image\":{\"@id\":\"https:\/\/psol50.org.br\/bancada-do-psol-denuncia-bolsonaro-na-pgr-por-ameacas-proferidas-em-discurso\/#primaryimage\"},\"thumbnailUrl\":\"https:\/\/psol50.org.br\/inc\/uploads\/2018\/09\/bolsonaro-marcelocamargo-abr-546x365-1.jpg\",\"keywords\":[\"discurso\",\"Jair Bolsonaro\",\"PGR\",\"PSOL na C\u00e2mara\",\"representa\u00e7\u00e3o\"],\"articleSection\":[\"Not\u00edcias\"],\"inLanguage\":\"pt-BR\"},{\"@type\":\"WebPage\",\"@id\":\"https:\/\/psol50.org.br\/bancada-do-psol-denuncia-bolsonaro-na-pgr-por-ameacas-proferidas-em-discurso\/\",\"url\":\"https:\/\/psol50.org.br\/bancada-do-psol-denuncia-bolsonaro-na-pgr-por-ameacas-proferidas-em-discurso\/\",\"name\":\"Bancada do PSOL denuncia Bolsonaro na PGR por amea\u00e7as proferidas em discurso - PSOL 50\",\"isPartOf\":{\"@id\":\"https:\/\/psol50.org.br\/#website\"},\"primaryImageOfPage\":{\"@id\":\"https:\/\/psol50.org.br\/bancada-do-psol-denuncia-bolsonaro-na-pgr-por-ameacas-proferidas-em-discurso\/#primaryimage\"},\"image\":{\"@id\":\"https:\/\/psol50.org.br\/bancada-do-psol-denuncia-bolsonaro-na-pgr-por-ameacas-proferidas-em-discurso\/#primaryimage\"},\"thumbnailUrl\":\"https:\/\/psol50.org.br\/inc\/uploads\/2018\/09\/bolsonaro-marcelocamargo-abr-546x365-1.jpg\",\"datePublished\":\"2018-10-25T15:52:47+00:00\",\"breadcrumb\":{\"@id\":\"https:\/\/psol50.org.br\/bancada-do-psol-denuncia-bolsonaro-na-pgr-por-ameacas-proferidas-em-discurso\/#breadcrumb\"},\"inLanguage\":\"pt-BR\",\"potentialAction\":[{\"@type\":\"ReadAction\",\"target\":[\"https:\/\/psol50.org.br\/bancada-do-psol-denuncia-bolsonaro-na-pgr-por-ameacas-proferidas-em-discurso\/\"]}]},{\"@type\":\"ImageObject\",\"inLanguage\":\"pt-BR\",\"@id\":\"https:\/\/psol50.org.br\/bancada-do-psol-denuncia-bolsonaro-na-pgr-por-ameacas-proferidas-em-discurso\/#primaryimage\",\"url\":\"https:\/\/psol50.org.br\/inc\/uploads\/2018\/09\/bolsonaro-marcelocamargo-abr-546x365-1.jpg\",\"contentUrl\":\"https:\/\/psol50.org.br\/inc\/uploads\/2018\/09\/bolsonaro-marcelocamargo-abr-546x365-1.jpg\",\"width\":546,\"height\":365},{\"@type\":\"BreadcrumbList\",\"@id\":\"https:\/\/psol50.org.br\/bancada-do-psol-denuncia-bolsonaro-na-pgr-por-ameacas-proferidas-em-discurso\/#breadcrumb\",\"itemListElement\":[{\"@type\":\"ListItem\",\"position\":1,\"name\":\"In\u00edcio\",\"item\":\"https:\/\/psol50.org.br\/\"},{\"@type\":\"ListItem\",\"position\":2,\"name\":\"Bancada do PSOL denuncia Bolsonaro na PGR por amea\u00e7as proferidas em discurso\"}]},{\"@type\":\"WebSite\",\"@id\":\"https:\/\/psol50.org.br\/#website\",\"url\":\"https:\/\/psol50.org.br\/\",\"name\":\"PSOL 50\",\"description\":\"Site oficial do Partido Socialismo e Liberdade\",\"publisher\":{\"@id\":\"https:\/\/psol50.org.br\/#organization\"},\"alternateName\":\"PSOL50\",\"potentialAction\":[{\"@type\":\"SearchAction\",\"target\":{\"@type\":\"EntryPoint\",\"urlTemplate\":\"https:\/\/psol50.org.br\/?s={search_term_string}\"},\"query-input\":{\"@type\":\"PropertyValueSpecification\",\"valueRequired\":true,\"valueName\":\"search_term_string\"}}],\"inLanguage\":\"pt-BR\"},{\"@type\":\"Organization\",\"@id\":\"https:\/\/psol50.org.br\/#organization\",\"name\":\"PSOL 50\",\"alternateName\":\"PSOL 50\",\"url\":\"https:\/\/psol50.org.br\/\",\"logo\":{\"@type\":\"ImageObject\",\"inLanguage\":\"pt-BR\",\"@id\":\"https:\/\/psol50.org.br\/#\/schema\/logo\/image\/\",\"url\":\"https:\/\/psol50.org.br\/inc\/uploads\/2018\/07\/capa.png\",\"contentUrl\":\"https:\/\/psol50.org.br\/inc\/uploads\/2018\/07\/capa.png\",\"width\":1350,\"height\":900,\"caption\":\"PSOL 50\"},\"image\":{\"@id\":\"https:\/\/psol50.org.br\/#\/schema\/logo\/image\/\"},\"sameAs\":[\"https:\/\/www.facebook.com\/psol50\",\"https:\/\/x.com\/psol50\",\"https:\/\/www.instagram.com\/psol50\/\",\"https:\/\/www.youtube.com\/channel\/UC7SnJS5o1os7a6CaiNabzcg\"]},{\"@type\":\"Person\",\"@id\":\"https:\/\/psol50.org.br\/#\/schema\/person\/475dfa57d0b815993c714c2e96491fcd\",\"name\":\"Comunica\u00e7\u00e3o PSOL\",\"image\":{\"@type\":\"ImageObject\",\"inLanguage\":\"pt-BR\",\"@id\":\"https:\/\/psol50.org.br\/#\/schema\/person\/image\/\",\"url\":\"https:\/\/secure.gravatar.com\/avatar\/b34fc4f4e468a4e51785917065a3db57b841f5c95dba6ad8c73aaf8f66f8f9bf?s=96&d=mm&r=g\",\"contentUrl\":\"https:\/\/secure.gravatar.com\/avatar\/b34fc4f4e468a4e51785917065a3db57b841f5c95dba6ad8c73aaf8f66f8f9bf?s=96&d=mm&r=g\",\"caption\":\"Comunica\u00e7\u00e3o PSOL\"}}]}<\/script>\n<!-- \/ Yoast SEO plugin. -->","yoast_head_json":{"title":"Bancada do PSOL denuncia Bolsonaro na PGR por amea\u00e7as proferidas em discurso - PSOL 50","robots":{"index":"index","follow":"follow","max-snippet":"max-snippet:-1","max-image-preview":"max-image-preview:large","max-video-preview":"max-video-preview:-1"},"canonical":"https:\/\/psol50.org.br\/bancada-do-psol-denuncia-bolsonaro-na-pgr-por-ameacas-proferidas-em-discurso\/","og_locale":"pt_BR","og_type":"article","og_title":"Bancada do PSOL denuncia Bolsonaro na PGR por amea\u00e7as proferidas em discurso - PSOL 50","og_description":"A bancada do PSOL na C\u00e2mara protocolou, nesta quarta-feira (24\/10), na Procuradoria Geral da Rep\u00fablica (PGR), representa\u00e7\u00e3o contra o deputado federal e candidato \u00e0 Presid\u00eancia da Rep\u00fablica pelo PSL, Jair Bolsonaro (RJ), devido \u00e0s graves declara\u00e7\u00f5es durante ato de campanha, em S\u00e3o Paulo, no \u00faltimo domingo (21). Por videoconfer\u00eancia, Bolsonaro proferiu discurso de \u00f3dio contra [&hellip;]","og_url":"https:\/\/psol50.org.br\/bancada-do-psol-denuncia-bolsonaro-na-pgr-por-ameacas-proferidas-em-discurso\/","og_site_name":"PSOL 50","article_publisher":"https:\/\/www.facebook.com\/psol50","article_published_time":"2018-10-25T15:52:47+00:00","og_image":[{"width":546,"height":365,"url":"https:\/\/psol50.org.br\/inc\/uploads\/2018\/09\/bolsonaro-marcelocamargo-abr-546x365-1.jpg","type":"image\/jpeg"}],"author":"Comunica\u00e7\u00e3o PSOL","twitter_card":"summary_large_image","twitter_creator":"@psol50","twitter_site":"@psol50","twitter_misc":{"Escrito por":"Comunica\u00e7\u00e3o PSOL","Est. tempo de leitura":"1 minuto"},"schema":{"@context":"https:\/\/schema.org","@graph":[{"@type":"Article","@id":"https:\/\/psol50.org.br\/bancada-do-psol-denuncia-bolsonaro-na-pgr-por-ameacas-proferidas-em-discurso\/#article","isPartOf":{"@id":"https:\/\/psol50.org.br\/bancada-do-psol-denuncia-bolsonaro-na-pgr-por-ameacas-proferidas-em-discurso\/"},"author":{"name":"Comunica\u00e7\u00e3o PSOL","@id":"https:\/\/psol50.org.br\/#\/schema\/person\/475dfa57d0b815993c714c2e96491fcd"},"headline":"Bancada do PSOL denuncia Bolsonaro na PGR por amea\u00e7as proferidas em discurso","datePublished":"2018-10-25T15:52:47+00:00","mainEntityOfPage":{"@id":"https:\/\/psol50.org.br\/bancada-do-psol-denuncia-bolsonaro-na-pgr-por-ameacas-proferidas-em-discurso\/"},"wordCount":226,"publisher":{"@id":"https:\/\/psol50.org.br\/#organization"},"image":{"@id":"https:\/\/psol50.org.br\/bancada-do-psol-denuncia-bolsonaro-na-pgr-por-ameacas-proferidas-em-discurso\/#primaryimage"},"thumbnailUrl":"https:\/\/psol50.org.br\/inc\/uploads\/2018\/09\/bolsonaro-marcelocamargo-abr-546x365-1.jpg","keywords":["discurso","Jair Bolsonaro","PGR","PSOL na C\u00e2mara","representa\u00e7\u00e3o"],"articleSection":["Not\u00edcias"],"inLanguage":"pt-BR"},{"@type":"WebPage","@id":"https:\/\/psol50.org.br\/bancada-do-psol-denuncia-bolsonaro-na-pgr-por-ameacas-proferidas-em-discurso\/","url":"https:\/\/psol50.org.br\/bancada-do-psol-denuncia-bolsonaro-na-pgr-por-ameacas-proferidas-em-discurso\/","name":"Bancada do PSOL denuncia Bolsonaro na PGR por amea\u00e7as proferidas em discurso - PSOL 50","isPartOf":{"@id":"https:\/\/psol50.org.br\/#website"},"primaryImageOfPage":{"@id":"https:\/\/psol50.org.br\/bancada-do-psol-denuncia-bolsonaro-na-pgr-por-ameacas-proferidas-em-discurso\/#primaryimage"},"image":{"@id":"https:\/\/psol50.org.br\/bancada-do-psol-denuncia-bolsonaro-na-pgr-por-ameacas-proferidas-em-discurso\/#primaryimage"},"thumbnailUrl":"https:\/\/psol50.org.br\/inc\/uploads\/2018\/09\/bolsonaro-marcelocamargo-abr-546x365-1.jpg","datePublished":"2018-10-25T15:52:47+00:00","breadcrumb":{"@id":"https:\/\/psol50.org.br\/bancada-do-psol-denuncia-bolsonaro-na-pgr-por-ameacas-proferidas-em-discurso\/#breadcrumb"},"inLanguage":"pt-BR","potentialAction":[{"@type":"ReadAction","target":["https:\/\/psol50.org.br\/bancada-do-psol-denuncia-bolsonaro-na-pgr-por-ameacas-proferidas-em-discurso\/"]}]},{"@type":"ImageObject","inLanguage":"pt-BR","@id":"https:\/\/psol50.org.br\/bancada-do-psol-denuncia-bolsonaro-na-pgr-por-ameacas-proferidas-em-discurso\/#primaryimage","url":"https:\/\/psol50.org.br\/inc\/uploads\/2018\/09\/bolsonaro-marcelocamargo-abr-546x365-1.jpg","contentUrl":"https:\/\/psol50.org.br\/inc\/uploads\/2018\/09\/bolsonaro-marcelocamargo-abr-546x365-1.jpg","width":546,"height":365},{"@type":"BreadcrumbList","@id":"https:\/\/psol50.org.br\/bancada-do-psol-denuncia-bolsonaro-na-pgr-por-ameacas-proferidas-em-discurso\/#breadcrumb","itemListElement":[{"@type":"ListItem","position":1,"name":"In\u00edcio","item":"https:\/\/psol50.org.br\/"},{"@type":"ListItem","position":2,"name":"Bancada do PSOL denuncia Bolsonaro na PGR por amea\u00e7as proferidas em discurso"}]},{"@type":"WebSite","@id":"https:\/\/psol50.org.br\/#website","url":"https:\/\/psol50.org.br\/","name":"PSOL 50","description":"Site oficial do Partido Socialismo e Liberdade","publisher":{"@id":"https:\/\/psol50.org.br\/#organization"},"alternateName":"PSOL50","potentialAction":[{"@type":"SearchAction","target":{"@type":"EntryPoint","urlTemplate":"https:\/\/psol50.org.br\/?s={search_term_string}"},"query-input":{"@type":"PropertyValueSpecification","valueRequired":true,"valueName":"search_term_string"}}],"inLanguage":"pt-BR"},{"@type":"Organization","@id":"https:\/\/psol50.org.br\/#organization","name":"PSOL 50","alternateName":"PSOL 50","url":"https:\/\/psol50.org.br\/","logo":{"@type":"ImageObject","inLanguage":"pt-BR","@id":"https:\/\/psol50.org.br\/#\/schema\/logo\/image\/","url":"https:\/\/psol50.org.br\/inc\/uploads\/2018\/07\/capa.png","contentUrl":"https:\/\/psol50.org.br\/inc\/uploads\/2018\/07\/capa.png","width":1350,"height":900,"caption":"PSOL 50"},"image":{"@id":"https:\/\/psol50.org.br\/#\/schema\/logo\/image\/"},"sameAs":["https:\/\/www.facebook.com\/psol50","https:\/\/x.com\/psol50","https:\/\/www.instagram.com\/psol50\/","https:\/\/www.youtube.com\/channel\/UC7SnJS5o1os7a6CaiNabzcg"]},{"@type":"Person","@id":"https:\/\/psol50.org.br\/#\/schema\/person\/475dfa57d0b815993c714c2e96491fcd","name":"Comunica\u00e7\u00e3o PSOL","image":{"@type":"ImageObject","inLanguage":"pt-BR","@id":"https:\/\/psol50.org.br\/#\/schema\/person\/image\/","url":"https:\/\/secure.gravatar.com\/avatar\/b34fc4f4e468a4e51785917065a3db57b841f5c95dba6ad8c73aaf8f66f8f9bf?s=96&d=mm&r=g","contentUrl":"https:\/\/secure.gravatar.com\/avatar\/b34fc4f4e468a4e51785917065a3db57b841f5c95dba6ad8c73aaf8f66f8f9bf?s=96&d=mm&r=g","caption":"Comunica\u00e7\u00e3o PSOL"}}]}},"_links":{"self":[{"href":"https:\/\/psol50.org.br\/rest\/wp\/v2\/posts\/21988","targetHints":{"allow":["GET"]}}],"collection":[{"href":"https:\/\/psol50.org.br\/rest\/wp\/v2\/posts"}],"about":[{"href":"https:\/\/psol50.org.br\/rest\/wp\/v2\/types\/post"}],"author":[{"embeddable":true,"href":"https:\/\/psol50.org.br\/rest\/wp\/v2\/users\/2"}],"replies":[{"embeddable":true,"href":"https:\/\/psol50.org.br\/rest\/wp\/v2\/comments?post=21988"}],"version-history":[{"count":0,"href":"https:\/\/psol50.org.br\/rest\/wp\/v2\/posts\/21988\/revisions"}],"wp:featuredmedia":[{"embeddable":true,"href":"https:\/\/psol50.org.br\/rest\/wp\/v2\/media\/21571"}],"wp:attachment":[{"href":"https:\/\/psol50.org.br\/rest\/wp\/v2\/media?parent=21988"}],"wp:term":[{"taxonomy":"category","embeddable":true,"href":"https:\/\/psol50.org.br\/rest\/wp\/v2\/categories?post=21988"},{"taxonomy":"post_tag","embeddable":true,"href":"https:\/\/psol50.org.br\/rest\/wp\/v2\/tags?post=21988"}],"curies":[{"name":"wp","href":"https:\/\/api.w.org\/{rel}","templated":true}]}}