{"id":2199,"date":"2013-08-15T00:00:00","date_gmt":"2013-08-15T00:00:00","guid":{"rendered":"http:\/\/psol50.org.br\/arquivo\/2013\/08\/15\/ato-promovido-por-trabalhadores-do-metro-de-sao-paulo-denuncia-ma-qualidade-do-transporte-publico\/"},"modified":"2013-08-15T00:00:00","modified_gmt":"2013-08-15T00:00:00","slug":"ato-promovido-por-trabalhadores-do-metro-de-sao-paulo-denuncia-ma-qualidade-do-transporte-publico","status":"publish","type":"post","link":"https:\/\/psol50.org.br\/ato-promovido-por-trabalhadores-do-metro-de-sao-paulo-denuncia-ma-qualidade-do-transporte-publico\/","title":{"rendered":"Ato promovido por trabalhadores do metr\u00f4 de S\u00e3o Paulo denuncia m\u00e1 qualidade do transporte p\u00fablico"},"content":{"rendered":"<p style=\"text-align: justify;\">\n\t<em>Do site do PSOL Nacional, Leonor Costa<\/p>\n<p>\tMPL e militantes do PSOL engrossam manifesta\u00e7\u00e3o, que tamb\u00e9m pediu o &#8220;Fora Alckmin&#8221; e questionou esquema envolvendo governos do PSDB e grandes empresas em obras do metr\u00f4 da capital paulista<\/em><br \/>\n\t&nbsp;<br \/>\n\tQuase dois meses ap\u00f3s a chamada &#8220;jornada de junho&#8221;, quando em v\u00e1rias capitais do pa\u00eds milhares de pessoas se manifestaram por uma pauta extensa de reivindica\u00e7\u00f5es, incluindo o transporte p\u00fablico de qualidade, trabalhadores do metr\u00f4 de S\u00e3o Paulo foram \u00e0s ruas da capital paulista na tarde desta quarta-feira (14) para denunciar a m\u00e1 qualidade do sistema de transporte p\u00fablico e o sistema de cartel, envolvendo governos do PSDB e grandes empresas, conforme vem divulgando jornais da grande imprensa. A manifesta\u00e7\u00e3o, organizada pelo Sindicato dos Metrovi\u00e1rios de S\u00e3o Paulo e cuja concentra\u00e7\u00e3o foi por volta das 15h30, no Vale do Anhangaba\u00fa, contou com o apoio do Movimento Passe Livre (MPL) e de militantes de v\u00e1rias organiza\u00e7\u00f5es de esquerda. A milit\u00e2ncia do PSOL engrossou a manifesta\u00e7\u00e3o, que tamb\u00e9m gritou palavras de ordem que pedia o &#8220;Fora Alckmim&#8221;, fazendo uma refer\u00eancia ao governador do estado de S\u00e3o Paulo, do PSDB.<br \/>\n\t&nbsp;<br \/>\n\tSegundo Nina Cappello, do MPL, a manifesta\u00e7\u00e3o \u00e9 contra uma crise estrutural na pol\u00edtica conduzida pelo governo estadual. &#8220;Seguimos defendendo tarifa zero e controle da popula\u00e7\u00e3o sobre pol\u00edtica de transporte&#8221;, afirmou Nina.<br \/>\n\t&nbsp;<br \/>\n\tOs mais de 5 mil manifestantes traziam em suas faixas e cartazes temas que dialogam com a situa\u00e7\u00e3o do transporte p\u00fablico do Estado, as den\u00fancias contra os sucessivos governos do PSDB, o alto pre\u00e7o da tarifa de metr\u00f4 e \u00f4nibus e o monop\u00f3lio da m\u00eddia. Em caminhada, eles sa\u00edram do Vale do Anhangaba\u00fa, passaram pela Prefeitura Municipal, pela Pra\u00e7a da S\u00e9 e chegaram at\u00e9 a Secretaria Estadual de Transporte P\u00fablico, onde promoveram um ato pol\u00edtico.<br \/>\n\t&nbsp;<br \/>\n\tDe acordo com o membro do Diret\u00f3rio Estadual do PSOL Marcelo Aguirre, que esteve no ato, uma comiss\u00e3o, representando o movimento, entrou na Secretaria de Transporte para entregar a pauta de reivindica\u00e7\u00f5es ao governo,&nbsp;que pedia o fim das terceiriza\u00e7\u00f5es e das privatiza\u00e7\u00f5es no transporte metroferrovi\u00e1rio, redu\u00e7\u00e3o da tarifa, investiga\u00e7\u00e3o das den\u00fancias de corrup\u00e7\u00e3o e puni\u00e7\u00e3o dos respons\u00e1veis.<br \/>\n\t&nbsp;<br \/>\n\tNa avalia\u00e7\u00e3o do militante do PSOL, as manifesta\u00e7\u00f5es em S\u00e3o Paulo devem continuar, conforme a disposi\u00e7\u00e3o dos organizadores do ato. &#8220;As den\u00fancias persistem, o sistema de transporte continua ruim e o pre\u00e7o da passagem continua alto. Ent\u00e3o, os protestos devem continuar denunciando essa realidade&#8221;, ressalta Aguirre.<\/p>\n<p style=\"text-align: justify;\">\n\t<br \/>\n\t<strong>Repress\u00e3o<\/strong><br \/>\n\tAo final da manifesta\u00e7\u00e3o, a Pol\u00edcia Militar entrou em a\u00e7\u00e3o para agredir as pessoas com bombas, cassetetes e tiros de balas de borracha. Na frente da C\u00e2mara Municipal e da Assembleia Legislativa do Estado de S\u00e3o Paulo (Alesp) o cen\u00e1rio foi de repress\u00e3o policial, que mais uma vez, agiu com extrema agressividade.<br \/>\n\t&nbsp;<br \/>\n\tDe acordo com mat\u00e9ria publicada no site do jornal Brasil de Fato, na C\u00e2mara Municipal, enquanto 16 manifestantes se reuniam com o presidente da Casa, Jos\u00e9 Am\u00e9rico (PT), do lado de fora, a Tropa de Choque da PM cercou os manifestantes com bombas de g\u00e1s lacrimog\u00eaneo e de efeito moral. Conforme fugiam da repress\u00e3o, as pessoas faziam barricadas com lixo em chamas nas ruas para atrasar o avan\u00e7o das viaturas.<br \/>\n\t&nbsp;<br \/>\n\t\u201cAp\u00f3s a repress\u00e3o policial, o ato se encerrou. Algumas pessoas foram presas, outras feridas e muitas passaram mal, depois de respirarem o g\u00e1s das bombas atiradas pela pol\u00edcia em mais uma noite marcada pela viol\u00eancia contra os movimentos populares\u201d, afirma o texto do Brasil de Fato.<\/p>\n","protected":false},"excerpt":{"rendered":"<p>Do site do PSOL Nacional, Leonor Costa MPL e militantes do PSOL engrossam manifesta\u00e7\u00e3o, que tamb\u00e9m pediu o &#8220;Fora Alckmin&#8221; e questionou esquema envolvendo governos do PSDB e grandes empresas em obras do metr\u00f4 da capital paulista &nbsp; Quase dois meses ap\u00f3s a chamada &#8220;jornada de junho&#8221;, quando em v\u00e1rias capitais do pa\u00eds milhares de [&hellip;]<\/p>\n","protected":false},"author":2,"featured_media":0,"comment_status":"open","ping_status":"open","sticky":false,"template":"","format":"standard","meta":{"_acf_changed":false,"footnotes":""},"categories":[4766,654],"tags":[22],"class_list":{"0":"post-2199","1":"post","2":"type-post","3":"status-publish","4":"format-standard","6":"category-arquivo","7":"category-estados","8":"tag-psol"},"acf":[],"yoast_head":"<!-- This site is optimized with the Yoast SEO plugin v26.5 - https:\/\/yoast.com\/wordpress\/plugins\/seo\/ -->\n<title>Ato promovido por trabalhadores do metr\u00f4 de S\u00e3o Paulo denuncia m\u00e1 qualidade do transporte p\u00fablico - PSOL 50<\/title>\n<meta name=\"robots\" content=\"index, follow, max-snippet:-1, max-image-preview:large, max-video-preview:-1\" \/>\n<link rel=\"canonical\" href=\"https:\/\/psol50.org.br\/ato-promovido-por-trabalhadores-do-metro-de-sao-paulo-denuncia-ma-qualidade-do-transporte-publico\/\" \/>\n<meta property=\"og:locale\" content=\"pt_BR\" \/>\n<meta property=\"og:type\" content=\"article\" \/>\n<meta property=\"og:title\" content=\"Ato promovido por trabalhadores do metr\u00f4 de S\u00e3o Paulo denuncia m\u00e1 qualidade do transporte p\u00fablico - PSOL 50\" \/>\n<meta property=\"og:description\" content=\"Do site do PSOL Nacional, Leonor Costa MPL e militantes do PSOL engrossam manifesta\u00e7\u00e3o, que tamb\u00e9m pediu o &#8220;Fora Alckmin&#8221; e questionou esquema envolvendo governos do PSDB e grandes empresas em obras do metr\u00f4 da capital paulista &nbsp; Quase dois meses ap\u00f3s a chamada &#8220;jornada de junho&#8221;, quando em v\u00e1rias capitais do pa\u00eds milhares de [&hellip;]\" \/>\n<meta property=\"og:url\" content=\"https:\/\/psol50.org.br\/ato-promovido-por-trabalhadores-do-metro-de-sao-paulo-denuncia-ma-qualidade-do-transporte-publico\/\" \/>\n<meta property=\"og:site_name\" content=\"PSOL 50\" \/>\n<meta property=\"article:publisher\" content=\"https:\/\/www.facebook.com\/psol50\" \/>\n<meta property=\"article:published_time\" content=\"2013-08-15T00:00:00+00:00\" \/>\n<meta property=\"og:image\" content=\"https:\/\/psol50.org.br\/inc\/uploads\/2018\/07\/capa.png\" \/>\n\t<meta property=\"og:image:width\" content=\"1350\" \/>\n\t<meta property=\"og:image:height\" content=\"900\" \/>\n\t<meta property=\"og:image:type\" content=\"image\/png\" \/>\n<meta name=\"author\" content=\"Comunica\u00e7\u00e3o PSOL\" \/>\n<meta name=\"twitter:card\" content=\"summary_large_image\" \/>\n<meta name=\"twitter:creator\" content=\"@psol50\" \/>\n<meta name=\"twitter:site\" content=\"@psol50\" \/>\n<meta name=\"twitter:label1\" content=\"Escrito por\" \/>\n\t<meta name=\"twitter:data1\" content=\"Comunica\u00e7\u00e3o PSOL\" \/>\n\t<meta name=\"twitter:label2\" content=\"Est. tempo de leitura\" \/>\n\t<meta name=\"twitter:data2\" content=\"3 minutos\" \/>\n<script type=\"application\/ld+json\" class=\"yoast-schema-graph\">{\"@context\":\"https:\/\/schema.org\",\"@graph\":[{\"@type\":\"Article\",\"@id\":\"https:\/\/psol50.org.br\/ato-promovido-por-trabalhadores-do-metro-de-sao-paulo-denuncia-ma-qualidade-do-transporte-publico\/#article\",\"isPartOf\":{\"@id\":\"https:\/\/psol50.org.br\/ato-promovido-por-trabalhadores-do-metro-de-sao-paulo-denuncia-ma-qualidade-do-transporte-publico\/\"},\"author\":{\"name\":\"Comunica\u00e7\u00e3o PSOL\",\"@id\":\"https:\/\/psol50.org.br\/#\/schema\/person\/475dfa57d0b815993c714c2e96491fcd\"},\"headline\":\"Ato promovido por trabalhadores do metr\u00f4 de S\u00e3o Paulo denuncia m\u00e1 qualidade do transporte p\u00fablico\",\"datePublished\":\"2013-08-15T00:00:00+00:00\",\"mainEntityOfPage\":{\"@id\":\"https:\/\/psol50.org.br\/ato-promovido-por-trabalhadores-do-metro-de-sao-paulo-denuncia-ma-qualidade-do-transporte-publico\/\"},\"wordCount\":658,\"commentCount\":0,\"publisher\":{\"@id\":\"https:\/\/psol50.org.br\/#organization\"},\"keywords\":[\"PSOL\"],\"articleSection\":[\"Arquivo\",\"Estados\"],\"inLanguage\":\"pt-BR\",\"potentialAction\":[{\"@type\":\"CommentAction\",\"name\":\"Comment\",\"target\":[\"https:\/\/psol50.org.br\/ato-promovido-por-trabalhadores-do-metro-de-sao-paulo-denuncia-ma-qualidade-do-transporte-publico\/#respond\"]}]},{\"@type\":\"WebPage\",\"@id\":\"https:\/\/psol50.org.br\/ato-promovido-por-trabalhadores-do-metro-de-sao-paulo-denuncia-ma-qualidade-do-transporte-publico\/\",\"url\":\"https:\/\/psol50.org.br\/ato-promovido-por-trabalhadores-do-metro-de-sao-paulo-denuncia-ma-qualidade-do-transporte-publico\/\",\"name\":\"Ato promovido por trabalhadores do metr\u00f4 de S\u00e3o Paulo denuncia m\u00e1 qualidade do transporte p\u00fablico - PSOL 50\",\"isPartOf\":{\"@id\":\"https:\/\/psol50.org.br\/#website\"},\"datePublished\":\"2013-08-15T00:00:00+00:00\",\"breadcrumb\":{\"@id\":\"https:\/\/psol50.org.br\/ato-promovido-por-trabalhadores-do-metro-de-sao-paulo-denuncia-ma-qualidade-do-transporte-publico\/#breadcrumb\"},\"inLanguage\":\"pt-BR\",\"potentialAction\":[{\"@type\":\"ReadAction\",\"target\":[\"https:\/\/psol50.org.br\/ato-promovido-por-trabalhadores-do-metro-de-sao-paulo-denuncia-ma-qualidade-do-transporte-publico\/\"]}]},{\"@type\":\"BreadcrumbList\",\"@id\":\"https:\/\/psol50.org.br\/ato-promovido-por-trabalhadores-do-metro-de-sao-paulo-denuncia-ma-qualidade-do-transporte-publico\/#breadcrumb\",\"itemListElement\":[{\"@type\":\"ListItem\",\"position\":1,\"name\":\"In\u00edcio\",\"item\":\"https:\/\/psol50.org.br\/\"},{\"@type\":\"ListItem\",\"position\":2,\"name\":\"Ato promovido por trabalhadores do metr\u00f4 de S\u00e3o Paulo denuncia m\u00e1 qualidade do transporte p\u00fablico\"}]},{\"@type\":\"WebSite\",\"@id\":\"https:\/\/psol50.org.br\/#website\",\"url\":\"https:\/\/psol50.org.br\/\",\"name\":\"PSOL 50\",\"description\":\"Site oficial do Partido Socialismo e Liberdade\",\"publisher\":{\"@id\":\"https:\/\/psol50.org.br\/#organization\"},\"alternateName\":\"PSOL50\",\"potentialAction\":[{\"@type\":\"SearchAction\",\"target\":{\"@type\":\"EntryPoint\",\"urlTemplate\":\"https:\/\/psol50.org.br\/?s={search_term_string}\"},\"query-input\":{\"@type\":\"PropertyValueSpecification\",\"valueRequired\":true,\"valueName\":\"search_term_string\"}}],\"inLanguage\":\"pt-BR\"},{\"@type\":\"Organization\",\"@id\":\"https:\/\/psol50.org.br\/#organization\",\"name\":\"PSOL 50\",\"alternateName\":\"PSOL 50\",\"url\":\"https:\/\/psol50.org.br\/\",\"logo\":{\"@type\":\"ImageObject\",\"inLanguage\":\"pt-BR\",\"@id\":\"https:\/\/psol50.org.br\/#\/schema\/logo\/image\/\",\"url\":\"https:\/\/psol50.org.br\/inc\/uploads\/2018\/07\/capa.png\",\"contentUrl\":\"https:\/\/psol50.org.br\/inc\/uploads\/2018\/07\/capa.png\",\"width\":1350,\"height\":900,\"caption\":\"PSOL 50\"},\"image\":{\"@id\":\"https:\/\/psol50.org.br\/#\/schema\/logo\/image\/\"},\"sameAs\":[\"https:\/\/www.facebook.com\/psol50\",\"https:\/\/x.com\/psol50\",\"https:\/\/www.instagram.com\/psol50\/\",\"https:\/\/www.youtube.com\/channel\/UC7SnJS5o1os7a6CaiNabzcg\"]},{\"@type\":\"Person\",\"@id\":\"https:\/\/psol50.org.br\/#\/schema\/person\/475dfa57d0b815993c714c2e96491fcd\",\"name\":\"Comunica\u00e7\u00e3o PSOL\",\"image\":{\"@type\":\"ImageObject\",\"inLanguage\":\"pt-BR\",\"@id\":\"https:\/\/psol50.org.br\/#\/schema\/person\/image\/\",\"url\":\"https:\/\/secure.gravatar.com\/avatar\/b34fc4f4e468a4e51785917065a3db57b841f5c95dba6ad8c73aaf8f66f8f9bf?s=96&d=mm&r=g\",\"contentUrl\":\"https:\/\/secure.gravatar.com\/avatar\/b34fc4f4e468a4e51785917065a3db57b841f5c95dba6ad8c73aaf8f66f8f9bf?s=96&d=mm&r=g\",\"caption\":\"Comunica\u00e7\u00e3o PSOL\"}}]}<\/script>\n<!-- \/ Yoast SEO plugin. -->","yoast_head_json":{"title":"Ato promovido por trabalhadores do metr\u00f4 de S\u00e3o Paulo denuncia m\u00e1 qualidade do transporte p\u00fablico - PSOL 50","robots":{"index":"index","follow":"follow","max-snippet":"max-snippet:-1","max-image-preview":"max-image-preview:large","max-video-preview":"max-video-preview:-1"},"canonical":"https:\/\/psol50.org.br\/ato-promovido-por-trabalhadores-do-metro-de-sao-paulo-denuncia-ma-qualidade-do-transporte-publico\/","og_locale":"pt_BR","og_type":"article","og_title":"Ato promovido por trabalhadores do metr\u00f4 de S\u00e3o Paulo denuncia m\u00e1 qualidade do transporte p\u00fablico - PSOL 50","og_description":"Do site do PSOL Nacional, Leonor Costa MPL e militantes do PSOL engrossam manifesta\u00e7\u00e3o, que tamb\u00e9m pediu o &#8220;Fora Alckmin&#8221; e questionou esquema envolvendo governos do PSDB e grandes empresas em obras do metr\u00f4 da capital paulista &nbsp; Quase dois meses ap\u00f3s a chamada &#8220;jornada de junho&#8221;, quando em v\u00e1rias capitais do pa\u00eds milhares de [&hellip;]","og_url":"https:\/\/psol50.org.br\/ato-promovido-por-trabalhadores-do-metro-de-sao-paulo-denuncia-ma-qualidade-do-transporte-publico\/","og_site_name":"PSOL 50","article_publisher":"https:\/\/www.facebook.com\/psol50","article_published_time":"2013-08-15T00:00:00+00:00","og_image":[{"width":1350,"height":900,"url":"https:\/\/psol50.org.br\/inc\/uploads\/2018\/07\/capa.png","type":"image\/png"}],"author":"Comunica\u00e7\u00e3o PSOL","twitter_card":"summary_large_image","twitter_creator":"@psol50","twitter_site":"@psol50","twitter_misc":{"Escrito por":"Comunica\u00e7\u00e3o PSOL","Est. tempo de leitura":"3 minutos"},"schema":{"@context":"https:\/\/schema.org","@graph":[{"@type":"Article","@id":"https:\/\/psol50.org.br\/ato-promovido-por-trabalhadores-do-metro-de-sao-paulo-denuncia-ma-qualidade-do-transporte-publico\/#article","isPartOf":{"@id":"https:\/\/psol50.org.br\/ato-promovido-por-trabalhadores-do-metro-de-sao-paulo-denuncia-ma-qualidade-do-transporte-publico\/"},"author":{"name":"Comunica\u00e7\u00e3o PSOL","@id":"https:\/\/psol50.org.br\/#\/schema\/person\/475dfa57d0b815993c714c2e96491fcd"},"headline":"Ato promovido por trabalhadores do metr\u00f4 de S\u00e3o Paulo denuncia m\u00e1 qualidade do transporte p\u00fablico","datePublished":"2013-08-15T00:00:00+00:00","mainEntityOfPage":{"@id":"https:\/\/psol50.org.br\/ato-promovido-por-trabalhadores-do-metro-de-sao-paulo-denuncia-ma-qualidade-do-transporte-publico\/"},"wordCount":658,"commentCount":0,"publisher":{"@id":"https:\/\/psol50.org.br\/#organization"},"keywords":["PSOL"],"articleSection":["Arquivo","Estados"],"inLanguage":"pt-BR","potentialAction":[{"@type":"CommentAction","name":"Comment","target":["https:\/\/psol50.org.br\/ato-promovido-por-trabalhadores-do-metro-de-sao-paulo-denuncia-ma-qualidade-do-transporte-publico\/#respond"]}]},{"@type":"WebPage","@id":"https:\/\/psol50.org.br\/ato-promovido-por-trabalhadores-do-metro-de-sao-paulo-denuncia-ma-qualidade-do-transporte-publico\/","url":"https:\/\/psol50.org.br\/ato-promovido-por-trabalhadores-do-metro-de-sao-paulo-denuncia-ma-qualidade-do-transporte-publico\/","name":"Ato promovido por trabalhadores do metr\u00f4 de S\u00e3o Paulo denuncia m\u00e1 qualidade do transporte p\u00fablico - PSOL 50","isPartOf":{"@id":"https:\/\/psol50.org.br\/#website"},"datePublished":"2013-08-15T00:00:00+00:00","breadcrumb":{"@id":"https:\/\/psol50.org.br\/ato-promovido-por-trabalhadores-do-metro-de-sao-paulo-denuncia-ma-qualidade-do-transporte-publico\/#breadcrumb"},"inLanguage":"pt-BR","potentialAction":[{"@type":"ReadAction","target":["https:\/\/psol50.org.br\/ato-promovido-por-trabalhadores-do-metro-de-sao-paulo-denuncia-ma-qualidade-do-transporte-publico\/"]}]},{"@type":"BreadcrumbList","@id":"https:\/\/psol50.org.br\/ato-promovido-por-trabalhadores-do-metro-de-sao-paulo-denuncia-ma-qualidade-do-transporte-publico\/#breadcrumb","itemListElement":[{"@type":"ListItem","position":1,"name":"In\u00edcio","item":"https:\/\/psol50.org.br\/"},{"@type":"ListItem","position":2,"name":"Ato promovido por trabalhadores do metr\u00f4 de S\u00e3o Paulo denuncia m\u00e1 qualidade do transporte p\u00fablico"}]},{"@type":"WebSite","@id":"https:\/\/psol50.org.br\/#website","url":"https:\/\/psol50.org.br\/","name":"PSOL 50","description":"Site oficial do Partido Socialismo e Liberdade","publisher":{"@id":"https:\/\/psol50.org.br\/#organization"},"alternateName":"PSOL50","potentialAction":[{"@type":"SearchAction","target":{"@type":"EntryPoint","urlTemplate":"https:\/\/psol50.org.br\/?s={search_term_string}"},"query-input":{"@type":"PropertyValueSpecification","valueRequired":true,"valueName":"search_term_string"}}],"inLanguage":"pt-BR"},{"@type":"Organization","@id":"https:\/\/psol50.org.br\/#organization","name":"PSOL 50","alternateName":"PSOL 50","url":"https:\/\/psol50.org.br\/","logo":{"@type":"ImageObject","inLanguage":"pt-BR","@id":"https:\/\/psol50.org.br\/#\/schema\/logo\/image\/","url":"https:\/\/psol50.org.br\/inc\/uploads\/2018\/07\/capa.png","contentUrl":"https:\/\/psol50.org.br\/inc\/uploads\/2018\/07\/capa.png","width":1350,"height":900,"caption":"PSOL 50"},"image":{"@id":"https:\/\/psol50.org.br\/#\/schema\/logo\/image\/"},"sameAs":["https:\/\/www.facebook.com\/psol50","https:\/\/x.com\/psol50","https:\/\/www.instagram.com\/psol50\/","https:\/\/www.youtube.com\/channel\/UC7SnJS5o1os7a6CaiNabzcg"]},{"@type":"Person","@id":"https:\/\/psol50.org.br\/#\/schema\/person\/475dfa57d0b815993c714c2e96491fcd","name":"Comunica\u00e7\u00e3o PSOL","image":{"@type":"ImageObject","inLanguage":"pt-BR","@id":"https:\/\/psol50.org.br\/#\/schema\/person\/image\/","url":"https:\/\/secure.gravatar.com\/avatar\/b34fc4f4e468a4e51785917065a3db57b841f5c95dba6ad8c73aaf8f66f8f9bf?s=96&d=mm&r=g","contentUrl":"https:\/\/secure.gravatar.com\/avatar\/b34fc4f4e468a4e51785917065a3db57b841f5c95dba6ad8c73aaf8f66f8f9bf?s=96&d=mm&r=g","caption":"Comunica\u00e7\u00e3o PSOL"}}]}},"_links":{"self":[{"href":"https:\/\/psol50.org.br\/rest\/wp\/v2\/posts\/2199","targetHints":{"allow":["GET"]}}],"collection":[{"href":"https:\/\/psol50.org.br\/rest\/wp\/v2\/posts"}],"about":[{"href":"https:\/\/psol50.org.br\/rest\/wp\/v2\/types\/post"}],"author":[{"embeddable":true,"href":"https:\/\/psol50.org.br\/rest\/wp\/v2\/users\/2"}],"replies":[{"embeddable":true,"href":"https:\/\/psol50.org.br\/rest\/wp\/v2\/comments?post=2199"}],"version-history":[{"count":0,"href":"https:\/\/psol50.org.br\/rest\/wp\/v2\/posts\/2199\/revisions"}],"wp:attachment":[{"href":"https:\/\/psol50.org.br\/rest\/wp\/v2\/media?parent=2199"}],"wp:term":[{"taxonomy":"category","embeddable":true,"href":"https:\/\/psol50.org.br\/rest\/wp\/v2\/categories?post=2199"},{"taxonomy":"post_tag","embeddable":true,"href":"https:\/\/psol50.org.br\/rest\/wp\/v2\/tags?post=2199"}],"curies":[{"name":"wp","href":"https:\/\/api.w.org\/{rel}","templated":true}]}}