{"id":22000,"date":"2018-10-30T14:16:23","date_gmt":"2018-10-30T17:16:23","guid":{"rendered":"http:\/\/psol50.org.br\/?p=22000"},"modified":"2018-10-30T14:16:23","modified_gmt":"2018-10-30T17:16:23","slug":"nota-da-executiva-nacional-do-psol-sobre-declaracoes-de-jair-bolsonaro-no-jornal-nacional","status":"publish","type":"post","link":"https:\/\/psol50.org.br\/nota-da-executiva-nacional-do-psol-sobre-declaracoes-de-jair-bolsonaro-no-jornal-nacional\/","title":{"rendered":"Nota da Executiva Nacional do PSOL sobre declara\u00e7\u00f5es de Jair Bolsonaro no Jornal Nacional"},"content":{"rendered":"<p>O presidente eleito Jair Bolsonaro afirmou, na noite desta segunda-feira (29), em entrevista ao Jornal Nacional, que se referia \u00e0 c\u00fapula do PT e do PSOL quando afirmou que \u201cmarginais vermelhos\u201d seriam banidos do Brasil em seu governo. \u201cFoi um discurso inflamado, com a Avenida Paulista cheia. Logicamente, estava me referindo \u00e0 c\u00fapula do PT, do PSOL. O pr\u00f3prio Boulos havia dito que invadiria minha casa\u201d, afirmou, em refer\u00eancia ao nosso candidato presidencial.<\/p>\n<p>Bolsonaro demonstrou, mais uma vez, seu despreparo e total descompromisso com a democracia, sua hist\u00f3rica incapacidade de conviver com a diferen\u00e7a e, particularmente, com quem far\u00e1 uma oposi\u00e7\u00e3o firme e democr\u00e1tica ao seu governo. Criminaliza e trata como \u201cmarginais\u201d a esquerda, os movimentos sociais e os dirigentes do PSOL. N\u00e3o aceitaremos ataques ao PSOL, seus dirigentes e militantes. Tampouco aceitaremos as constantes amea\u00e7as ao companheiro Guilherme Boulos, candidato do partido na elei\u00e7\u00e3o presidencial desse ano.<\/p>\n<p>Desde j\u00e1, nos somaremos ativamente \u00e0 resist\u00eancia popular contra o projeto de Bolsonaro, que prev\u00ea privatiza\u00e7\u00f5es do patrim\u00f4nio p\u00fablico, reforma da previd\u00eancia, persegui\u00e7\u00e3o a professores no exerc\u00edcio de suas fun\u00e7\u00f5es, entre outros. Os 91 milh\u00f5es de brasileiros e brasileiras que n\u00e3o votaram no presidente eleito merecem respeito. Como merecem respeito as organiza\u00e7\u00f5es da sociedade civil, imprensa, movimentos sociais e partidos pol\u00edticos. Bolsonaro ter\u00e1 que aprender a conviver com a vitalidade do povo brasileiro e seu leg\u00edtimo direito \u00e0 oposi\u00e7\u00e3o.<\/p>\n<p><strong>30 de outubro de 2018<\/strong><br \/>\n<strong>Executiva Nacional do PSOL<\/strong><\/p>\n","protected":false},"excerpt":{"rendered":"<p>O presidente eleito Jair Bolsonaro afirmou, na noite desta segunda-feira (29), em entrevista ao Jornal Nacional, que se referia \u00e0 c\u00fapula do PT e do PSOL quando afirmou que \u201cmarginais vermelhos\u201d seriam banidos do Brasil em seu governo. \u201cFoi um discurso inflamado, com a Avenida Paulista cheia. Logicamente, estava me referindo \u00e0 c\u00fapula do PT, [&hellip;]<\/p>\n","protected":false},"author":2,"featured_media":21539,"comment_status":"closed","ping_status":"open","sticky":false,"template":"","format":"standard","meta":{"_acf_changed":false,"footnotes":""},"categories":[6],"tags":[242,977,244,19,22],"class_list":{"0":"post-22000","1":"post","2":"type-post","3":"status-publish","4":"format-standard","5":"has-post-thumbnail","7":"category-noticias","8":"tag-executiva-nacional-do-psol","9":"tag-guilherme-boulos","10":"tag-jair-bolsonaro","11":"tag-nota","12":"tag-psol"},"acf":[],"yoast_head":"<!-- This site is optimized with the Yoast SEO plugin v26.5 - https:\/\/yoast.com\/wordpress\/plugins\/seo\/ -->\n<title>Nota da Executiva Nacional do PSOL sobre declara\u00e7\u00f5es de Jair Bolsonaro no Jornal Nacional - PSOL 50<\/title>\n<meta name=\"robots\" content=\"index, follow, max-snippet:-1, max-image-preview:large, max-video-preview:-1\" \/>\n<link rel=\"canonical\" href=\"https:\/\/psol50.org.br\/nota-da-executiva-nacional-do-psol-sobre-declaracoes-de-jair-bolsonaro-no-jornal-nacional\/\" \/>\n<meta property=\"og:locale\" content=\"pt_BR\" \/>\n<meta property=\"og:type\" content=\"article\" \/>\n<meta property=\"og:title\" content=\"Nota da Executiva Nacional do PSOL sobre declara\u00e7\u00f5es de Jair Bolsonaro no Jornal Nacional - PSOL 50\" \/>\n<meta property=\"og:description\" content=\"O presidente eleito Jair Bolsonaro afirmou, na noite desta segunda-feira (29), em entrevista ao Jornal Nacional, que se referia \u00e0 c\u00fapula do PT e do PSOL quando afirmou que \u201cmarginais vermelhos\u201d seriam banidos do Brasil em seu governo. \u201cFoi um discurso inflamado, com a Avenida Paulista cheia. Logicamente, estava me referindo \u00e0 c\u00fapula do PT, [&hellip;]\" \/>\n<meta property=\"og:url\" content=\"https:\/\/psol50.org.br\/nota-da-executiva-nacional-do-psol-sobre-declaracoes-de-jair-bolsonaro-no-jornal-nacional\/\" \/>\n<meta property=\"og:site_name\" content=\"PSOL 50\" \/>\n<meta property=\"article:publisher\" content=\"https:\/\/www.facebook.com\/psol50\" \/>\n<meta property=\"article:published_time\" content=\"2018-10-30T17:16:23+00:00\" \/>\n<meta property=\"og:image\" content=\"https:\/\/psol50.org.br\/inc\/uploads\/2018\/09\/capa-546x365-1.png\" \/>\n\t<meta property=\"og:image:width\" content=\"546\" \/>\n\t<meta property=\"og:image:height\" content=\"365\" \/>\n\t<meta property=\"og:image:type\" content=\"image\/png\" \/>\n<meta name=\"author\" content=\"Comunica\u00e7\u00e3o PSOL\" \/>\n<meta name=\"twitter:card\" content=\"summary_large_image\" \/>\n<meta name=\"twitter:creator\" content=\"@psol50\" \/>\n<meta name=\"twitter:site\" content=\"@psol50\" \/>\n<meta name=\"twitter:label1\" content=\"Escrito por\" \/>\n\t<meta name=\"twitter:data1\" content=\"Comunica\u00e7\u00e3o PSOL\" \/>\n\t<meta name=\"twitter:label2\" content=\"Est. tempo de leitura\" \/>\n\t<meta name=\"twitter:data2\" content=\"1 minuto\" \/>\n<script type=\"application\/ld+json\" class=\"yoast-schema-graph\">{\"@context\":\"https:\/\/schema.org\",\"@graph\":[{\"@type\":\"Article\",\"@id\":\"https:\/\/psol50.org.br\/nota-da-executiva-nacional-do-psol-sobre-declaracoes-de-jair-bolsonaro-no-jornal-nacional\/#article\",\"isPartOf\":{\"@id\":\"https:\/\/psol50.org.br\/nota-da-executiva-nacional-do-psol-sobre-declaracoes-de-jair-bolsonaro-no-jornal-nacional\/\"},\"author\":{\"name\":\"Comunica\u00e7\u00e3o PSOL\",\"@id\":\"https:\/\/psol50.org.br\/#\/schema\/person\/475dfa57d0b815993c714c2e96491fcd\"},\"headline\":\"Nota da Executiva Nacional do PSOL sobre declara\u00e7\u00f5es de Jair Bolsonaro no Jornal Nacional\",\"datePublished\":\"2018-10-30T17:16:23+00:00\",\"mainEntityOfPage\":{\"@id\":\"https:\/\/psol50.org.br\/nota-da-executiva-nacional-do-psol-sobre-declaracoes-de-jair-bolsonaro-no-jornal-nacional\/\"},\"wordCount\":268,\"publisher\":{\"@id\":\"https:\/\/psol50.org.br\/#organization\"},\"image\":{\"@id\":\"https:\/\/psol50.org.br\/nota-da-executiva-nacional-do-psol-sobre-declaracoes-de-jair-bolsonaro-no-jornal-nacional\/#primaryimage\"},\"thumbnailUrl\":\"https:\/\/psol50.org.br\/inc\/uploads\/2018\/09\/capa-546x365-1.png\",\"keywords\":[\"Executiva Nacional do PSOL\",\"Guilherme Boulos\",\"Jair Bolsonaro\",\"nota\",\"PSOL\"],\"articleSection\":[\"Not\u00edcias\"],\"inLanguage\":\"pt-BR\"},{\"@type\":\"WebPage\",\"@id\":\"https:\/\/psol50.org.br\/nota-da-executiva-nacional-do-psol-sobre-declaracoes-de-jair-bolsonaro-no-jornal-nacional\/\",\"url\":\"https:\/\/psol50.org.br\/nota-da-executiva-nacional-do-psol-sobre-declaracoes-de-jair-bolsonaro-no-jornal-nacional\/\",\"name\":\"Nota da Executiva Nacional do PSOL sobre declara\u00e7\u00f5es de Jair Bolsonaro no Jornal Nacional - PSOL 50\",\"isPartOf\":{\"@id\":\"https:\/\/psol50.org.br\/#website\"},\"primaryImageOfPage\":{\"@id\":\"https:\/\/psol50.org.br\/nota-da-executiva-nacional-do-psol-sobre-declaracoes-de-jair-bolsonaro-no-jornal-nacional\/#primaryimage\"},\"image\":{\"@id\":\"https:\/\/psol50.org.br\/nota-da-executiva-nacional-do-psol-sobre-declaracoes-de-jair-bolsonaro-no-jornal-nacional\/#primaryimage\"},\"thumbnailUrl\":\"https:\/\/psol50.org.br\/inc\/uploads\/2018\/09\/capa-546x365-1.png\",\"datePublished\":\"2018-10-30T17:16:23+00:00\",\"breadcrumb\":{\"@id\":\"https:\/\/psol50.org.br\/nota-da-executiva-nacional-do-psol-sobre-declaracoes-de-jair-bolsonaro-no-jornal-nacional\/#breadcrumb\"},\"inLanguage\":\"pt-BR\",\"potentialAction\":[{\"@type\":\"ReadAction\",\"target\":[\"https:\/\/psol50.org.br\/nota-da-executiva-nacional-do-psol-sobre-declaracoes-de-jair-bolsonaro-no-jornal-nacional\/\"]}]},{\"@type\":\"ImageObject\",\"inLanguage\":\"pt-BR\",\"@id\":\"https:\/\/psol50.org.br\/nota-da-executiva-nacional-do-psol-sobre-declaracoes-de-jair-bolsonaro-no-jornal-nacional\/#primaryimage\",\"url\":\"https:\/\/psol50.org.br\/inc\/uploads\/2018\/09\/capa-546x365-1.png\",\"contentUrl\":\"https:\/\/psol50.org.br\/inc\/uploads\/2018\/09\/capa-546x365-1.png\",\"width\":546,\"height\":365},{\"@type\":\"BreadcrumbList\",\"@id\":\"https:\/\/psol50.org.br\/nota-da-executiva-nacional-do-psol-sobre-declaracoes-de-jair-bolsonaro-no-jornal-nacional\/#breadcrumb\",\"itemListElement\":[{\"@type\":\"ListItem\",\"position\":1,\"name\":\"In\u00edcio\",\"item\":\"https:\/\/psol50.org.br\/\"},{\"@type\":\"ListItem\",\"position\":2,\"name\":\"Nota da Executiva Nacional do PSOL sobre declara\u00e7\u00f5es de Jair Bolsonaro no Jornal Nacional\"}]},{\"@type\":\"WebSite\",\"@id\":\"https:\/\/psol50.org.br\/#website\",\"url\":\"https:\/\/psol50.org.br\/\",\"name\":\"PSOL 50\",\"description\":\"Site oficial do Partido Socialismo e Liberdade\",\"publisher\":{\"@id\":\"https:\/\/psol50.org.br\/#organization\"},\"alternateName\":\"PSOL50\",\"potentialAction\":[{\"@type\":\"SearchAction\",\"target\":{\"@type\":\"EntryPoint\",\"urlTemplate\":\"https:\/\/psol50.org.br\/?s={search_term_string}\"},\"query-input\":{\"@type\":\"PropertyValueSpecification\",\"valueRequired\":true,\"valueName\":\"search_term_string\"}}],\"inLanguage\":\"pt-BR\"},{\"@type\":\"Organization\",\"@id\":\"https:\/\/psol50.org.br\/#organization\",\"name\":\"PSOL 50\",\"alternateName\":\"PSOL 50\",\"url\":\"https:\/\/psol50.org.br\/\",\"logo\":{\"@type\":\"ImageObject\",\"inLanguage\":\"pt-BR\",\"@id\":\"https:\/\/psol50.org.br\/#\/schema\/logo\/image\/\",\"url\":\"https:\/\/psol50.org.br\/inc\/uploads\/2018\/07\/capa.png\",\"contentUrl\":\"https:\/\/psol50.org.br\/inc\/uploads\/2018\/07\/capa.png\",\"width\":1350,\"height\":900,\"caption\":\"PSOL 50\"},\"image\":{\"@id\":\"https:\/\/psol50.org.br\/#\/schema\/logo\/image\/\"},\"sameAs\":[\"https:\/\/www.facebook.com\/psol50\",\"https:\/\/x.com\/psol50\",\"https:\/\/www.instagram.com\/psol50\/\",\"https:\/\/www.youtube.com\/channel\/UC7SnJS5o1os7a6CaiNabzcg\"]},{\"@type\":\"Person\",\"@id\":\"https:\/\/psol50.org.br\/#\/schema\/person\/475dfa57d0b815993c714c2e96491fcd\",\"name\":\"Comunica\u00e7\u00e3o PSOL\",\"image\":{\"@type\":\"ImageObject\",\"inLanguage\":\"pt-BR\",\"@id\":\"https:\/\/psol50.org.br\/#\/schema\/person\/image\/\",\"url\":\"https:\/\/secure.gravatar.com\/avatar\/b34fc4f4e468a4e51785917065a3db57b841f5c95dba6ad8c73aaf8f66f8f9bf?s=96&d=mm&r=g\",\"contentUrl\":\"https:\/\/secure.gravatar.com\/avatar\/b34fc4f4e468a4e51785917065a3db57b841f5c95dba6ad8c73aaf8f66f8f9bf?s=96&d=mm&r=g\",\"caption\":\"Comunica\u00e7\u00e3o PSOL\"}}]}<\/script>\n<!-- \/ Yoast SEO plugin. -->","yoast_head_json":{"title":"Nota da Executiva Nacional do PSOL sobre declara\u00e7\u00f5es de Jair Bolsonaro no Jornal Nacional - PSOL 50","robots":{"index":"index","follow":"follow","max-snippet":"max-snippet:-1","max-image-preview":"max-image-preview:large","max-video-preview":"max-video-preview:-1"},"canonical":"https:\/\/psol50.org.br\/nota-da-executiva-nacional-do-psol-sobre-declaracoes-de-jair-bolsonaro-no-jornal-nacional\/","og_locale":"pt_BR","og_type":"article","og_title":"Nota da Executiva Nacional do PSOL sobre declara\u00e7\u00f5es de Jair Bolsonaro no Jornal Nacional - PSOL 50","og_description":"O presidente eleito Jair Bolsonaro afirmou, na noite desta segunda-feira (29), em entrevista ao Jornal Nacional, que se referia \u00e0 c\u00fapula do PT e do PSOL quando afirmou que \u201cmarginais vermelhos\u201d seriam banidos do Brasil em seu governo. \u201cFoi um discurso inflamado, com a Avenida Paulista cheia. Logicamente, estava me referindo \u00e0 c\u00fapula do PT, [&hellip;]","og_url":"https:\/\/psol50.org.br\/nota-da-executiva-nacional-do-psol-sobre-declaracoes-de-jair-bolsonaro-no-jornal-nacional\/","og_site_name":"PSOL 50","article_publisher":"https:\/\/www.facebook.com\/psol50","article_published_time":"2018-10-30T17:16:23+00:00","og_image":[{"width":546,"height":365,"url":"https:\/\/psol50.org.br\/inc\/uploads\/2018\/09\/capa-546x365-1.png","type":"image\/png"}],"author":"Comunica\u00e7\u00e3o PSOL","twitter_card":"summary_large_image","twitter_creator":"@psol50","twitter_site":"@psol50","twitter_misc":{"Escrito por":"Comunica\u00e7\u00e3o PSOL","Est. tempo de leitura":"1 minuto"},"schema":{"@context":"https:\/\/schema.org","@graph":[{"@type":"Article","@id":"https:\/\/psol50.org.br\/nota-da-executiva-nacional-do-psol-sobre-declaracoes-de-jair-bolsonaro-no-jornal-nacional\/#article","isPartOf":{"@id":"https:\/\/psol50.org.br\/nota-da-executiva-nacional-do-psol-sobre-declaracoes-de-jair-bolsonaro-no-jornal-nacional\/"},"author":{"name":"Comunica\u00e7\u00e3o PSOL","@id":"https:\/\/psol50.org.br\/#\/schema\/person\/475dfa57d0b815993c714c2e96491fcd"},"headline":"Nota da Executiva Nacional do PSOL sobre declara\u00e7\u00f5es de Jair Bolsonaro no Jornal Nacional","datePublished":"2018-10-30T17:16:23+00:00","mainEntityOfPage":{"@id":"https:\/\/psol50.org.br\/nota-da-executiva-nacional-do-psol-sobre-declaracoes-de-jair-bolsonaro-no-jornal-nacional\/"},"wordCount":268,"publisher":{"@id":"https:\/\/psol50.org.br\/#organization"},"image":{"@id":"https:\/\/psol50.org.br\/nota-da-executiva-nacional-do-psol-sobre-declaracoes-de-jair-bolsonaro-no-jornal-nacional\/#primaryimage"},"thumbnailUrl":"https:\/\/psol50.org.br\/inc\/uploads\/2018\/09\/capa-546x365-1.png","keywords":["Executiva Nacional do PSOL","Guilherme Boulos","Jair Bolsonaro","nota","PSOL"],"articleSection":["Not\u00edcias"],"inLanguage":"pt-BR"},{"@type":"WebPage","@id":"https:\/\/psol50.org.br\/nota-da-executiva-nacional-do-psol-sobre-declaracoes-de-jair-bolsonaro-no-jornal-nacional\/","url":"https:\/\/psol50.org.br\/nota-da-executiva-nacional-do-psol-sobre-declaracoes-de-jair-bolsonaro-no-jornal-nacional\/","name":"Nota da Executiva Nacional do PSOL sobre declara\u00e7\u00f5es de Jair Bolsonaro no Jornal Nacional - PSOL 50","isPartOf":{"@id":"https:\/\/psol50.org.br\/#website"},"primaryImageOfPage":{"@id":"https:\/\/psol50.org.br\/nota-da-executiva-nacional-do-psol-sobre-declaracoes-de-jair-bolsonaro-no-jornal-nacional\/#primaryimage"},"image":{"@id":"https:\/\/psol50.org.br\/nota-da-executiva-nacional-do-psol-sobre-declaracoes-de-jair-bolsonaro-no-jornal-nacional\/#primaryimage"},"thumbnailUrl":"https:\/\/psol50.org.br\/inc\/uploads\/2018\/09\/capa-546x365-1.png","datePublished":"2018-10-30T17:16:23+00:00","breadcrumb":{"@id":"https:\/\/psol50.org.br\/nota-da-executiva-nacional-do-psol-sobre-declaracoes-de-jair-bolsonaro-no-jornal-nacional\/#breadcrumb"},"inLanguage":"pt-BR","potentialAction":[{"@type":"ReadAction","target":["https:\/\/psol50.org.br\/nota-da-executiva-nacional-do-psol-sobre-declaracoes-de-jair-bolsonaro-no-jornal-nacional\/"]}]},{"@type":"ImageObject","inLanguage":"pt-BR","@id":"https:\/\/psol50.org.br\/nota-da-executiva-nacional-do-psol-sobre-declaracoes-de-jair-bolsonaro-no-jornal-nacional\/#primaryimage","url":"https:\/\/psol50.org.br\/inc\/uploads\/2018\/09\/capa-546x365-1.png","contentUrl":"https:\/\/psol50.org.br\/inc\/uploads\/2018\/09\/capa-546x365-1.png","width":546,"height":365},{"@type":"BreadcrumbList","@id":"https:\/\/psol50.org.br\/nota-da-executiva-nacional-do-psol-sobre-declaracoes-de-jair-bolsonaro-no-jornal-nacional\/#breadcrumb","itemListElement":[{"@type":"ListItem","position":1,"name":"In\u00edcio","item":"https:\/\/psol50.org.br\/"},{"@type":"ListItem","position":2,"name":"Nota da Executiva Nacional do PSOL sobre declara\u00e7\u00f5es de Jair Bolsonaro no Jornal Nacional"}]},{"@type":"WebSite","@id":"https:\/\/psol50.org.br\/#website","url":"https:\/\/psol50.org.br\/","name":"PSOL 50","description":"Site oficial do Partido Socialismo e Liberdade","publisher":{"@id":"https:\/\/psol50.org.br\/#organization"},"alternateName":"PSOL50","potentialAction":[{"@type":"SearchAction","target":{"@type":"EntryPoint","urlTemplate":"https:\/\/psol50.org.br\/?s={search_term_string}"},"query-input":{"@type":"PropertyValueSpecification","valueRequired":true,"valueName":"search_term_string"}}],"inLanguage":"pt-BR"},{"@type":"Organization","@id":"https:\/\/psol50.org.br\/#organization","name":"PSOL 50","alternateName":"PSOL 50","url":"https:\/\/psol50.org.br\/","logo":{"@type":"ImageObject","inLanguage":"pt-BR","@id":"https:\/\/psol50.org.br\/#\/schema\/logo\/image\/","url":"https:\/\/psol50.org.br\/inc\/uploads\/2018\/07\/capa.png","contentUrl":"https:\/\/psol50.org.br\/inc\/uploads\/2018\/07\/capa.png","width":1350,"height":900,"caption":"PSOL 50"},"image":{"@id":"https:\/\/psol50.org.br\/#\/schema\/logo\/image\/"},"sameAs":["https:\/\/www.facebook.com\/psol50","https:\/\/x.com\/psol50","https:\/\/www.instagram.com\/psol50\/","https:\/\/www.youtube.com\/channel\/UC7SnJS5o1os7a6CaiNabzcg"]},{"@type":"Person","@id":"https:\/\/psol50.org.br\/#\/schema\/person\/475dfa57d0b815993c714c2e96491fcd","name":"Comunica\u00e7\u00e3o PSOL","image":{"@type":"ImageObject","inLanguage":"pt-BR","@id":"https:\/\/psol50.org.br\/#\/schema\/person\/image\/","url":"https:\/\/secure.gravatar.com\/avatar\/b34fc4f4e468a4e51785917065a3db57b841f5c95dba6ad8c73aaf8f66f8f9bf?s=96&d=mm&r=g","contentUrl":"https:\/\/secure.gravatar.com\/avatar\/b34fc4f4e468a4e51785917065a3db57b841f5c95dba6ad8c73aaf8f66f8f9bf?s=96&d=mm&r=g","caption":"Comunica\u00e7\u00e3o PSOL"}}]}},"_links":{"self":[{"href":"https:\/\/psol50.org.br\/rest\/wp\/v2\/posts\/22000","targetHints":{"allow":["GET"]}}],"collection":[{"href":"https:\/\/psol50.org.br\/rest\/wp\/v2\/posts"}],"about":[{"href":"https:\/\/psol50.org.br\/rest\/wp\/v2\/types\/post"}],"author":[{"embeddable":true,"href":"https:\/\/psol50.org.br\/rest\/wp\/v2\/users\/2"}],"replies":[{"embeddable":true,"href":"https:\/\/psol50.org.br\/rest\/wp\/v2\/comments?post=22000"}],"version-history":[{"count":0,"href":"https:\/\/psol50.org.br\/rest\/wp\/v2\/posts\/22000\/revisions"}],"wp:featuredmedia":[{"embeddable":true,"href":"https:\/\/psol50.org.br\/rest\/wp\/v2\/media\/21539"}],"wp:attachment":[{"href":"https:\/\/psol50.org.br\/rest\/wp\/v2\/media?parent=22000"}],"wp:term":[{"taxonomy":"category","embeddable":true,"href":"https:\/\/psol50.org.br\/rest\/wp\/v2\/categories?post=22000"},{"taxonomy":"post_tag","embeddable":true,"href":"https:\/\/psol50.org.br\/rest\/wp\/v2\/tags?post=22000"}],"curies":[{"name":"wp","href":"https:\/\/api.w.org\/{rel}","templated":true}]}}