{"id":2202,"date":"2013-08-16T00:00:00","date_gmt":"2013-08-16T00:00:00","guid":{"rendered":"http:\/\/psol50.org.br\/arquivo\/2013\/08\/16\/teve-inicio-nesta-sexta-feira-o-i-seminario-nacional-de-direitos-humanos-do-psol\/"},"modified":"2013-08-16T00:00:00","modified_gmt":"2013-08-16T00:00:00","slug":"teve-inicio-nesta-sexta-feira-o-i-seminario-nacional-de-direitos-humanos-do-psol","status":"publish","type":"post","link":"https:\/\/psol50.org.br\/teve-inicio-nesta-sexta-feira-o-i-seminario-nacional-de-direitos-humanos-do-psol\/","title":{"rendered":"Teve in\u00edcio nesta sexta-feira o I Semin\u00e1rio Nacional de Direitos Humanos do PSOL"},"content":{"rendered":"<div style=\"text-align: justify;\">\n\tNeste sexta-feira (16), teve in\u00edcio o 1\u00ba Semin\u00e1rio e o 2\u00ba Encontro do Setorial Nacional de Direitos Humanos do PSOL. Nos \u00faltimos meses, o pa\u00eds assiste a centenas de viola\u00e7\u00f5es de direitos humanos e abusos contra moradores em \u00e1reas de risco, remo\u00e7\u00f5es for\u00e7adas no campo e nas cidades, sem-teto e sem-terra, trabalhadores organizados e povos ind\u00edgenas.&nbsp;<br \/>\n\t&nbsp;<br \/>\n\tV\u00e1rios temas relacionados \u00e0 pauta dos direitos humanos ser\u00e3o abordados durante os tr\u00eas dias de debate. Entre eles, se destacam viola\u00e7\u00e3o de direitos humanos, crimes praticados pelo Estado, desmilitariza\u00e7\u00e3o da Pol\u00edcia, direitos das mulheres, dos LGBTs, dos negros e dos povos ind\u00edgenas.<br \/>\n\t&nbsp;<br \/>\n\tA abertura do semin\u00e1rio abordou o tema \u201cAs viola\u00e7\u00f5es dos direitos Humanos na atual conjuntura\u201d e contar\u00e1 com as presen\u00e7as do deputado estadual do PSOL no Rio de Janeiro, Marcelo Freixo, da militante da OnG Justi\u00e7a Global Sandra Carvalho e da integrante do Diret\u00f3rio Nacional do PSOL e ex-deputada federal Luciana Genro. Ainda neste primeiro dia, haver\u00e1 a mesa \u201cOs crimes do Estado ontem e hoje e a pol\u00edtica de exterm\u00ednio da juventude negra\u201d, com o integrante da OnG Uneafro Douglas Belchior, com o professor e militante do Movimento Negro da Bahia Hamilton Assis, com a jornalista e blogueira Luka Franca e com Francilene Gomes, familiar de v\u00edtima dos crimes de maio de 2006.<\/p>\n<p>\tO presidente do PSOL Nacional, deputado Ivan Valente, ser\u00e1 um dos debatedores, no dia 17 de agosto, na mesa \u201cA luta institucional para efetivar os DHs\u201d. Al\u00e9m dele, estar\u00e3o presentes no debate o ex-deputado estadual de S\u00e3o Paulo Raul Marcelo, a vereadora em Porto Alegre Fernanda Melchionna, o conselheiro estadual LGBT em S\u00e3o Paulo D\u00e1rio Neto e o vereador em S\u00e3o Paulo Toninho Vespoli.<br \/>\n\t&nbsp;<br \/>\n\t<strong>Coletiva \u00e0 imprensa<\/strong><br \/>\n\tNa tarde desta sexta-feira, o Setorial Nacional de Direitos Humanos do PSOL promoveu uma coletiva com a imprensa para falar dos temas abordados no semin\u00e1rio. Participaram da coletiva, em S\u00e3o Paulo, o deputado estadual Marcelo Freixo (RJ) e os militantes do Setorial de Direitos Humanos do PSOL Sandra Carvalho e Givanildo Manoel.<br \/>\n\t&nbsp;<br \/>\n\t<strong>Confira a programa\u00e7\u00e3o<\/strong><br \/>\n\t&nbsp;<br \/>\n\t<strong>Direitos Humanos x Capitalismo<\/strong><br \/>\n\t<strong>1\u00ba Semin\u00e1rio e o 2\u00ba Encontro do Setorial Nacional de Direitos Humanos do PSOL<\/strong><br \/>\n\t&nbsp;<br \/>\n\t<strong>Dia 16 de agosto &#8211; Sexta-feira<\/strong>&nbsp;<br \/>\n\t<strong>14h00min \u00e0s 16h00min&nbsp;<\/strong><br \/>\n\t<strong><em>1\u00aa Mesa &#8211; As viola\u00e7\u00f5es dos direitos Humanos na atual conjuntura<\/em><\/strong><br \/>\n\t<em>Participantes: <\/em><br \/>\n\tMarcelo Freixo (Deputado Estadual no Rio de Janeiro)<br \/>\n\tSandra Carvalho (Justi\u00e7a Global)<br \/>\n\tLuciana Genro (ex-Deputada Federal)<br \/>\n\t&nbsp;<br \/>\n\t<strong>16h00min \u00e0s 18h00min&nbsp;<\/strong><br \/>\n\t<strong><em>2\u00aa Mesa &#8211; O Estado Burgu\u00eas e a impossibilidade de efetiva\u00e7\u00e3o dos Direitos Humanos &#8211; Hist\u00f3rico e Conceito dos DH<\/em><\/strong><br \/>\n\t<em>Participantes: <\/em><br \/>\n\tDami\u00e3o Trindade (Procurador de justi\u00e7a aposentado)<br \/>\n\tPaulo Arantes (Professor de filosofia da USP)<br \/>\n\t&nbsp;<br \/>\n\t<strong>19h00min \u00e0s 21h00min&nbsp;<\/strong><br \/>\n\t<strong><em>3\u00aa Mesa &#8211; Os crimes do Estado ontem e hoje e a pol\u00edtica de exterm\u00ednio da juventude negra<\/em><\/strong><br \/>\n\t<em>Participantes: <\/em><br \/>\n\tDouglas Belchior (coordenador da Uneafro)<br \/>\n\tHamilton Assis (Professor, ex-candidato a vice-presidente e militante do Movimento Negro na Bahia)<br \/>\n\tLuka Franca (Jornalista, blogueira e militante feminista)<br \/>\n\tFrancilene Gomes (familiar de v\u00edtima dos crimes de maio de 2006)<br \/>\n\t&nbsp;<br \/>\n\t<strong>Dia 17 de agosto &#8211; S\u00e1bado<\/strong>&nbsp;<br \/>\n\t<strong>09h00min \u00e0s 11h00min&nbsp;<\/strong><br \/>\n\t<strong><em>4\u00aa Mesa &#8211; Desmilitarizar a Pol\u00edcia e a Pol\u00edtica: Estado de Exclus\u00e3o e Estado de Exce\u00e7\u00e3o, a influ\u00eancia dos megaeventos no processo de criminaliza\u00e7\u00e3o das comunidades e grupos empobrecidos pelo capital<\/em><\/strong><br \/>\n\t<em>Participantes: <\/em><br \/>\n\tRenato Cinco (Vereador no Rio de Janeiro)<br \/>\n\tRenato Roseno (Advogado, ex-candidato a prefeito de Fortaleza)<br \/>\n\t\u00c2ngela Mendes Almeida (Membro do Observat\u00f3rio das Viol\u00eancias Policial)<br \/>\n\t&nbsp;<br \/>\n\t<strong>11h00min \u00e0s 13h00min&nbsp;<\/strong><br \/>\n\t<strong><em>5\u00aa Mesa &#8211; A luta institucional para efetivar os Direitos Humanos<\/em><\/strong><br \/>\n\t<em>Participantes: <\/em><br \/>\n\tIvan Valente (Deputado Federal e presidente do PSOL)<br \/>\n\tRaul Marcelo (ex-Deputado Estadual em S\u00e3o Paulo)<br \/>\n\tFernanda Melchionna (Vereadora em Porto Alegre)<br \/>\n\tToninho Vespoli (Vereador em S\u00e3o Paulo)<br \/>\n\tDario Neto (Membro do Conselho Estadual LGBT de S\u00e3o Paulo)<br \/>\n\t&nbsp;<br \/>\n\t<strong>14h00min \u00e0s 16h00min&nbsp;<\/strong><br \/>\n\t<strong><em>6\u00aa Mesa &#8211; A luta pela efetiva\u00e7\u00e3o dos Direitos Humanos LGBT<\/em><\/strong><br \/>\n\t<em>Participantes: <\/em><br \/>\n\tJean Willys (Deputado Federal)<br \/>\n\tMariana Cristina (UFF)<br \/>\n\tRodrigo Cruz (Setorial Nacional LGBT do PSOL)<br \/>\n\tSilvetty Montilla (militante da Parada LGBT)<br \/>\n\t&nbsp;<br \/>\n\t<strong><em>16h00min \u00e0s 18h00min&nbsp;<\/em><\/strong><br \/>\n\t<strong><em>7\u00aa Mesa &#8211; Os desafios para a efetiva\u00e7\u00e3o dos Direitos Humanos das Mulheres<\/em><\/strong><br \/>\n\t<em>Participantes: <\/em><br \/>\n\tK\u00e1tia Sales (Movimento Mulheres em Luta e Setorial de Mulheres do PSOL)<br \/>\n\tLaura Cymbalista (Secretaria Estadual de Direitos Humanos do PSOL)<br \/>\n\tLiliana Liliana Maiques (Coletivo Feminista do Rio de Janeiro)<br \/>\n\t&nbsp;<br \/>\n\t<strong>18 de agosto &#8211; Domingo&nbsp;<\/strong><br \/>\n\t<strong>10h00min \u00e0s 12h00min&nbsp;<\/strong><br \/>\n\t<strong><em>8\u00aa Mesa &#8211; A a\u00e7\u00e3o do IIRSA (Mega projetos) e do Agroneg\u00f3cio, na viola\u00e7\u00e3o dos direitos<\/em><\/strong><em> <strong>humanos dos povos<\/strong><\/em><br \/>\n\t<em>Participantes: <\/em><br \/>\n\tRepresentante do Tribunal Popular<br \/>\n\tH\u00e9ctor Mondrag\u00f3n (Militante do movimento ind\u00edgena)<br \/>\n\t&nbsp;<br \/>\n\t<strong>13h00min \u00e0s 15h00min<\/strong><br \/>\n\t<strong><em>9\u00aa Mesa &#8211; Criminaliza\u00e7\u00e3o dos movimentos sociais \u2013 lutar como direito humano<\/em><\/strong><br \/>\n\t<em>Participantes: <\/em><br \/>\n\tRepresentante do Assentamento Milton Santos<br \/>\n\tRepresentante do Terra-Livre<br \/>\n\tRepresentante do MTST<br \/>\n\tLurdinha (Movimento Nacional de Luta por Moradia)<br \/>\n\tRepresentante do Movimento Passe Livre<br \/>\n\tPaulo Pasin (Presidente da Federa\u00e7\u00e3o Nacional dos Metrovi\u00e1rios)<br \/>\n\t&nbsp;<br \/>\n\t<strong>15h00min \u00e0s 18h00min&nbsp;<\/strong><br \/>\n\t<strong><em>Plen\u00e1ria Final<\/em><\/strong><\/div>\n<p>&nbsp;<br \/>\n&nbsp;<\/p>\n","protected":false},"excerpt":{"rendered":"<p>Neste sexta-feira (16), teve in\u00edcio o 1\u00ba Semin\u00e1rio e o 2\u00ba Encontro do Setorial Nacional de Direitos Humanos do PSOL. Nos \u00faltimos meses, o pa\u00eds assiste a centenas de viola\u00e7\u00f5es de direitos humanos e abusos contra moradores em \u00e1reas de risco, remo\u00e7\u00f5es for\u00e7adas no campo e nas cidades, sem-teto e sem-terra, trabalhadores organizados e povos [&hellip;]<\/p>\n","protected":false},"author":2,"featured_media":0,"comment_status":"open","ping_status":"open","sticky":false,"template":"","format":"standard","meta":{"_acf_changed":false,"footnotes":""},"categories":[14],"tags":[22],"class_list":{"0":"post-2202","1":"post","2":"type-post","3":"status-publish","4":"format-standard","6":"category-partido","7":"tag-psol"},"acf":[],"yoast_head":"<!-- This site is optimized with the Yoast SEO plugin v26.5 - https:\/\/yoast.com\/wordpress\/plugins\/seo\/ -->\n<title>Teve in\u00edcio nesta sexta-feira o I Semin\u00e1rio Nacional de Direitos Humanos do PSOL - PSOL 50<\/title>\n<meta name=\"robots\" content=\"index, follow, max-snippet:-1, max-image-preview:large, max-video-preview:-1\" \/>\n<link rel=\"canonical\" href=\"https:\/\/psol50.org.br\/teve-inicio-nesta-sexta-feira-o-i-seminario-nacional-de-direitos-humanos-do-psol\/\" \/>\n<meta property=\"og:locale\" content=\"pt_BR\" \/>\n<meta property=\"og:type\" content=\"article\" \/>\n<meta property=\"og:title\" content=\"Teve in\u00edcio nesta sexta-feira o I Semin\u00e1rio Nacional de Direitos Humanos do PSOL - PSOL 50\" \/>\n<meta property=\"og:description\" content=\"Neste sexta-feira (16), teve in\u00edcio o 1\u00ba Semin\u00e1rio e o 2\u00ba Encontro do Setorial Nacional de Direitos Humanos do PSOL. Nos \u00faltimos meses, o pa\u00eds assiste a centenas de viola\u00e7\u00f5es de direitos humanos e abusos contra moradores em \u00e1reas de risco, remo\u00e7\u00f5es for\u00e7adas no campo e nas cidades, sem-teto e sem-terra, trabalhadores organizados e povos [&hellip;]\" \/>\n<meta property=\"og:url\" content=\"https:\/\/psol50.org.br\/teve-inicio-nesta-sexta-feira-o-i-seminario-nacional-de-direitos-humanos-do-psol\/\" \/>\n<meta property=\"og:site_name\" content=\"PSOL 50\" \/>\n<meta property=\"article:publisher\" content=\"https:\/\/www.facebook.com\/psol50\" \/>\n<meta property=\"article:published_time\" content=\"2013-08-16T00:00:00+00:00\" \/>\n<meta property=\"og:image\" content=\"https:\/\/psol50.org.br\/inc\/uploads\/2018\/07\/capa.png\" \/>\n\t<meta property=\"og:image:width\" content=\"1350\" \/>\n\t<meta property=\"og:image:height\" content=\"900\" \/>\n\t<meta property=\"og:image:type\" content=\"image\/png\" \/>\n<meta name=\"author\" content=\"Comunica\u00e7\u00e3o PSOL\" \/>\n<meta name=\"twitter:card\" content=\"summary_large_image\" \/>\n<meta name=\"twitter:creator\" content=\"@psol50\" \/>\n<meta name=\"twitter:site\" content=\"@psol50\" \/>\n<meta name=\"twitter:label1\" content=\"Escrito por\" \/>\n\t<meta name=\"twitter:data1\" content=\"Comunica\u00e7\u00e3o PSOL\" \/>\n\t<meta name=\"twitter:label2\" content=\"Est. tempo de leitura\" \/>\n\t<meta name=\"twitter:data2\" content=\"4 minutos\" \/>\n<script type=\"application\/ld+json\" class=\"yoast-schema-graph\">{\"@context\":\"https:\/\/schema.org\",\"@graph\":[{\"@type\":\"Article\",\"@id\":\"https:\/\/psol50.org.br\/teve-inicio-nesta-sexta-feira-o-i-seminario-nacional-de-direitos-humanos-do-psol\/#article\",\"isPartOf\":{\"@id\":\"https:\/\/psol50.org.br\/teve-inicio-nesta-sexta-feira-o-i-seminario-nacional-de-direitos-humanos-do-psol\/\"},\"author\":{\"name\":\"Comunica\u00e7\u00e3o PSOL\",\"@id\":\"https:\/\/psol50.org.br\/#\/schema\/person\/475dfa57d0b815993c714c2e96491fcd\"},\"headline\":\"Teve in\u00edcio nesta sexta-feira o I Semin\u00e1rio Nacional de Direitos Humanos do PSOL\",\"datePublished\":\"2013-08-16T00:00:00+00:00\",\"mainEntityOfPage\":{\"@id\":\"https:\/\/psol50.org.br\/teve-inicio-nesta-sexta-feira-o-i-seminario-nacional-de-direitos-humanos-do-psol\/\"},\"wordCount\":882,\"commentCount\":0,\"publisher\":{\"@id\":\"https:\/\/psol50.org.br\/#organization\"},\"keywords\":[\"PSOL\"],\"articleSection\":[\"Partido\"],\"inLanguage\":\"pt-BR\",\"potentialAction\":[{\"@type\":\"CommentAction\",\"name\":\"Comment\",\"target\":[\"https:\/\/psol50.org.br\/teve-inicio-nesta-sexta-feira-o-i-seminario-nacional-de-direitos-humanos-do-psol\/#respond\"]}]},{\"@type\":\"WebPage\",\"@id\":\"https:\/\/psol50.org.br\/teve-inicio-nesta-sexta-feira-o-i-seminario-nacional-de-direitos-humanos-do-psol\/\",\"url\":\"https:\/\/psol50.org.br\/teve-inicio-nesta-sexta-feira-o-i-seminario-nacional-de-direitos-humanos-do-psol\/\",\"name\":\"Teve in\u00edcio nesta sexta-feira o I Semin\u00e1rio Nacional de Direitos Humanos do PSOL - PSOL 50\",\"isPartOf\":{\"@id\":\"https:\/\/psol50.org.br\/#website\"},\"datePublished\":\"2013-08-16T00:00:00+00:00\",\"breadcrumb\":{\"@id\":\"https:\/\/psol50.org.br\/teve-inicio-nesta-sexta-feira-o-i-seminario-nacional-de-direitos-humanos-do-psol\/#breadcrumb\"},\"inLanguage\":\"pt-BR\",\"potentialAction\":[{\"@type\":\"ReadAction\",\"target\":[\"https:\/\/psol50.org.br\/teve-inicio-nesta-sexta-feira-o-i-seminario-nacional-de-direitos-humanos-do-psol\/\"]}]},{\"@type\":\"BreadcrumbList\",\"@id\":\"https:\/\/psol50.org.br\/teve-inicio-nesta-sexta-feira-o-i-seminario-nacional-de-direitos-humanos-do-psol\/#breadcrumb\",\"itemListElement\":[{\"@type\":\"ListItem\",\"position\":1,\"name\":\"In\u00edcio\",\"item\":\"https:\/\/psol50.org.br\/\"},{\"@type\":\"ListItem\",\"position\":2,\"name\":\"Teve in\u00edcio nesta sexta-feira o I Semin\u00e1rio Nacional de Direitos Humanos do PSOL\"}]},{\"@type\":\"WebSite\",\"@id\":\"https:\/\/psol50.org.br\/#website\",\"url\":\"https:\/\/psol50.org.br\/\",\"name\":\"PSOL 50\",\"description\":\"Site oficial do Partido Socialismo e Liberdade\",\"publisher\":{\"@id\":\"https:\/\/psol50.org.br\/#organization\"},\"alternateName\":\"PSOL50\",\"potentialAction\":[{\"@type\":\"SearchAction\",\"target\":{\"@type\":\"EntryPoint\",\"urlTemplate\":\"https:\/\/psol50.org.br\/?s={search_term_string}\"},\"query-input\":{\"@type\":\"PropertyValueSpecification\",\"valueRequired\":true,\"valueName\":\"search_term_string\"}}],\"inLanguage\":\"pt-BR\"},{\"@type\":\"Organization\",\"@id\":\"https:\/\/psol50.org.br\/#organization\",\"name\":\"PSOL 50\",\"alternateName\":\"PSOL 50\",\"url\":\"https:\/\/psol50.org.br\/\",\"logo\":{\"@type\":\"ImageObject\",\"inLanguage\":\"pt-BR\",\"@id\":\"https:\/\/psol50.org.br\/#\/schema\/logo\/image\/\",\"url\":\"https:\/\/psol50.org.br\/inc\/uploads\/2018\/07\/capa.png\",\"contentUrl\":\"https:\/\/psol50.org.br\/inc\/uploads\/2018\/07\/capa.png\",\"width\":1350,\"height\":900,\"caption\":\"PSOL 50\"},\"image\":{\"@id\":\"https:\/\/psol50.org.br\/#\/schema\/logo\/image\/\"},\"sameAs\":[\"https:\/\/www.facebook.com\/psol50\",\"https:\/\/x.com\/psol50\",\"https:\/\/www.instagram.com\/psol50\/\",\"https:\/\/www.youtube.com\/channel\/UC7SnJS5o1os7a6CaiNabzcg\"]},{\"@type\":\"Person\",\"@id\":\"https:\/\/psol50.org.br\/#\/schema\/person\/475dfa57d0b815993c714c2e96491fcd\",\"name\":\"Comunica\u00e7\u00e3o PSOL\",\"image\":{\"@type\":\"ImageObject\",\"inLanguage\":\"pt-BR\",\"@id\":\"https:\/\/psol50.org.br\/#\/schema\/person\/image\/\",\"url\":\"https:\/\/secure.gravatar.com\/avatar\/b34fc4f4e468a4e51785917065a3db57b841f5c95dba6ad8c73aaf8f66f8f9bf?s=96&d=mm&r=g\",\"contentUrl\":\"https:\/\/secure.gravatar.com\/avatar\/b34fc4f4e468a4e51785917065a3db57b841f5c95dba6ad8c73aaf8f66f8f9bf?s=96&d=mm&r=g\",\"caption\":\"Comunica\u00e7\u00e3o PSOL\"}}]}<\/script>\n<!-- \/ Yoast SEO plugin. -->","yoast_head_json":{"title":"Teve in\u00edcio nesta sexta-feira o I Semin\u00e1rio Nacional de Direitos Humanos do PSOL - PSOL 50","robots":{"index":"index","follow":"follow","max-snippet":"max-snippet:-1","max-image-preview":"max-image-preview:large","max-video-preview":"max-video-preview:-1"},"canonical":"https:\/\/psol50.org.br\/teve-inicio-nesta-sexta-feira-o-i-seminario-nacional-de-direitos-humanos-do-psol\/","og_locale":"pt_BR","og_type":"article","og_title":"Teve in\u00edcio nesta sexta-feira o I Semin\u00e1rio Nacional de Direitos Humanos do PSOL - PSOL 50","og_description":"Neste sexta-feira (16), teve in\u00edcio o 1\u00ba Semin\u00e1rio e o 2\u00ba Encontro do Setorial Nacional de Direitos Humanos do PSOL. Nos \u00faltimos meses, o pa\u00eds assiste a centenas de viola\u00e7\u00f5es de direitos humanos e abusos contra moradores em \u00e1reas de risco, remo\u00e7\u00f5es for\u00e7adas no campo e nas cidades, sem-teto e sem-terra, trabalhadores organizados e povos [&hellip;]","og_url":"https:\/\/psol50.org.br\/teve-inicio-nesta-sexta-feira-o-i-seminario-nacional-de-direitos-humanos-do-psol\/","og_site_name":"PSOL 50","article_publisher":"https:\/\/www.facebook.com\/psol50","article_published_time":"2013-08-16T00:00:00+00:00","og_image":[{"width":1350,"height":900,"url":"https:\/\/psol50.org.br\/inc\/uploads\/2018\/07\/capa.png","type":"image\/png"}],"author":"Comunica\u00e7\u00e3o PSOL","twitter_card":"summary_large_image","twitter_creator":"@psol50","twitter_site":"@psol50","twitter_misc":{"Escrito por":"Comunica\u00e7\u00e3o PSOL","Est. tempo de leitura":"4 minutos"},"schema":{"@context":"https:\/\/schema.org","@graph":[{"@type":"Article","@id":"https:\/\/psol50.org.br\/teve-inicio-nesta-sexta-feira-o-i-seminario-nacional-de-direitos-humanos-do-psol\/#article","isPartOf":{"@id":"https:\/\/psol50.org.br\/teve-inicio-nesta-sexta-feira-o-i-seminario-nacional-de-direitos-humanos-do-psol\/"},"author":{"name":"Comunica\u00e7\u00e3o PSOL","@id":"https:\/\/psol50.org.br\/#\/schema\/person\/475dfa57d0b815993c714c2e96491fcd"},"headline":"Teve in\u00edcio nesta sexta-feira o I Semin\u00e1rio Nacional de Direitos Humanos do PSOL","datePublished":"2013-08-16T00:00:00+00:00","mainEntityOfPage":{"@id":"https:\/\/psol50.org.br\/teve-inicio-nesta-sexta-feira-o-i-seminario-nacional-de-direitos-humanos-do-psol\/"},"wordCount":882,"commentCount":0,"publisher":{"@id":"https:\/\/psol50.org.br\/#organization"},"keywords":["PSOL"],"articleSection":["Partido"],"inLanguage":"pt-BR","potentialAction":[{"@type":"CommentAction","name":"Comment","target":["https:\/\/psol50.org.br\/teve-inicio-nesta-sexta-feira-o-i-seminario-nacional-de-direitos-humanos-do-psol\/#respond"]}]},{"@type":"WebPage","@id":"https:\/\/psol50.org.br\/teve-inicio-nesta-sexta-feira-o-i-seminario-nacional-de-direitos-humanos-do-psol\/","url":"https:\/\/psol50.org.br\/teve-inicio-nesta-sexta-feira-o-i-seminario-nacional-de-direitos-humanos-do-psol\/","name":"Teve in\u00edcio nesta sexta-feira o I Semin\u00e1rio Nacional de Direitos Humanos do PSOL - PSOL 50","isPartOf":{"@id":"https:\/\/psol50.org.br\/#website"},"datePublished":"2013-08-16T00:00:00+00:00","breadcrumb":{"@id":"https:\/\/psol50.org.br\/teve-inicio-nesta-sexta-feira-o-i-seminario-nacional-de-direitos-humanos-do-psol\/#breadcrumb"},"inLanguage":"pt-BR","potentialAction":[{"@type":"ReadAction","target":["https:\/\/psol50.org.br\/teve-inicio-nesta-sexta-feira-o-i-seminario-nacional-de-direitos-humanos-do-psol\/"]}]},{"@type":"BreadcrumbList","@id":"https:\/\/psol50.org.br\/teve-inicio-nesta-sexta-feira-o-i-seminario-nacional-de-direitos-humanos-do-psol\/#breadcrumb","itemListElement":[{"@type":"ListItem","position":1,"name":"In\u00edcio","item":"https:\/\/psol50.org.br\/"},{"@type":"ListItem","position":2,"name":"Teve in\u00edcio nesta sexta-feira o I Semin\u00e1rio Nacional de Direitos Humanos do PSOL"}]},{"@type":"WebSite","@id":"https:\/\/psol50.org.br\/#website","url":"https:\/\/psol50.org.br\/","name":"PSOL 50","description":"Site oficial do Partido Socialismo e Liberdade","publisher":{"@id":"https:\/\/psol50.org.br\/#organization"},"alternateName":"PSOL50","potentialAction":[{"@type":"SearchAction","target":{"@type":"EntryPoint","urlTemplate":"https:\/\/psol50.org.br\/?s={search_term_string}"},"query-input":{"@type":"PropertyValueSpecification","valueRequired":true,"valueName":"search_term_string"}}],"inLanguage":"pt-BR"},{"@type":"Organization","@id":"https:\/\/psol50.org.br\/#organization","name":"PSOL 50","alternateName":"PSOL 50","url":"https:\/\/psol50.org.br\/","logo":{"@type":"ImageObject","inLanguage":"pt-BR","@id":"https:\/\/psol50.org.br\/#\/schema\/logo\/image\/","url":"https:\/\/psol50.org.br\/inc\/uploads\/2018\/07\/capa.png","contentUrl":"https:\/\/psol50.org.br\/inc\/uploads\/2018\/07\/capa.png","width":1350,"height":900,"caption":"PSOL 50"},"image":{"@id":"https:\/\/psol50.org.br\/#\/schema\/logo\/image\/"},"sameAs":["https:\/\/www.facebook.com\/psol50","https:\/\/x.com\/psol50","https:\/\/www.instagram.com\/psol50\/","https:\/\/www.youtube.com\/channel\/UC7SnJS5o1os7a6CaiNabzcg"]},{"@type":"Person","@id":"https:\/\/psol50.org.br\/#\/schema\/person\/475dfa57d0b815993c714c2e96491fcd","name":"Comunica\u00e7\u00e3o PSOL","image":{"@type":"ImageObject","inLanguage":"pt-BR","@id":"https:\/\/psol50.org.br\/#\/schema\/person\/image\/","url":"https:\/\/secure.gravatar.com\/avatar\/b34fc4f4e468a4e51785917065a3db57b841f5c95dba6ad8c73aaf8f66f8f9bf?s=96&d=mm&r=g","contentUrl":"https:\/\/secure.gravatar.com\/avatar\/b34fc4f4e468a4e51785917065a3db57b841f5c95dba6ad8c73aaf8f66f8f9bf?s=96&d=mm&r=g","caption":"Comunica\u00e7\u00e3o PSOL"}}]}},"_links":{"self":[{"href":"https:\/\/psol50.org.br\/rest\/wp\/v2\/posts\/2202","targetHints":{"allow":["GET"]}}],"collection":[{"href":"https:\/\/psol50.org.br\/rest\/wp\/v2\/posts"}],"about":[{"href":"https:\/\/psol50.org.br\/rest\/wp\/v2\/types\/post"}],"author":[{"embeddable":true,"href":"https:\/\/psol50.org.br\/rest\/wp\/v2\/users\/2"}],"replies":[{"embeddable":true,"href":"https:\/\/psol50.org.br\/rest\/wp\/v2\/comments?post=2202"}],"version-history":[{"count":0,"href":"https:\/\/psol50.org.br\/rest\/wp\/v2\/posts\/2202\/revisions"}],"wp:attachment":[{"href":"https:\/\/psol50.org.br\/rest\/wp\/v2\/media?parent=2202"}],"wp:term":[{"taxonomy":"category","embeddable":true,"href":"https:\/\/psol50.org.br\/rest\/wp\/v2\/categories?post=2202"},{"taxonomy":"post_tag","embeddable":true,"href":"https:\/\/psol50.org.br\/rest\/wp\/v2\/tags?post=2202"}],"curies":[{"name":"wp","href":"https:\/\/api.w.org\/{rel}","templated":true}]}}