{"id":2206,"date":"2013-08-19T00:00:00","date_gmt":"2013-08-19T00:00:00","guid":{"rendered":"http:\/\/psol50.org.br\/arquivo\/2013\/08\/19\/trabalhadores-do-setor-agrario-colombiano-iniciam-greve-geral\/"},"modified":"2013-08-19T00:00:00","modified_gmt":"2013-08-19T00:00:00","slug":"trabalhadores-do-setor-agrario-colombiano-iniciam-greve-geral","status":"publish","type":"post","link":"https:\/\/psol50.org.br\/trabalhadores-do-setor-agrario-colombiano-iniciam-greve-geral\/","title":{"rendered":"Trabalhadores do setor agr\u00e1rio colombiano iniciam greve geral"},"content":{"rendered":"<p style=\"text-align: justify;\">\n\t<em style=\"font-size: 12px;\">Anunciaram a ades\u00e3o \u00e0 greve representantes dos cafeicultores, arrozeiros, plantadores de cacau, caminhoneiros e mineiros<\/em><\/p>\n<p>\t<span style=\"font-size: 12px;\">Trabalhadores do setor agr\u00e1rio da Col\u00f4mbia come\u00e7aram nesta segunda-feira (19) uma paralisa\u00e7\u00e3o nacional, por tempo indeterminado. Os agricultores pedem mais investimentos e aten\u00e7\u00e3o por parte do governo do presidente Juan Manuel Santos.<\/span><\/p>\n<p>\t<span style=\"font-size: 12px;\">Anunciaram a ades\u00e3o \u00e0 greve representantes dos cafeicultores, arrozeiros, plantadores de cacau, caminhoneiros e mineiros, entre outros. Eles tamb\u00e9m se comprometeram a fazer mobiliza\u00e7\u00f5es pac\u00edficas e sem confrontos com as for\u00e7as policiais.<\/span><\/p>\n<p>\t<span style=\"font-size: 12px;\">O movimento Dignidade Cafeteira informou que a paralisa\u00e7\u00e3o foi motivada pela falta de acordo com o governo para investimentos no setor. Os profissionais que trabalham na \u00e1rea de transporte tamb\u00e9m apoiam a greve geral. O movimento representa produtores de caf\u00e9 de dez dos 32 departamentos (estados) da Col\u00f4mbia.<\/span><\/p>\n<p>\t<span style=\"font-size: 12px;\">Santos ordenou que a for\u00e7a p\u00fablica atue com total contund\u00eancia contra quem estiver bloqueando as vias e avisou que quem fomentar a desordem ser\u00e1 penalizado. Antes disso, tinha sido firme ao afirmar que &#8220;n\u00e3o vamos sentar para negociar nada no meio de uma greve&#8221;.<\/span><\/p>\n<p>\t<span style=\"font-size: 12px;\">Em comunicado, a Associa\u00e7\u00e3o dos Agricultores, apoiada pela Unidade Agropecu\u00e1ria e de Transporte, adiantou que h\u00e1 um protesto organizado para hoje em Bogot\u00e1, capital colombiana. Alguns produtores rurais reclamam que a importa\u00e7\u00e3o de a\u00e7\u00facar do Brasil prejudicou a produ\u00e7\u00e3o colombiana.<\/span><\/p>\n<p>\t<span style=\"font-size: 12px;\">A Associa\u00e7\u00e3o Nacional de Transportadores, que representa os caminhoneiros, anunciou a ades\u00e3o ao movimento porque considera que o governo n\u00e3o atende \u00e0s suas demandas. Paralelamente, o Minist\u00e9rio do Interior reiterou que acionar\u00e1 a Justi\u00e7a se houver desordem e bloqueio de estradas. \u201cQuem tentar perturbar a ordem p\u00fablica e promover a\u00e7\u00f5es violentas durante a paralisa\u00e7\u00e3o ser\u00e1 penalizado\u201d, diz comunicado do minist\u00e9rio.<\/span><\/p>\n<p>\t<strong style=\"font-size: 12px;\">Preocupa\u00e7\u00e3o<\/strong><br \/>\n\t<span style=\"font-size: 12px;\">No meio das tens\u00f5es e advert\u00eancias do governo de levar a julgamento aqueles que tentarem perturbar a ordem p\u00fablica, o movimento pol\u00edtico e social Marcha Patri\u00f3tica questiona, em um comunicado, a grave situa\u00e7\u00e3o de direitos humanos que pode ser enfrentada por aqueles que se mobilizarem.<\/span><\/p>\n<p>\t<span style=\"font-size: 12px;\">&#8220;A Marcha Patri\u00f3tica responsabiliza o presidente Santos; o ministro do Interior Fernando Carrillo; e o diretor geral da Pol\u00edcia, Rodolfo Palomino, pelas viola\u00e7\u00f5es aos direitos humanos executadas por integrantes das for\u00e7as regulares do Estado que se apresentarem contra os manifestantes&#8221;, afirma o texto.&nbsp;<\/span><\/p>\n<p>\n\t&nbsp;<\/p>\n<p>\n&nbsp;<br \/>\n&nbsp;<\/p>\n","protected":false},"excerpt":{"rendered":"<p>Anunciaram a ades\u00e3o \u00e0 greve representantes dos cafeicultores, arrozeiros, plantadores de cacau, caminhoneiros e mineiros Trabalhadores do setor agr\u00e1rio da Col\u00f4mbia come\u00e7aram nesta segunda-feira (19) uma paralisa\u00e7\u00e3o nacional, por tempo indeterminado. Os agricultores pedem mais investimentos e aten\u00e7\u00e3o por parte do governo do presidente Juan Manuel Santos. Anunciaram a ades\u00e3o \u00e0 greve representantes dos cafeicultores, [&hellip;]<\/p>\n","protected":false},"author":2,"featured_media":0,"comment_status":"open","ping_status":"open","sticky":false,"template":"","format":"standard","meta":{"_acf_changed":false,"footnotes":""},"categories":[4766],"tags":[],"class_list":{"0":"post-2206","1":"post","2":"type-post","3":"status-publish","4":"format-standard","6":"category-arquivo"},"acf":[],"yoast_head":"<!-- This site is optimized with the Yoast SEO plugin v26.5 - https:\/\/yoast.com\/wordpress\/plugins\/seo\/ -->\n<title>Trabalhadores do setor agr\u00e1rio colombiano iniciam greve geral - PSOL 50<\/title>\n<meta name=\"robots\" content=\"index, follow, max-snippet:-1, max-image-preview:large, max-video-preview:-1\" \/>\n<link rel=\"canonical\" href=\"https:\/\/psol50.org.br\/trabalhadores-do-setor-agrario-colombiano-iniciam-greve-geral\/\" \/>\n<meta property=\"og:locale\" content=\"pt_BR\" \/>\n<meta property=\"og:type\" content=\"article\" \/>\n<meta property=\"og:title\" content=\"Trabalhadores do setor agr\u00e1rio colombiano iniciam greve geral - PSOL 50\" \/>\n<meta property=\"og:description\" content=\"Anunciaram a ades\u00e3o \u00e0 greve representantes dos cafeicultores, arrozeiros, plantadores de cacau, caminhoneiros e mineiros Trabalhadores do setor agr\u00e1rio da Col\u00f4mbia come\u00e7aram nesta segunda-feira (19) uma paralisa\u00e7\u00e3o nacional, por tempo indeterminado. Os agricultores pedem mais investimentos e aten\u00e7\u00e3o por parte do governo do presidente Juan Manuel Santos. Anunciaram a ades\u00e3o \u00e0 greve representantes dos cafeicultores, [&hellip;]\" \/>\n<meta property=\"og:url\" content=\"https:\/\/psol50.org.br\/trabalhadores-do-setor-agrario-colombiano-iniciam-greve-geral\/\" \/>\n<meta property=\"og:site_name\" content=\"PSOL 50\" \/>\n<meta property=\"article:publisher\" content=\"https:\/\/www.facebook.com\/psol50\" \/>\n<meta property=\"article:published_time\" content=\"2013-08-19T00:00:00+00:00\" \/>\n<meta property=\"og:image\" content=\"https:\/\/psol50.org.br\/inc\/uploads\/2018\/07\/capa.png\" \/>\n\t<meta property=\"og:image:width\" content=\"1350\" \/>\n\t<meta property=\"og:image:height\" content=\"900\" \/>\n\t<meta property=\"og:image:type\" content=\"image\/png\" \/>\n<meta name=\"author\" content=\"Comunica\u00e7\u00e3o PSOL\" \/>\n<meta name=\"twitter:card\" content=\"summary_large_image\" \/>\n<meta name=\"twitter:creator\" content=\"@psol50\" \/>\n<meta name=\"twitter:site\" content=\"@psol50\" \/>\n<meta name=\"twitter:label1\" content=\"Escrito por\" \/>\n\t<meta name=\"twitter:data1\" content=\"Comunica\u00e7\u00e3o PSOL\" \/>\n\t<meta name=\"twitter:label2\" content=\"Est. tempo de leitura\" \/>\n\t<meta name=\"twitter:data2\" content=\"2 minutos\" \/>\n<script type=\"application\/ld+json\" class=\"yoast-schema-graph\">{\"@context\":\"https:\/\/schema.org\",\"@graph\":[{\"@type\":\"Article\",\"@id\":\"https:\/\/psol50.org.br\/trabalhadores-do-setor-agrario-colombiano-iniciam-greve-geral\/#article\",\"isPartOf\":{\"@id\":\"https:\/\/psol50.org.br\/trabalhadores-do-setor-agrario-colombiano-iniciam-greve-geral\/\"},\"author\":{\"name\":\"Comunica\u00e7\u00e3o PSOL\",\"@id\":\"https:\/\/psol50.org.br\/#\/schema\/person\/475dfa57d0b815993c714c2e96491fcd\"},\"headline\":\"Trabalhadores do setor agr\u00e1rio colombiano iniciam greve geral\",\"datePublished\":\"2013-08-19T00:00:00+00:00\",\"mainEntityOfPage\":{\"@id\":\"https:\/\/psol50.org.br\/trabalhadores-do-setor-agrario-colombiano-iniciam-greve-geral\/\"},\"wordCount\":412,\"commentCount\":0,\"publisher\":{\"@id\":\"https:\/\/psol50.org.br\/#organization\"},\"articleSection\":[\"Arquivo\"],\"inLanguage\":\"pt-BR\",\"potentialAction\":[{\"@type\":\"CommentAction\",\"name\":\"Comment\",\"target\":[\"https:\/\/psol50.org.br\/trabalhadores-do-setor-agrario-colombiano-iniciam-greve-geral\/#respond\"]}]},{\"@type\":\"WebPage\",\"@id\":\"https:\/\/psol50.org.br\/trabalhadores-do-setor-agrario-colombiano-iniciam-greve-geral\/\",\"url\":\"https:\/\/psol50.org.br\/trabalhadores-do-setor-agrario-colombiano-iniciam-greve-geral\/\",\"name\":\"Trabalhadores do setor agr\u00e1rio colombiano iniciam greve geral - PSOL 50\",\"isPartOf\":{\"@id\":\"https:\/\/psol50.org.br\/#website\"},\"datePublished\":\"2013-08-19T00:00:00+00:00\",\"breadcrumb\":{\"@id\":\"https:\/\/psol50.org.br\/trabalhadores-do-setor-agrario-colombiano-iniciam-greve-geral\/#breadcrumb\"},\"inLanguage\":\"pt-BR\",\"potentialAction\":[{\"@type\":\"ReadAction\",\"target\":[\"https:\/\/psol50.org.br\/trabalhadores-do-setor-agrario-colombiano-iniciam-greve-geral\/\"]}]},{\"@type\":\"BreadcrumbList\",\"@id\":\"https:\/\/psol50.org.br\/trabalhadores-do-setor-agrario-colombiano-iniciam-greve-geral\/#breadcrumb\",\"itemListElement\":[{\"@type\":\"ListItem\",\"position\":1,\"name\":\"In\u00edcio\",\"item\":\"https:\/\/psol50.org.br\/\"},{\"@type\":\"ListItem\",\"position\":2,\"name\":\"Trabalhadores do setor agr\u00e1rio colombiano iniciam greve geral\"}]},{\"@type\":\"WebSite\",\"@id\":\"https:\/\/psol50.org.br\/#website\",\"url\":\"https:\/\/psol50.org.br\/\",\"name\":\"PSOL 50\",\"description\":\"Site oficial do Partido Socialismo e Liberdade\",\"publisher\":{\"@id\":\"https:\/\/psol50.org.br\/#organization\"},\"alternateName\":\"PSOL50\",\"potentialAction\":[{\"@type\":\"SearchAction\",\"target\":{\"@type\":\"EntryPoint\",\"urlTemplate\":\"https:\/\/psol50.org.br\/?s={search_term_string}\"},\"query-input\":{\"@type\":\"PropertyValueSpecification\",\"valueRequired\":true,\"valueName\":\"search_term_string\"}}],\"inLanguage\":\"pt-BR\"},{\"@type\":\"Organization\",\"@id\":\"https:\/\/psol50.org.br\/#organization\",\"name\":\"PSOL 50\",\"alternateName\":\"PSOL 50\",\"url\":\"https:\/\/psol50.org.br\/\",\"logo\":{\"@type\":\"ImageObject\",\"inLanguage\":\"pt-BR\",\"@id\":\"https:\/\/psol50.org.br\/#\/schema\/logo\/image\/\",\"url\":\"https:\/\/psol50.org.br\/inc\/uploads\/2018\/07\/capa.png\",\"contentUrl\":\"https:\/\/psol50.org.br\/inc\/uploads\/2018\/07\/capa.png\",\"width\":1350,\"height\":900,\"caption\":\"PSOL 50\"},\"image\":{\"@id\":\"https:\/\/psol50.org.br\/#\/schema\/logo\/image\/\"},\"sameAs\":[\"https:\/\/www.facebook.com\/psol50\",\"https:\/\/x.com\/psol50\",\"https:\/\/www.instagram.com\/psol50\/\",\"https:\/\/www.youtube.com\/channel\/UC7SnJS5o1os7a6CaiNabzcg\"]},{\"@type\":\"Person\",\"@id\":\"https:\/\/psol50.org.br\/#\/schema\/person\/475dfa57d0b815993c714c2e96491fcd\",\"name\":\"Comunica\u00e7\u00e3o PSOL\",\"image\":{\"@type\":\"ImageObject\",\"inLanguage\":\"pt-BR\",\"@id\":\"https:\/\/psol50.org.br\/#\/schema\/person\/image\/\",\"url\":\"https:\/\/secure.gravatar.com\/avatar\/b34fc4f4e468a4e51785917065a3db57b841f5c95dba6ad8c73aaf8f66f8f9bf?s=96&d=mm&r=g\",\"contentUrl\":\"https:\/\/secure.gravatar.com\/avatar\/b34fc4f4e468a4e51785917065a3db57b841f5c95dba6ad8c73aaf8f66f8f9bf?s=96&d=mm&r=g\",\"caption\":\"Comunica\u00e7\u00e3o PSOL\"}}]}<\/script>\n<!-- \/ Yoast SEO plugin. -->","yoast_head_json":{"title":"Trabalhadores do setor agr\u00e1rio colombiano iniciam greve geral - PSOL 50","robots":{"index":"index","follow":"follow","max-snippet":"max-snippet:-1","max-image-preview":"max-image-preview:large","max-video-preview":"max-video-preview:-1"},"canonical":"https:\/\/psol50.org.br\/trabalhadores-do-setor-agrario-colombiano-iniciam-greve-geral\/","og_locale":"pt_BR","og_type":"article","og_title":"Trabalhadores do setor agr\u00e1rio colombiano iniciam greve geral - PSOL 50","og_description":"Anunciaram a ades\u00e3o \u00e0 greve representantes dos cafeicultores, arrozeiros, plantadores de cacau, caminhoneiros e mineiros Trabalhadores do setor agr\u00e1rio da Col\u00f4mbia come\u00e7aram nesta segunda-feira (19) uma paralisa\u00e7\u00e3o nacional, por tempo indeterminado. Os agricultores pedem mais investimentos e aten\u00e7\u00e3o por parte do governo do presidente Juan Manuel Santos. Anunciaram a ades\u00e3o \u00e0 greve representantes dos cafeicultores, [&hellip;]","og_url":"https:\/\/psol50.org.br\/trabalhadores-do-setor-agrario-colombiano-iniciam-greve-geral\/","og_site_name":"PSOL 50","article_publisher":"https:\/\/www.facebook.com\/psol50","article_published_time":"2013-08-19T00:00:00+00:00","og_image":[{"width":1350,"height":900,"url":"https:\/\/psol50.org.br\/inc\/uploads\/2018\/07\/capa.png","type":"image\/png"}],"author":"Comunica\u00e7\u00e3o PSOL","twitter_card":"summary_large_image","twitter_creator":"@psol50","twitter_site":"@psol50","twitter_misc":{"Escrito por":"Comunica\u00e7\u00e3o PSOL","Est. tempo de leitura":"2 minutos"},"schema":{"@context":"https:\/\/schema.org","@graph":[{"@type":"Article","@id":"https:\/\/psol50.org.br\/trabalhadores-do-setor-agrario-colombiano-iniciam-greve-geral\/#article","isPartOf":{"@id":"https:\/\/psol50.org.br\/trabalhadores-do-setor-agrario-colombiano-iniciam-greve-geral\/"},"author":{"name":"Comunica\u00e7\u00e3o PSOL","@id":"https:\/\/psol50.org.br\/#\/schema\/person\/475dfa57d0b815993c714c2e96491fcd"},"headline":"Trabalhadores do setor agr\u00e1rio colombiano iniciam greve geral","datePublished":"2013-08-19T00:00:00+00:00","mainEntityOfPage":{"@id":"https:\/\/psol50.org.br\/trabalhadores-do-setor-agrario-colombiano-iniciam-greve-geral\/"},"wordCount":412,"commentCount":0,"publisher":{"@id":"https:\/\/psol50.org.br\/#organization"},"articleSection":["Arquivo"],"inLanguage":"pt-BR","potentialAction":[{"@type":"CommentAction","name":"Comment","target":["https:\/\/psol50.org.br\/trabalhadores-do-setor-agrario-colombiano-iniciam-greve-geral\/#respond"]}]},{"@type":"WebPage","@id":"https:\/\/psol50.org.br\/trabalhadores-do-setor-agrario-colombiano-iniciam-greve-geral\/","url":"https:\/\/psol50.org.br\/trabalhadores-do-setor-agrario-colombiano-iniciam-greve-geral\/","name":"Trabalhadores do setor agr\u00e1rio colombiano iniciam greve geral - PSOL 50","isPartOf":{"@id":"https:\/\/psol50.org.br\/#website"},"datePublished":"2013-08-19T00:00:00+00:00","breadcrumb":{"@id":"https:\/\/psol50.org.br\/trabalhadores-do-setor-agrario-colombiano-iniciam-greve-geral\/#breadcrumb"},"inLanguage":"pt-BR","potentialAction":[{"@type":"ReadAction","target":["https:\/\/psol50.org.br\/trabalhadores-do-setor-agrario-colombiano-iniciam-greve-geral\/"]}]},{"@type":"BreadcrumbList","@id":"https:\/\/psol50.org.br\/trabalhadores-do-setor-agrario-colombiano-iniciam-greve-geral\/#breadcrumb","itemListElement":[{"@type":"ListItem","position":1,"name":"In\u00edcio","item":"https:\/\/psol50.org.br\/"},{"@type":"ListItem","position":2,"name":"Trabalhadores do setor agr\u00e1rio colombiano iniciam greve geral"}]},{"@type":"WebSite","@id":"https:\/\/psol50.org.br\/#website","url":"https:\/\/psol50.org.br\/","name":"PSOL 50","description":"Site oficial do Partido Socialismo e Liberdade","publisher":{"@id":"https:\/\/psol50.org.br\/#organization"},"alternateName":"PSOL50","potentialAction":[{"@type":"SearchAction","target":{"@type":"EntryPoint","urlTemplate":"https:\/\/psol50.org.br\/?s={search_term_string}"},"query-input":{"@type":"PropertyValueSpecification","valueRequired":true,"valueName":"search_term_string"}}],"inLanguage":"pt-BR"},{"@type":"Organization","@id":"https:\/\/psol50.org.br\/#organization","name":"PSOL 50","alternateName":"PSOL 50","url":"https:\/\/psol50.org.br\/","logo":{"@type":"ImageObject","inLanguage":"pt-BR","@id":"https:\/\/psol50.org.br\/#\/schema\/logo\/image\/","url":"https:\/\/psol50.org.br\/inc\/uploads\/2018\/07\/capa.png","contentUrl":"https:\/\/psol50.org.br\/inc\/uploads\/2018\/07\/capa.png","width":1350,"height":900,"caption":"PSOL 50"},"image":{"@id":"https:\/\/psol50.org.br\/#\/schema\/logo\/image\/"},"sameAs":["https:\/\/www.facebook.com\/psol50","https:\/\/x.com\/psol50","https:\/\/www.instagram.com\/psol50\/","https:\/\/www.youtube.com\/channel\/UC7SnJS5o1os7a6CaiNabzcg"]},{"@type":"Person","@id":"https:\/\/psol50.org.br\/#\/schema\/person\/475dfa57d0b815993c714c2e96491fcd","name":"Comunica\u00e7\u00e3o PSOL","image":{"@type":"ImageObject","inLanguage":"pt-BR","@id":"https:\/\/psol50.org.br\/#\/schema\/person\/image\/","url":"https:\/\/secure.gravatar.com\/avatar\/b34fc4f4e468a4e51785917065a3db57b841f5c95dba6ad8c73aaf8f66f8f9bf?s=96&d=mm&r=g","contentUrl":"https:\/\/secure.gravatar.com\/avatar\/b34fc4f4e468a4e51785917065a3db57b841f5c95dba6ad8c73aaf8f66f8f9bf?s=96&d=mm&r=g","caption":"Comunica\u00e7\u00e3o PSOL"}}]}},"_links":{"self":[{"href":"https:\/\/psol50.org.br\/rest\/wp\/v2\/posts\/2206","targetHints":{"allow":["GET"]}}],"collection":[{"href":"https:\/\/psol50.org.br\/rest\/wp\/v2\/posts"}],"about":[{"href":"https:\/\/psol50.org.br\/rest\/wp\/v2\/types\/post"}],"author":[{"embeddable":true,"href":"https:\/\/psol50.org.br\/rest\/wp\/v2\/users\/2"}],"replies":[{"embeddable":true,"href":"https:\/\/psol50.org.br\/rest\/wp\/v2\/comments?post=2206"}],"version-history":[{"count":0,"href":"https:\/\/psol50.org.br\/rest\/wp\/v2\/posts\/2206\/revisions"}],"wp:attachment":[{"href":"https:\/\/psol50.org.br\/rest\/wp\/v2\/media?parent=2206"}],"wp:term":[{"taxonomy":"category","embeddable":true,"href":"https:\/\/psol50.org.br\/rest\/wp\/v2\/categories?post=2206"},{"taxonomy":"post_tag","embeddable":true,"href":"https:\/\/psol50.org.br\/rest\/wp\/v2\/tags?post=2206"}],"curies":[{"name":"wp","href":"https:\/\/api.w.org\/{rel}","templated":true}]}}