{"id":22067,"date":"2018-11-01T11:33:49","date_gmt":"2018-11-01T14:33:49","guid":{"rendered":"http:\/\/psol50.org.br\/?p=22067"},"modified":"2018-11-01T11:33:49","modified_gmt":"2018-11-01T14:33:49","slug":"psol-convoca-ministro-para-explicar-decreto-da-forca-tarefa-de-inteligencia","status":"publish","type":"post","link":"https:\/\/psol50.org.br\/psol-convoca-ministro-para-explicar-decreto-da-forca-tarefa-de-inteligencia\/","title":{"rendered":"PSOL convoca ministro para explicar decreto da &#8220;for\u00e7a tarefa de intelig\u00eancia&#8221;"},"content":{"rendered":"<p>Os deputados do PSOL Ivan Valente (SP) e Chico Alencar (RJ) protocolaram, nesta quarta-feira (31), requerimento na Comiss\u00e3o de Constitui\u00e7\u00e3o, Justi\u00e7a e Cidadania da C\u00e2mara dos Deputados (CCJC) convocando o ministro S\u00e9rgio Etchegoyen, chefe do gabinete da Seguran\u00e7a Institucional da Presid\u00eancia da Rep\u00fablica,\u00a0 para prestar esclarecimentos sobre a &#8220;For\u00e7a Tarefa de Intelig\u00eancia para o enfrentamento ao crime organizado no Brasil&#8221;.<\/p>\n<p>O objetivo dos deputados \u00e9 saber qual a verdadeira finalidade do decreto n\u00ba <a href=\"http:\/\/www.planalto.gov.br\/ccivil_03\/_Ato2015-2018\/2018\/Decreto\/D9527.htm\"><strong>9.527 de 15 de outubro de 2018<\/strong>,\u00a0<\/a> que cria o grupo onde ser\u00e3o debatidas todas as a\u00e7\u00f5es direcionadas para, segundo os idealizadores, enfrentar \u201corganiza\u00e7\u00f5es criminosas que afrontam o Estado brasileiro e suas institui\u00e7\u00f5es\u201d. Pelo texto, Ex\u00e9rcito, Marinha e Aeron\u00e1utica ter\u00e3o assento permanente nesse colegiado, al\u00e9m de representantes da Ag\u00eancia Brasileira de Intelig\u00eancia (ABIN) e das Pol\u00edcias Federal e Rodovi\u00e1ria Federal. O referido grupo ser\u00e1 coordenado pelo pr\u00f3prio ministro Etchegoyen.<\/p>\n<p>Na avalia\u00e7\u00e3o do PSOL, embora tenha sido apresentado \u00e0 popula\u00e7\u00e3o como uma forma de combater o crime organizado, o decreto n\u00ba 9.527 n\u00e3o define o que ser\u00e1 considerado crime organizado, nem delimita o grau de atua\u00e7\u00e3o do grupo. Para os autores do requerimento, isso acende uma luz de alerta para todos que se manifestam p\u00fablica e organizadamente no pa\u00eds.<\/p>\n<p>Extremamente vago, esse decreto pode ser um risco aos movimentos sociais, aos ativistas e \u00e0 democracia. A preocupa\u00e7\u00e3o do partido se amplia, ainda mais, ap\u00f3s a elei\u00e7\u00e3o de Jair Bolsonaro no \u00faltimo domingo (28), cujo governo ter\u00e1 forte presen\u00e7a de militares. Em resposta ao portal de not\u00edcias EL PA\u00cdS, o Gabinete de Seguran\u00e7a Institucional informou que a for\u00e7a-tarefa poder\u00e1 ainda &#8220;consolidar uma mem\u00f3ria \u00e0 transi\u00e7\u00e3o que est\u00e1 em andamento no Governo federal&#8221;.<\/p>\n","protected":false},"excerpt":{"rendered":"<p>Os deputados do PSOL Ivan Valente (SP) e Chico Alencar (RJ) protocolaram, nesta quarta-feira (31), requerimento na Comiss\u00e3o de Constitui\u00e7\u00e3o, Justi\u00e7a e Cidadania da C\u00e2mara dos Deputados (CCJC) convocando o ministro S\u00e9rgio Etchegoyen, chefe do gabinete da Seguran\u00e7a Institucional da Presid\u00eancia da Rep\u00fablica,\u00a0 para prestar esclarecimentos sobre a &#8220;For\u00e7a Tarefa de Intelig\u00eancia para o enfrentamento [&hellip;]<\/p>\n","protected":false},"author":2,"featured_media":22069,"comment_status":"closed","ping_status":"open","sticky":false,"template":"","format":"standard","meta":{"_acf_changed":false,"footnotes":""},"categories":[6],"tags":[1680,2724,2725,2726,552,244,2727,2728,22,2729],"class_list":{"0":"post-22067","1":"post","2":"type-post","3":"status-publish","4":"format-standard","5":"has-post-thumbnail","7":"category-noticias","8":"tag-chico-alencar","9":"tag-decreto-9-527","10":"tag-forca-tarefa-de-inteligencia","11":"tag-gabinete-da-seguranca-institucional","12":"tag-ivan-valente","13":"tag-jair-bolsonaro","14":"tag-ministro-chefe","15":"tag-organizacoes-criminosas","16":"tag-psol","17":"tag-sergio-etchegoyen"},"acf":[],"yoast_head":"<!-- This site is optimized with the Yoast SEO plugin v26.5 - https:\/\/yoast.com\/wordpress\/plugins\/seo\/ -->\n<title>PSOL convoca ministro para explicar decreto da &quot;for\u00e7a tarefa de intelig\u00eancia&quot; - PSOL 50<\/title>\n<meta name=\"robots\" content=\"index, follow, max-snippet:-1, max-image-preview:large, max-video-preview:-1\" \/>\n<link rel=\"canonical\" href=\"https:\/\/psol50.org.br\/psol-convoca-ministro-para-explicar-decreto-da-forca-tarefa-de-inteligencia\/\" \/>\n<meta property=\"og:locale\" content=\"pt_BR\" \/>\n<meta property=\"og:type\" content=\"article\" \/>\n<meta property=\"og:title\" content=\"PSOL convoca ministro para explicar decreto da &quot;for\u00e7a tarefa de intelig\u00eancia&quot; - PSOL 50\" \/>\n<meta property=\"og:description\" content=\"Os deputados do PSOL Ivan Valente (SP) e Chico Alencar (RJ) protocolaram, nesta quarta-feira (31), requerimento na Comiss\u00e3o de Constitui\u00e7\u00e3o, Justi\u00e7a e Cidadania da C\u00e2mara dos Deputados (CCJC) convocando o ministro S\u00e9rgio Etchegoyen, chefe do gabinete da Seguran\u00e7a Institucional da Presid\u00eancia da Rep\u00fablica,\u00a0 para prestar esclarecimentos sobre a &#8220;For\u00e7a Tarefa de Intelig\u00eancia para o enfrentamento [&hellip;]\" \/>\n<meta property=\"og:url\" content=\"https:\/\/psol50.org.br\/psol-convoca-ministro-para-explicar-decreto-da-forca-tarefa-de-inteligencia\/\" \/>\n<meta property=\"og:site_name\" content=\"PSOL 50\" \/>\n<meta property=\"article:publisher\" content=\"https:\/\/www.facebook.com\/psol50\" \/>\n<meta property=\"article:published_time\" content=\"2018-11-01T14:33:49+00:00\" \/>\n<meta property=\"og:image\" content=\"https:\/\/psol50.org.br\/inc\/uploads\/2018\/11\/MinistroEtchegoyen_AntonioCruz_ABr.jpg\" \/>\n\t<meta property=\"og:image:width\" content=\"900\" \/>\n\t<meta property=\"og:image:height\" content=\"599\" \/>\n\t<meta property=\"og:image:type\" content=\"image\/jpeg\" \/>\n<meta name=\"author\" content=\"Comunica\u00e7\u00e3o PSOL\" \/>\n<meta name=\"twitter:card\" content=\"summary_large_image\" \/>\n<meta name=\"twitter:creator\" content=\"@psol50\" \/>\n<meta name=\"twitter:site\" content=\"@psol50\" \/>\n<meta name=\"twitter:label1\" content=\"Escrito por\" \/>\n\t<meta name=\"twitter:data1\" content=\"Comunica\u00e7\u00e3o PSOL\" \/>\n\t<meta name=\"twitter:label2\" content=\"Est. tempo de leitura\" \/>\n\t<meta name=\"twitter:data2\" content=\"2 minutos\" \/>\n<script type=\"application\/ld+json\" class=\"yoast-schema-graph\">{\"@context\":\"https:\/\/schema.org\",\"@graph\":[{\"@type\":\"Article\",\"@id\":\"https:\/\/psol50.org.br\/psol-convoca-ministro-para-explicar-decreto-da-forca-tarefa-de-inteligencia\/#article\",\"isPartOf\":{\"@id\":\"https:\/\/psol50.org.br\/psol-convoca-ministro-para-explicar-decreto-da-forca-tarefa-de-inteligencia\/\"},\"author\":{\"name\":\"Comunica\u00e7\u00e3o PSOL\",\"@id\":\"https:\/\/psol50.org.br\/#\/schema\/person\/475dfa57d0b815993c714c2e96491fcd\"},\"headline\":\"PSOL convoca ministro para explicar decreto da &#8220;for\u00e7a tarefa de intelig\u00eancia&#8221;\",\"datePublished\":\"2018-11-01T14:33:49+00:00\",\"mainEntityOfPage\":{\"@id\":\"https:\/\/psol50.org.br\/psol-convoca-ministro-para-explicar-decreto-da-forca-tarefa-de-inteligencia\/\"},\"wordCount\":315,\"publisher\":{\"@id\":\"https:\/\/psol50.org.br\/#organization\"},\"image\":{\"@id\":\"https:\/\/psol50.org.br\/psol-convoca-ministro-para-explicar-decreto-da-forca-tarefa-de-inteligencia\/#primaryimage\"},\"thumbnailUrl\":\"https:\/\/psol50.org.br\/inc\/uploads\/2018\/11\/MinistroEtchegoyen_AntonioCruz_ABr.jpg\",\"keywords\":[\"Chico Alencar\",\"decreto 9.527\",\"for\u00e7a tarefa de intelig\u00eancia\",\"gabinete da Seguran\u00e7a Institucional\",\"Ivan Valente\",\"Jair Bolsonaro\",\"ministro chefe\",\"organiza\u00e7\u00f5es criminosas\",\"PSOL\",\"S\u00e9rgio Etchegoyen\"],\"articleSection\":[\"Not\u00edcias\"],\"inLanguage\":\"pt-BR\"},{\"@type\":\"WebPage\",\"@id\":\"https:\/\/psol50.org.br\/psol-convoca-ministro-para-explicar-decreto-da-forca-tarefa-de-inteligencia\/\",\"url\":\"https:\/\/psol50.org.br\/psol-convoca-ministro-para-explicar-decreto-da-forca-tarefa-de-inteligencia\/\",\"name\":\"PSOL convoca ministro para explicar decreto da \\\"for\u00e7a tarefa de intelig\u00eancia\\\" - PSOL 50\",\"isPartOf\":{\"@id\":\"https:\/\/psol50.org.br\/#website\"},\"primaryImageOfPage\":{\"@id\":\"https:\/\/psol50.org.br\/psol-convoca-ministro-para-explicar-decreto-da-forca-tarefa-de-inteligencia\/#primaryimage\"},\"image\":{\"@id\":\"https:\/\/psol50.org.br\/psol-convoca-ministro-para-explicar-decreto-da-forca-tarefa-de-inteligencia\/#primaryimage\"},\"thumbnailUrl\":\"https:\/\/psol50.org.br\/inc\/uploads\/2018\/11\/MinistroEtchegoyen_AntonioCruz_ABr.jpg\",\"datePublished\":\"2018-11-01T14:33:49+00:00\",\"breadcrumb\":{\"@id\":\"https:\/\/psol50.org.br\/psol-convoca-ministro-para-explicar-decreto-da-forca-tarefa-de-inteligencia\/#breadcrumb\"},\"inLanguage\":\"pt-BR\",\"potentialAction\":[{\"@type\":\"ReadAction\",\"target\":[\"https:\/\/psol50.org.br\/psol-convoca-ministro-para-explicar-decreto-da-forca-tarefa-de-inteligencia\/\"]}]},{\"@type\":\"ImageObject\",\"inLanguage\":\"pt-BR\",\"@id\":\"https:\/\/psol50.org.br\/psol-convoca-ministro-para-explicar-decreto-da-forca-tarefa-de-inteligencia\/#primaryimage\",\"url\":\"https:\/\/psol50.org.br\/inc\/uploads\/2018\/11\/MinistroEtchegoyen_AntonioCruz_ABr.jpg\",\"contentUrl\":\"https:\/\/psol50.org.br\/inc\/uploads\/2018\/11\/MinistroEtchegoyen_AntonioCruz_ABr.jpg\",\"width\":900,\"height\":599,\"caption\":\"O ministro-chefe do Gabinete de Seguran\u00e7a Institucional (GSI), S\u00e9rgio Etchegoyen, concede entrevista no Pal\u00e1cio do Planalto\"},{\"@type\":\"BreadcrumbList\",\"@id\":\"https:\/\/psol50.org.br\/psol-convoca-ministro-para-explicar-decreto-da-forca-tarefa-de-inteligencia\/#breadcrumb\",\"itemListElement\":[{\"@type\":\"ListItem\",\"position\":1,\"name\":\"In\u00edcio\",\"item\":\"https:\/\/psol50.org.br\/\"},{\"@type\":\"ListItem\",\"position\":2,\"name\":\"PSOL convoca ministro para explicar decreto da &#8220;for\u00e7a tarefa de intelig\u00eancia&#8221;\"}]},{\"@type\":\"WebSite\",\"@id\":\"https:\/\/psol50.org.br\/#website\",\"url\":\"https:\/\/psol50.org.br\/\",\"name\":\"PSOL 50\",\"description\":\"Site oficial do Partido Socialismo e Liberdade\",\"publisher\":{\"@id\":\"https:\/\/psol50.org.br\/#organization\"},\"alternateName\":\"PSOL50\",\"potentialAction\":[{\"@type\":\"SearchAction\",\"target\":{\"@type\":\"EntryPoint\",\"urlTemplate\":\"https:\/\/psol50.org.br\/?s={search_term_string}\"},\"query-input\":{\"@type\":\"PropertyValueSpecification\",\"valueRequired\":true,\"valueName\":\"search_term_string\"}}],\"inLanguage\":\"pt-BR\"},{\"@type\":\"Organization\",\"@id\":\"https:\/\/psol50.org.br\/#organization\",\"name\":\"PSOL 50\",\"alternateName\":\"PSOL 50\",\"url\":\"https:\/\/psol50.org.br\/\",\"logo\":{\"@type\":\"ImageObject\",\"inLanguage\":\"pt-BR\",\"@id\":\"https:\/\/psol50.org.br\/#\/schema\/logo\/image\/\",\"url\":\"https:\/\/psol50.org.br\/inc\/uploads\/2018\/07\/capa.png\",\"contentUrl\":\"https:\/\/psol50.org.br\/inc\/uploads\/2018\/07\/capa.png\",\"width\":1350,\"height\":900,\"caption\":\"PSOL 50\"},\"image\":{\"@id\":\"https:\/\/psol50.org.br\/#\/schema\/logo\/image\/\"},\"sameAs\":[\"https:\/\/www.facebook.com\/psol50\",\"https:\/\/x.com\/psol50\",\"https:\/\/www.instagram.com\/psol50\/\",\"https:\/\/www.youtube.com\/channel\/UC7SnJS5o1os7a6CaiNabzcg\"]},{\"@type\":\"Person\",\"@id\":\"https:\/\/psol50.org.br\/#\/schema\/person\/475dfa57d0b815993c714c2e96491fcd\",\"name\":\"Comunica\u00e7\u00e3o PSOL\",\"image\":{\"@type\":\"ImageObject\",\"inLanguage\":\"pt-BR\",\"@id\":\"https:\/\/psol50.org.br\/#\/schema\/person\/image\/\",\"url\":\"https:\/\/secure.gravatar.com\/avatar\/b34fc4f4e468a4e51785917065a3db57b841f5c95dba6ad8c73aaf8f66f8f9bf?s=96&d=mm&r=g\",\"contentUrl\":\"https:\/\/secure.gravatar.com\/avatar\/b34fc4f4e468a4e51785917065a3db57b841f5c95dba6ad8c73aaf8f66f8f9bf?s=96&d=mm&r=g\",\"caption\":\"Comunica\u00e7\u00e3o PSOL\"}}]}<\/script>\n<!-- \/ Yoast SEO plugin. -->","yoast_head_json":{"title":"PSOL convoca ministro para explicar decreto da \"for\u00e7a tarefa de intelig\u00eancia\" - PSOL 50","robots":{"index":"index","follow":"follow","max-snippet":"max-snippet:-1","max-image-preview":"max-image-preview:large","max-video-preview":"max-video-preview:-1"},"canonical":"https:\/\/psol50.org.br\/psol-convoca-ministro-para-explicar-decreto-da-forca-tarefa-de-inteligencia\/","og_locale":"pt_BR","og_type":"article","og_title":"PSOL convoca ministro para explicar decreto da \"for\u00e7a tarefa de intelig\u00eancia\" - PSOL 50","og_description":"Os deputados do PSOL Ivan Valente (SP) e Chico Alencar (RJ) protocolaram, nesta quarta-feira (31), requerimento na Comiss\u00e3o de Constitui\u00e7\u00e3o, Justi\u00e7a e Cidadania da C\u00e2mara dos Deputados (CCJC) convocando o ministro S\u00e9rgio Etchegoyen, chefe do gabinete da Seguran\u00e7a Institucional da Presid\u00eancia da Rep\u00fablica,\u00a0 para prestar esclarecimentos sobre a &#8220;For\u00e7a Tarefa de Intelig\u00eancia para o enfrentamento [&hellip;]","og_url":"https:\/\/psol50.org.br\/psol-convoca-ministro-para-explicar-decreto-da-forca-tarefa-de-inteligencia\/","og_site_name":"PSOL 50","article_publisher":"https:\/\/www.facebook.com\/psol50","article_published_time":"2018-11-01T14:33:49+00:00","og_image":[{"width":900,"height":599,"url":"https:\/\/psol50.org.br\/inc\/uploads\/2018\/11\/MinistroEtchegoyen_AntonioCruz_ABr.jpg","type":"image\/jpeg"}],"author":"Comunica\u00e7\u00e3o PSOL","twitter_card":"summary_large_image","twitter_creator":"@psol50","twitter_site":"@psol50","twitter_misc":{"Escrito por":"Comunica\u00e7\u00e3o PSOL","Est. tempo de leitura":"2 minutos"},"schema":{"@context":"https:\/\/schema.org","@graph":[{"@type":"Article","@id":"https:\/\/psol50.org.br\/psol-convoca-ministro-para-explicar-decreto-da-forca-tarefa-de-inteligencia\/#article","isPartOf":{"@id":"https:\/\/psol50.org.br\/psol-convoca-ministro-para-explicar-decreto-da-forca-tarefa-de-inteligencia\/"},"author":{"name":"Comunica\u00e7\u00e3o PSOL","@id":"https:\/\/psol50.org.br\/#\/schema\/person\/475dfa57d0b815993c714c2e96491fcd"},"headline":"PSOL convoca ministro para explicar decreto da &#8220;for\u00e7a tarefa de intelig\u00eancia&#8221;","datePublished":"2018-11-01T14:33:49+00:00","mainEntityOfPage":{"@id":"https:\/\/psol50.org.br\/psol-convoca-ministro-para-explicar-decreto-da-forca-tarefa-de-inteligencia\/"},"wordCount":315,"publisher":{"@id":"https:\/\/psol50.org.br\/#organization"},"image":{"@id":"https:\/\/psol50.org.br\/psol-convoca-ministro-para-explicar-decreto-da-forca-tarefa-de-inteligencia\/#primaryimage"},"thumbnailUrl":"https:\/\/psol50.org.br\/inc\/uploads\/2018\/11\/MinistroEtchegoyen_AntonioCruz_ABr.jpg","keywords":["Chico Alencar","decreto 9.527","for\u00e7a tarefa de intelig\u00eancia","gabinete da Seguran\u00e7a Institucional","Ivan Valente","Jair Bolsonaro","ministro chefe","organiza\u00e7\u00f5es criminosas","PSOL","S\u00e9rgio Etchegoyen"],"articleSection":["Not\u00edcias"],"inLanguage":"pt-BR"},{"@type":"WebPage","@id":"https:\/\/psol50.org.br\/psol-convoca-ministro-para-explicar-decreto-da-forca-tarefa-de-inteligencia\/","url":"https:\/\/psol50.org.br\/psol-convoca-ministro-para-explicar-decreto-da-forca-tarefa-de-inteligencia\/","name":"PSOL convoca ministro para explicar decreto da \"for\u00e7a tarefa de intelig\u00eancia\" - PSOL 50","isPartOf":{"@id":"https:\/\/psol50.org.br\/#website"},"primaryImageOfPage":{"@id":"https:\/\/psol50.org.br\/psol-convoca-ministro-para-explicar-decreto-da-forca-tarefa-de-inteligencia\/#primaryimage"},"image":{"@id":"https:\/\/psol50.org.br\/psol-convoca-ministro-para-explicar-decreto-da-forca-tarefa-de-inteligencia\/#primaryimage"},"thumbnailUrl":"https:\/\/psol50.org.br\/inc\/uploads\/2018\/11\/MinistroEtchegoyen_AntonioCruz_ABr.jpg","datePublished":"2018-11-01T14:33:49+00:00","breadcrumb":{"@id":"https:\/\/psol50.org.br\/psol-convoca-ministro-para-explicar-decreto-da-forca-tarefa-de-inteligencia\/#breadcrumb"},"inLanguage":"pt-BR","potentialAction":[{"@type":"ReadAction","target":["https:\/\/psol50.org.br\/psol-convoca-ministro-para-explicar-decreto-da-forca-tarefa-de-inteligencia\/"]}]},{"@type":"ImageObject","inLanguage":"pt-BR","@id":"https:\/\/psol50.org.br\/psol-convoca-ministro-para-explicar-decreto-da-forca-tarefa-de-inteligencia\/#primaryimage","url":"https:\/\/psol50.org.br\/inc\/uploads\/2018\/11\/MinistroEtchegoyen_AntonioCruz_ABr.jpg","contentUrl":"https:\/\/psol50.org.br\/inc\/uploads\/2018\/11\/MinistroEtchegoyen_AntonioCruz_ABr.jpg","width":900,"height":599,"caption":"O ministro-chefe do Gabinete de Seguran\u00e7a Institucional (GSI), S\u00e9rgio Etchegoyen, concede entrevista no Pal\u00e1cio do Planalto"},{"@type":"BreadcrumbList","@id":"https:\/\/psol50.org.br\/psol-convoca-ministro-para-explicar-decreto-da-forca-tarefa-de-inteligencia\/#breadcrumb","itemListElement":[{"@type":"ListItem","position":1,"name":"In\u00edcio","item":"https:\/\/psol50.org.br\/"},{"@type":"ListItem","position":2,"name":"PSOL convoca ministro para explicar decreto da &#8220;for\u00e7a tarefa de intelig\u00eancia&#8221;"}]},{"@type":"WebSite","@id":"https:\/\/psol50.org.br\/#website","url":"https:\/\/psol50.org.br\/","name":"PSOL 50","description":"Site oficial do Partido Socialismo e Liberdade","publisher":{"@id":"https:\/\/psol50.org.br\/#organization"},"alternateName":"PSOL50","potentialAction":[{"@type":"SearchAction","target":{"@type":"EntryPoint","urlTemplate":"https:\/\/psol50.org.br\/?s={search_term_string}"},"query-input":{"@type":"PropertyValueSpecification","valueRequired":true,"valueName":"search_term_string"}}],"inLanguage":"pt-BR"},{"@type":"Organization","@id":"https:\/\/psol50.org.br\/#organization","name":"PSOL 50","alternateName":"PSOL 50","url":"https:\/\/psol50.org.br\/","logo":{"@type":"ImageObject","inLanguage":"pt-BR","@id":"https:\/\/psol50.org.br\/#\/schema\/logo\/image\/","url":"https:\/\/psol50.org.br\/inc\/uploads\/2018\/07\/capa.png","contentUrl":"https:\/\/psol50.org.br\/inc\/uploads\/2018\/07\/capa.png","width":1350,"height":900,"caption":"PSOL 50"},"image":{"@id":"https:\/\/psol50.org.br\/#\/schema\/logo\/image\/"},"sameAs":["https:\/\/www.facebook.com\/psol50","https:\/\/x.com\/psol50","https:\/\/www.instagram.com\/psol50\/","https:\/\/www.youtube.com\/channel\/UC7SnJS5o1os7a6CaiNabzcg"]},{"@type":"Person","@id":"https:\/\/psol50.org.br\/#\/schema\/person\/475dfa57d0b815993c714c2e96491fcd","name":"Comunica\u00e7\u00e3o PSOL","image":{"@type":"ImageObject","inLanguage":"pt-BR","@id":"https:\/\/psol50.org.br\/#\/schema\/person\/image\/","url":"https:\/\/secure.gravatar.com\/avatar\/b34fc4f4e468a4e51785917065a3db57b841f5c95dba6ad8c73aaf8f66f8f9bf?s=96&d=mm&r=g","contentUrl":"https:\/\/secure.gravatar.com\/avatar\/b34fc4f4e468a4e51785917065a3db57b841f5c95dba6ad8c73aaf8f66f8f9bf?s=96&d=mm&r=g","caption":"Comunica\u00e7\u00e3o PSOL"}}]}},"_links":{"self":[{"href":"https:\/\/psol50.org.br\/rest\/wp\/v2\/posts\/22067","targetHints":{"allow":["GET"]}}],"collection":[{"href":"https:\/\/psol50.org.br\/rest\/wp\/v2\/posts"}],"about":[{"href":"https:\/\/psol50.org.br\/rest\/wp\/v2\/types\/post"}],"author":[{"embeddable":true,"href":"https:\/\/psol50.org.br\/rest\/wp\/v2\/users\/2"}],"replies":[{"embeddable":true,"href":"https:\/\/psol50.org.br\/rest\/wp\/v2\/comments?post=22067"}],"version-history":[{"count":0,"href":"https:\/\/psol50.org.br\/rest\/wp\/v2\/posts\/22067\/revisions"}],"wp:featuredmedia":[{"embeddable":true,"href":"https:\/\/psol50.org.br\/rest\/wp\/v2\/media\/22069"}],"wp:attachment":[{"href":"https:\/\/psol50.org.br\/rest\/wp\/v2\/media?parent=22067"}],"wp:term":[{"taxonomy":"category","embeddable":true,"href":"https:\/\/psol50.org.br\/rest\/wp\/v2\/categories?post=22067"},{"taxonomy":"post_tag","embeddable":true,"href":"https:\/\/psol50.org.br\/rest\/wp\/v2\/tags?post=22067"}],"curies":[{"name":"wp","href":"https:\/\/api.w.org\/{rel}","templated":true}]}}