{"id":22081,"date":"2018-11-05T13:45:35","date_gmt":"2018-11-05T15:45:35","guid":{"rendered":"http:\/\/psol50.org.br\/?p=22081"},"modified":"2018-11-05T13:45:35","modified_gmt":"2018-11-05T15:45:35","slug":"guilherme-boulos-liberdades-democraticas-em-risco","status":"publish","type":"post","link":"https:\/\/psol50.org.br\/guilherme-boulos-liberdades-democraticas-em-risco\/","title":{"rendered":"Guilherme Boulos | Liberdades democr\u00e1ticas em risco"},"content":{"rendered":"<div class=\"c-news__body\" data-share-text=\"\" data-news-content-text=\"\" data-disable-copy=\"\" data-continue-reading=\"\" data-continue-reading-hide-others=\".js-continue-reading-hidden\">\n<p><em>Artigo publicado originalmente no jornal <a href=\"https:\/\/www1.folha.uol.com.br\/opiniao\/2018\/11\/liberdades-democraticas-em-risco.shtml\" target=\"_blank\" rel=\"noopener\">Folha de S. Paulo<\/a><\/em><\/p>\n<p>Jair Bolsonaro teve a maioria dos votos e foi eleito presidente da Rep\u00fablica, o que n\u00e3o significa um cheque em branco do povo brasileiro a um pensamento \u00fanico sem espa\u00e7o para a oposi\u00e7\u00e3o de ideias. O sufr\u00e1gio se d\u00e1 nas urnas, mas a democracia \u00e9 pr\u00e1tica cotidiana e pressup\u00f5e respeito a quem pensa diferente e, sobretudo, \u00e0s liberdades constitucionais.<\/p>\n<p>As declara\u00e7\u00f5es do presidente eleito, no entanto, s\u00e3o preocupantes: den\u00fancias jornal\u00edsticas tornam-se &#8220;fake news&#8221;, movimentos sociais viram &#8220;organiza\u00e7\u00f5es terroristas&#8221;, e manifesta\u00e7\u00f5es populares s\u00e3o tachadas como &#8220;ataques \u00e0 democracia&#8221;.<\/p>\n<p>A uma semana das elei\u00e7\u00f5es, o ainda candidato do PSL falou a seus seguidores que os &#8220;marginais vermelhos ser\u00e3o banidos da nossa p\u00e1tria&#8221;. Em entrevista ao Jornal Nacional, j\u00e1 depois de eleito, tentou moderar o tom, mas reafirmou a ideia, apontando as c\u00fapulas do PT e do PSOL como alvos de sua persegui\u00e7\u00e3o.<\/p>\n<p>Citou-me nominalmente por ter, segundo ele, &#8220;amea\u00e7ado invadir&#8221; sua casa. N\u00e3o \u00e9 verdade. Valeu-se de uma ironia que fiz em uma manifesta\u00e7\u00e3o e que todos que l\u00e1 estavam ou assistiram assim notaram. Bolsonaro sabe disso, mas preferiu usar o caso para legitimar seu discurso de intoler\u00e2ncia.<\/p>\n<p>Eles t\u00eam pressa. Esses 45 dias de transi\u00e7\u00e3o j\u00e1 come\u00e7aram a ser utilizados para aprova\u00e7\u00e3o de uma agenda de retrocessos em direitos sociais e liberdades democr\u00e1ticas.<\/p>\n<p>Em menos de uma semana, anunciaram-se o esfor\u00e7o para aprovar a toque de caixa uma reforma da Previd\u00eancia rejeitada por 71% dos brasileiros (segundo o Datafolha) e a tentativa apressada de votar em comiss\u00f5es do Senado e da C\u00e2mara os projetos que criminalizam movimentos sociais como &#8220;terroristas&#8221; e o chamado Escola Sem Partido, instituindo uma patrulha de censura aos professores em escolas e universidades.<\/p>\n<p>Os ataques a movimentos sociais t\u00eam tomado como alvos principais o MTST e o MST. Parecem desconhecer o fato de que estes n\u00e3o existem por vontades de lideran\u00e7as, mas pela hist\u00f3rica nega\u00e7\u00e3o dos direitos \u00e0 moradia e \u00e0 terra. Temos uma das estruturas agr\u00e1rias mais concentradas do mundo e mais de 6 milh\u00f5es de fam\u00edlias sem acesso a moradia digna.<\/p>\n<p>Al\u00e9m disso, \u00e9 uma inven\u00e7\u00e3o absurda que o MTST &#8220;invade a casa das pessoas&#8221;. H\u00e1, sim, uma enorme quantidade de im\u00f3veis abandonados, grilados ou com d\u00edvidas impag\u00e1veis, que descumprem tanto a Constitui\u00e7\u00e3o quanto o Estatuto das Cidades e que s\u00f3 n\u00e3o foram desapropriados para habita\u00e7\u00e3o social porque a lei frequentemente falha quando se trata de enfrentar grandes interesses econ\u00f4micos.<\/p>\n<p>S\u00e3o esses im\u00f3veis que os movimentos de moradia ocupam. Tratar essas organiza\u00e7\u00f5es como &#8220;terrorismo&#8221; \u00e9 um atentado \u00e0 democracia.<\/p>\n<p>Lutar por direitos sociais e fazer oposi\u00e7\u00e3o s\u00e3o regras b\u00e1sicas do jogo democr\u00e1tico e n\u00e3o &#8220;a\u00e7\u00e3o de marginais&#8221;. Tentar calar opini\u00f5es e oposi\u00e7\u00f5es, impondo uma agenda de medo at\u00e9 mesmo sobre as liberdades de imprensa e manifesta\u00e7\u00e3o, n\u00e3o \u00e9 um caminho aceit\u00e1vel. Por isso, mais do que nunca, temos o desafio de construir uma Frente Ampla pela Democracia, com a participa\u00e7\u00e3o de partidos, movimentos sociais, lideran\u00e7as pol\u00edticas, juristas e todos aqueles que tenham preocupa\u00e7\u00e3o com os caminhos do nosso pa\u00eds.<\/p>\n<p>Cabe aos movimentos sociais seguir lutando por direitos. Cabe \u00e0 imprensa manter um trabalho independente e cr\u00edtico, sem censuras ou amea\u00e7as. E, finalmente, cabe aos demais Poderes da Rep\u00fablica &#8211;Congresso e, em especial, o Supremo Tribunal Federal&#8211; saber frear excessos do Executivo, preservando o respeito \u00e0 diversidade, a democracia e condenando qualquer tipo de persegui\u00e7\u00e3o pol\u00edtica.<\/p>\n<p><em><strong>*Guilherme Boulos foi candidato \u00e0 Presid\u00eancia da Rep\u00fablica pelo PSOL; \u00e9 coordenador do MTST (Movimento dos Trabalhadores Sem-Teto) e da Frente Povo Sem Medo<\/strong><\/em><\/p>\n<\/div>\n","protected":false},"excerpt":{"rendered":"<p>Artigo publicado originalmente no jornal Folha de S. Paulo Jair Bolsonaro teve a maioria dos votos e foi eleito presidente da Rep\u00fablica, o que n\u00e3o significa um cheque em branco do povo brasileiro a um pensamento \u00fanico sem espa\u00e7o para a oposi\u00e7\u00e3o de ideias. O sufr\u00e1gio se d\u00e1 nas urnas, mas a democracia \u00e9 pr\u00e1tica [&hellip;]<\/p>\n","protected":false},"author":2,"featured_media":22083,"comment_status":"closed","ping_status":"open","sticky":false,"template":"","format":"standard","meta":{"_acf_changed":false,"footnotes":""},"categories":[6],"tags":[87,977,244,2730,99,100,101,22,319],"class_list":{"0":"post-22081","1":"post","2":"type-post","3":"status-publish","4":"format-standard","5":"has-post-thumbnail","7":"category-noticias","8":"tag-democracia","9":"tag-guilherme-boulos","10":"tag-jair-bolsonaro","11":"tag-liberdades","12":"tag-movimentos-sociais","13":"tag-mst","14":"tag-mtst","15":"tag-psol","16":"tag-pt"},"acf":[],"yoast_head":"<!-- This site is optimized with the Yoast SEO plugin v26.5 - https:\/\/yoast.com\/wordpress\/plugins\/seo\/ -->\n<title>Guilherme Boulos | Liberdades democr\u00e1ticas em risco - PSOL 50<\/title>\n<meta name=\"robots\" content=\"index, follow, max-snippet:-1, max-image-preview:large, max-video-preview:-1\" \/>\n<link rel=\"canonical\" href=\"https:\/\/psol50.org.br\/guilherme-boulos-liberdades-democraticas-em-risco\/\" \/>\n<meta property=\"og:locale\" content=\"pt_BR\" \/>\n<meta property=\"og:type\" content=\"article\" \/>\n<meta property=\"og:title\" content=\"Guilherme Boulos | Liberdades democr\u00e1ticas em risco - PSOL 50\" \/>\n<meta property=\"og:description\" content=\"Artigo publicado originalmente no jornal Folha de S. Paulo Jair Bolsonaro teve a maioria dos votos e foi eleito presidente da Rep\u00fablica, o que n\u00e3o significa um cheque em branco do povo brasileiro a um pensamento \u00fanico sem espa\u00e7o para a oposi\u00e7\u00e3o de ideias. O sufr\u00e1gio se d\u00e1 nas urnas, mas a democracia \u00e9 pr\u00e1tica [&hellip;]\" \/>\n<meta property=\"og:url\" content=\"https:\/\/psol50.org.br\/guilherme-boulos-liberdades-democraticas-em-risco\/\" \/>\n<meta property=\"og:site_name\" content=\"PSOL 50\" \/>\n<meta property=\"article:publisher\" content=\"https:\/\/www.facebook.com\/psol50\" \/>\n<meta property=\"article:published_time\" content=\"2018-11-05T15:45:35+00:00\" \/>\n<meta property=\"og:image\" content=\"https:\/\/psol50.org.br\/inc\/uploads\/2018\/11\/Boulos_Comicio_Recife.jpg\" \/>\n\t<meta property=\"og:image:width\" content=\"900\" \/>\n\t<meta property=\"og:image:height\" content=\"599\" \/>\n\t<meta property=\"og:image:type\" content=\"image\/jpeg\" \/>\n<meta name=\"author\" content=\"Comunica\u00e7\u00e3o PSOL\" \/>\n<meta name=\"twitter:card\" content=\"summary_large_image\" \/>\n<meta name=\"twitter:creator\" content=\"@psol50\" \/>\n<meta name=\"twitter:site\" content=\"@psol50\" \/>\n<meta name=\"twitter:label1\" content=\"Escrito por\" \/>\n\t<meta name=\"twitter:data1\" content=\"Comunica\u00e7\u00e3o PSOL\" \/>\n\t<meta name=\"twitter:label2\" content=\"Est. tempo de leitura\" \/>\n\t<meta name=\"twitter:data2\" content=\"3 minutos\" \/>\n<script type=\"application\/ld+json\" class=\"yoast-schema-graph\">{\"@context\":\"https:\/\/schema.org\",\"@graph\":[{\"@type\":\"Article\",\"@id\":\"https:\/\/psol50.org.br\/guilherme-boulos-liberdades-democraticas-em-risco\/#article\",\"isPartOf\":{\"@id\":\"https:\/\/psol50.org.br\/guilherme-boulos-liberdades-democraticas-em-risco\/\"},\"author\":{\"name\":\"Comunica\u00e7\u00e3o PSOL\",\"@id\":\"https:\/\/psol50.org.br\/#\/schema\/person\/475dfa57d0b815993c714c2e96491fcd\"},\"headline\":\"Guilherme Boulos | Liberdades democr\u00e1ticas em risco\",\"datePublished\":\"2018-11-05T15:45:35+00:00\",\"mainEntityOfPage\":{\"@id\":\"https:\/\/psol50.org.br\/guilherme-boulos-liberdades-democraticas-em-risco\/\"},\"wordCount\":649,\"publisher\":{\"@id\":\"https:\/\/psol50.org.br\/#organization\"},\"image\":{\"@id\":\"https:\/\/psol50.org.br\/guilherme-boulos-liberdades-democraticas-em-risco\/#primaryimage\"},\"thumbnailUrl\":\"https:\/\/psol50.org.br\/inc\/uploads\/2018\/11\/Boulos_Comicio_Recife.jpg\",\"keywords\":[\"democracia\",\"Guilherme Boulos\",\"Jair Bolsonaro\",\"liberdades\",\"movimentos sociais\",\"MST\",\"MTST\",\"PSOL\",\"PT\"],\"articleSection\":[\"Not\u00edcias\"],\"inLanguage\":\"pt-BR\"},{\"@type\":\"WebPage\",\"@id\":\"https:\/\/psol50.org.br\/guilherme-boulos-liberdades-democraticas-em-risco\/\",\"url\":\"https:\/\/psol50.org.br\/guilherme-boulos-liberdades-democraticas-em-risco\/\",\"name\":\"Guilherme Boulos | Liberdades democr\u00e1ticas em risco - PSOL 50\",\"isPartOf\":{\"@id\":\"https:\/\/psol50.org.br\/#website\"},\"primaryImageOfPage\":{\"@id\":\"https:\/\/psol50.org.br\/guilherme-boulos-liberdades-democraticas-em-risco\/#primaryimage\"},\"image\":{\"@id\":\"https:\/\/psol50.org.br\/guilherme-boulos-liberdades-democraticas-em-risco\/#primaryimage\"},\"thumbnailUrl\":\"https:\/\/psol50.org.br\/inc\/uploads\/2018\/11\/Boulos_Comicio_Recife.jpg\",\"datePublished\":\"2018-11-05T15:45:35+00:00\",\"breadcrumb\":{\"@id\":\"https:\/\/psol50.org.br\/guilherme-boulos-liberdades-democraticas-em-risco\/#breadcrumb\"},\"inLanguage\":\"pt-BR\",\"potentialAction\":[{\"@type\":\"ReadAction\",\"target\":[\"https:\/\/psol50.org.br\/guilherme-boulos-liberdades-democraticas-em-risco\/\"]}]},{\"@type\":\"ImageObject\",\"inLanguage\":\"pt-BR\",\"@id\":\"https:\/\/psol50.org.br\/guilherme-boulos-liberdades-democraticas-em-risco\/#primaryimage\",\"url\":\"https:\/\/psol50.org.br\/inc\/uploads\/2018\/11\/Boulos_Comicio_Recife.jpg\",\"contentUrl\":\"https:\/\/psol50.org.br\/inc\/uploads\/2018\/11\/Boulos_Comicio_Recife.jpg\",\"width\":900,\"height\":599},{\"@type\":\"BreadcrumbList\",\"@id\":\"https:\/\/psol50.org.br\/guilherme-boulos-liberdades-democraticas-em-risco\/#breadcrumb\",\"itemListElement\":[{\"@type\":\"ListItem\",\"position\":1,\"name\":\"In\u00edcio\",\"item\":\"https:\/\/psol50.org.br\/\"},{\"@type\":\"ListItem\",\"position\":2,\"name\":\"Guilherme Boulos | Liberdades democr\u00e1ticas em risco\"}]},{\"@type\":\"WebSite\",\"@id\":\"https:\/\/psol50.org.br\/#website\",\"url\":\"https:\/\/psol50.org.br\/\",\"name\":\"PSOL 50\",\"description\":\"Site oficial do Partido Socialismo e Liberdade\",\"publisher\":{\"@id\":\"https:\/\/psol50.org.br\/#organization\"},\"alternateName\":\"PSOL50\",\"potentialAction\":[{\"@type\":\"SearchAction\",\"target\":{\"@type\":\"EntryPoint\",\"urlTemplate\":\"https:\/\/psol50.org.br\/?s={search_term_string}\"},\"query-input\":{\"@type\":\"PropertyValueSpecification\",\"valueRequired\":true,\"valueName\":\"search_term_string\"}}],\"inLanguage\":\"pt-BR\"},{\"@type\":\"Organization\",\"@id\":\"https:\/\/psol50.org.br\/#organization\",\"name\":\"PSOL 50\",\"alternateName\":\"PSOL 50\",\"url\":\"https:\/\/psol50.org.br\/\",\"logo\":{\"@type\":\"ImageObject\",\"inLanguage\":\"pt-BR\",\"@id\":\"https:\/\/psol50.org.br\/#\/schema\/logo\/image\/\",\"url\":\"https:\/\/psol50.org.br\/inc\/uploads\/2018\/07\/capa.png\",\"contentUrl\":\"https:\/\/psol50.org.br\/inc\/uploads\/2018\/07\/capa.png\",\"width\":1350,\"height\":900,\"caption\":\"PSOL 50\"},\"image\":{\"@id\":\"https:\/\/psol50.org.br\/#\/schema\/logo\/image\/\"},\"sameAs\":[\"https:\/\/www.facebook.com\/psol50\",\"https:\/\/x.com\/psol50\",\"https:\/\/www.instagram.com\/psol50\/\",\"https:\/\/www.youtube.com\/channel\/UC7SnJS5o1os7a6CaiNabzcg\"]},{\"@type\":\"Person\",\"@id\":\"https:\/\/psol50.org.br\/#\/schema\/person\/475dfa57d0b815993c714c2e96491fcd\",\"name\":\"Comunica\u00e7\u00e3o PSOL\",\"image\":{\"@type\":\"ImageObject\",\"inLanguage\":\"pt-BR\",\"@id\":\"https:\/\/psol50.org.br\/#\/schema\/person\/image\/\",\"url\":\"https:\/\/secure.gravatar.com\/avatar\/b34fc4f4e468a4e51785917065a3db57b841f5c95dba6ad8c73aaf8f66f8f9bf?s=96&d=mm&r=g\",\"contentUrl\":\"https:\/\/secure.gravatar.com\/avatar\/b34fc4f4e468a4e51785917065a3db57b841f5c95dba6ad8c73aaf8f66f8f9bf?s=96&d=mm&r=g\",\"caption\":\"Comunica\u00e7\u00e3o PSOL\"}}]}<\/script>\n<!-- \/ Yoast SEO plugin. -->","yoast_head_json":{"title":"Guilherme Boulos | Liberdades democr\u00e1ticas em risco - PSOL 50","robots":{"index":"index","follow":"follow","max-snippet":"max-snippet:-1","max-image-preview":"max-image-preview:large","max-video-preview":"max-video-preview:-1"},"canonical":"https:\/\/psol50.org.br\/guilherme-boulos-liberdades-democraticas-em-risco\/","og_locale":"pt_BR","og_type":"article","og_title":"Guilherme Boulos | Liberdades democr\u00e1ticas em risco - PSOL 50","og_description":"Artigo publicado originalmente no jornal Folha de S. Paulo Jair Bolsonaro teve a maioria dos votos e foi eleito presidente da Rep\u00fablica, o que n\u00e3o significa um cheque em branco do povo brasileiro a um pensamento \u00fanico sem espa\u00e7o para a oposi\u00e7\u00e3o de ideias. O sufr\u00e1gio se d\u00e1 nas urnas, mas a democracia \u00e9 pr\u00e1tica [&hellip;]","og_url":"https:\/\/psol50.org.br\/guilherme-boulos-liberdades-democraticas-em-risco\/","og_site_name":"PSOL 50","article_publisher":"https:\/\/www.facebook.com\/psol50","article_published_time":"2018-11-05T15:45:35+00:00","og_image":[{"width":900,"height":599,"url":"https:\/\/psol50.org.br\/inc\/uploads\/2018\/11\/Boulos_Comicio_Recife.jpg","type":"image\/jpeg"}],"author":"Comunica\u00e7\u00e3o PSOL","twitter_card":"summary_large_image","twitter_creator":"@psol50","twitter_site":"@psol50","twitter_misc":{"Escrito por":"Comunica\u00e7\u00e3o PSOL","Est. tempo de leitura":"3 minutos"},"schema":{"@context":"https:\/\/schema.org","@graph":[{"@type":"Article","@id":"https:\/\/psol50.org.br\/guilherme-boulos-liberdades-democraticas-em-risco\/#article","isPartOf":{"@id":"https:\/\/psol50.org.br\/guilherme-boulos-liberdades-democraticas-em-risco\/"},"author":{"name":"Comunica\u00e7\u00e3o PSOL","@id":"https:\/\/psol50.org.br\/#\/schema\/person\/475dfa57d0b815993c714c2e96491fcd"},"headline":"Guilherme Boulos | Liberdades democr\u00e1ticas em risco","datePublished":"2018-11-05T15:45:35+00:00","mainEntityOfPage":{"@id":"https:\/\/psol50.org.br\/guilherme-boulos-liberdades-democraticas-em-risco\/"},"wordCount":649,"publisher":{"@id":"https:\/\/psol50.org.br\/#organization"},"image":{"@id":"https:\/\/psol50.org.br\/guilherme-boulos-liberdades-democraticas-em-risco\/#primaryimage"},"thumbnailUrl":"https:\/\/psol50.org.br\/inc\/uploads\/2018\/11\/Boulos_Comicio_Recife.jpg","keywords":["democracia","Guilherme Boulos","Jair Bolsonaro","liberdades","movimentos sociais","MST","MTST","PSOL","PT"],"articleSection":["Not\u00edcias"],"inLanguage":"pt-BR"},{"@type":"WebPage","@id":"https:\/\/psol50.org.br\/guilherme-boulos-liberdades-democraticas-em-risco\/","url":"https:\/\/psol50.org.br\/guilherme-boulos-liberdades-democraticas-em-risco\/","name":"Guilherme Boulos | Liberdades democr\u00e1ticas em risco - PSOL 50","isPartOf":{"@id":"https:\/\/psol50.org.br\/#website"},"primaryImageOfPage":{"@id":"https:\/\/psol50.org.br\/guilherme-boulos-liberdades-democraticas-em-risco\/#primaryimage"},"image":{"@id":"https:\/\/psol50.org.br\/guilherme-boulos-liberdades-democraticas-em-risco\/#primaryimage"},"thumbnailUrl":"https:\/\/psol50.org.br\/inc\/uploads\/2018\/11\/Boulos_Comicio_Recife.jpg","datePublished":"2018-11-05T15:45:35+00:00","breadcrumb":{"@id":"https:\/\/psol50.org.br\/guilherme-boulos-liberdades-democraticas-em-risco\/#breadcrumb"},"inLanguage":"pt-BR","potentialAction":[{"@type":"ReadAction","target":["https:\/\/psol50.org.br\/guilherme-boulos-liberdades-democraticas-em-risco\/"]}]},{"@type":"ImageObject","inLanguage":"pt-BR","@id":"https:\/\/psol50.org.br\/guilherme-boulos-liberdades-democraticas-em-risco\/#primaryimage","url":"https:\/\/psol50.org.br\/inc\/uploads\/2018\/11\/Boulos_Comicio_Recife.jpg","contentUrl":"https:\/\/psol50.org.br\/inc\/uploads\/2018\/11\/Boulos_Comicio_Recife.jpg","width":900,"height":599},{"@type":"BreadcrumbList","@id":"https:\/\/psol50.org.br\/guilherme-boulos-liberdades-democraticas-em-risco\/#breadcrumb","itemListElement":[{"@type":"ListItem","position":1,"name":"In\u00edcio","item":"https:\/\/psol50.org.br\/"},{"@type":"ListItem","position":2,"name":"Guilherme Boulos | Liberdades democr\u00e1ticas em risco"}]},{"@type":"WebSite","@id":"https:\/\/psol50.org.br\/#website","url":"https:\/\/psol50.org.br\/","name":"PSOL 50","description":"Site oficial do Partido Socialismo e Liberdade","publisher":{"@id":"https:\/\/psol50.org.br\/#organization"},"alternateName":"PSOL50","potentialAction":[{"@type":"SearchAction","target":{"@type":"EntryPoint","urlTemplate":"https:\/\/psol50.org.br\/?s={search_term_string}"},"query-input":{"@type":"PropertyValueSpecification","valueRequired":true,"valueName":"search_term_string"}}],"inLanguage":"pt-BR"},{"@type":"Organization","@id":"https:\/\/psol50.org.br\/#organization","name":"PSOL 50","alternateName":"PSOL 50","url":"https:\/\/psol50.org.br\/","logo":{"@type":"ImageObject","inLanguage":"pt-BR","@id":"https:\/\/psol50.org.br\/#\/schema\/logo\/image\/","url":"https:\/\/psol50.org.br\/inc\/uploads\/2018\/07\/capa.png","contentUrl":"https:\/\/psol50.org.br\/inc\/uploads\/2018\/07\/capa.png","width":1350,"height":900,"caption":"PSOL 50"},"image":{"@id":"https:\/\/psol50.org.br\/#\/schema\/logo\/image\/"},"sameAs":["https:\/\/www.facebook.com\/psol50","https:\/\/x.com\/psol50","https:\/\/www.instagram.com\/psol50\/","https:\/\/www.youtube.com\/channel\/UC7SnJS5o1os7a6CaiNabzcg"]},{"@type":"Person","@id":"https:\/\/psol50.org.br\/#\/schema\/person\/475dfa57d0b815993c714c2e96491fcd","name":"Comunica\u00e7\u00e3o PSOL","image":{"@type":"ImageObject","inLanguage":"pt-BR","@id":"https:\/\/psol50.org.br\/#\/schema\/person\/image\/","url":"https:\/\/secure.gravatar.com\/avatar\/b34fc4f4e468a4e51785917065a3db57b841f5c95dba6ad8c73aaf8f66f8f9bf?s=96&d=mm&r=g","contentUrl":"https:\/\/secure.gravatar.com\/avatar\/b34fc4f4e468a4e51785917065a3db57b841f5c95dba6ad8c73aaf8f66f8f9bf?s=96&d=mm&r=g","caption":"Comunica\u00e7\u00e3o PSOL"}}]}},"_links":{"self":[{"href":"https:\/\/psol50.org.br\/rest\/wp\/v2\/posts\/22081","targetHints":{"allow":["GET"]}}],"collection":[{"href":"https:\/\/psol50.org.br\/rest\/wp\/v2\/posts"}],"about":[{"href":"https:\/\/psol50.org.br\/rest\/wp\/v2\/types\/post"}],"author":[{"embeddable":true,"href":"https:\/\/psol50.org.br\/rest\/wp\/v2\/users\/2"}],"replies":[{"embeddable":true,"href":"https:\/\/psol50.org.br\/rest\/wp\/v2\/comments?post=22081"}],"version-history":[{"count":0,"href":"https:\/\/psol50.org.br\/rest\/wp\/v2\/posts\/22081\/revisions"}],"wp:featuredmedia":[{"embeddable":true,"href":"https:\/\/psol50.org.br\/rest\/wp\/v2\/media\/22083"}],"wp:attachment":[{"href":"https:\/\/psol50.org.br\/rest\/wp\/v2\/media?parent=22081"}],"wp:term":[{"taxonomy":"category","embeddable":true,"href":"https:\/\/psol50.org.br\/rest\/wp\/v2\/categories?post=22081"},{"taxonomy":"post_tag","embeddable":true,"href":"https:\/\/psol50.org.br\/rest\/wp\/v2\/tags?post=22081"}],"curies":[{"name":"wp","href":"https:\/\/api.w.org\/{rel}","templated":true}]}}