{"id":2215,"date":"2013-08-21T00:00:00","date_gmt":"2013-08-21T00:00:00","guid":{"rendered":"http:\/\/psol50.org.br\/arquivo\/2013\/08\/21\/greve-campesina-na-colombia-ganha-apoio-geral-e-atinge-varios-estados\/"},"modified":"2013-08-21T00:00:00","modified_gmt":"2013-08-21T00:00:00","slug":"greve-campesina-na-colombia-ganha-apoio-geral-e-atinge-varios-estados","status":"publish","type":"post","link":"https:\/\/psol50.org.br\/greve-campesina-na-colombia-ganha-apoio-geral-e-atinge-varios-estados\/","title":{"rendered":"Greve campesina na Col\u00f4mbia ganha apoio geral e atinge v\u00e1rios estados"},"content":{"rendered":"<p style=\"text-align: justify;\">\n\t<em>Paralisa\u00e7\u00e3o nacional deve for\u00e7ar o presidente Juan Manuel Santos a dialogar com lideran\u00e7as dos trabalhadores. O setor agr\u00e1rio foi fortemente atingido pelos acordos de livre com\u00e9rcio assinados pelo pa\u00eds<\/em><\/p>\n<p>\tA greve geral por tempo indeterminado na Col\u00f4mbia entrou para o terceiro dia marcada por forte repress\u00e3o policial. Bloqueios em importantes rodovias do pa\u00eds, passeatas e protestos em v\u00e1rios estados marcam a paralisa\u00e7\u00e3o nacional no pa\u00eds. Pelo menos 22 pessoas foram presas e dezenas ficaram feridas.<\/p>\n<p>\tA paralisa\u00e7\u00e3o nacional que come\u00e7ou segunda-feira (19) e ganhou ampla ades\u00e3o, deve for\u00e7ar o presidente Juan Manuel Santos a dialogar com diferentes representa\u00e7\u00f5es. O setor agr\u00e1rio foi fortemente atingido pelos acordos de livre com\u00e9rcio assinados pelo pa\u00eds.<\/p>\n<p>\tO presidente Juan Manuel Santos ordenou austeridade e repress\u00e3o da for\u00e7a p\u00fablica contra bloqueios das vias.<\/p>\n<p>\tParticipam da greve geral as principais organiza\u00e7\u00f5es de camponeses, caminhoneiros, trabalhadores da sa\u00fade e da educa\u00e7\u00e3o. A paralisa\u00e7\u00e3o nacional conta com o apoio de todos os sindicatos do pa\u00eds e a maioria dos movimentos sociais.<\/p>\n<p>\tOs agricultores pedem mais investimentos e aten\u00e7\u00e3o por parte do governo do presidente Juan Manuel Santos. Em todo o pa\u00eds, cerca de 250 mil caminhoneiros entraram em greve.<\/p>\n<p>\tOs manifestantes relatam uma s\u00e9rie de acontecimentos preocupantes. De acordo com eles, \u00f4nibus foram interceptados e grevistas detidos, al\u00e9m terem sido registradas agress\u00f5es, deten\u00e7\u00f5es e feridos.<\/p>\n<p>&nbsp;<\/p>\n","protected":false},"excerpt":{"rendered":"<p>Paralisa\u00e7\u00e3o nacional deve for\u00e7ar o presidente Juan Manuel Santos a dialogar com lideran\u00e7as dos trabalhadores. O setor agr\u00e1rio foi fortemente atingido pelos acordos de livre com\u00e9rcio assinados pelo pa\u00eds A greve geral por tempo indeterminado na Col\u00f4mbia entrou para o terceiro dia marcada por forte repress\u00e3o policial. Bloqueios em importantes rodovias do pa\u00eds, passeatas e [&hellip;]<\/p>\n","protected":false},"author":2,"featured_media":0,"comment_status":"open","ping_status":"open","sticky":false,"template":"","format":"standard","meta":{"_acf_changed":false,"footnotes":""},"categories":[4766],"tags":[],"class_list":{"0":"post-2215","1":"post","2":"type-post","3":"status-publish","4":"format-standard","6":"category-arquivo"},"acf":[],"yoast_head":"<!-- This site is optimized with the Yoast SEO plugin v26.5 - https:\/\/yoast.com\/wordpress\/plugins\/seo\/ -->\n<title>Greve campesina na Col\u00f4mbia ganha apoio geral e atinge v\u00e1rios estados - PSOL 50<\/title>\n<meta name=\"robots\" content=\"index, follow, max-snippet:-1, max-image-preview:large, max-video-preview:-1\" \/>\n<link rel=\"canonical\" href=\"https:\/\/psol50.org.br\/greve-campesina-na-colombia-ganha-apoio-geral-e-atinge-varios-estados\/\" \/>\n<meta property=\"og:locale\" content=\"pt_BR\" \/>\n<meta property=\"og:type\" content=\"article\" \/>\n<meta property=\"og:title\" content=\"Greve campesina na Col\u00f4mbia ganha apoio geral e atinge v\u00e1rios estados - PSOL 50\" \/>\n<meta property=\"og:description\" content=\"Paralisa\u00e7\u00e3o nacional deve for\u00e7ar o presidente Juan Manuel Santos a dialogar com lideran\u00e7as dos trabalhadores. O setor agr\u00e1rio foi fortemente atingido pelos acordos de livre com\u00e9rcio assinados pelo pa\u00eds A greve geral por tempo indeterminado na Col\u00f4mbia entrou para o terceiro dia marcada por forte repress\u00e3o policial. Bloqueios em importantes rodovias do pa\u00eds, passeatas e [&hellip;]\" \/>\n<meta property=\"og:url\" content=\"https:\/\/psol50.org.br\/greve-campesina-na-colombia-ganha-apoio-geral-e-atinge-varios-estados\/\" \/>\n<meta property=\"og:site_name\" content=\"PSOL 50\" \/>\n<meta property=\"article:publisher\" content=\"https:\/\/www.facebook.com\/psol50\" \/>\n<meta property=\"article:published_time\" content=\"2013-08-21T00:00:00+00:00\" \/>\n<meta property=\"og:image\" content=\"https:\/\/psol50.org.br\/inc\/uploads\/2018\/07\/capa.png\" \/>\n\t<meta property=\"og:image:width\" content=\"1350\" \/>\n\t<meta property=\"og:image:height\" content=\"900\" \/>\n\t<meta property=\"og:image:type\" content=\"image\/png\" \/>\n<meta name=\"author\" content=\"Comunica\u00e7\u00e3o PSOL\" \/>\n<meta name=\"twitter:card\" content=\"summary_large_image\" \/>\n<meta name=\"twitter:creator\" content=\"@psol50\" \/>\n<meta name=\"twitter:site\" content=\"@psol50\" \/>\n<meta name=\"twitter:label1\" content=\"Escrito por\" \/>\n\t<meta name=\"twitter:data1\" content=\"Comunica\u00e7\u00e3o PSOL\" \/>\n\t<meta name=\"twitter:label2\" content=\"Est. tempo de leitura\" \/>\n\t<meta name=\"twitter:data2\" content=\"1 minuto\" \/>\n<script type=\"application\/ld+json\" class=\"yoast-schema-graph\">{\"@context\":\"https:\/\/schema.org\",\"@graph\":[{\"@type\":\"Article\",\"@id\":\"https:\/\/psol50.org.br\/greve-campesina-na-colombia-ganha-apoio-geral-e-atinge-varios-estados\/#article\",\"isPartOf\":{\"@id\":\"https:\/\/psol50.org.br\/greve-campesina-na-colombia-ganha-apoio-geral-e-atinge-varios-estados\/\"},\"author\":{\"name\":\"Comunica\u00e7\u00e3o PSOL\",\"@id\":\"https:\/\/psol50.org.br\/#\/schema\/person\/475dfa57d0b815993c714c2e96491fcd\"},\"headline\":\"Greve campesina na Col\u00f4mbia ganha apoio geral e atinge v\u00e1rios estados\",\"datePublished\":\"2013-08-21T00:00:00+00:00\",\"mainEntityOfPage\":{\"@id\":\"https:\/\/psol50.org.br\/greve-campesina-na-colombia-ganha-apoio-geral-e-atinge-varios-estados\/\"},\"wordCount\":262,\"commentCount\":0,\"publisher\":{\"@id\":\"https:\/\/psol50.org.br\/#organization\"},\"articleSection\":[\"Arquivo\"],\"inLanguage\":\"pt-BR\",\"potentialAction\":[{\"@type\":\"CommentAction\",\"name\":\"Comment\",\"target\":[\"https:\/\/psol50.org.br\/greve-campesina-na-colombia-ganha-apoio-geral-e-atinge-varios-estados\/#respond\"]}]},{\"@type\":\"WebPage\",\"@id\":\"https:\/\/psol50.org.br\/greve-campesina-na-colombia-ganha-apoio-geral-e-atinge-varios-estados\/\",\"url\":\"https:\/\/psol50.org.br\/greve-campesina-na-colombia-ganha-apoio-geral-e-atinge-varios-estados\/\",\"name\":\"Greve campesina na Col\u00f4mbia ganha apoio geral e atinge v\u00e1rios estados - PSOL 50\",\"isPartOf\":{\"@id\":\"https:\/\/psol50.org.br\/#website\"},\"datePublished\":\"2013-08-21T00:00:00+00:00\",\"breadcrumb\":{\"@id\":\"https:\/\/psol50.org.br\/greve-campesina-na-colombia-ganha-apoio-geral-e-atinge-varios-estados\/#breadcrumb\"},\"inLanguage\":\"pt-BR\",\"potentialAction\":[{\"@type\":\"ReadAction\",\"target\":[\"https:\/\/psol50.org.br\/greve-campesina-na-colombia-ganha-apoio-geral-e-atinge-varios-estados\/\"]}]},{\"@type\":\"BreadcrumbList\",\"@id\":\"https:\/\/psol50.org.br\/greve-campesina-na-colombia-ganha-apoio-geral-e-atinge-varios-estados\/#breadcrumb\",\"itemListElement\":[{\"@type\":\"ListItem\",\"position\":1,\"name\":\"In\u00edcio\",\"item\":\"https:\/\/psol50.org.br\/\"},{\"@type\":\"ListItem\",\"position\":2,\"name\":\"Greve campesina na Col\u00f4mbia ganha apoio geral e atinge v\u00e1rios estados\"}]},{\"@type\":\"WebSite\",\"@id\":\"https:\/\/psol50.org.br\/#website\",\"url\":\"https:\/\/psol50.org.br\/\",\"name\":\"PSOL 50\",\"description\":\"Site oficial do Partido Socialismo e Liberdade\",\"publisher\":{\"@id\":\"https:\/\/psol50.org.br\/#organization\"},\"alternateName\":\"PSOL50\",\"potentialAction\":[{\"@type\":\"SearchAction\",\"target\":{\"@type\":\"EntryPoint\",\"urlTemplate\":\"https:\/\/psol50.org.br\/?s={search_term_string}\"},\"query-input\":{\"@type\":\"PropertyValueSpecification\",\"valueRequired\":true,\"valueName\":\"search_term_string\"}}],\"inLanguage\":\"pt-BR\"},{\"@type\":\"Organization\",\"@id\":\"https:\/\/psol50.org.br\/#organization\",\"name\":\"PSOL 50\",\"alternateName\":\"PSOL 50\",\"url\":\"https:\/\/psol50.org.br\/\",\"logo\":{\"@type\":\"ImageObject\",\"inLanguage\":\"pt-BR\",\"@id\":\"https:\/\/psol50.org.br\/#\/schema\/logo\/image\/\",\"url\":\"https:\/\/psol50.org.br\/inc\/uploads\/2018\/07\/capa.png\",\"contentUrl\":\"https:\/\/psol50.org.br\/inc\/uploads\/2018\/07\/capa.png\",\"width\":1350,\"height\":900,\"caption\":\"PSOL 50\"},\"image\":{\"@id\":\"https:\/\/psol50.org.br\/#\/schema\/logo\/image\/\"},\"sameAs\":[\"https:\/\/www.facebook.com\/psol50\",\"https:\/\/x.com\/psol50\",\"https:\/\/www.instagram.com\/psol50\/\",\"https:\/\/www.youtube.com\/channel\/UC7SnJS5o1os7a6CaiNabzcg\"]},{\"@type\":\"Person\",\"@id\":\"https:\/\/psol50.org.br\/#\/schema\/person\/475dfa57d0b815993c714c2e96491fcd\",\"name\":\"Comunica\u00e7\u00e3o PSOL\",\"image\":{\"@type\":\"ImageObject\",\"inLanguage\":\"pt-BR\",\"@id\":\"https:\/\/psol50.org.br\/#\/schema\/person\/image\/\",\"url\":\"https:\/\/secure.gravatar.com\/avatar\/b34fc4f4e468a4e51785917065a3db57b841f5c95dba6ad8c73aaf8f66f8f9bf?s=96&d=mm&r=g\",\"contentUrl\":\"https:\/\/secure.gravatar.com\/avatar\/b34fc4f4e468a4e51785917065a3db57b841f5c95dba6ad8c73aaf8f66f8f9bf?s=96&d=mm&r=g\",\"caption\":\"Comunica\u00e7\u00e3o PSOL\"}}]}<\/script>\n<!-- \/ Yoast SEO plugin. -->","yoast_head_json":{"title":"Greve campesina na Col\u00f4mbia ganha apoio geral e atinge v\u00e1rios estados - PSOL 50","robots":{"index":"index","follow":"follow","max-snippet":"max-snippet:-1","max-image-preview":"max-image-preview:large","max-video-preview":"max-video-preview:-1"},"canonical":"https:\/\/psol50.org.br\/greve-campesina-na-colombia-ganha-apoio-geral-e-atinge-varios-estados\/","og_locale":"pt_BR","og_type":"article","og_title":"Greve campesina na Col\u00f4mbia ganha apoio geral e atinge v\u00e1rios estados - PSOL 50","og_description":"Paralisa\u00e7\u00e3o nacional deve for\u00e7ar o presidente Juan Manuel Santos a dialogar com lideran\u00e7as dos trabalhadores. O setor agr\u00e1rio foi fortemente atingido pelos acordos de livre com\u00e9rcio assinados pelo pa\u00eds A greve geral por tempo indeterminado na Col\u00f4mbia entrou para o terceiro dia marcada por forte repress\u00e3o policial. Bloqueios em importantes rodovias do pa\u00eds, passeatas e [&hellip;]","og_url":"https:\/\/psol50.org.br\/greve-campesina-na-colombia-ganha-apoio-geral-e-atinge-varios-estados\/","og_site_name":"PSOL 50","article_publisher":"https:\/\/www.facebook.com\/psol50","article_published_time":"2013-08-21T00:00:00+00:00","og_image":[{"width":1350,"height":900,"url":"https:\/\/psol50.org.br\/inc\/uploads\/2018\/07\/capa.png","type":"image\/png"}],"author":"Comunica\u00e7\u00e3o PSOL","twitter_card":"summary_large_image","twitter_creator":"@psol50","twitter_site":"@psol50","twitter_misc":{"Escrito por":"Comunica\u00e7\u00e3o PSOL","Est. tempo de leitura":"1 minuto"},"schema":{"@context":"https:\/\/schema.org","@graph":[{"@type":"Article","@id":"https:\/\/psol50.org.br\/greve-campesina-na-colombia-ganha-apoio-geral-e-atinge-varios-estados\/#article","isPartOf":{"@id":"https:\/\/psol50.org.br\/greve-campesina-na-colombia-ganha-apoio-geral-e-atinge-varios-estados\/"},"author":{"name":"Comunica\u00e7\u00e3o PSOL","@id":"https:\/\/psol50.org.br\/#\/schema\/person\/475dfa57d0b815993c714c2e96491fcd"},"headline":"Greve campesina na Col\u00f4mbia ganha apoio geral e atinge v\u00e1rios estados","datePublished":"2013-08-21T00:00:00+00:00","mainEntityOfPage":{"@id":"https:\/\/psol50.org.br\/greve-campesina-na-colombia-ganha-apoio-geral-e-atinge-varios-estados\/"},"wordCount":262,"commentCount":0,"publisher":{"@id":"https:\/\/psol50.org.br\/#organization"},"articleSection":["Arquivo"],"inLanguage":"pt-BR","potentialAction":[{"@type":"CommentAction","name":"Comment","target":["https:\/\/psol50.org.br\/greve-campesina-na-colombia-ganha-apoio-geral-e-atinge-varios-estados\/#respond"]}]},{"@type":"WebPage","@id":"https:\/\/psol50.org.br\/greve-campesina-na-colombia-ganha-apoio-geral-e-atinge-varios-estados\/","url":"https:\/\/psol50.org.br\/greve-campesina-na-colombia-ganha-apoio-geral-e-atinge-varios-estados\/","name":"Greve campesina na Col\u00f4mbia ganha apoio geral e atinge v\u00e1rios estados - PSOL 50","isPartOf":{"@id":"https:\/\/psol50.org.br\/#website"},"datePublished":"2013-08-21T00:00:00+00:00","breadcrumb":{"@id":"https:\/\/psol50.org.br\/greve-campesina-na-colombia-ganha-apoio-geral-e-atinge-varios-estados\/#breadcrumb"},"inLanguage":"pt-BR","potentialAction":[{"@type":"ReadAction","target":["https:\/\/psol50.org.br\/greve-campesina-na-colombia-ganha-apoio-geral-e-atinge-varios-estados\/"]}]},{"@type":"BreadcrumbList","@id":"https:\/\/psol50.org.br\/greve-campesina-na-colombia-ganha-apoio-geral-e-atinge-varios-estados\/#breadcrumb","itemListElement":[{"@type":"ListItem","position":1,"name":"In\u00edcio","item":"https:\/\/psol50.org.br\/"},{"@type":"ListItem","position":2,"name":"Greve campesina na Col\u00f4mbia ganha apoio geral e atinge v\u00e1rios estados"}]},{"@type":"WebSite","@id":"https:\/\/psol50.org.br\/#website","url":"https:\/\/psol50.org.br\/","name":"PSOL 50","description":"Site oficial do Partido Socialismo e Liberdade","publisher":{"@id":"https:\/\/psol50.org.br\/#organization"},"alternateName":"PSOL50","potentialAction":[{"@type":"SearchAction","target":{"@type":"EntryPoint","urlTemplate":"https:\/\/psol50.org.br\/?s={search_term_string}"},"query-input":{"@type":"PropertyValueSpecification","valueRequired":true,"valueName":"search_term_string"}}],"inLanguage":"pt-BR"},{"@type":"Organization","@id":"https:\/\/psol50.org.br\/#organization","name":"PSOL 50","alternateName":"PSOL 50","url":"https:\/\/psol50.org.br\/","logo":{"@type":"ImageObject","inLanguage":"pt-BR","@id":"https:\/\/psol50.org.br\/#\/schema\/logo\/image\/","url":"https:\/\/psol50.org.br\/inc\/uploads\/2018\/07\/capa.png","contentUrl":"https:\/\/psol50.org.br\/inc\/uploads\/2018\/07\/capa.png","width":1350,"height":900,"caption":"PSOL 50"},"image":{"@id":"https:\/\/psol50.org.br\/#\/schema\/logo\/image\/"},"sameAs":["https:\/\/www.facebook.com\/psol50","https:\/\/x.com\/psol50","https:\/\/www.instagram.com\/psol50\/","https:\/\/www.youtube.com\/channel\/UC7SnJS5o1os7a6CaiNabzcg"]},{"@type":"Person","@id":"https:\/\/psol50.org.br\/#\/schema\/person\/475dfa57d0b815993c714c2e96491fcd","name":"Comunica\u00e7\u00e3o PSOL","image":{"@type":"ImageObject","inLanguage":"pt-BR","@id":"https:\/\/psol50.org.br\/#\/schema\/person\/image\/","url":"https:\/\/secure.gravatar.com\/avatar\/b34fc4f4e468a4e51785917065a3db57b841f5c95dba6ad8c73aaf8f66f8f9bf?s=96&d=mm&r=g","contentUrl":"https:\/\/secure.gravatar.com\/avatar\/b34fc4f4e468a4e51785917065a3db57b841f5c95dba6ad8c73aaf8f66f8f9bf?s=96&d=mm&r=g","caption":"Comunica\u00e7\u00e3o PSOL"}}]}},"_links":{"self":[{"href":"https:\/\/psol50.org.br\/rest\/wp\/v2\/posts\/2215","targetHints":{"allow":["GET"]}}],"collection":[{"href":"https:\/\/psol50.org.br\/rest\/wp\/v2\/posts"}],"about":[{"href":"https:\/\/psol50.org.br\/rest\/wp\/v2\/types\/post"}],"author":[{"embeddable":true,"href":"https:\/\/psol50.org.br\/rest\/wp\/v2\/users\/2"}],"replies":[{"embeddable":true,"href":"https:\/\/psol50.org.br\/rest\/wp\/v2\/comments?post=2215"}],"version-history":[{"count":0,"href":"https:\/\/psol50.org.br\/rest\/wp\/v2\/posts\/2215\/revisions"}],"wp:attachment":[{"href":"https:\/\/psol50.org.br\/rest\/wp\/v2\/media?parent=2215"}],"wp:term":[{"taxonomy":"category","embeddable":true,"href":"https:\/\/psol50.org.br\/rest\/wp\/v2\/categories?post=2215"},{"taxonomy":"post_tag","embeddable":true,"href":"https:\/\/psol50.org.br\/rest\/wp\/v2\/tags?post=2215"}],"curies":[{"name":"wp","href":"https:\/\/api.w.org\/{rel}","templated":true}]}}