{"id":22190,"date":"2018-11-08T12:09:11","date_gmt":"2018-11-08T14:09:11","guid":{"rendered":"http:\/\/psol50.org.br\/?p=22190"},"modified":"2018-11-08T12:09:11","modified_gmt":"2018-11-08T14:09:11","slug":"nota-da-bancada-do-psol-contra-o-aumento-abusivo-dos-salarios-de-juizes-membros-do-mp-e-parlamentares","status":"publish","type":"post","link":"https:\/\/psol50.org.br\/nota-da-bancada-do-psol-contra-o-aumento-abusivo-dos-salarios-de-juizes-membros-do-mp-e-parlamentares\/","title":{"rendered":"Nota da bancada do PSOL contra o aumento dos sal\u00e1rios de ju\u00edzes, membros do MP e parlamentares"},"content":{"rendered":"<p>Em meio a uma das maiores crises econ\u00f4micas da hist\u00f3ria brasileira, na qual o governo federal vem impondo ao conjunto da sociedade cruel programa de contingenciamento de gastos nas mais diversas \u00e1reas sociais, como educa\u00e7\u00e3o, sa\u00fade, seguran\u00e7a alimentar e saneamento b\u00e1sico, o Supremo Tribunal Federal (STF) decidiu, nesta quarta-feira (07), por 7 votos a 4, incluir no or\u00e7amento de 2019 a previs\u00e3o de reajuste salarial de 16,38% para os ministros da Corte. Atualmente em R$ 33,7 mil, o sal\u00e1rio dos ministros ultrapassar\u00e1 R$ 39 mil. Em seguida, o Conselho Superior do Minist\u00e9rio P\u00fablico Federal (CSMPF) tamb\u00e9m aprovou, por unanimidade, proposta com reajuste de 16,38% para todos os procuradores da Rep\u00fablica. Al\u00e9m dos altos sal\u00e1rios, essas categorias s\u00e3o beneficiadas com in\u00fameras verbas extras que violam o teto constitucional.<\/p>\n<p>Estima-se que tais aumentos, se aprovadas pelo Congresso Nacional, culminar\u00e3o em um efeito cascata que pode gerar uma fatura extra de at\u00e9 R$ 4 bilh\u00f5es, a ser dividida entre os poderes da Uni\u00e3o e dos Estados. Destaque-se que a grande maioria dos servidores p\u00fablicos tem remunera\u00e7\u00e3o defasada e n\u00e3o ser\u00e1 beneficiada por tal medida, ampliando a desigualdade salarial no servi\u00e7o p\u00fablico. Para se ter uma ideia, o piso dos professores com jornada de 40 horas semanais \u00e9 de apenas R$ 2.455,35.<\/p>\n<p>A situa\u00e7\u00e3o se torna ainda mais grave quando levamos em considera\u00e7\u00e3o a vig\u00eancia do teto que congela gastos p\u00fablicos por um per\u00edodo de vinte anos. Por conta do teto, a eleva\u00e7\u00e3o desses subs\u00eddios acarretar\u00e1 contingenciamento de gastos sociais para todo o conjunto da popula\u00e7\u00e3o, que j\u00e1 vem sendo duramente penalizado pelo cruel programa de austeridade em curso no pa\u00eds. O STF, inclusive, n\u00e3o se manifestou sobre as in\u00fameras a\u00e7\u00f5es que questionam a constitucionalidade da emenda do teto, contribuindo para os seus efeitos perversos.<\/p>\n<p>\u00c9 sintom\u00e1tico notar que, ao mesmo tempo que se cogita elevar o sal\u00e1rio dos ministros do Supremo, o governo ileg\u00edtimo de Michel Temer tenta impor um corte de pelo menos R$ 580 milh\u00f5es no or\u00e7amento da CAPES para o ano de 2019, o que paralisaria a pesquisa cient\u00edfica no Brasil.<\/p>\n<p>O aumento dos subs\u00eddios ainda ter\u00e1 que ser votado e aprovado pelo Congresso Nacional. Diante disso, a bancada do PSOL na C\u00e2mara dos Deputados reafirma o seu compromisso com o combate aos privil\u00e9gios e se posicionar\u00e1 contra o aumento dos subs\u00eddios dos membros do Minist\u00e9rio P\u00fablico, da magistratura e dos parlamentares.<\/p>\n<p><strong>Bancada do PSOL na C\u00e2mara<br \/>\n<\/strong>Deputado Ivan Valente (SP)<br \/>\nDeputado Chico Alencar (RJ)<br \/>\nDeputado Edmilson Rodrigues (PA)<br \/>\nDeputado Glauber Braga (RJ)<br \/>\nDeputado Jean Wyllys (RJ)<br \/>\nDeputada Luiza Erundina (SP)<\/p>\n","protected":false},"excerpt":{"rendered":"<p>Em meio a uma das maiores crises econ\u00f4micas da hist\u00f3ria brasileira, na qual o governo federal vem impondo ao conjunto da sociedade cruel programa de contingenciamento de gastos nas mais diversas \u00e1reas sociais, como educa\u00e7\u00e3o, sa\u00fade, seguran\u00e7a alimentar e saneamento b\u00e1sico, o Supremo Tribunal Federal (STF) decidiu, nesta quarta-feira (07), por 7 votos a 4, [&hellip;]<\/p>\n","protected":false},"author":2,"featured_media":22191,"comment_status":"closed","ping_status":"open","sticky":false,"template":"","format":"standard","meta":{"_acf_changed":false,"footnotes":""},"categories":[6],"tags":[2731,32,2732,2733,145,417,1301],"class_list":{"0":"post-22190","1":"post","2":"type-post","3":"status-publish","4":"format-standard","5":"has-post-thumbnail","7":"category-noticias","8":"tag-abusivo","9":"tag-aumento","10":"tag-juizes","11":"tag-membros-do-ministerio-publico","12":"tag-parlamentares2","13":"tag-psol-na-camara","14":"tag-salario"},"acf":[],"yoast_head":"<!-- This site is optimized with the Yoast SEO plugin v26.5 - https:\/\/yoast.com\/wordpress\/plugins\/seo\/ -->\n<title>Nota da bancada do PSOL contra o aumento dos sal\u00e1rios de ju\u00edzes, membros do MP e parlamentares - PSOL 50<\/title>\n<meta name=\"robots\" content=\"index, follow, max-snippet:-1, max-image-preview:large, max-video-preview:-1\" \/>\n<link rel=\"canonical\" href=\"https:\/\/psol50.org.br\/nota-da-bancada-do-psol-contra-o-aumento-abusivo-dos-salarios-de-juizes-membros-do-mp-e-parlamentares\/\" \/>\n<meta property=\"og:locale\" content=\"pt_BR\" \/>\n<meta property=\"og:type\" content=\"article\" \/>\n<meta property=\"og:title\" content=\"Nota da bancada do PSOL contra o aumento dos sal\u00e1rios de ju\u00edzes, membros do MP e parlamentares - PSOL 50\" \/>\n<meta property=\"og:description\" content=\"Em meio a uma das maiores crises econ\u00f4micas da hist\u00f3ria brasileira, na qual o governo federal vem impondo ao conjunto da sociedade cruel programa de contingenciamento de gastos nas mais diversas \u00e1reas sociais, como educa\u00e7\u00e3o, sa\u00fade, seguran\u00e7a alimentar e saneamento b\u00e1sico, o Supremo Tribunal Federal (STF) decidiu, nesta quarta-feira (07), por 7 votos a 4, [&hellip;]\" \/>\n<meta property=\"og:url\" content=\"https:\/\/psol50.org.br\/nota-da-bancada-do-psol-contra-o-aumento-abusivo-dos-salarios-de-juizes-membros-do-mp-e-parlamentares\/\" \/>\n<meta property=\"og:site_name\" content=\"PSOL 50\" \/>\n<meta property=\"article:publisher\" content=\"https:\/\/www.facebook.com\/psol50\" \/>\n<meta property=\"article:published_time\" content=\"2018-11-08T14:09:11+00:00\" \/>\n<meta property=\"og:image\" content=\"https:\/\/psol50.org.br\/inc\/uploads\/2018\/11\/Plenario_Senado_JeffersonRudy_AgSenado.jpg\" \/>\n\t<meta property=\"og:image:width\" content=\"860\" \/>\n\t<meta property=\"og:image:height\" content=\"570\" \/>\n\t<meta property=\"og:image:type\" content=\"image\/jpeg\" \/>\n<meta name=\"author\" content=\"Comunica\u00e7\u00e3o PSOL\" \/>\n<meta name=\"twitter:card\" content=\"summary_large_image\" \/>\n<meta name=\"twitter:creator\" content=\"@psol50\" \/>\n<meta name=\"twitter:site\" content=\"@psol50\" \/>\n<meta name=\"twitter:label1\" content=\"Escrito por\" \/>\n\t<meta name=\"twitter:data1\" content=\"Comunica\u00e7\u00e3o PSOL\" \/>\n\t<meta name=\"twitter:label2\" content=\"Est. tempo de leitura\" \/>\n\t<meta name=\"twitter:data2\" content=\"2 minutos\" \/>\n<script type=\"application\/ld+json\" class=\"yoast-schema-graph\">{\"@context\":\"https:\/\/schema.org\",\"@graph\":[{\"@type\":\"Article\",\"@id\":\"https:\/\/psol50.org.br\/nota-da-bancada-do-psol-contra-o-aumento-abusivo-dos-salarios-de-juizes-membros-do-mp-e-parlamentares\/#article\",\"isPartOf\":{\"@id\":\"https:\/\/psol50.org.br\/nota-da-bancada-do-psol-contra-o-aumento-abusivo-dos-salarios-de-juizes-membros-do-mp-e-parlamentares\/\"},\"author\":{\"name\":\"Comunica\u00e7\u00e3o PSOL\",\"@id\":\"https:\/\/psol50.org.br\/#\/schema\/person\/475dfa57d0b815993c714c2e96491fcd\"},\"headline\":\"Nota da bancada do PSOL contra o aumento dos sal\u00e1rios de ju\u00edzes, membros do MP e parlamentares\",\"datePublished\":\"2018-11-08T14:09:11+00:00\",\"mainEntityOfPage\":{\"@id\":\"https:\/\/psol50.org.br\/nota-da-bancada-do-psol-contra-o-aumento-abusivo-dos-salarios-de-juizes-membros-do-mp-e-parlamentares\/\"},\"wordCount\":475,\"publisher\":{\"@id\":\"https:\/\/psol50.org.br\/#organization\"},\"image\":{\"@id\":\"https:\/\/psol50.org.br\/nota-da-bancada-do-psol-contra-o-aumento-abusivo-dos-salarios-de-juizes-membros-do-mp-e-parlamentares\/#primaryimage\"},\"thumbnailUrl\":\"https:\/\/psol50.org.br\/inc\/uploads\/2018\/11\/Plenario_Senado_JeffersonRudy_AgSenado.jpg\",\"keywords\":[\"abusivo\",\"aumento\",\"ju\u00edzes\",\"membros do Minist\u00e9rio P\u00fablico\",\"parlamentares\",\"PSOL na C\u00e2mara\",\"sal\u00e1rio\"],\"articleSection\":[\"Not\u00edcias\"],\"inLanguage\":\"pt-BR\"},{\"@type\":\"WebPage\",\"@id\":\"https:\/\/psol50.org.br\/nota-da-bancada-do-psol-contra-o-aumento-abusivo-dos-salarios-de-juizes-membros-do-mp-e-parlamentares\/\",\"url\":\"https:\/\/psol50.org.br\/nota-da-bancada-do-psol-contra-o-aumento-abusivo-dos-salarios-de-juizes-membros-do-mp-e-parlamentares\/\",\"name\":\"Nota da bancada do PSOL contra o aumento dos sal\u00e1rios de ju\u00edzes, membros do MP e parlamentares - PSOL 50\",\"isPartOf\":{\"@id\":\"https:\/\/psol50.org.br\/#website\"},\"primaryImageOfPage\":{\"@id\":\"https:\/\/psol50.org.br\/nota-da-bancada-do-psol-contra-o-aumento-abusivo-dos-salarios-de-juizes-membros-do-mp-e-parlamentares\/#primaryimage\"},\"image\":{\"@id\":\"https:\/\/psol50.org.br\/nota-da-bancada-do-psol-contra-o-aumento-abusivo-dos-salarios-de-juizes-membros-do-mp-e-parlamentares\/#primaryimage\"},\"thumbnailUrl\":\"https:\/\/psol50.org.br\/inc\/uploads\/2018\/11\/Plenario_Senado_JeffersonRudy_AgSenado.jpg\",\"datePublished\":\"2018-11-08T14:09:11+00:00\",\"breadcrumb\":{\"@id\":\"https:\/\/psol50.org.br\/nota-da-bancada-do-psol-contra-o-aumento-abusivo-dos-salarios-de-juizes-membros-do-mp-e-parlamentares\/#breadcrumb\"},\"inLanguage\":\"pt-BR\",\"potentialAction\":[{\"@type\":\"ReadAction\",\"target\":[\"https:\/\/psol50.org.br\/nota-da-bancada-do-psol-contra-o-aumento-abusivo-dos-salarios-de-juizes-membros-do-mp-e-parlamentares\/\"]}]},{\"@type\":\"ImageObject\",\"inLanguage\":\"pt-BR\",\"@id\":\"https:\/\/psol50.org.br\/nota-da-bancada-do-psol-contra-o-aumento-abusivo-dos-salarios-de-juizes-membros-do-mp-e-parlamentares\/#primaryimage\",\"url\":\"https:\/\/psol50.org.br\/inc\/uploads\/2018\/11\/Plenario_Senado_JeffersonRudy_AgSenado.jpg\",\"contentUrl\":\"https:\/\/psol50.org.br\/inc\/uploads\/2018\/11\/Plenario_Senado_JeffersonRudy_AgSenado.jpg\",\"width\":860,\"height\":570,\"caption\":\"Jefferson Rudy\/Ag\u00eancia Senado\"},{\"@type\":\"BreadcrumbList\",\"@id\":\"https:\/\/psol50.org.br\/nota-da-bancada-do-psol-contra-o-aumento-abusivo-dos-salarios-de-juizes-membros-do-mp-e-parlamentares\/#breadcrumb\",\"itemListElement\":[{\"@type\":\"ListItem\",\"position\":1,\"name\":\"In\u00edcio\",\"item\":\"https:\/\/psol50.org.br\/\"},{\"@type\":\"ListItem\",\"position\":2,\"name\":\"Nota da bancada do PSOL contra o aumento dos sal\u00e1rios de ju\u00edzes, membros do MP e parlamentares\"}]},{\"@type\":\"WebSite\",\"@id\":\"https:\/\/psol50.org.br\/#website\",\"url\":\"https:\/\/psol50.org.br\/\",\"name\":\"PSOL 50\",\"description\":\"Site oficial do Partido Socialismo e Liberdade\",\"publisher\":{\"@id\":\"https:\/\/psol50.org.br\/#organization\"},\"alternateName\":\"PSOL50\",\"potentialAction\":[{\"@type\":\"SearchAction\",\"target\":{\"@type\":\"EntryPoint\",\"urlTemplate\":\"https:\/\/psol50.org.br\/?s={search_term_string}\"},\"query-input\":{\"@type\":\"PropertyValueSpecification\",\"valueRequired\":true,\"valueName\":\"search_term_string\"}}],\"inLanguage\":\"pt-BR\"},{\"@type\":\"Organization\",\"@id\":\"https:\/\/psol50.org.br\/#organization\",\"name\":\"PSOL 50\",\"alternateName\":\"PSOL 50\",\"url\":\"https:\/\/psol50.org.br\/\",\"logo\":{\"@type\":\"ImageObject\",\"inLanguage\":\"pt-BR\",\"@id\":\"https:\/\/psol50.org.br\/#\/schema\/logo\/image\/\",\"url\":\"https:\/\/psol50.org.br\/inc\/uploads\/2018\/07\/capa.png\",\"contentUrl\":\"https:\/\/psol50.org.br\/inc\/uploads\/2018\/07\/capa.png\",\"width\":1350,\"height\":900,\"caption\":\"PSOL 50\"},\"image\":{\"@id\":\"https:\/\/psol50.org.br\/#\/schema\/logo\/image\/\"},\"sameAs\":[\"https:\/\/www.facebook.com\/psol50\",\"https:\/\/x.com\/psol50\",\"https:\/\/www.instagram.com\/psol50\/\",\"https:\/\/www.youtube.com\/channel\/UC7SnJS5o1os7a6CaiNabzcg\"]},{\"@type\":\"Person\",\"@id\":\"https:\/\/psol50.org.br\/#\/schema\/person\/475dfa57d0b815993c714c2e96491fcd\",\"name\":\"Comunica\u00e7\u00e3o PSOL\",\"image\":{\"@type\":\"ImageObject\",\"inLanguage\":\"pt-BR\",\"@id\":\"https:\/\/psol50.org.br\/#\/schema\/person\/image\/\",\"url\":\"https:\/\/secure.gravatar.com\/avatar\/b34fc4f4e468a4e51785917065a3db57b841f5c95dba6ad8c73aaf8f66f8f9bf?s=96&d=mm&r=g\",\"contentUrl\":\"https:\/\/secure.gravatar.com\/avatar\/b34fc4f4e468a4e51785917065a3db57b841f5c95dba6ad8c73aaf8f66f8f9bf?s=96&d=mm&r=g\",\"caption\":\"Comunica\u00e7\u00e3o PSOL\"}}]}<\/script>\n<!-- \/ Yoast SEO plugin. -->","yoast_head_json":{"title":"Nota da bancada do PSOL contra o aumento dos sal\u00e1rios de ju\u00edzes, membros do MP e parlamentares - PSOL 50","robots":{"index":"index","follow":"follow","max-snippet":"max-snippet:-1","max-image-preview":"max-image-preview:large","max-video-preview":"max-video-preview:-1"},"canonical":"https:\/\/psol50.org.br\/nota-da-bancada-do-psol-contra-o-aumento-abusivo-dos-salarios-de-juizes-membros-do-mp-e-parlamentares\/","og_locale":"pt_BR","og_type":"article","og_title":"Nota da bancada do PSOL contra o aumento dos sal\u00e1rios de ju\u00edzes, membros do MP e parlamentares - PSOL 50","og_description":"Em meio a uma das maiores crises econ\u00f4micas da hist\u00f3ria brasileira, na qual o governo federal vem impondo ao conjunto da sociedade cruel programa de contingenciamento de gastos nas mais diversas \u00e1reas sociais, como educa\u00e7\u00e3o, sa\u00fade, seguran\u00e7a alimentar e saneamento b\u00e1sico, o Supremo Tribunal Federal (STF) decidiu, nesta quarta-feira (07), por 7 votos a 4, [&hellip;]","og_url":"https:\/\/psol50.org.br\/nota-da-bancada-do-psol-contra-o-aumento-abusivo-dos-salarios-de-juizes-membros-do-mp-e-parlamentares\/","og_site_name":"PSOL 50","article_publisher":"https:\/\/www.facebook.com\/psol50","article_published_time":"2018-11-08T14:09:11+00:00","og_image":[{"width":860,"height":570,"url":"https:\/\/psol50.org.br\/inc\/uploads\/2018\/11\/Plenario_Senado_JeffersonRudy_AgSenado.jpg","type":"image\/jpeg"}],"author":"Comunica\u00e7\u00e3o PSOL","twitter_card":"summary_large_image","twitter_creator":"@psol50","twitter_site":"@psol50","twitter_misc":{"Escrito por":"Comunica\u00e7\u00e3o PSOL","Est. tempo de leitura":"2 minutos"},"schema":{"@context":"https:\/\/schema.org","@graph":[{"@type":"Article","@id":"https:\/\/psol50.org.br\/nota-da-bancada-do-psol-contra-o-aumento-abusivo-dos-salarios-de-juizes-membros-do-mp-e-parlamentares\/#article","isPartOf":{"@id":"https:\/\/psol50.org.br\/nota-da-bancada-do-psol-contra-o-aumento-abusivo-dos-salarios-de-juizes-membros-do-mp-e-parlamentares\/"},"author":{"name":"Comunica\u00e7\u00e3o PSOL","@id":"https:\/\/psol50.org.br\/#\/schema\/person\/475dfa57d0b815993c714c2e96491fcd"},"headline":"Nota da bancada do PSOL contra o aumento dos sal\u00e1rios de ju\u00edzes, membros do MP e parlamentares","datePublished":"2018-11-08T14:09:11+00:00","mainEntityOfPage":{"@id":"https:\/\/psol50.org.br\/nota-da-bancada-do-psol-contra-o-aumento-abusivo-dos-salarios-de-juizes-membros-do-mp-e-parlamentares\/"},"wordCount":475,"publisher":{"@id":"https:\/\/psol50.org.br\/#organization"},"image":{"@id":"https:\/\/psol50.org.br\/nota-da-bancada-do-psol-contra-o-aumento-abusivo-dos-salarios-de-juizes-membros-do-mp-e-parlamentares\/#primaryimage"},"thumbnailUrl":"https:\/\/psol50.org.br\/inc\/uploads\/2018\/11\/Plenario_Senado_JeffersonRudy_AgSenado.jpg","keywords":["abusivo","aumento","ju\u00edzes","membros do Minist\u00e9rio P\u00fablico","parlamentares","PSOL na C\u00e2mara","sal\u00e1rio"],"articleSection":["Not\u00edcias"],"inLanguage":"pt-BR"},{"@type":"WebPage","@id":"https:\/\/psol50.org.br\/nota-da-bancada-do-psol-contra-o-aumento-abusivo-dos-salarios-de-juizes-membros-do-mp-e-parlamentares\/","url":"https:\/\/psol50.org.br\/nota-da-bancada-do-psol-contra-o-aumento-abusivo-dos-salarios-de-juizes-membros-do-mp-e-parlamentares\/","name":"Nota da bancada do PSOL contra o aumento dos sal\u00e1rios de ju\u00edzes, membros do MP e parlamentares - PSOL 50","isPartOf":{"@id":"https:\/\/psol50.org.br\/#website"},"primaryImageOfPage":{"@id":"https:\/\/psol50.org.br\/nota-da-bancada-do-psol-contra-o-aumento-abusivo-dos-salarios-de-juizes-membros-do-mp-e-parlamentares\/#primaryimage"},"image":{"@id":"https:\/\/psol50.org.br\/nota-da-bancada-do-psol-contra-o-aumento-abusivo-dos-salarios-de-juizes-membros-do-mp-e-parlamentares\/#primaryimage"},"thumbnailUrl":"https:\/\/psol50.org.br\/inc\/uploads\/2018\/11\/Plenario_Senado_JeffersonRudy_AgSenado.jpg","datePublished":"2018-11-08T14:09:11+00:00","breadcrumb":{"@id":"https:\/\/psol50.org.br\/nota-da-bancada-do-psol-contra-o-aumento-abusivo-dos-salarios-de-juizes-membros-do-mp-e-parlamentares\/#breadcrumb"},"inLanguage":"pt-BR","potentialAction":[{"@type":"ReadAction","target":["https:\/\/psol50.org.br\/nota-da-bancada-do-psol-contra-o-aumento-abusivo-dos-salarios-de-juizes-membros-do-mp-e-parlamentares\/"]}]},{"@type":"ImageObject","inLanguage":"pt-BR","@id":"https:\/\/psol50.org.br\/nota-da-bancada-do-psol-contra-o-aumento-abusivo-dos-salarios-de-juizes-membros-do-mp-e-parlamentares\/#primaryimage","url":"https:\/\/psol50.org.br\/inc\/uploads\/2018\/11\/Plenario_Senado_JeffersonRudy_AgSenado.jpg","contentUrl":"https:\/\/psol50.org.br\/inc\/uploads\/2018\/11\/Plenario_Senado_JeffersonRudy_AgSenado.jpg","width":860,"height":570,"caption":"Jefferson Rudy\/Ag\u00eancia Senado"},{"@type":"BreadcrumbList","@id":"https:\/\/psol50.org.br\/nota-da-bancada-do-psol-contra-o-aumento-abusivo-dos-salarios-de-juizes-membros-do-mp-e-parlamentares\/#breadcrumb","itemListElement":[{"@type":"ListItem","position":1,"name":"In\u00edcio","item":"https:\/\/psol50.org.br\/"},{"@type":"ListItem","position":2,"name":"Nota da bancada do PSOL contra o aumento dos sal\u00e1rios de ju\u00edzes, membros do MP e parlamentares"}]},{"@type":"WebSite","@id":"https:\/\/psol50.org.br\/#website","url":"https:\/\/psol50.org.br\/","name":"PSOL 50","description":"Site oficial do Partido Socialismo e Liberdade","publisher":{"@id":"https:\/\/psol50.org.br\/#organization"},"alternateName":"PSOL50","potentialAction":[{"@type":"SearchAction","target":{"@type":"EntryPoint","urlTemplate":"https:\/\/psol50.org.br\/?s={search_term_string}"},"query-input":{"@type":"PropertyValueSpecification","valueRequired":true,"valueName":"search_term_string"}}],"inLanguage":"pt-BR"},{"@type":"Organization","@id":"https:\/\/psol50.org.br\/#organization","name":"PSOL 50","alternateName":"PSOL 50","url":"https:\/\/psol50.org.br\/","logo":{"@type":"ImageObject","inLanguage":"pt-BR","@id":"https:\/\/psol50.org.br\/#\/schema\/logo\/image\/","url":"https:\/\/psol50.org.br\/inc\/uploads\/2018\/07\/capa.png","contentUrl":"https:\/\/psol50.org.br\/inc\/uploads\/2018\/07\/capa.png","width":1350,"height":900,"caption":"PSOL 50"},"image":{"@id":"https:\/\/psol50.org.br\/#\/schema\/logo\/image\/"},"sameAs":["https:\/\/www.facebook.com\/psol50","https:\/\/x.com\/psol50","https:\/\/www.instagram.com\/psol50\/","https:\/\/www.youtube.com\/channel\/UC7SnJS5o1os7a6CaiNabzcg"]},{"@type":"Person","@id":"https:\/\/psol50.org.br\/#\/schema\/person\/475dfa57d0b815993c714c2e96491fcd","name":"Comunica\u00e7\u00e3o PSOL","image":{"@type":"ImageObject","inLanguage":"pt-BR","@id":"https:\/\/psol50.org.br\/#\/schema\/person\/image\/","url":"https:\/\/secure.gravatar.com\/avatar\/b34fc4f4e468a4e51785917065a3db57b841f5c95dba6ad8c73aaf8f66f8f9bf?s=96&d=mm&r=g","contentUrl":"https:\/\/secure.gravatar.com\/avatar\/b34fc4f4e468a4e51785917065a3db57b841f5c95dba6ad8c73aaf8f66f8f9bf?s=96&d=mm&r=g","caption":"Comunica\u00e7\u00e3o PSOL"}}]}},"_links":{"self":[{"href":"https:\/\/psol50.org.br\/rest\/wp\/v2\/posts\/22190","targetHints":{"allow":["GET"]}}],"collection":[{"href":"https:\/\/psol50.org.br\/rest\/wp\/v2\/posts"}],"about":[{"href":"https:\/\/psol50.org.br\/rest\/wp\/v2\/types\/post"}],"author":[{"embeddable":true,"href":"https:\/\/psol50.org.br\/rest\/wp\/v2\/users\/2"}],"replies":[{"embeddable":true,"href":"https:\/\/psol50.org.br\/rest\/wp\/v2\/comments?post=22190"}],"version-history":[{"count":0,"href":"https:\/\/psol50.org.br\/rest\/wp\/v2\/posts\/22190\/revisions"}],"wp:featuredmedia":[{"embeddable":true,"href":"https:\/\/psol50.org.br\/rest\/wp\/v2\/media\/22191"}],"wp:attachment":[{"href":"https:\/\/psol50.org.br\/rest\/wp\/v2\/media?parent=22190"}],"wp:term":[{"taxonomy":"category","embeddable":true,"href":"https:\/\/psol50.org.br\/rest\/wp\/v2\/categories?post=22190"},{"taxonomy":"post_tag","embeddable":true,"href":"https:\/\/psol50.org.br\/rest\/wp\/v2\/tags?post=22190"}],"curies":[{"name":"wp","href":"https:\/\/api.w.org\/{rel}","templated":true}]}}