{"id":22219,"date":"2018-11-11T12:21:21","date_gmt":"2018-11-11T14:21:21","guid":{"rendered":"http:\/\/psol50.org.br\/?p=22219"},"modified":"2018-11-11T12:21:21","modified_gmt":"2018-11-11T14:21:21","slug":"contra-perseguicao-violencia-defesa-movimentos","status":"publish","type":"post","link":"https:\/\/psol50.org.br\/contra-perseguicao-violencia-defesa-movimentos\/","title":{"rendered":"Contra a persegui\u00e7\u00e3o e a viol\u00eancia: em defesa dos movimentos e lideran\u00e7as sociais"},"content":{"rendered":"<p><strong>Confira a resolu\u00e7\u00e3o aprovada pelo Diret\u00f3rio Nacional do PSOL:<\/strong><\/p>\n<p>Mesmo ap\u00f3s o resultado eleitoral, Jair Bolsonaro mantem um discurso de \u00f3dio e persegui\u00e7\u00e3o a seus opositores. Em suas primeiras apari\u00e7\u00f5es, deixou claro que n\u00e3o pretende respeitar princ\u00edpios b\u00e1sicos da democracia como a liberdade de imprensa e a conviv\u00eancia com a oposi\u00e7\u00e3o. N\u00e3o hesitou em nomear aqueles que ser\u00e3o seus principais alvos: o MTST, MST, n\u00facleos do PT e do PSOL. Logo ap\u00f3s essas declara\u00e7\u00f5es, o Senado retomou a tramita\u00e7\u00e3o da proposta de mudan\u00e7a da lei anti-terrorismo, que prev\u00ea o enquadramento de movimentos sociais como terroristas, iniciativa que demonstra a ades\u00e3o de parte do Congresso a pol\u00edtica de Bolsonaro.<\/p>\n<p>O avan\u00e7o do conservadorismo que levou a elei\u00e7\u00e3o de Bolsonaro tamb\u00e9m se expressa de modo geral na sociedade. Ap\u00f3s o primeiro turno se intensificaram as agress\u00f5es a ativistas sociais, como o assassinato do mestre Moa do Katend\u00ea. O acirramento da viol\u00eancia pol\u00edtica tamb\u00e9m se volta aos movimentos sociais, ataques a liberdade sindical com tentativa de quebra do sigilo banc\u00e1rio e fiscal das centrais sindicais, com ataques a acampamentos e aldeias ind\u00edgenas e amea\u00e7as a lideran\u00e7as, como as constantemente sofridas por Guilherme Boulos.<\/p>\n<p>Certamente o principal epicentro deste risco de \u201cmexicaniza\u00e7\u00e3o\u201d do estado \u00e9 o Rio de janeiro, que teve a sua maior express\u00e3o no assassinato da companheira Marielle franco e de Anderson, com fortalecimento da repress\u00e3o e do poder das mil\u00edcias. O PSOL colocar\u00e1 no seu escopo de prote\u00e7\u00e3o os parlamentares que n\u00e3o foram reeleitos e os reeleitos, mas que no exerc\u00edcio do mandato no PSOL estiveram expostos no enfrentamento contra as for\u00e7as da repress\u00e3o aos movimentos sociais e comunidades, expondo-se e estando agora em condi\u00e7\u00e3o de maior vulnerabilidade.<\/p>\n<p>Nesse contexto, al\u00e9m de discutir a seguran\u00e7a do pr\u00f3prio partido, o PSOL precisa tamb\u00e9m ampliar sua solidariedade aos movimentos sociais, primeiros alvos, dos processos de criminaliza\u00e7\u00e3o, viol\u00eancia e fechamento democr\u00e1tico. E temos responsabilidade na prote\u00e7\u00e3o de nossas lideran\u00e7as, parlamentares e do movimento social. O partido deve estar preparado para ser porta-voz das den\u00fancias de agress\u00f5es contra os movimentos e ativistas no Congresso Nacional e em articula\u00e7\u00f5es internacionais, al\u00e9m de oferecer apoio concreto, quando for necess\u00e1rio. Dessa forma colaboraremos decisivamente para fortalecer a frente de resist\u00eancia necess\u00e1ria ao governo Bolsonaro.<\/p>\n","protected":false},"excerpt":{"rendered":"<p>Confira a resolu\u00e7\u00e3o aprovada pelo Diret\u00f3rio Nacional do PSOL: Mesmo ap\u00f3s o resultado eleitoral, Jair Bolsonaro mantem um discurso de \u00f3dio e persegui\u00e7\u00e3o a seus opositores. Em suas primeiras apari\u00e7\u00f5es, deixou claro que n\u00e3o pretende respeitar princ\u00edpios b\u00e1sicos da democracia como a liberdade de imprensa e a conviv\u00eancia com a oposi\u00e7\u00e3o. N\u00e3o hesitou em nomear [&hellip;]<\/p>\n","protected":false},"author":2,"featured_media":22222,"comment_status":"closed","ping_status":"open","sticky":false,"template":"","format":"standard","meta":{"_acf_changed":false,"footnotes":""},"categories":[1104,6,14],"tags":[1834,977,2739,99,1657],"class_list":{"0":"post-22219","1":"post","2":"type-post","3":"status-publish","4":"format-standard","5":"has-post-thumbnail","7":"category-movimento","8":"category-noticias","9":"category-partido","10":"tag-diretorio-nacional-do-psol","11":"tag-guilherme-boulos","12":"tag-lei-anti-terrorismo","13":"tag-movimentos-sociais","14":"tag-repressao"},"acf":[],"yoast_head":"<!-- This site is optimized with the Yoast SEO plugin v26.5 - https:\/\/yoast.com\/wordpress\/plugins\/seo\/ -->\n<title>Contra a persegui\u00e7\u00e3o e a viol\u00eancia: em defesa dos movimentos e lideran\u00e7as sociais - PSOL 50<\/title>\n<meta name=\"robots\" content=\"index, follow, max-snippet:-1, max-image-preview:large, max-video-preview:-1\" \/>\n<link rel=\"canonical\" href=\"https:\/\/psol50.org.br\/contra-perseguicao-violencia-defesa-movimentos\/\" \/>\n<meta property=\"og:locale\" content=\"pt_BR\" \/>\n<meta property=\"og:type\" content=\"article\" \/>\n<meta property=\"og:title\" content=\"Contra a persegui\u00e7\u00e3o e a viol\u00eancia: em defesa dos movimentos e lideran\u00e7as sociais\" \/>\n<meta property=\"og:description\" content=\"Diret\u00f3rio Nacional do PSOL se contrap\u00f5e \u00e0 criminaliza\u00e7\u00e3o da luta popular e de lideran\u00e7as pol\u00edticas.\" \/>\n<meta property=\"og:url\" content=\"https:\/\/psol50.org.br\/contra-perseguicao-violencia-defesa-movimentos\/\" \/>\n<meta property=\"og:site_name\" content=\"PSOL 50\" \/>\n<meta property=\"article:publisher\" content=\"https:\/\/www.facebook.com\/psol50\" \/>\n<meta property=\"article:published_time\" content=\"2018-11-11T14:21:21+00:00\" \/>\n<meta property=\"og:image\" content=\"https:\/\/psol50.org.br\/inc\/uploads\/2018\/11\/45023231_1192401500910399_6449660669376593920_o.jpg\" \/>\n\t<meta property=\"og:image:width\" content=\"1010\" \/>\n\t<meta property=\"og:image:height\" content=\"750\" \/>\n\t<meta property=\"og:image:type\" content=\"image\/jpeg\" \/>\n<meta name=\"author\" content=\"Comunica\u00e7\u00e3o PSOL\" \/>\n<meta name=\"twitter:card\" content=\"summary_large_image\" \/>\n<meta name=\"twitter:title\" content=\"Contra a persegui\u00e7\u00e3o e a viol\u00eancia: em defesa dos movimentos e lideran\u00e7as sociais\" \/>\n<meta name=\"twitter:description\" content=\"Diret\u00f3rio Nacional do PSOL se contrap\u00f5e \u00e0 criminaliza\u00e7\u00e3o da luta popular e de lideran\u00e7as pol\u00edticas.\" \/>\n<meta name=\"twitter:image\" content=\"https:\/\/psol50.org.br\/inc\/uploads\/2018\/11\/45023231_1192401500910399_6449660669376593920_o.jpg\" \/>\n<meta name=\"twitter:creator\" content=\"@psol50\" \/>\n<meta name=\"twitter:site\" content=\"@psol50\" \/>\n<meta name=\"twitter:label1\" content=\"Escrito por\" \/>\n\t<meta name=\"twitter:data1\" content=\"Comunica\u00e7\u00e3o PSOL\" \/>\n\t<meta name=\"twitter:label2\" content=\"Est. tempo de leitura\" \/>\n\t<meta name=\"twitter:data2\" content=\"2 minutos\" \/>\n<script type=\"application\/ld+json\" class=\"yoast-schema-graph\">{\"@context\":\"https:\/\/schema.org\",\"@graph\":[{\"@type\":\"Article\",\"@id\":\"https:\/\/psol50.org.br\/contra-perseguicao-violencia-defesa-movimentos\/#article\",\"isPartOf\":{\"@id\":\"https:\/\/psol50.org.br\/contra-perseguicao-violencia-defesa-movimentos\/\"},\"author\":{\"name\":\"Comunica\u00e7\u00e3o PSOL\",\"@id\":\"https:\/\/psol50.org.br\/#\/schema\/person\/475dfa57d0b815993c714c2e96491fcd\"},\"headline\":\"Contra a persegui\u00e7\u00e3o e a viol\u00eancia: em defesa dos movimentos e lideran\u00e7as sociais\",\"datePublished\":\"2018-11-11T14:21:21+00:00\",\"mainEntityOfPage\":{\"@id\":\"https:\/\/psol50.org.br\/contra-perseguicao-violencia-defesa-movimentos\/\"},\"wordCount\":438,\"publisher\":{\"@id\":\"https:\/\/psol50.org.br\/#organization\"},\"image\":{\"@id\":\"https:\/\/psol50.org.br\/contra-perseguicao-violencia-defesa-movimentos\/#primaryimage\"},\"thumbnailUrl\":\"https:\/\/psol50.org.br\/inc\/uploads\/2018\/11\/45023231_1192401500910399_6449660669376593920_o.jpg\",\"keywords\":[\"Diret\u00f3rio Nacional do PSOL\",\"Guilherme Boulos\",\"Lei Anti-Terrorismo\",\"movimentos sociais\",\"Repress\u00e3o\"],\"articleSection\":[\"Movimento\",\"Not\u00edcias\",\"Partido\"],\"inLanguage\":\"pt-BR\"},{\"@type\":\"WebPage\",\"@id\":\"https:\/\/psol50.org.br\/contra-perseguicao-violencia-defesa-movimentos\/\",\"url\":\"https:\/\/psol50.org.br\/contra-perseguicao-violencia-defesa-movimentos\/\",\"name\":\"Contra a persegui\u00e7\u00e3o e a viol\u00eancia: em defesa dos movimentos e lideran\u00e7as sociais - PSOL 50\",\"isPartOf\":{\"@id\":\"https:\/\/psol50.org.br\/#website\"},\"primaryImageOfPage\":{\"@id\":\"https:\/\/psol50.org.br\/contra-perseguicao-violencia-defesa-movimentos\/#primaryimage\"},\"image\":{\"@id\":\"https:\/\/psol50.org.br\/contra-perseguicao-violencia-defesa-movimentos\/#primaryimage\"},\"thumbnailUrl\":\"https:\/\/psol50.org.br\/inc\/uploads\/2018\/11\/45023231_1192401500910399_6449660669376593920_o.jpg\",\"datePublished\":\"2018-11-11T14:21:21+00:00\",\"breadcrumb\":{\"@id\":\"https:\/\/psol50.org.br\/contra-perseguicao-violencia-defesa-movimentos\/#breadcrumb\"},\"inLanguage\":\"pt-BR\",\"potentialAction\":[{\"@type\":\"ReadAction\",\"target\":[\"https:\/\/psol50.org.br\/contra-perseguicao-violencia-defesa-movimentos\/\"]}]},{\"@type\":\"ImageObject\",\"inLanguage\":\"pt-BR\",\"@id\":\"https:\/\/psol50.org.br\/contra-perseguicao-violencia-defesa-movimentos\/#primaryimage\",\"url\":\"https:\/\/psol50.org.br\/inc\/uploads\/2018\/11\/45023231_1192401500910399_6449660669376593920_o.jpg\",\"contentUrl\":\"https:\/\/psol50.org.br\/inc\/uploads\/2018\/11\/45023231_1192401500910399_6449660669376593920_o.jpg\",\"width\":1010,\"height\":750},{\"@type\":\"BreadcrumbList\",\"@id\":\"https:\/\/psol50.org.br\/contra-perseguicao-violencia-defesa-movimentos\/#breadcrumb\",\"itemListElement\":[{\"@type\":\"ListItem\",\"position\":1,\"name\":\"In\u00edcio\",\"item\":\"https:\/\/psol50.org.br\/\"},{\"@type\":\"ListItem\",\"position\":2,\"name\":\"Contra a persegui\u00e7\u00e3o e a viol\u00eancia: em defesa dos movimentos e lideran\u00e7as sociais\"}]},{\"@type\":\"WebSite\",\"@id\":\"https:\/\/psol50.org.br\/#website\",\"url\":\"https:\/\/psol50.org.br\/\",\"name\":\"PSOL 50\",\"description\":\"Site oficial do Partido Socialismo e Liberdade\",\"publisher\":{\"@id\":\"https:\/\/psol50.org.br\/#organization\"},\"alternateName\":\"PSOL50\",\"potentialAction\":[{\"@type\":\"SearchAction\",\"target\":{\"@type\":\"EntryPoint\",\"urlTemplate\":\"https:\/\/psol50.org.br\/?s={search_term_string}\"},\"query-input\":{\"@type\":\"PropertyValueSpecification\",\"valueRequired\":true,\"valueName\":\"search_term_string\"}}],\"inLanguage\":\"pt-BR\"},{\"@type\":\"Organization\",\"@id\":\"https:\/\/psol50.org.br\/#organization\",\"name\":\"PSOL 50\",\"alternateName\":\"PSOL 50\",\"url\":\"https:\/\/psol50.org.br\/\",\"logo\":{\"@type\":\"ImageObject\",\"inLanguage\":\"pt-BR\",\"@id\":\"https:\/\/psol50.org.br\/#\/schema\/logo\/image\/\",\"url\":\"https:\/\/psol50.org.br\/inc\/uploads\/2018\/07\/capa.png\",\"contentUrl\":\"https:\/\/psol50.org.br\/inc\/uploads\/2018\/07\/capa.png\",\"width\":1350,\"height\":900,\"caption\":\"PSOL 50\"},\"image\":{\"@id\":\"https:\/\/psol50.org.br\/#\/schema\/logo\/image\/\"},\"sameAs\":[\"https:\/\/www.facebook.com\/psol50\",\"https:\/\/x.com\/psol50\",\"https:\/\/www.instagram.com\/psol50\/\",\"https:\/\/www.youtube.com\/channel\/UC7SnJS5o1os7a6CaiNabzcg\"]},{\"@type\":\"Person\",\"@id\":\"https:\/\/psol50.org.br\/#\/schema\/person\/475dfa57d0b815993c714c2e96491fcd\",\"name\":\"Comunica\u00e7\u00e3o PSOL\",\"image\":{\"@type\":\"ImageObject\",\"inLanguage\":\"pt-BR\",\"@id\":\"https:\/\/psol50.org.br\/#\/schema\/person\/image\/\",\"url\":\"https:\/\/secure.gravatar.com\/avatar\/b34fc4f4e468a4e51785917065a3db57b841f5c95dba6ad8c73aaf8f66f8f9bf?s=96&d=mm&r=g\",\"contentUrl\":\"https:\/\/secure.gravatar.com\/avatar\/b34fc4f4e468a4e51785917065a3db57b841f5c95dba6ad8c73aaf8f66f8f9bf?s=96&d=mm&r=g\",\"caption\":\"Comunica\u00e7\u00e3o PSOL\"}}]}<\/script>\n<!-- \/ Yoast SEO plugin. -->","yoast_head_json":{"title":"Contra a persegui\u00e7\u00e3o e a viol\u00eancia: em defesa dos movimentos e lideran\u00e7as sociais - PSOL 50","robots":{"index":"index","follow":"follow","max-snippet":"max-snippet:-1","max-image-preview":"max-image-preview:large","max-video-preview":"max-video-preview:-1"},"canonical":"https:\/\/psol50.org.br\/contra-perseguicao-violencia-defesa-movimentos\/","og_locale":"pt_BR","og_type":"article","og_title":"Contra a persegui\u00e7\u00e3o e a viol\u00eancia: em defesa dos movimentos e lideran\u00e7as sociais","og_description":"Diret\u00f3rio Nacional do PSOL se contrap\u00f5e \u00e0 criminaliza\u00e7\u00e3o da luta popular e de lideran\u00e7as pol\u00edticas.","og_url":"https:\/\/psol50.org.br\/contra-perseguicao-violencia-defesa-movimentos\/","og_site_name":"PSOL 50","article_publisher":"https:\/\/www.facebook.com\/psol50","article_published_time":"2018-11-11T14:21:21+00:00","og_image":[{"width":1010,"height":750,"url":"https:\/\/psol50.org.br\/inc\/uploads\/2018\/11\/45023231_1192401500910399_6449660669376593920_o.jpg","type":"image\/jpeg"}],"author":"Comunica\u00e7\u00e3o PSOL","twitter_card":"summary_large_image","twitter_title":"Contra a persegui\u00e7\u00e3o e a viol\u00eancia: em defesa dos movimentos e lideran\u00e7as sociais","twitter_description":"Diret\u00f3rio Nacional do PSOL se contrap\u00f5e \u00e0 criminaliza\u00e7\u00e3o da luta popular e de lideran\u00e7as pol\u00edticas.","twitter_image":"https:\/\/psol50.org.br\/inc\/uploads\/2018\/11\/45023231_1192401500910399_6449660669376593920_o.jpg","twitter_creator":"@psol50","twitter_site":"@psol50","twitter_misc":{"Escrito por":"Comunica\u00e7\u00e3o PSOL","Est. tempo de leitura":"2 minutos"},"schema":{"@context":"https:\/\/schema.org","@graph":[{"@type":"Article","@id":"https:\/\/psol50.org.br\/contra-perseguicao-violencia-defesa-movimentos\/#article","isPartOf":{"@id":"https:\/\/psol50.org.br\/contra-perseguicao-violencia-defesa-movimentos\/"},"author":{"name":"Comunica\u00e7\u00e3o PSOL","@id":"https:\/\/psol50.org.br\/#\/schema\/person\/475dfa57d0b815993c714c2e96491fcd"},"headline":"Contra a persegui\u00e7\u00e3o e a viol\u00eancia: em defesa dos movimentos e lideran\u00e7as sociais","datePublished":"2018-11-11T14:21:21+00:00","mainEntityOfPage":{"@id":"https:\/\/psol50.org.br\/contra-perseguicao-violencia-defesa-movimentos\/"},"wordCount":438,"publisher":{"@id":"https:\/\/psol50.org.br\/#organization"},"image":{"@id":"https:\/\/psol50.org.br\/contra-perseguicao-violencia-defesa-movimentos\/#primaryimage"},"thumbnailUrl":"https:\/\/psol50.org.br\/inc\/uploads\/2018\/11\/45023231_1192401500910399_6449660669376593920_o.jpg","keywords":["Diret\u00f3rio Nacional do PSOL","Guilherme Boulos","Lei Anti-Terrorismo","movimentos sociais","Repress\u00e3o"],"articleSection":["Movimento","Not\u00edcias","Partido"],"inLanguage":"pt-BR"},{"@type":"WebPage","@id":"https:\/\/psol50.org.br\/contra-perseguicao-violencia-defesa-movimentos\/","url":"https:\/\/psol50.org.br\/contra-perseguicao-violencia-defesa-movimentos\/","name":"Contra a persegui\u00e7\u00e3o e a viol\u00eancia: em defesa dos movimentos e lideran\u00e7as sociais - PSOL 50","isPartOf":{"@id":"https:\/\/psol50.org.br\/#website"},"primaryImageOfPage":{"@id":"https:\/\/psol50.org.br\/contra-perseguicao-violencia-defesa-movimentos\/#primaryimage"},"image":{"@id":"https:\/\/psol50.org.br\/contra-perseguicao-violencia-defesa-movimentos\/#primaryimage"},"thumbnailUrl":"https:\/\/psol50.org.br\/inc\/uploads\/2018\/11\/45023231_1192401500910399_6449660669376593920_o.jpg","datePublished":"2018-11-11T14:21:21+00:00","breadcrumb":{"@id":"https:\/\/psol50.org.br\/contra-perseguicao-violencia-defesa-movimentos\/#breadcrumb"},"inLanguage":"pt-BR","potentialAction":[{"@type":"ReadAction","target":["https:\/\/psol50.org.br\/contra-perseguicao-violencia-defesa-movimentos\/"]}]},{"@type":"ImageObject","inLanguage":"pt-BR","@id":"https:\/\/psol50.org.br\/contra-perseguicao-violencia-defesa-movimentos\/#primaryimage","url":"https:\/\/psol50.org.br\/inc\/uploads\/2018\/11\/45023231_1192401500910399_6449660669376593920_o.jpg","contentUrl":"https:\/\/psol50.org.br\/inc\/uploads\/2018\/11\/45023231_1192401500910399_6449660669376593920_o.jpg","width":1010,"height":750},{"@type":"BreadcrumbList","@id":"https:\/\/psol50.org.br\/contra-perseguicao-violencia-defesa-movimentos\/#breadcrumb","itemListElement":[{"@type":"ListItem","position":1,"name":"In\u00edcio","item":"https:\/\/psol50.org.br\/"},{"@type":"ListItem","position":2,"name":"Contra a persegui\u00e7\u00e3o e a viol\u00eancia: em defesa dos movimentos e lideran\u00e7as sociais"}]},{"@type":"WebSite","@id":"https:\/\/psol50.org.br\/#website","url":"https:\/\/psol50.org.br\/","name":"PSOL 50","description":"Site oficial do Partido Socialismo e Liberdade","publisher":{"@id":"https:\/\/psol50.org.br\/#organization"},"alternateName":"PSOL50","potentialAction":[{"@type":"SearchAction","target":{"@type":"EntryPoint","urlTemplate":"https:\/\/psol50.org.br\/?s={search_term_string}"},"query-input":{"@type":"PropertyValueSpecification","valueRequired":true,"valueName":"search_term_string"}}],"inLanguage":"pt-BR"},{"@type":"Organization","@id":"https:\/\/psol50.org.br\/#organization","name":"PSOL 50","alternateName":"PSOL 50","url":"https:\/\/psol50.org.br\/","logo":{"@type":"ImageObject","inLanguage":"pt-BR","@id":"https:\/\/psol50.org.br\/#\/schema\/logo\/image\/","url":"https:\/\/psol50.org.br\/inc\/uploads\/2018\/07\/capa.png","contentUrl":"https:\/\/psol50.org.br\/inc\/uploads\/2018\/07\/capa.png","width":1350,"height":900,"caption":"PSOL 50"},"image":{"@id":"https:\/\/psol50.org.br\/#\/schema\/logo\/image\/"},"sameAs":["https:\/\/www.facebook.com\/psol50","https:\/\/x.com\/psol50","https:\/\/www.instagram.com\/psol50\/","https:\/\/www.youtube.com\/channel\/UC7SnJS5o1os7a6CaiNabzcg"]},{"@type":"Person","@id":"https:\/\/psol50.org.br\/#\/schema\/person\/475dfa57d0b815993c714c2e96491fcd","name":"Comunica\u00e7\u00e3o PSOL","image":{"@type":"ImageObject","inLanguage":"pt-BR","@id":"https:\/\/psol50.org.br\/#\/schema\/person\/image\/","url":"https:\/\/secure.gravatar.com\/avatar\/b34fc4f4e468a4e51785917065a3db57b841f5c95dba6ad8c73aaf8f66f8f9bf?s=96&d=mm&r=g","contentUrl":"https:\/\/secure.gravatar.com\/avatar\/b34fc4f4e468a4e51785917065a3db57b841f5c95dba6ad8c73aaf8f66f8f9bf?s=96&d=mm&r=g","caption":"Comunica\u00e7\u00e3o PSOL"}}]}},"_links":{"self":[{"href":"https:\/\/psol50.org.br\/rest\/wp\/v2\/posts\/22219","targetHints":{"allow":["GET"]}}],"collection":[{"href":"https:\/\/psol50.org.br\/rest\/wp\/v2\/posts"}],"about":[{"href":"https:\/\/psol50.org.br\/rest\/wp\/v2\/types\/post"}],"author":[{"embeddable":true,"href":"https:\/\/psol50.org.br\/rest\/wp\/v2\/users\/2"}],"replies":[{"embeddable":true,"href":"https:\/\/psol50.org.br\/rest\/wp\/v2\/comments?post=22219"}],"version-history":[{"count":0,"href":"https:\/\/psol50.org.br\/rest\/wp\/v2\/posts\/22219\/revisions"}],"wp:featuredmedia":[{"embeddable":true,"href":"https:\/\/psol50.org.br\/rest\/wp\/v2\/media\/22222"}],"wp:attachment":[{"href":"https:\/\/psol50.org.br\/rest\/wp\/v2\/media?parent=22219"}],"wp:term":[{"taxonomy":"category","embeddable":true,"href":"https:\/\/psol50.org.br\/rest\/wp\/v2\/categories?post=22219"},{"taxonomy":"post_tag","embeddable":true,"href":"https:\/\/psol50.org.br\/rest\/wp\/v2\/tags?post=22219"}],"curies":[{"name":"wp","href":"https:\/\/api.w.org\/{rel}","templated":true}]}}