{"id":2222,"date":"2013-08-23T00:00:00","date_gmt":"2013-08-23T00:00:00","guid":{"rendered":"http:\/\/psol50.org.br\/arquivo\/2013\/08\/23\/no-rio-justica-suspende-cpi-dos-onibus-por-ilegalidade-na-composicao\/"},"modified":"2013-08-23T00:00:00","modified_gmt":"2013-08-23T00:00:00","slug":"no-rio-justica-suspende-cpi-dos-onibus-por-ilegalidade-na-composicao","status":"publish","type":"post","link":"https:\/\/psol50.org.br\/no-rio-justica-suspende-cpi-dos-onibus-por-ilegalidade-na-composicao\/","title":{"rendered":"No Rio, Justi\u00e7a suspende CPI dos \u00d4nibus por ilegalidade na composi\u00e7\u00e3o"},"content":{"rendered":"<p align=\"JUSTIFY\" class=\"western\" style=\"margin-top: 0cm; margin-bottom: 0cm;\">\n\t<span style=\"font-size:12px;\"><span style=\"font-family:arial,helvetica,sans-serif;\"><span style=\"color: rgb(0, 0, 0);\">Liminar concedida pela ju\u00edza da 5\u00aa Vara de Fazenda P\u00fabica, Roseli Nalin, suspendeu a sess\u00e3o de instala\u00e7\u00e3o da CPI dos \u00d4nibus, na C\u00e2mara Municipal do Rio de Janeiro. Nalin acatou a\u00e7\u00e3o, impetrada na \u00faltima quarta-feira (21), do bloco da oposi\u00e7\u00e3o \u2013 do qual faz parte a bancada do PSOL \u2013 que questiona a proporcionalidade na composi\u00e7\u00e3o da CPI dos \u00d4nibus.<\/span><\/p>\n<p>\t<span style=\"color: rgb(0, 0, 0);\">\u201c<\/span><font style=\"font-size: 12px; color: rgb(0, 0, 0);\">Diante dos argumentos apresentados pelos impetrantes e observado que a CPI j\u00e1 instaurada \u00e9 objeto de impugna\u00e7\u00e3o sob o fundamento de v\u00edcio de ordem formal e material na sua constitui\u00e7\u00e3o, tenho por suspender o prosseguimento dos trabalhos\u201d, determinou a ju\u00edza. No despacho, ela estabelece 48 horas para que o presidente da C\u00e2mara dos Vereadores se manifeste sobre a decis\u00e3o.<\/font><\/p>\n<p>\t<span style=\"color: rgb(0, 0, 0);\">O vereador Eliomar Coelho, que prop\u00f4s a cria\u00e7\u00e3o da CPI do \u00d4nibus, assistiu \u00e0 sess\u00e3o de instal\u00e7\u00e3o, mas n\u00e3o participou por n\u00e3o considerar leg\u00edtima a forma\u00e7\u00e3o da comiss\u00e3o &#8211; dos cinco integrantes, quatro s\u00e3o da base aliada do governo, entre eles o presidente Chiquinho Braz\u00e3o (PMDB) e o relator, Professor Uoston (PMDB), e sequer assinaram o requerimento da CPI.<\/span><\/p>\n<p>\t<span style=\"color: rgb(0, 0, 0);\">Em nota divulgada nesta quinta-feira, o vereador do PSOL apontou os argumentos que o levaram a n\u00e3o participar da sess\u00e3o. Al\u00e9m dele, outros vereadores da oposi\u00e7\u00e3o e os demais do PSOL &#8211; Paulo Pinheiro, Jefferson Moura e Renato Cinco &#8211; tamb\u00e9m se retiraram.<\/span><\/p>\n<p>\t<span style=\"color: rgb(0, 0, 0);\">\u201c<\/span><font style=\"font-size: 12px; color: rgb(0, 0, 0);\">A atual divis\u00e3o de vagas da CPI afronta o direito de participa\u00e7\u00e3o das minorias ao dar quatro vagas ao mesmo bloco parlamentar. N\u00e3o consideramos leg\u00edtimo que um bloco parlamentar que representa 47% do total de vereadores assuma 100% das vagas destinadas a proporcionalidade\u201d, afirmou o vereador na nota.<\/font><\/span><\/span><\/p>\n<p align=\"JUSTIFY\" class=\"western\" style=\"margin-bottom: 0cm; border: none; padding: 0cm;\">\n\t&nbsp;<\/p>\n","protected":false},"excerpt":{"rendered":"<p>Liminar concedida pela ju\u00edza da 5\u00aa Vara de Fazenda P\u00fabica, Roseli Nalin, suspendeu a sess\u00e3o de instala\u00e7\u00e3o da CPI dos \u00d4nibus, na C\u00e2mara Municipal do Rio de Janeiro. Nalin acatou a\u00e7\u00e3o, impetrada na \u00faltima quarta-feira (21), do bloco da oposi\u00e7\u00e3o \u2013 do qual faz parte a bancada do PSOL \u2013 que questiona a proporcionalidade na [&hellip;]<\/p>\n","protected":false},"author":2,"featured_media":0,"comment_status":"open","ping_status":"open","sticky":false,"template":"","format":"standard","meta":{"_acf_changed":false,"footnotes":""},"categories":[4766],"tags":[],"class_list":{"0":"post-2222","1":"post","2":"type-post","3":"status-publish","4":"format-standard","6":"category-arquivo"},"acf":[],"yoast_head":"<!-- This site is optimized with the Yoast SEO plugin v26.5 - https:\/\/yoast.com\/wordpress\/plugins\/seo\/ -->\n<title>No Rio, Justi\u00e7a suspende CPI dos \u00d4nibus por ilegalidade na composi\u00e7\u00e3o - PSOL 50<\/title>\n<meta name=\"robots\" content=\"index, follow, max-snippet:-1, max-image-preview:large, max-video-preview:-1\" \/>\n<link rel=\"canonical\" href=\"https:\/\/psol50.org.br\/no-rio-justica-suspende-cpi-dos-onibus-por-ilegalidade-na-composicao\/\" \/>\n<meta property=\"og:locale\" content=\"pt_BR\" \/>\n<meta property=\"og:type\" content=\"article\" \/>\n<meta property=\"og:title\" content=\"No Rio, Justi\u00e7a suspende CPI dos \u00d4nibus por ilegalidade na composi\u00e7\u00e3o - PSOL 50\" \/>\n<meta property=\"og:description\" content=\"Liminar concedida pela ju\u00edza da 5\u00aa Vara de Fazenda P\u00fabica, Roseli Nalin, suspendeu a sess\u00e3o de instala\u00e7\u00e3o da CPI dos \u00d4nibus, na C\u00e2mara Municipal do Rio de Janeiro. Nalin acatou a\u00e7\u00e3o, impetrada na \u00faltima quarta-feira (21), do bloco da oposi\u00e7\u00e3o \u2013 do qual faz parte a bancada do PSOL \u2013 que questiona a proporcionalidade na [&hellip;]\" \/>\n<meta property=\"og:url\" content=\"https:\/\/psol50.org.br\/no-rio-justica-suspende-cpi-dos-onibus-por-ilegalidade-na-composicao\/\" \/>\n<meta property=\"og:site_name\" content=\"PSOL 50\" \/>\n<meta property=\"article:publisher\" content=\"https:\/\/www.facebook.com\/psol50\" \/>\n<meta property=\"article:published_time\" content=\"2013-08-23T00:00:00+00:00\" \/>\n<meta property=\"og:image\" content=\"https:\/\/psol50.org.br\/inc\/uploads\/2018\/07\/capa.png\" \/>\n\t<meta property=\"og:image:width\" content=\"1350\" \/>\n\t<meta property=\"og:image:height\" content=\"900\" \/>\n\t<meta property=\"og:image:type\" content=\"image\/png\" \/>\n<meta name=\"author\" content=\"Comunica\u00e7\u00e3o PSOL\" \/>\n<meta name=\"twitter:card\" content=\"summary_large_image\" \/>\n<meta name=\"twitter:creator\" content=\"@psol50\" \/>\n<meta name=\"twitter:site\" content=\"@psol50\" \/>\n<meta name=\"twitter:label1\" content=\"Escrito por\" \/>\n\t<meta name=\"twitter:data1\" content=\"Comunica\u00e7\u00e3o PSOL\" \/>\n\t<meta name=\"twitter:label2\" content=\"Est. tempo de leitura\" \/>\n\t<meta name=\"twitter:data2\" content=\"1 minuto\" \/>\n<script type=\"application\/ld+json\" class=\"yoast-schema-graph\">{\"@context\":\"https:\/\/schema.org\",\"@graph\":[{\"@type\":\"Article\",\"@id\":\"https:\/\/psol50.org.br\/no-rio-justica-suspende-cpi-dos-onibus-por-ilegalidade-na-composicao\/#article\",\"isPartOf\":{\"@id\":\"https:\/\/psol50.org.br\/no-rio-justica-suspende-cpi-dos-onibus-por-ilegalidade-na-composicao\/\"},\"author\":{\"name\":\"Comunica\u00e7\u00e3o PSOL\",\"@id\":\"https:\/\/psol50.org.br\/#\/schema\/person\/475dfa57d0b815993c714c2e96491fcd\"},\"headline\":\"No Rio, Justi\u00e7a suspende CPI dos \u00d4nibus por ilegalidade na composi\u00e7\u00e3o\",\"datePublished\":\"2013-08-23T00:00:00+00:00\",\"mainEntityOfPage\":{\"@id\":\"https:\/\/psol50.org.br\/no-rio-justica-suspende-cpi-dos-onibus-por-ilegalidade-na-composicao\/\"},\"wordCount\":308,\"commentCount\":0,\"publisher\":{\"@id\":\"https:\/\/psol50.org.br\/#organization\"},\"articleSection\":[\"Arquivo\"],\"inLanguage\":\"pt-BR\",\"potentialAction\":[{\"@type\":\"CommentAction\",\"name\":\"Comment\",\"target\":[\"https:\/\/psol50.org.br\/no-rio-justica-suspende-cpi-dos-onibus-por-ilegalidade-na-composicao\/#respond\"]}]},{\"@type\":\"WebPage\",\"@id\":\"https:\/\/psol50.org.br\/no-rio-justica-suspende-cpi-dos-onibus-por-ilegalidade-na-composicao\/\",\"url\":\"https:\/\/psol50.org.br\/no-rio-justica-suspende-cpi-dos-onibus-por-ilegalidade-na-composicao\/\",\"name\":\"No Rio, Justi\u00e7a suspende CPI dos \u00d4nibus por ilegalidade na composi\u00e7\u00e3o - PSOL 50\",\"isPartOf\":{\"@id\":\"https:\/\/psol50.org.br\/#website\"},\"datePublished\":\"2013-08-23T00:00:00+00:00\",\"breadcrumb\":{\"@id\":\"https:\/\/psol50.org.br\/no-rio-justica-suspende-cpi-dos-onibus-por-ilegalidade-na-composicao\/#breadcrumb\"},\"inLanguage\":\"pt-BR\",\"potentialAction\":[{\"@type\":\"ReadAction\",\"target\":[\"https:\/\/psol50.org.br\/no-rio-justica-suspende-cpi-dos-onibus-por-ilegalidade-na-composicao\/\"]}]},{\"@type\":\"BreadcrumbList\",\"@id\":\"https:\/\/psol50.org.br\/no-rio-justica-suspende-cpi-dos-onibus-por-ilegalidade-na-composicao\/#breadcrumb\",\"itemListElement\":[{\"@type\":\"ListItem\",\"position\":1,\"name\":\"In\u00edcio\",\"item\":\"https:\/\/psol50.org.br\/\"},{\"@type\":\"ListItem\",\"position\":2,\"name\":\"No Rio, Justi\u00e7a suspende CPI dos \u00d4nibus por ilegalidade na composi\u00e7\u00e3o\"}]},{\"@type\":\"WebSite\",\"@id\":\"https:\/\/psol50.org.br\/#website\",\"url\":\"https:\/\/psol50.org.br\/\",\"name\":\"PSOL 50\",\"description\":\"Site oficial do Partido Socialismo e Liberdade\",\"publisher\":{\"@id\":\"https:\/\/psol50.org.br\/#organization\"},\"alternateName\":\"PSOL50\",\"potentialAction\":[{\"@type\":\"SearchAction\",\"target\":{\"@type\":\"EntryPoint\",\"urlTemplate\":\"https:\/\/psol50.org.br\/?s={search_term_string}\"},\"query-input\":{\"@type\":\"PropertyValueSpecification\",\"valueRequired\":true,\"valueName\":\"search_term_string\"}}],\"inLanguage\":\"pt-BR\"},{\"@type\":\"Organization\",\"@id\":\"https:\/\/psol50.org.br\/#organization\",\"name\":\"PSOL 50\",\"alternateName\":\"PSOL 50\",\"url\":\"https:\/\/psol50.org.br\/\",\"logo\":{\"@type\":\"ImageObject\",\"inLanguage\":\"pt-BR\",\"@id\":\"https:\/\/psol50.org.br\/#\/schema\/logo\/image\/\",\"url\":\"https:\/\/psol50.org.br\/inc\/uploads\/2018\/07\/capa.png\",\"contentUrl\":\"https:\/\/psol50.org.br\/inc\/uploads\/2018\/07\/capa.png\",\"width\":1350,\"height\":900,\"caption\":\"PSOL 50\"},\"image\":{\"@id\":\"https:\/\/psol50.org.br\/#\/schema\/logo\/image\/\"},\"sameAs\":[\"https:\/\/www.facebook.com\/psol50\",\"https:\/\/x.com\/psol50\",\"https:\/\/www.instagram.com\/psol50\/\",\"https:\/\/www.youtube.com\/channel\/UC7SnJS5o1os7a6CaiNabzcg\"]},{\"@type\":\"Person\",\"@id\":\"https:\/\/psol50.org.br\/#\/schema\/person\/475dfa57d0b815993c714c2e96491fcd\",\"name\":\"Comunica\u00e7\u00e3o PSOL\",\"image\":{\"@type\":\"ImageObject\",\"inLanguage\":\"pt-BR\",\"@id\":\"https:\/\/psol50.org.br\/#\/schema\/person\/image\/\",\"url\":\"https:\/\/secure.gravatar.com\/avatar\/b34fc4f4e468a4e51785917065a3db57b841f5c95dba6ad8c73aaf8f66f8f9bf?s=96&d=mm&r=g\",\"contentUrl\":\"https:\/\/secure.gravatar.com\/avatar\/b34fc4f4e468a4e51785917065a3db57b841f5c95dba6ad8c73aaf8f66f8f9bf?s=96&d=mm&r=g\",\"caption\":\"Comunica\u00e7\u00e3o PSOL\"}}]}<\/script>\n<!-- \/ Yoast SEO plugin. -->","yoast_head_json":{"title":"No Rio, Justi\u00e7a suspende CPI dos \u00d4nibus por ilegalidade na composi\u00e7\u00e3o - PSOL 50","robots":{"index":"index","follow":"follow","max-snippet":"max-snippet:-1","max-image-preview":"max-image-preview:large","max-video-preview":"max-video-preview:-1"},"canonical":"https:\/\/psol50.org.br\/no-rio-justica-suspende-cpi-dos-onibus-por-ilegalidade-na-composicao\/","og_locale":"pt_BR","og_type":"article","og_title":"No Rio, Justi\u00e7a suspende CPI dos \u00d4nibus por ilegalidade na composi\u00e7\u00e3o - PSOL 50","og_description":"Liminar concedida pela ju\u00edza da 5\u00aa Vara de Fazenda P\u00fabica, Roseli Nalin, suspendeu a sess\u00e3o de instala\u00e7\u00e3o da CPI dos \u00d4nibus, na C\u00e2mara Municipal do Rio de Janeiro. Nalin acatou a\u00e7\u00e3o, impetrada na \u00faltima quarta-feira (21), do bloco da oposi\u00e7\u00e3o \u2013 do qual faz parte a bancada do PSOL \u2013 que questiona a proporcionalidade na [&hellip;]","og_url":"https:\/\/psol50.org.br\/no-rio-justica-suspende-cpi-dos-onibus-por-ilegalidade-na-composicao\/","og_site_name":"PSOL 50","article_publisher":"https:\/\/www.facebook.com\/psol50","article_published_time":"2013-08-23T00:00:00+00:00","og_image":[{"width":1350,"height":900,"url":"https:\/\/psol50.org.br\/inc\/uploads\/2018\/07\/capa.png","type":"image\/png"}],"author":"Comunica\u00e7\u00e3o PSOL","twitter_card":"summary_large_image","twitter_creator":"@psol50","twitter_site":"@psol50","twitter_misc":{"Escrito por":"Comunica\u00e7\u00e3o PSOL","Est. tempo de leitura":"1 minuto"},"schema":{"@context":"https:\/\/schema.org","@graph":[{"@type":"Article","@id":"https:\/\/psol50.org.br\/no-rio-justica-suspende-cpi-dos-onibus-por-ilegalidade-na-composicao\/#article","isPartOf":{"@id":"https:\/\/psol50.org.br\/no-rio-justica-suspende-cpi-dos-onibus-por-ilegalidade-na-composicao\/"},"author":{"name":"Comunica\u00e7\u00e3o PSOL","@id":"https:\/\/psol50.org.br\/#\/schema\/person\/475dfa57d0b815993c714c2e96491fcd"},"headline":"No Rio, Justi\u00e7a suspende CPI dos \u00d4nibus por ilegalidade na composi\u00e7\u00e3o","datePublished":"2013-08-23T00:00:00+00:00","mainEntityOfPage":{"@id":"https:\/\/psol50.org.br\/no-rio-justica-suspende-cpi-dos-onibus-por-ilegalidade-na-composicao\/"},"wordCount":308,"commentCount":0,"publisher":{"@id":"https:\/\/psol50.org.br\/#organization"},"articleSection":["Arquivo"],"inLanguage":"pt-BR","potentialAction":[{"@type":"CommentAction","name":"Comment","target":["https:\/\/psol50.org.br\/no-rio-justica-suspende-cpi-dos-onibus-por-ilegalidade-na-composicao\/#respond"]}]},{"@type":"WebPage","@id":"https:\/\/psol50.org.br\/no-rio-justica-suspende-cpi-dos-onibus-por-ilegalidade-na-composicao\/","url":"https:\/\/psol50.org.br\/no-rio-justica-suspende-cpi-dos-onibus-por-ilegalidade-na-composicao\/","name":"No Rio, Justi\u00e7a suspende CPI dos \u00d4nibus por ilegalidade na composi\u00e7\u00e3o - PSOL 50","isPartOf":{"@id":"https:\/\/psol50.org.br\/#website"},"datePublished":"2013-08-23T00:00:00+00:00","breadcrumb":{"@id":"https:\/\/psol50.org.br\/no-rio-justica-suspende-cpi-dos-onibus-por-ilegalidade-na-composicao\/#breadcrumb"},"inLanguage":"pt-BR","potentialAction":[{"@type":"ReadAction","target":["https:\/\/psol50.org.br\/no-rio-justica-suspende-cpi-dos-onibus-por-ilegalidade-na-composicao\/"]}]},{"@type":"BreadcrumbList","@id":"https:\/\/psol50.org.br\/no-rio-justica-suspende-cpi-dos-onibus-por-ilegalidade-na-composicao\/#breadcrumb","itemListElement":[{"@type":"ListItem","position":1,"name":"In\u00edcio","item":"https:\/\/psol50.org.br\/"},{"@type":"ListItem","position":2,"name":"No Rio, Justi\u00e7a suspende CPI dos \u00d4nibus por ilegalidade na composi\u00e7\u00e3o"}]},{"@type":"WebSite","@id":"https:\/\/psol50.org.br\/#website","url":"https:\/\/psol50.org.br\/","name":"PSOL 50","description":"Site oficial do Partido Socialismo e Liberdade","publisher":{"@id":"https:\/\/psol50.org.br\/#organization"},"alternateName":"PSOL50","potentialAction":[{"@type":"SearchAction","target":{"@type":"EntryPoint","urlTemplate":"https:\/\/psol50.org.br\/?s={search_term_string}"},"query-input":{"@type":"PropertyValueSpecification","valueRequired":true,"valueName":"search_term_string"}}],"inLanguage":"pt-BR"},{"@type":"Organization","@id":"https:\/\/psol50.org.br\/#organization","name":"PSOL 50","alternateName":"PSOL 50","url":"https:\/\/psol50.org.br\/","logo":{"@type":"ImageObject","inLanguage":"pt-BR","@id":"https:\/\/psol50.org.br\/#\/schema\/logo\/image\/","url":"https:\/\/psol50.org.br\/inc\/uploads\/2018\/07\/capa.png","contentUrl":"https:\/\/psol50.org.br\/inc\/uploads\/2018\/07\/capa.png","width":1350,"height":900,"caption":"PSOL 50"},"image":{"@id":"https:\/\/psol50.org.br\/#\/schema\/logo\/image\/"},"sameAs":["https:\/\/www.facebook.com\/psol50","https:\/\/x.com\/psol50","https:\/\/www.instagram.com\/psol50\/","https:\/\/www.youtube.com\/channel\/UC7SnJS5o1os7a6CaiNabzcg"]},{"@type":"Person","@id":"https:\/\/psol50.org.br\/#\/schema\/person\/475dfa57d0b815993c714c2e96491fcd","name":"Comunica\u00e7\u00e3o PSOL","image":{"@type":"ImageObject","inLanguage":"pt-BR","@id":"https:\/\/psol50.org.br\/#\/schema\/person\/image\/","url":"https:\/\/secure.gravatar.com\/avatar\/b34fc4f4e468a4e51785917065a3db57b841f5c95dba6ad8c73aaf8f66f8f9bf?s=96&d=mm&r=g","contentUrl":"https:\/\/secure.gravatar.com\/avatar\/b34fc4f4e468a4e51785917065a3db57b841f5c95dba6ad8c73aaf8f66f8f9bf?s=96&d=mm&r=g","caption":"Comunica\u00e7\u00e3o PSOL"}}]}},"_links":{"self":[{"href":"https:\/\/psol50.org.br\/rest\/wp\/v2\/posts\/2222","targetHints":{"allow":["GET"]}}],"collection":[{"href":"https:\/\/psol50.org.br\/rest\/wp\/v2\/posts"}],"about":[{"href":"https:\/\/psol50.org.br\/rest\/wp\/v2\/types\/post"}],"author":[{"embeddable":true,"href":"https:\/\/psol50.org.br\/rest\/wp\/v2\/users\/2"}],"replies":[{"embeddable":true,"href":"https:\/\/psol50.org.br\/rest\/wp\/v2\/comments?post=2222"}],"version-history":[{"count":0,"href":"https:\/\/psol50.org.br\/rest\/wp\/v2\/posts\/2222\/revisions"}],"wp:attachment":[{"href":"https:\/\/psol50.org.br\/rest\/wp\/v2\/media?parent=2222"}],"wp:term":[{"taxonomy":"category","embeddable":true,"href":"https:\/\/psol50.org.br\/rest\/wp\/v2\/categories?post=2222"},{"taxonomy":"post_tag","embeddable":true,"href":"https:\/\/psol50.org.br\/rest\/wp\/v2\/tags?post=2222"}],"curies":[{"name":"wp","href":"https:\/\/api.w.org\/{rel}","templated":true}]}}