{"id":22231,"date":"2018-11-12T12:36:07","date_gmt":"2018-11-12T14:36:07","guid":{"rendered":"http:\/\/psol50.org.br\/?p=22231"},"modified":"2018-11-12T12:36:07","modified_gmt":"2018-11-12T14:36:07","slug":"contra-o-assedio-e-censura-do-mbl-a-professora-jessica","status":"publish","type":"post","link":"https:\/\/psol50.org.br\/contra-o-assedio-e-censura-do-mbl-a-professora-jessica\/","title":{"rendered":"Contra o ass\u00e9dio e censura do MBL \u00e0 professora J\u00e9ssica"},"content":{"rendered":"<p>O PSOL repudia o ass\u00e9dio praticado pelo Movimento Brasil Livre (MBL) de S\u00e3o Jos\u00e9 dos Campos contra a professora e militante J\u00e9ssica Marques Ribeiro.<\/p>\n<p>Por meio de uma s\u00e9rie de postagens nas redes socias, o MBL est\u00e1 fazendo uma campanha com falsas acusa\u00e7\u00f5es e incitando o \u00f3dio contra a professora, que atua em defesa de uma educa\u00e7\u00e3o p\u00fablica e de qualidade, em defesa dos direitos da mulher e por uma sociedade igualit\u00e1ria e livre de preconceitos.<\/p>\n<p>J\u00e9ssica \u00e9 uma reconhecida figura p\u00fablica do PSOL na cidade, foi candidata a deputada estadual por meio de uma candidatura coletiva e foi uma das lideran\u00e7as que organizou os fortes atos do ELE N\u00c3O em S\u00e3o Jos\u00e9 dos Campos.\u00a0Justamente por isso, foi escolhida como alvo da direita que est\u00e1 com Jair Bolsonaro.<\/p>\n<p>Esta realidade de ataques tamb\u00e9m \u00e9 vivida nacionalmente pelo PSOL, que durante a campanha eleitoral foi v\u00edtima de todo tipo de fake news e de graves amea\u00e7as por parte do agora eleito presidente.<\/p>\n<p>As agress\u00f5es do MBL s\u00e3o mais um epis\u00f3dio na escalada de censura vivida em nosso pa\u00eds, que visa cassar o direito ao debate cr\u00edtico e acabar com a pluralidade de ideias.<\/p>\n<p>\u00c9 tamb\u00e9m mais um ato de desespero na tentativa de impor, a todo custo, o \u201cEscola Sem Partido\u201d. Este projeto j\u00e1 foi considerado inconstitucional pelo Minist\u00e9rio P\u00fablico e barrado em v\u00e1rias cidades.<\/p>\n<p>Quem censura o pensamento livre, cala a democracia. Toda solidariedade \u00e0 professora J\u00e9ssica!<\/p>\n","protected":false},"excerpt":{"rendered":"<p>O PSOL repudia o ass\u00e9dio praticado pelo Movimento Brasil Livre (MBL) de S\u00e3o Jos\u00e9 dos Campos contra a professora e militante J\u00e9ssica Marques Ribeiro. Por meio de uma s\u00e9rie de postagens nas redes socias, o MBL est\u00e1 fazendo uma campanha com falsas acusa\u00e7\u00f5es e incitando o \u00f3dio contra a professora, que atua em defesa de [&hellip;]<\/p>\n","protected":false},"author":2,"featured_media":21539,"comment_status":"closed","ping_status":"open","sticky":false,"template":"","format":"standard","meta":{"_acf_changed":false,"footnotes":""},"categories":[6],"tags":[1834,156,2741,2742,117],"class_list":{"0":"post-22231","1":"post","2":"type-post","3":"status-publish","4":"format-standard","5":"has-post-thumbnail","7":"category-noticias","8":"tag-diretorio-nacional-do-psol","9":"tag-mbl","10":"tag-professora-jessica","11":"tag-sao-jose-dos-campos","12":"tag-sao-paulo"},"acf":[],"yoast_head":"<!-- This site is optimized with the Yoast SEO plugin v26.5 - https:\/\/yoast.com\/wordpress\/plugins\/seo\/ -->\n<title>Contra o ass\u00e9dio e censura do MBL \u00e0 professora J\u00e9ssica - PSOL 50<\/title>\n<meta name=\"robots\" content=\"index, follow, max-snippet:-1, max-image-preview:large, max-video-preview:-1\" \/>\n<link rel=\"canonical\" href=\"https:\/\/psol50.org.br\/contra-o-assedio-e-censura-do-mbl-a-professora-jessica\/\" \/>\n<meta property=\"og:locale\" content=\"pt_BR\" \/>\n<meta property=\"og:type\" content=\"article\" \/>\n<meta property=\"og:title\" content=\"Contra o ass\u00e9dio e censura do MBL \u00e0 professora J\u00e9ssica\" \/>\n<meta property=\"og:description\" content=\"Leia a nota do PSOL.\" \/>\n<meta property=\"og:url\" content=\"https:\/\/psol50.org.br\/contra-o-assedio-e-censura-do-mbl-a-professora-jessica\/\" \/>\n<meta property=\"og:site_name\" content=\"PSOL 50\" \/>\n<meta property=\"article:publisher\" content=\"https:\/\/www.facebook.com\/psol50\" \/>\n<meta property=\"article:published_time\" content=\"2018-11-12T14:36:07+00:00\" \/>\n<meta property=\"og:image\" content=\"https:\/\/psol50.org.br\/inc\/uploads\/2018\/09\/capa-546x365-1.png\" \/>\n\t<meta property=\"og:image:width\" content=\"546\" \/>\n\t<meta property=\"og:image:height\" content=\"365\" \/>\n\t<meta property=\"og:image:type\" content=\"image\/png\" \/>\n<meta name=\"author\" content=\"Comunica\u00e7\u00e3o PSOL\" \/>\n<meta name=\"twitter:card\" content=\"summary_large_image\" \/>\n<meta name=\"twitter:title\" content=\"Contra o ass\u00e9dio e censura do MBL \u00e0 professora J\u00e9ssica\" \/>\n<meta name=\"twitter:description\" content=\"Leia a nota do PSOL.\" \/>\n<meta name=\"twitter:image\" content=\"https:\/\/psol50.org.br\/inc\/uploads\/2018\/09\/capa-546x365-1.png\" \/>\n<meta name=\"twitter:creator\" content=\"@psol50\" \/>\n<meta name=\"twitter:site\" content=\"@psol50\" \/>\n<meta name=\"twitter:label1\" content=\"Escrito por\" \/>\n\t<meta name=\"twitter:data1\" content=\"Comunica\u00e7\u00e3o PSOL\" \/>\n\t<meta name=\"twitter:label2\" content=\"Est. tempo de leitura\" \/>\n\t<meta name=\"twitter:data2\" content=\"1 minuto\" \/>\n<script type=\"application\/ld+json\" class=\"yoast-schema-graph\">{\"@context\":\"https:\/\/schema.org\",\"@graph\":[{\"@type\":\"Article\",\"@id\":\"https:\/\/psol50.org.br\/contra-o-assedio-e-censura-do-mbl-a-professora-jessica\/#article\",\"isPartOf\":{\"@id\":\"https:\/\/psol50.org.br\/contra-o-assedio-e-censura-do-mbl-a-professora-jessica\/\"},\"author\":{\"name\":\"Comunica\u00e7\u00e3o PSOL\",\"@id\":\"https:\/\/psol50.org.br\/#\/schema\/person\/475dfa57d0b815993c714c2e96491fcd\"},\"headline\":\"Contra o ass\u00e9dio e censura do MBL \u00e0 professora J\u00e9ssica\",\"datePublished\":\"2018-11-12T14:36:07+00:00\",\"mainEntityOfPage\":{\"@id\":\"https:\/\/psol50.org.br\/contra-o-assedio-e-censura-do-mbl-a-professora-jessica\/\"},\"wordCount\":271,\"publisher\":{\"@id\":\"https:\/\/psol50.org.br\/#organization\"},\"image\":{\"@id\":\"https:\/\/psol50.org.br\/contra-o-assedio-e-censura-do-mbl-a-professora-jessica\/#primaryimage\"},\"thumbnailUrl\":\"https:\/\/psol50.org.br\/inc\/uploads\/2018\/09\/capa-546x365-1.png\",\"keywords\":[\"Diret\u00f3rio Nacional do PSOL\",\"MBL\",\"Professora J\u00e9ssica\",\"S\u00e3o Jos\u00e9 dos Campos\",\"S\u00e3o Paulo\"],\"articleSection\":[\"Not\u00edcias\"],\"inLanguage\":\"pt-BR\"},{\"@type\":\"WebPage\",\"@id\":\"https:\/\/psol50.org.br\/contra-o-assedio-e-censura-do-mbl-a-professora-jessica\/\",\"url\":\"https:\/\/psol50.org.br\/contra-o-assedio-e-censura-do-mbl-a-professora-jessica\/\",\"name\":\"Contra o ass\u00e9dio e censura do MBL \u00e0 professora J\u00e9ssica - PSOL 50\",\"isPartOf\":{\"@id\":\"https:\/\/psol50.org.br\/#website\"},\"primaryImageOfPage\":{\"@id\":\"https:\/\/psol50.org.br\/contra-o-assedio-e-censura-do-mbl-a-professora-jessica\/#primaryimage\"},\"image\":{\"@id\":\"https:\/\/psol50.org.br\/contra-o-assedio-e-censura-do-mbl-a-professora-jessica\/#primaryimage\"},\"thumbnailUrl\":\"https:\/\/psol50.org.br\/inc\/uploads\/2018\/09\/capa-546x365-1.png\",\"datePublished\":\"2018-11-12T14:36:07+00:00\",\"breadcrumb\":{\"@id\":\"https:\/\/psol50.org.br\/contra-o-assedio-e-censura-do-mbl-a-professora-jessica\/#breadcrumb\"},\"inLanguage\":\"pt-BR\",\"potentialAction\":[{\"@type\":\"ReadAction\",\"target\":[\"https:\/\/psol50.org.br\/contra-o-assedio-e-censura-do-mbl-a-professora-jessica\/\"]}]},{\"@type\":\"ImageObject\",\"inLanguage\":\"pt-BR\",\"@id\":\"https:\/\/psol50.org.br\/contra-o-assedio-e-censura-do-mbl-a-professora-jessica\/#primaryimage\",\"url\":\"https:\/\/psol50.org.br\/inc\/uploads\/2018\/09\/capa-546x365-1.png\",\"contentUrl\":\"https:\/\/psol50.org.br\/inc\/uploads\/2018\/09\/capa-546x365-1.png\",\"width\":546,\"height\":365},{\"@type\":\"BreadcrumbList\",\"@id\":\"https:\/\/psol50.org.br\/contra-o-assedio-e-censura-do-mbl-a-professora-jessica\/#breadcrumb\",\"itemListElement\":[{\"@type\":\"ListItem\",\"position\":1,\"name\":\"In\u00edcio\",\"item\":\"https:\/\/psol50.org.br\/\"},{\"@type\":\"ListItem\",\"position\":2,\"name\":\"Contra o ass\u00e9dio e censura do MBL \u00e0 professora J\u00e9ssica\"}]},{\"@type\":\"WebSite\",\"@id\":\"https:\/\/psol50.org.br\/#website\",\"url\":\"https:\/\/psol50.org.br\/\",\"name\":\"PSOL 50\",\"description\":\"Site oficial do Partido Socialismo e Liberdade\",\"publisher\":{\"@id\":\"https:\/\/psol50.org.br\/#organization\"},\"alternateName\":\"PSOL50\",\"potentialAction\":[{\"@type\":\"SearchAction\",\"target\":{\"@type\":\"EntryPoint\",\"urlTemplate\":\"https:\/\/psol50.org.br\/?s={search_term_string}\"},\"query-input\":{\"@type\":\"PropertyValueSpecification\",\"valueRequired\":true,\"valueName\":\"search_term_string\"}}],\"inLanguage\":\"pt-BR\"},{\"@type\":\"Organization\",\"@id\":\"https:\/\/psol50.org.br\/#organization\",\"name\":\"PSOL 50\",\"alternateName\":\"PSOL 50\",\"url\":\"https:\/\/psol50.org.br\/\",\"logo\":{\"@type\":\"ImageObject\",\"inLanguage\":\"pt-BR\",\"@id\":\"https:\/\/psol50.org.br\/#\/schema\/logo\/image\/\",\"url\":\"https:\/\/psol50.org.br\/inc\/uploads\/2018\/07\/capa.png\",\"contentUrl\":\"https:\/\/psol50.org.br\/inc\/uploads\/2018\/07\/capa.png\",\"width\":1350,\"height\":900,\"caption\":\"PSOL 50\"},\"image\":{\"@id\":\"https:\/\/psol50.org.br\/#\/schema\/logo\/image\/\"},\"sameAs\":[\"https:\/\/www.facebook.com\/psol50\",\"https:\/\/x.com\/psol50\",\"https:\/\/www.instagram.com\/psol50\/\",\"https:\/\/www.youtube.com\/channel\/UC7SnJS5o1os7a6CaiNabzcg\"]},{\"@type\":\"Person\",\"@id\":\"https:\/\/psol50.org.br\/#\/schema\/person\/475dfa57d0b815993c714c2e96491fcd\",\"name\":\"Comunica\u00e7\u00e3o PSOL\",\"image\":{\"@type\":\"ImageObject\",\"inLanguage\":\"pt-BR\",\"@id\":\"https:\/\/psol50.org.br\/#\/schema\/person\/image\/\",\"url\":\"https:\/\/secure.gravatar.com\/avatar\/b34fc4f4e468a4e51785917065a3db57b841f5c95dba6ad8c73aaf8f66f8f9bf?s=96&d=mm&r=g\",\"contentUrl\":\"https:\/\/secure.gravatar.com\/avatar\/b34fc4f4e468a4e51785917065a3db57b841f5c95dba6ad8c73aaf8f66f8f9bf?s=96&d=mm&r=g\",\"caption\":\"Comunica\u00e7\u00e3o PSOL\"}}]}<\/script>\n<!-- \/ Yoast SEO plugin. -->","yoast_head_json":{"title":"Contra o ass\u00e9dio e censura do MBL \u00e0 professora J\u00e9ssica - PSOL 50","robots":{"index":"index","follow":"follow","max-snippet":"max-snippet:-1","max-image-preview":"max-image-preview:large","max-video-preview":"max-video-preview:-1"},"canonical":"https:\/\/psol50.org.br\/contra-o-assedio-e-censura-do-mbl-a-professora-jessica\/","og_locale":"pt_BR","og_type":"article","og_title":"Contra o ass\u00e9dio e censura do MBL \u00e0 professora J\u00e9ssica","og_description":"Leia a nota do PSOL.","og_url":"https:\/\/psol50.org.br\/contra-o-assedio-e-censura-do-mbl-a-professora-jessica\/","og_site_name":"PSOL 50","article_publisher":"https:\/\/www.facebook.com\/psol50","article_published_time":"2018-11-12T14:36:07+00:00","og_image":[{"width":546,"height":365,"url":"https:\/\/psol50.org.br\/inc\/uploads\/2018\/09\/capa-546x365-1.png","type":"image\/png"}],"author":"Comunica\u00e7\u00e3o PSOL","twitter_card":"summary_large_image","twitter_title":"Contra o ass\u00e9dio e censura do MBL \u00e0 professora J\u00e9ssica","twitter_description":"Leia a nota do PSOL.","twitter_image":"https:\/\/psol50.org.br\/inc\/uploads\/2018\/09\/capa-546x365-1.png","twitter_creator":"@psol50","twitter_site":"@psol50","twitter_misc":{"Escrito por":"Comunica\u00e7\u00e3o PSOL","Est. tempo de leitura":"1 minuto"},"schema":{"@context":"https:\/\/schema.org","@graph":[{"@type":"Article","@id":"https:\/\/psol50.org.br\/contra-o-assedio-e-censura-do-mbl-a-professora-jessica\/#article","isPartOf":{"@id":"https:\/\/psol50.org.br\/contra-o-assedio-e-censura-do-mbl-a-professora-jessica\/"},"author":{"name":"Comunica\u00e7\u00e3o PSOL","@id":"https:\/\/psol50.org.br\/#\/schema\/person\/475dfa57d0b815993c714c2e96491fcd"},"headline":"Contra o ass\u00e9dio e censura do MBL \u00e0 professora J\u00e9ssica","datePublished":"2018-11-12T14:36:07+00:00","mainEntityOfPage":{"@id":"https:\/\/psol50.org.br\/contra-o-assedio-e-censura-do-mbl-a-professora-jessica\/"},"wordCount":271,"publisher":{"@id":"https:\/\/psol50.org.br\/#organization"},"image":{"@id":"https:\/\/psol50.org.br\/contra-o-assedio-e-censura-do-mbl-a-professora-jessica\/#primaryimage"},"thumbnailUrl":"https:\/\/psol50.org.br\/inc\/uploads\/2018\/09\/capa-546x365-1.png","keywords":["Diret\u00f3rio Nacional do PSOL","MBL","Professora J\u00e9ssica","S\u00e3o Jos\u00e9 dos Campos","S\u00e3o Paulo"],"articleSection":["Not\u00edcias"],"inLanguage":"pt-BR"},{"@type":"WebPage","@id":"https:\/\/psol50.org.br\/contra-o-assedio-e-censura-do-mbl-a-professora-jessica\/","url":"https:\/\/psol50.org.br\/contra-o-assedio-e-censura-do-mbl-a-professora-jessica\/","name":"Contra o ass\u00e9dio e censura do MBL \u00e0 professora J\u00e9ssica - PSOL 50","isPartOf":{"@id":"https:\/\/psol50.org.br\/#website"},"primaryImageOfPage":{"@id":"https:\/\/psol50.org.br\/contra-o-assedio-e-censura-do-mbl-a-professora-jessica\/#primaryimage"},"image":{"@id":"https:\/\/psol50.org.br\/contra-o-assedio-e-censura-do-mbl-a-professora-jessica\/#primaryimage"},"thumbnailUrl":"https:\/\/psol50.org.br\/inc\/uploads\/2018\/09\/capa-546x365-1.png","datePublished":"2018-11-12T14:36:07+00:00","breadcrumb":{"@id":"https:\/\/psol50.org.br\/contra-o-assedio-e-censura-do-mbl-a-professora-jessica\/#breadcrumb"},"inLanguage":"pt-BR","potentialAction":[{"@type":"ReadAction","target":["https:\/\/psol50.org.br\/contra-o-assedio-e-censura-do-mbl-a-professora-jessica\/"]}]},{"@type":"ImageObject","inLanguage":"pt-BR","@id":"https:\/\/psol50.org.br\/contra-o-assedio-e-censura-do-mbl-a-professora-jessica\/#primaryimage","url":"https:\/\/psol50.org.br\/inc\/uploads\/2018\/09\/capa-546x365-1.png","contentUrl":"https:\/\/psol50.org.br\/inc\/uploads\/2018\/09\/capa-546x365-1.png","width":546,"height":365},{"@type":"BreadcrumbList","@id":"https:\/\/psol50.org.br\/contra-o-assedio-e-censura-do-mbl-a-professora-jessica\/#breadcrumb","itemListElement":[{"@type":"ListItem","position":1,"name":"In\u00edcio","item":"https:\/\/psol50.org.br\/"},{"@type":"ListItem","position":2,"name":"Contra o ass\u00e9dio e censura do MBL \u00e0 professora J\u00e9ssica"}]},{"@type":"WebSite","@id":"https:\/\/psol50.org.br\/#website","url":"https:\/\/psol50.org.br\/","name":"PSOL 50","description":"Site oficial do Partido Socialismo e Liberdade","publisher":{"@id":"https:\/\/psol50.org.br\/#organization"},"alternateName":"PSOL50","potentialAction":[{"@type":"SearchAction","target":{"@type":"EntryPoint","urlTemplate":"https:\/\/psol50.org.br\/?s={search_term_string}"},"query-input":{"@type":"PropertyValueSpecification","valueRequired":true,"valueName":"search_term_string"}}],"inLanguage":"pt-BR"},{"@type":"Organization","@id":"https:\/\/psol50.org.br\/#organization","name":"PSOL 50","alternateName":"PSOL 50","url":"https:\/\/psol50.org.br\/","logo":{"@type":"ImageObject","inLanguage":"pt-BR","@id":"https:\/\/psol50.org.br\/#\/schema\/logo\/image\/","url":"https:\/\/psol50.org.br\/inc\/uploads\/2018\/07\/capa.png","contentUrl":"https:\/\/psol50.org.br\/inc\/uploads\/2018\/07\/capa.png","width":1350,"height":900,"caption":"PSOL 50"},"image":{"@id":"https:\/\/psol50.org.br\/#\/schema\/logo\/image\/"},"sameAs":["https:\/\/www.facebook.com\/psol50","https:\/\/x.com\/psol50","https:\/\/www.instagram.com\/psol50\/","https:\/\/www.youtube.com\/channel\/UC7SnJS5o1os7a6CaiNabzcg"]},{"@type":"Person","@id":"https:\/\/psol50.org.br\/#\/schema\/person\/475dfa57d0b815993c714c2e96491fcd","name":"Comunica\u00e7\u00e3o PSOL","image":{"@type":"ImageObject","inLanguage":"pt-BR","@id":"https:\/\/psol50.org.br\/#\/schema\/person\/image\/","url":"https:\/\/secure.gravatar.com\/avatar\/b34fc4f4e468a4e51785917065a3db57b841f5c95dba6ad8c73aaf8f66f8f9bf?s=96&d=mm&r=g","contentUrl":"https:\/\/secure.gravatar.com\/avatar\/b34fc4f4e468a4e51785917065a3db57b841f5c95dba6ad8c73aaf8f66f8f9bf?s=96&d=mm&r=g","caption":"Comunica\u00e7\u00e3o PSOL"}}]}},"_links":{"self":[{"href":"https:\/\/psol50.org.br\/rest\/wp\/v2\/posts\/22231","targetHints":{"allow":["GET"]}}],"collection":[{"href":"https:\/\/psol50.org.br\/rest\/wp\/v2\/posts"}],"about":[{"href":"https:\/\/psol50.org.br\/rest\/wp\/v2\/types\/post"}],"author":[{"embeddable":true,"href":"https:\/\/psol50.org.br\/rest\/wp\/v2\/users\/2"}],"replies":[{"embeddable":true,"href":"https:\/\/psol50.org.br\/rest\/wp\/v2\/comments?post=22231"}],"version-history":[{"count":0,"href":"https:\/\/psol50.org.br\/rest\/wp\/v2\/posts\/22231\/revisions"}],"wp:featuredmedia":[{"embeddable":true,"href":"https:\/\/psol50.org.br\/rest\/wp\/v2\/media\/21539"}],"wp:attachment":[{"href":"https:\/\/psol50.org.br\/rest\/wp\/v2\/media?parent=22231"}],"wp:term":[{"taxonomy":"category","embeddable":true,"href":"https:\/\/psol50.org.br\/rest\/wp\/v2\/categories?post=22231"},{"taxonomy":"post_tag","embeddable":true,"href":"https:\/\/psol50.org.br\/rest\/wp\/v2\/tags?post=22231"}],"curies":[{"name":"wp","href":"https:\/\/api.w.org\/{rel}","templated":true}]}}