{"id":2228,"date":"2013-08-27T00:00:00","date_gmt":"2013-08-27T00:00:00","guid":{"rendered":"http:\/\/psol50.org.br\/arquivo\/2013\/08\/27\/setorial-de-saude-repudia-hostilidade-contra-medicos-cubanos-e-reafirma-luta-por-um-sus-igual-para-todos\/"},"modified":"2013-08-27T00:00:00","modified_gmt":"2013-08-27T00:00:00","slug":"setorial-de-saude-repudia-hostilidade-contra-medicos-cubanos-e-reafirma-luta-por-um-sus-igual-para-todos","status":"publish","type":"post","link":"https:\/\/psol50.org.br\/setorial-de-saude-repudia-hostilidade-contra-medicos-cubanos-e-reafirma-luta-por-um-sus-igual-para-todos\/","title":{"rendered":"Setorial de Sa\u00fade repudia hostilidade contra m\u00e9dicos cubanos e reafirma luta por um SUS igual para todos"},"content":{"rendered":"<div style=\"text-align: justify;\">\n\t\u201cSe o \u00f3dio aos m\u00e9dicos cubanos (ou de qualquer lugar que seja) foi uma materializa\u00e7\u00e3o ao \u00f3dio ao Governo, dizemos: \u00e9 um erro! N\u00e3o s\u00e3o os profissionais os respons\u00e1veis pelo programas do governo\u201d. Esse \u00e9 um dos trechos da nota do Setorial de Sa\u00fade do PSOL, divulgada nesta ter\u00e7a-feira (27), em rep\u00fadio \u00e0 hostilidade praticada por m\u00e9dicos brasileiros durante a chegada de m\u00e9dicos cubanos em Fortaleza, nesta segunda-feira (26). Se acordo com os militantes do Setorial, as cenas de protesto fazem lembrar per\u00edodos da hist\u00f3ria em que o preconceito, o racismo e a xenofobia eram tratadas como coisas normais.<br \/>\n\t&nbsp;<br \/>\n\tEmbora tenha lan\u00e7ado uma nota em julho deste ano, fazendo duras cr\u00edticas \u00e0s pol\u00edticas do governo federal para a sa\u00fade p\u00fablica, inclusive ao programa \u201cMais M\u00e9dicos\u201d, o Setorial do PSOL afirma que n\u00e3o h\u00e1 nada que justifique a forma de protesto promovida ontem por m\u00e9dicos brasileiros. \u201cDefendemos o direito \u00e0 revolta, o direito \u00e0 indigna\u00e7\u00e3o, mas n\u00e3o h\u00e1 como defender xenofobia e racismo\u201d, ressalta.<br \/>\n\t&nbsp;<br \/>\n\tConfira abaixo a nota do Setorial de Sa\u00fade.<br \/>\n\t&nbsp;<br \/>\n\t<strong>N\u00e3o se Constr\u00f3i o SUS com Xenofobia! Em solidariedade aos m\u00e9dicos estrangeiros!<\/strong><br \/>\n\t&nbsp;<br \/>\n\tAs cenas do protesto realizado ontem na escola de sa\u00fade p\u00fablica do Cear\u00e1 nos remetem a tempos terr\u00edveis, onde o preconceito, o racismo e a xenofobia eram naturalizadas.<br \/>\n\t&nbsp;<br \/>\n\tN\u00e3o somos porta-vozes do governo, nem muito menos defensores de suas pol\u00edticas. Somos contr\u00e1rios ao pacote geral apresentado pelo Governo Dilma para sa\u00fade. Nesse pacote, n\u00e3o h\u00e1 nada de combate \u00e0 privatiza\u00e7\u00e3o do SUS, n\u00e3o h\u00e1 investimento real na aten\u00e7\u00e3o prim\u00e1ria \u00e0 sa\u00fade, n\u00e3o h\u00e1 nenhuma sinaliza\u00e7\u00e3o para mudan\u00e7a da forma\u00e7\u00e3o dos profissionais de sa\u00fade. E ainda reduz os problemas de sa\u00fade a falta de m\u00e9dicos. Portanto, o programa n\u00e3o passa de mais do mesmo. (veja a nota do nosso setorial na&nbsp;integra em&nbsp;<a href=\"http:\/\/www.facebook.com\/l.php?u=http%3A%2F%2Fwww.psolsaude.com.br%2F52&amp;h=oAQFfjnADAQGr19dBgdsoxMvqWliRDDXcQD4t450J8lTPYw&amp;s=1\" target=\"_blank\" rel=\"noopener\">http:\/\/www.psolsaude.com.br\/52<\/a>).<br \/>\n\t&nbsp;<br \/>\n\tEntretanto, n\u00e3o h\u00e1 o que justifique a forma de protesto de ontem. Defendemos o direito \u00e0 revolta, o direito \u00e0 indigna\u00e7\u00e3o, mas n\u00e3o h\u00e1 como defender xenofobia e racismo. Se o \u00f3dio aos m\u00e9dicos cubanos (ou de qualquer lugar que seja) foi uma materializa\u00e7\u00e3o ao \u00f3dio ao Governo, dizemos: \u00e9 um erro! N\u00e3o s\u00e3o os profissionais os respons\u00e1veis pelo programas do governo. Ser\u00e1 que haver\u00e1 o mesmo com os m\u00e9dicos brasileiros que aderiram ao programa Mais M\u00e9dicos? Se o \u00f3dio aos m\u00e9dicos cubanos \u00e9 porque s\u00e3o de Cuba, negros ou afins, apenas uma palavra: absurdo!<br \/>\n\t&nbsp;<br \/>\n\tO grito de \u201cescravos\u201d \u00e9 de envergonhar a hist\u00f3ria do movimento abolicionista, que teve cearenses como o Chico da Maltide, o Drag\u00e3o do Mar. Se de fato h\u00e1 escravid\u00e3o, n\u00e3o \u00e9 a postura hostil contra os m\u00e9dicos que resolver\u00e1.<br \/>\n\t&nbsp;<br \/>\n\tN\u00e3o se constr\u00f3i o SUS p\u00fablico, equ\u00e2nime e voltado para as necessidades da popula\u00e7\u00e3o brasileira com tais a\u00e7\u00f5es.<br \/>\n\t&nbsp;<br \/>\n\tToda a solidariedade aos m\u00e9dicos cubanos!<br \/>\n\t&nbsp;<br \/>\n\tToda luta pelo SUS e contra as a\u00e7\u00f5es do Governo!<br \/>\n\t&nbsp;<br \/>\n\t<strong>Setorial de Sa\u00fade do PSOL<\/strong><\/div>\n<p>&nbsp;<\/p>\n","protected":false},"excerpt":{"rendered":"<p>\u201cSe o \u00f3dio aos m\u00e9dicos cubanos (ou de qualquer lugar que seja) foi uma materializa\u00e7\u00e3o ao \u00f3dio ao Governo, dizemos: \u00e9 um erro! N\u00e3o s\u00e3o os profissionais os respons\u00e1veis pelo programas do governo\u201d. Esse \u00e9 um dos trechos da nota do Setorial de Sa\u00fade do PSOL, divulgada nesta ter\u00e7a-feira (27), em rep\u00fadio \u00e0 hostilidade praticada [&hellip;]<\/p>\n","protected":false},"author":2,"featured_media":0,"comment_status":"open","ping_status":"open","sticky":false,"template":"","format":"standard","meta":{"_acf_changed":false,"footnotes":""},"categories":[4766],"tags":[],"class_list":{"0":"post-2228","1":"post","2":"type-post","3":"status-publish","4":"format-standard","6":"category-arquivo"},"acf":[],"yoast_head":"<!-- This site is optimized with the Yoast SEO plugin v26.5 - https:\/\/yoast.com\/wordpress\/plugins\/seo\/ -->\n<title>Setorial de Sa\u00fade repudia hostilidade contra m\u00e9dicos cubanos e reafirma luta por um SUS igual para todos - PSOL 50<\/title>\n<meta name=\"robots\" content=\"index, follow, max-snippet:-1, max-image-preview:large, max-video-preview:-1\" \/>\n<link rel=\"canonical\" href=\"https:\/\/psol50.org.br\/setorial-de-saude-repudia-hostilidade-contra-medicos-cubanos-e-reafirma-luta-por-um-sus-igual-para-todos\/\" \/>\n<meta property=\"og:locale\" content=\"pt_BR\" \/>\n<meta property=\"og:type\" content=\"article\" \/>\n<meta property=\"og:title\" content=\"Setorial de Sa\u00fade repudia hostilidade contra m\u00e9dicos cubanos e reafirma luta por um SUS igual para todos - PSOL 50\" \/>\n<meta property=\"og:description\" content=\"\u201cSe o \u00f3dio aos m\u00e9dicos cubanos (ou de qualquer lugar que seja) foi uma materializa\u00e7\u00e3o ao \u00f3dio ao Governo, dizemos: \u00e9 um erro! N\u00e3o s\u00e3o os profissionais os respons\u00e1veis pelo programas do governo\u201d. Esse \u00e9 um dos trechos da nota do Setorial de Sa\u00fade do PSOL, divulgada nesta ter\u00e7a-feira (27), em rep\u00fadio \u00e0 hostilidade praticada [&hellip;]\" \/>\n<meta property=\"og:url\" content=\"https:\/\/psol50.org.br\/setorial-de-saude-repudia-hostilidade-contra-medicos-cubanos-e-reafirma-luta-por-um-sus-igual-para-todos\/\" \/>\n<meta property=\"og:site_name\" content=\"PSOL 50\" \/>\n<meta property=\"article:publisher\" content=\"https:\/\/www.facebook.com\/psol50\" \/>\n<meta property=\"article:published_time\" content=\"2013-08-27T00:00:00+00:00\" \/>\n<meta property=\"og:image\" content=\"https:\/\/psol50.org.br\/inc\/uploads\/2018\/07\/capa.png\" \/>\n\t<meta property=\"og:image:width\" content=\"1350\" \/>\n\t<meta property=\"og:image:height\" content=\"900\" \/>\n\t<meta property=\"og:image:type\" content=\"image\/png\" \/>\n<meta name=\"author\" content=\"Comunica\u00e7\u00e3o PSOL\" \/>\n<meta name=\"twitter:card\" content=\"summary_large_image\" \/>\n<meta name=\"twitter:creator\" content=\"@psol50\" \/>\n<meta name=\"twitter:site\" content=\"@psol50\" \/>\n<meta name=\"twitter:label1\" content=\"Escrito por\" \/>\n\t<meta name=\"twitter:data1\" content=\"Comunica\u00e7\u00e3o PSOL\" \/>\n\t<meta name=\"twitter:label2\" content=\"Est. tempo de leitura\" \/>\n\t<meta name=\"twitter:data2\" content=\"3 minutos\" \/>\n<script type=\"application\/ld+json\" class=\"yoast-schema-graph\">{\"@context\":\"https:\/\/schema.org\",\"@graph\":[{\"@type\":\"Article\",\"@id\":\"https:\/\/psol50.org.br\/setorial-de-saude-repudia-hostilidade-contra-medicos-cubanos-e-reafirma-luta-por-um-sus-igual-para-todos\/#article\",\"isPartOf\":{\"@id\":\"https:\/\/psol50.org.br\/setorial-de-saude-repudia-hostilidade-contra-medicos-cubanos-e-reafirma-luta-por-um-sus-igual-para-todos\/\"},\"author\":{\"name\":\"Comunica\u00e7\u00e3o PSOL\",\"@id\":\"https:\/\/psol50.org.br\/#\/schema\/person\/475dfa57d0b815993c714c2e96491fcd\"},\"headline\":\"Setorial de Sa\u00fade repudia hostilidade contra m\u00e9dicos cubanos e reafirma luta por um SUS igual para todos\",\"datePublished\":\"2013-08-27T00:00:00+00:00\",\"mainEntityOfPage\":{\"@id\":\"https:\/\/psol50.org.br\/setorial-de-saude-repudia-hostilidade-contra-medicos-cubanos-e-reafirma-luta-por-um-sus-igual-para-todos\/\"},\"wordCount\":564,\"commentCount\":0,\"publisher\":{\"@id\":\"https:\/\/psol50.org.br\/#organization\"},\"articleSection\":[\"Arquivo\"],\"inLanguage\":\"pt-BR\",\"potentialAction\":[{\"@type\":\"CommentAction\",\"name\":\"Comment\",\"target\":[\"https:\/\/psol50.org.br\/setorial-de-saude-repudia-hostilidade-contra-medicos-cubanos-e-reafirma-luta-por-um-sus-igual-para-todos\/#respond\"]}]},{\"@type\":\"WebPage\",\"@id\":\"https:\/\/psol50.org.br\/setorial-de-saude-repudia-hostilidade-contra-medicos-cubanos-e-reafirma-luta-por-um-sus-igual-para-todos\/\",\"url\":\"https:\/\/psol50.org.br\/setorial-de-saude-repudia-hostilidade-contra-medicos-cubanos-e-reafirma-luta-por-um-sus-igual-para-todos\/\",\"name\":\"Setorial de Sa\u00fade repudia hostilidade contra m\u00e9dicos cubanos e reafirma luta por um SUS igual para todos - PSOL 50\",\"isPartOf\":{\"@id\":\"https:\/\/psol50.org.br\/#website\"},\"datePublished\":\"2013-08-27T00:00:00+00:00\",\"breadcrumb\":{\"@id\":\"https:\/\/psol50.org.br\/setorial-de-saude-repudia-hostilidade-contra-medicos-cubanos-e-reafirma-luta-por-um-sus-igual-para-todos\/#breadcrumb\"},\"inLanguage\":\"pt-BR\",\"potentialAction\":[{\"@type\":\"ReadAction\",\"target\":[\"https:\/\/psol50.org.br\/setorial-de-saude-repudia-hostilidade-contra-medicos-cubanos-e-reafirma-luta-por-um-sus-igual-para-todos\/\"]}]},{\"@type\":\"BreadcrumbList\",\"@id\":\"https:\/\/psol50.org.br\/setorial-de-saude-repudia-hostilidade-contra-medicos-cubanos-e-reafirma-luta-por-um-sus-igual-para-todos\/#breadcrumb\",\"itemListElement\":[{\"@type\":\"ListItem\",\"position\":1,\"name\":\"In\u00edcio\",\"item\":\"https:\/\/psol50.org.br\/\"},{\"@type\":\"ListItem\",\"position\":2,\"name\":\"Setorial de Sa\u00fade repudia hostilidade contra m\u00e9dicos cubanos e reafirma luta por um SUS igual para todos\"}]},{\"@type\":\"WebSite\",\"@id\":\"https:\/\/psol50.org.br\/#website\",\"url\":\"https:\/\/psol50.org.br\/\",\"name\":\"PSOL 50\",\"description\":\"Site oficial do Partido Socialismo e Liberdade\",\"publisher\":{\"@id\":\"https:\/\/psol50.org.br\/#organization\"},\"alternateName\":\"PSOL50\",\"potentialAction\":[{\"@type\":\"SearchAction\",\"target\":{\"@type\":\"EntryPoint\",\"urlTemplate\":\"https:\/\/psol50.org.br\/?s={search_term_string}\"},\"query-input\":{\"@type\":\"PropertyValueSpecification\",\"valueRequired\":true,\"valueName\":\"search_term_string\"}}],\"inLanguage\":\"pt-BR\"},{\"@type\":\"Organization\",\"@id\":\"https:\/\/psol50.org.br\/#organization\",\"name\":\"PSOL 50\",\"alternateName\":\"PSOL 50\",\"url\":\"https:\/\/psol50.org.br\/\",\"logo\":{\"@type\":\"ImageObject\",\"inLanguage\":\"pt-BR\",\"@id\":\"https:\/\/psol50.org.br\/#\/schema\/logo\/image\/\",\"url\":\"https:\/\/psol50.org.br\/inc\/uploads\/2018\/07\/capa.png\",\"contentUrl\":\"https:\/\/psol50.org.br\/inc\/uploads\/2018\/07\/capa.png\",\"width\":1350,\"height\":900,\"caption\":\"PSOL 50\"},\"image\":{\"@id\":\"https:\/\/psol50.org.br\/#\/schema\/logo\/image\/\"},\"sameAs\":[\"https:\/\/www.facebook.com\/psol50\",\"https:\/\/x.com\/psol50\",\"https:\/\/www.instagram.com\/psol50\/\",\"https:\/\/www.youtube.com\/channel\/UC7SnJS5o1os7a6CaiNabzcg\"]},{\"@type\":\"Person\",\"@id\":\"https:\/\/psol50.org.br\/#\/schema\/person\/475dfa57d0b815993c714c2e96491fcd\",\"name\":\"Comunica\u00e7\u00e3o PSOL\",\"image\":{\"@type\":\"ImageObject\",\"inLanguage\":\"pt-BR\",\"@id\":\"https:\/\/psol50.org.br\/#\/schema\/person\/image\/\",\"url\":\"https:\/\/secure.gravatar.com\/avatar\/b34fc4f4e468a4e51785917065a3db57b841f5c95dba6ad8c73aaf8f66f8f9bf?s=96&d=mm&r=g\",\"contentUrl\":\"https:\/\/secure.gravatar.com\/avatar\/b34fc4f4e468a4e51785917065a3db57b841f5c95dba6ad8c73aaf8f66f8f9bf?s=96&d=mm&r=g\",\"caption\":\"Comunica\u00e7\u00e3o PSOL\"}}]}<\/script>\n<!-- \/ Yoast SEO plugin. -->","yoast_head_json":{"title":"Setorial de Sa\u00fade repudia hostilidade contra m\u00e9dicos cubanos e reafirma luta por um SUS igual para todos - PSOL 50","robots":{"index":"index","follow":"follow","max-snippet":"max-snippet:-1","max-image-preview":"max-image-preview:large","max-video-preview":"max-video-preview:-1"},"canonical":"https:\/\/psol50.org.br\/setorial-de-saude-repudia-hostilidade-contra-medicos-cubanos-e-reafirma-luta-por-um-sus-igual-para-todos\/","og_locale":"pt_BR","og_type":"article","og_title":"Setorial de Sa\u00fade repudia hostilidade contra m\u00e9dicos cubanos e reafirma luta por um SUS igual para todos - PSOL 50","og_description":"\u201cSe o \u00f3dio aos m\u00e9dicos cubanos (ou de qualquer lugar que seja) foi uma materializa\u00e7\u00e3o ao \u00f3dio ao Governo, dizemos: \u00e9 um erro! N\u00e3o s\u00e3o os profissionais os respons\u00e1veis pelo programas do governo\u201d. Esse \u00e9 um dos trechos da nota do Setorial de Sa\u00fade do PSOL, divulgada nesta ter\u00e7a-feira (27), em rep\u00fadio \u00e0 hostilidade praticada [&hellip;]","og_url":"https:\/\/psol50.org.br\/setorial-de-saude-repudia-hostilidade-contra-medicos-cubanos-e-reafirma-luta-por-um-sus-igual-para-todos\/","og_site_name":"PSOL 50","article_publisher":"https:\/\/www.facebook.com\/psol50","article_published_time":"2013-08-27T00:00:00+00:00","og_image":[{"width":1350,"height":900,"url":"https:\/\/psol50.org.br\/inc\/uploads\/2018\/07\/capa.png","type":"image\/png"}],"author":"Comunica\u00e7\u00e3o PSOL","twitter_card":"summary_large_image","twitter_creator":"@psol50","twitter_site":"@psol50","twitter_misc":{"Escrito por":"Comunica\u00e7\u00e3o PSOL","Est. tempo de leitura":"3 minutos"},"schema":{"@context":"https:\/\/schema.org","@graph":[{"@type":"Article","@id":"https:\/\/psol50.org.br\/setorial-de-saude-repudia-hostilidade-contra-medicos-cubanos-e-reafirma-luta-por-um-sus-igual-para-todos\/#article","isPartOf":{"@id":"https:\/\/psol50.org.br\/setorial-de-saude-repudia-hostilidade-contra-medicos-cubanos-e-reafirma-luta-por-um-sus-igual-para-todos\/"},"author":{"name":"Comunica\u00e7\u00e3o PSOL","@id":"https:\/\/psol50.org.br\/#\/schema\/person\/475dfa57d0b815993c714c2e96491fcd"},"headline":"Setorial de Sa\u00fade repudia hostilidade contra m\u00e9dicos cubanos e reafirma luta por um SUS igual para todos","datePublished":"2013-08-27T00:00:00+00:00","mainEntityOfPage":{"@id":"https:\/\/psol50.org.br\/setorial-de-saude-repudia-hostilidade-contra-medicos-cubanos-e-reafirma-luta-por-um-sus-igual-para-todos\/"},"wordCount":564,"commentCount":0,"publisher":{"@id":"https:\/\/psol50.org.br\/#organization"},"articleSection":["Arquivo"],"inLanguage":"pt-BR","potentialAction":[{"@type":"CommentAction","name":"Comment","target":["https:\/\/psol50.org.br\/setorial-de-saude-repudia-hostilidade-contra-medicos-cubanos-e-reafirma-luta-por-um-sus-igual-para-todos\/#respond"]}]},{"@type":"WebPage","@id":"https:\/\/psol50.org.br\/setorial-de-saude-repudia-hostilidade-contra-medicos-cubanos-e-reafirma-luta-por-um-sus-igual-para-todos\/","url":"https:\/\/psol50.org.br\/setorial-de-saude-repudia-hostilidade-contra-medicos-cubanos-e-reafirma-luta-por-um-sus-igual-para-todos\/","name":"Setorial de Sa\u00fade repudia hostilidade contra m\u00e9dicos cubanos e reafirma luta por um SUS igual para todos - PSOL 50","isPartOf":{"@id":"https:\/\/psol50.org.br\/#website"},"datePublished":"2013-08-27T00:00:00+00:00","breadcrumb":{"@id":"https:\/\/psol50.org.br\/setorial-de-saude-repudia-hostilidade-contra-medicos-cubanos-e-reafirma-luta-por-um-sus-igual-para-todos\/#breadcrumb"},"inLanguage":"pt-BR","potentialAction":[{"@type":"ReadAction","target":["https:\/\/psol50.org.br\/setorial-de-saude-repudia-hostilidade-contra-medicos-cubanos-e-reafirma-luta-por-um-sus-igual-para-todos\/"]}]},{"@type":"BreadcrumbList","@id":"https:\/\/psol50.org.br\/setorial-de-saude-repudia-hostilidade-contra-medicos-cubanos-e-reafirma-luta-por-um-sus-igual-para-todos\/#breadcrumb","itemListElement":[{"@type":"ListItem","position":1,"name":"In\u00edcio","item":"https:\/\/psol50.org.br\/"},{"@type":"ListItem","position":2,"name":"Setorial de Sa\u00fade repudia hostilidade contra m\u00e9dicos cubanos e reafirma luta por um SUS igual para todos"}]},{"@type":"WebSite","@id":"https:\/\/psol50.org.br\/#website","url":"https:\/\/psol50.org.br\/","name":"PSOL 50","description":"Site oficial do Partido Socialismo e Liberdade","publisher":{"@id":"https:\/\/psol50.org.br\/#organization"},"alternateName":"PSOL50","potentialAction":[{"@type":"SearchAction","target":{"@type":"EntryPoint","urlTemplate":"https:\/\/psol50.org.br\/?s={search_term_string}"},"query-input":{"@type":"PropertyValueSpecification","valueRequired":true,"valueName":"search_term_string"}}],"inLanguage":"pt-BR"},{"@type":"Organization","@id":"https:\/\/psol50.org.br\/#organization","name":"PSOL 50","alternateName":"PSOL 50","url":"https:\/\/psol50.org.br\/","logo":{"@type":"ImageObject","inLanguage":"pt-BR","@id":"https:\/\/psol50.org.br\/#\/schema\/logo\/image\/","url":"https:\/\/psol50.org.br\/inc\/uploads\/2018\/07\/capa.png","contentUrl":"https:\/\/psol50.org.br\/inc\/uploads\/2018\/07\/capa.png","width":1350,"height":900,"caption":"PSOL 50"},"image":{"@id":"https:\/\/psol50.org.br\/#\/schema\/logo\/image\/"},"sameAs":["https:\/\/www.facebook.com\/psol50","https:\/\/x.com\/psol50","https:\/\/www.instagram.com\/psol50\/","https:\/\/www.youtube.com\/channel\/UC7SnJS5o1os7a6CaiNabzcg"]},{"@type":"Person","@id":"https:\/\/psol50.org.br\/#\/schema\/person\/475dfa57d0b815993c714c2e96491fcd","name":"Comunica\u00e7\u00e3o PSOL","image":{"@type":"ImageObject","inLanguage":"pt-BR","@id":"https:\/\/psol50.org.br\/#\/schema\/person\/image\/","url":"https:\/\/secure.gravatar.com\/avatar\/b34fc4f4e468a4e51785917065a3db57b841f5c95dba6ad8c73aaf8f66f8f9bf?s=96&d=mm&r=g","contentUrl":"https:\/\/secure.gravatar.com\/avatar\/b34fc4f4e468a4e51785917065a3db57b841f5c95dba6ad8c73aaf8f66f8f9bf?s=96&d=mm&r=g","caption":"Comunica\u00e7\u00e3o PSOL"}}]}},"_links":{"self":[{"href":"https:\/\/psol50.org.br\/rest\/wp\/v2\/posts\/2228","targetHints":{"allow":["GET"]}}],"collection":[{"href":"https:\/\/psol50.org.br\/rest\/wp\/v2\/posts"}],"about":[{"href":"https:\/\/psol50.org.br\/rest\/wp\/v2\/types\/post"}],"author":[{"embeddable":true,"href":"https:\/\/psol50.org.br\/rest\/wp\/v2\/users\/2"}],"replies":[{"embeddable":true,"href":"https:\/\/psol50.org.br\/rest\/wp\/v2\/comments?post=2228"}],"version-history":[{"count":0,"href":"https:\/\/psol50.org.br\/rest\/wp\/v2\/posts\/2228\/revisions"}],"wp:attachment":[{"href":"https:\/\/psol50.org.br\/rest\/wp\/v2\/media?parent=2228"}],"wp:term":[{"taxonomy":"category","embeddable":true,"href":"https:\/\/psol50.org.br\/rest\/wp\/v2\/categories?post=2228"},{"taxonomy":"post_tag","embeddable":true,"href":"https:\/\/psol50.org.br\/rest\/wp\/v2\/tags?post=2228"}],"curies":[{"name":"wp","href":"https:\/\/api.w.org\/{rel}","templated":true}]}}