{"id":2230,"date":"2013-08-28T00:00:00","date_gmt":"2013-08-28T00:00:00","guid":{"rendered":"http:\/\/psol50.org.br\/arquivo\/2013\/08\/28\/psol-e-recebido-pelo-embaixador-boliviano-que-espera-explicacoes-do-governo-brasileiro\/"},"modified":"2013-08-28T00:00:00","modified_gmt":"2013-08-28T00:00:00","slug":"psol-e-recebido-pelo-embaixador-boliviano-que-espera-explicacoes-do-governo-brasileiro","status":"publish","type":"post","link":"https:\/\/psol50.org.br\/psol-e-recebido-pelo-embaixador-boliviano-que-espera-explicacoes-do-governo-brasileiro\/","title":{"rendered":"PSOL \u00e9 recebido pelo embaixador boliviano, que espera explica\u00e7\u00f5es do governo brasileiro"},"content":{"rendered":"<div style=\"text-align: justify;\">\n\t<em>L\u00edder do PSOL pede convoca\u00e7\u00e3o de ministros da Defesa e das Rela\u00e7\u00f5es Exteriores.<strong> <\/strong>Para Ivan Valente, fuga de Molina foi uma opera\u00e7\u00e3o orquestrada por interesses pol\u00edticos<\/p>\n<p>\tDa Lideran\u00e7a do PSOL na C\u00e2mara, Mariane Andrade<br \/>\n\t&nbsp;<\/em><br \/>\n\tO presidente e l\u00edder do PSOL na C\u00e2mara, deputado Ivan Valente (SP), avaliou como perigoso o processo de fuga do senador boliviano Roger Pinto Molina, daquele pa\u00eds ao Brasil, no \u00faltimo final de semana. O perigo, para o deputado, est\u00e1 na quebra da diplomacia entre os dois pa\u00edses.<br \/>\n\t&nbsp;<br \/>\n\t\u201cO governo boliviano teve sua soberania violentada\u201d, afirma Ivan Valente. \u201cEsta fuga, que n\u00e3o sabemos exatamente como aconteceu, mas que resultou na estadia em territ\u00f3rio nacional de um pol\u00edtico asilado \u00e9, no m\u00ednimo, estranha. A alega\u00e7\u00e3o de raz\u00f5es humanit\u00e1rias para orquestrar uma fuga n\u00e3o convence. Um encarregado de Neg\u00f3cios n\u00e3o tem autonomia para tomar uma decis\u00e3o como esta sem o conhecimento de superiores\u201d, considera o deputado.<br \/>\n\t&nbsp;<br \/>\n\tNo final da tarde desta ter\u00e7a-feira (27), o l\u00edder Ivan Valente, o senador Randolfe Rodrigues (AP), l\u00edder do PSOL no Senado, e os deputados Cl\u00e1udio Puty (PT\/PA) e Bohn Gass (PT\/RS) foram recebidos pelo embaixador da Bol\u00edvia no Brasil, Jerjes Talavera. Os parlamentares foram prestar solidariedade e apoio ao governo boliviano.<br \/>\n\t&nbsp;<br \/>\n\tO embaixador Jerjes Talavera disse que espera explica\u00e7\u00f5es do governo brasileiro e uma solu\u00e7\u00e3o que n\u00e3o agrida ainda mais a soberania de seu pa\u00eds. \u201cO povo e o governo bolivianos se sentiram agredidos, mas confio no governo democr\u00e1tico brasileiro, pois o Brasil sempre foi o irm\u00e3o maior na Am\u00e9rica do Sul\u201d. Ele agradeceu o \u201ccarinho, amizade e compreens\u00e3o\u201d dos parlamentares.<br \/>\n\t&nbsp;<br \/>\n\t\u201cA Bol\u00edvia tem atitude de irmandade com o Brasil, sempre teve. Mas o fato atual deteriora as rela\u00e7\u00f5es com o pa\u00eds vizinho. \u00c9 lament\u00e1vel para a imagem do Brasil\u201d, avalia o senador Randolfe Rodrigues.<br \/>\n\t&nbsp;<br \/>\n\t<strong>A fuga obscura e orquestrada<\/strong><br \/>\n\tAs circunst\u00e2ncias da vinda do senador Roger Molina ao Brasil ainda s\u00e3o obscuras. \u201cE por isto precisam ser esclarecidas\u201d, declarou o deputado Ivan Valente. \u201cAfinal foi usado aparato da embaixada brasileira, militares brasileiros, carro oficial. E at\u00e9 a participa\u00e7\u00e3o de um senador e de um empres\u00e1rio brasileiros\u201d.<br \/>\n\t&nbsp;<br \/>\n\tOntem, o l\u00edder do PSOL protocolou na Comiss\u00e3o de Rela\u00e7\u00f5es Exteriores e Defesa Nacional da C\u00e2mara, requerimentos para que o governo federal d\u00ea explica\u00e7\u00f5es sobre a vinda sorrateira do senador boliviano Roger Molina. Ivan Valente pede a convoca\u00e7\u00e3o do ministro da Defesa, Celso Amorim, e do novo ministro das Rela\u00e7\u00f5es Exteriores, Luiz Alberto Figueiredo, e faz um convite ao diretor-geral da Pol\u00edcia Federal, Leandro Daiello Coimbra. Os requerimentos foram aprovados hoje (28), na Comiss\u00e3o.<br \/>\n\t&nbsp;<br \/>\n\tDe acordo com o divulgado at\u00e9 agora, o senador Molina \u2013 condenado a um ano de pris\u00e3o por crime de corrup\u00e7\u00e3o e respondendo a outros vinte processos \u2013 foi trazido ao Brasil, em um carro oficial brasileiro, embora n\u00e3o tivesse autoriza\u00e7\u00e3o do governo boliviano para deixar o pa\u00eds. Ele estava asilado na Embaixada brasileira havia um ano. Ao cruzar a fronteira, de La Paz a Corumb\u00e1 (MS), sem qualquer problema ou interrup\u00e7\u00e3o, pegou um jatinho \u2013 de propriedade de um empres\u00e1rio n\u00e3o identificado \u2013 na cidade sul-mato-grossense, acompanhado do senador Ricardo Ferra\u00e7o (PMDB\/ES), presidente da Comiss\u00e3o de Rela\u00e7\u00f5es Exteriores do Senado, e desembarcou em Bras\u00edlia, na madrugada do \u00faltimo domingo.<br \/>\n\t&nbsp;<br \/>\n\t\u201cFoi utilizado dinheiro p\u00fablico para transferir algu\u00e9m asilado na embaixada do Brasil na Bol\u00edvia para o Brasil. Qual a participa\u00e7\u00e3o de militares na opera\u00e7\u00e3o? Como se deu o ingresso do senador boliviano pela fronteira sem questionamentos? Foi uma opera\u00e7\u00e3o orquestrada e planejada, com interesses de ordem pol\u00edtica que precisam ser esclarecidos\u201d, avalia Ivan Valente.<br \/>\n\t&nbsp;<br \/>\n\t<strong>Um corpo diplom\u00e1tico hostil<\/strong><br \/>\n\tO l\u00edder Ivan Valente fez cr\u00edticas ao corpo diplom\u00e1tico brasileiro na Bol\u00edvia, que classificou como hostil em rela\u00e7\u00e3o ao governo de Evo Morales. \u201cNunca tinha visto um corpo diplom\u00e1tico que hostiliza o governo local dessa forma\u201d.<br \/>\n\t&nbsp;<br \/>\n\tO deputado contou que, em mar\u00e7o deste ano, quando a Comiss\u00e3o Parlamentar de Inqu\u00e9rito (CPI) do Trabalho Escravo esteve na Bol\u00edvia para investigar os casos de trabalho escravo, foi poss\u00edvel perceber atitudes preconceituosas, j\u00e1 que Sab\u00f3ia e sua esposa referiam-se ao governo boliviano como \u201cpresidente de um povo ind\u00edgena\u201d, pejorativamente.<\/div>\n<p>&nbsp;<\/p>\n","protected":false},"excerpt":{"rendered":"<p>L\u00edder do PSOL pede convoca\u00e7\u00e3o de ministros da Defesa e das Rela\u00e7\u00f5es Exteriores. Para Ivan Valente, fuga de Molina foi uma opera\u00e7\u00e3o orquestrada por interesses pol\u00edticos Da Lideran\u00e7a do PSOL na C\u00e2mara, Mariane Andrade &nbsp; O presidente e l\u00edder do PSOL na C\u00e2mara, deputado Ivan Valente (SP), avaliou como perigoso o processo de fuga do [&hellip;]<\/p>\n","protected":false},"author":2,"featured_media":0,"comment_status":"open","ping_status":"open","sticky":false,"template":"","format":"standard","meta":{"_acf_changed":false,"footnotes":""},"categories":[4766],"tags":[22],"class_list":{"0":"post-2230","1":"post","2":"type-post","3":"status-publish","4":"format-standard","6":"category-arquivo","7":"tag-psol"},"acf":[],"yoast_head":"<!-- This site is optimized with the Yoast SEO plugin v26.5 - https:\/\/yoast.com\/wordpress\/plugins\/seo\/ -->\n<title>PSOL \u00e9 recebido pelo embaixador boliviano, que espera explica\u00e7\u00f5es do governo brasileiro - PSOL 50<\/title>\n<meta name=\"robots\" content=\"index, follow, max-snippet:-1, max-image-preview:large, max-video-preview:-1\" \/>\n<link rel=\"canonical\" href=\"https:\/\/psol50.org.br\/psol-e-recebido-pelo-embaixador-boliviano-que-espera-explicacoes-do-governo-brasileiro\/\" \/>\n<meta property=\"og:locale\" content=\"pt_BR\" \/>\n<meta property=\"og:type\" content=\"article\" \/>\n<meta property=\"og:title\" content=\"PSOL \u00e9 recebido pelo embaixador boliviano, que espera explica\u00e7\u00f5es do governo brasileiro - PSOL 50\" \/>\n<meta property=\"og:description\" content=\"L\u00edder do PSOL pede convoca\u00e7\u00e3o de ministros da Defesa e das Rela\u00e7\u00f5es Exteriores. Para Ivan Valente, fuga de Molina foi uma opera\u00e7\u00e3o orquestrada por interesses pol\u00edticos Da Lideran\u00e7a do PSOL na C\u00e2mara, Mariane Andrade &nbsp; O presidente e l\u00edder do PSOL na C\u00e2mara, deputado Ivan Valente (SP), avaliou como perigoso o processo de fuga do [&hellip;]\" \/>\n<meta property=\"og:url\" content=\"https:\/\/psol50.org.br\/psol-e-recebido-pelo-embaixador-boliviano-que-espera-explicacoes-do-governo-brasileiro\/\" \/>\n<meta property=\"og:site_name\" content=\"PSOL 50\" \/>\n<meta property=\"article:publisher\" content=\"https:\/\/www.facebook.com\/psol50\" \/>\n<meta property=\"article:published_time\" content=\"2013-08-28T00:00:00+00:00\" \/>\n<meta property=\"og:image\" content=\"https:\/\/psol50.org.br\/inc\/uploads\/2018\/07\/capa.png\" \/>\n\t<meta property=\"og:image:width\" content=\"1350\" \/>\n\t<meta property=\"og:image:height\" content=\"900\" \/>\n\t<meta property=\"og:image:type\" content=\"image\/png\" \/>\n<meta name=\"author\" content=\"Comunica\u00e7\u00e3o PSOL\" \/>\n<meta name=\"twitter:card\" content=\"summary_large_image\" \/>\n<meta name=\"twitter:creator\" content=\"@psol50\" \/>\n<meta name=\"twitter:site\" content=\"@psol50\" \/>\n<meta name=\"twitter:label1\" content=\"Escrito por\" \/>\n\t<meta name=\"twitter:data1\" content=\"Comunica\u00e7\u00e3o PSOL\" \/>\n\t<meta name=\"twitter:label2\" content=\"Est. tempo de leitura\" \/>\n\t<meta name=\"twitter:data2\" content=\"4 minutos\" \/>\n<script type=\"application\/ld+json\" class=\"yoast-schema-graph\">{\"@context\":\"https:\/\/schema.org\",\"@graph\":[{\"@type\":\"Article\",\"@id\":\"https:\/\/psol50.org.br\/psol-e-recebido-pelo-embaixador-boliviano-que-espera-explicacoes-do-governo-brasileiro\/#article\",\"isPartOf\":{\"@id\":\"https:\/\/psol50.org.br\/psol-e-recebido-pelo-embaixador-boliviano-que-espera-explicacoes-do-governo-brasileiro\/\"},\"author\":{\"name\":\"Comunica\u00e7\u00e3o PSOL\",\"@id\":\"https:\/\/psol50.org.br\/#\/schema\/person\/475dfa57d0b815993c714c2e96491fcd\"},\"headline\":\"PSOL \u00e9 recebido pelo embaixador boliviano, que espera explica\u00e7\u00f5es do governo brasileiro\",\"datePublished\":\"2013-08-28T00:00:00+00:00\",\"mainEntityOfPage\":{\"@id\":\"https:\/\/psol50.org.br\/psol-e-recebido-pelo-embaixador-boliviano-que-espera-explicacoes-do-governo-brasileiro\/\"},\"wordCount\":777,\"commentCount\":0,\"publisher\":{\"@id\":\"https:\/\/psol50.org.br\/#organization\"},\"keywords\":[\"PSOL\"],\"articleSection\":[\"Arquivo\"],\"inLanguage\":\"pt-BR\",\"potentialAction\":[{\"@type\":\"CommentAction\",\"name\":\"Comment\",\"target\":[\"https:\/\/psol50.org.br\/psol-e-recebido-pelo-embaixador-boliviano-que-espera-explicacoes-do-governo-brasileiro\/#respond\"]}]},{\"@type\":\"WebPage\",\"@id\":\"https:\/\/psol50.org.br\/psol-e-recebido-pelo-embaixador-boliviano-que-espera-explicacoes-do-governo-brasileiro\/\",\"url\":\"https:\/\/psol50.org.br\/psol-e-recebido-pelo-embaixador-boliviano-que-espera-explicacoes-do-governo-brasileiro\/\",\"name\":\"PSOL \u00e9 recebido pelo embaixador boliviano, que espera explica\u00e7\u00f5es do governo brasileiro - PSOL 50\",\"isPartOf\":{\"@id\":\"https:\/\/psol50.org.br\/#website\"},\"datePublished\":\"2013-08-28T00:00:00+00:00\",\"breadcrumb\":{\"@id\":\"https:\/\/psol50.org.br\/psol-e-recebido-pelo-embaixador-boliviano-que-espera-explicacoes-do-governo-brasileiro\/#breadcrumb\"},\"inLanguage\":\"pt-BR\",\"potentialAction\":[{\"@type\":\"ReadAction\",\"target\":[\"https:\/\/psol50.org.br\/psol-e-recebido-pelo-embaixador-boliviano-que-espera-explicacoes-do-governo-brasileiro\/\"]}]},{\"@type\":\"BreadcrumbList\",\"@id\":\"https:\/\/psol50.org.br\/psol-e-recebido-pelo-embaixador-boliviano-que-espera-explicacoes-do-governo-brasileiro\/#breadcrumb\",\"itemListElement\":[{\"@type\":\"ListItem\",\"position\":1,\"name\":\"In\u00edcio\",\"item\":\"https:\/\/psol50.org.br\/\"},{\"@type\":\"ListItem\",\"position\":2,\"name\":\"PSOL \u00e9 recebido pelo embaixador boliviano, que espera explica\u00e7\u00f5es do governo brasileiro\"}]},{\"@type\":\"WebSite\",\"@id\":\"https:\/\/psol50.org.br\/#website\",\"url\":\"https:\/\/psol50.org.br\/\",\"name\":\"PSOL 50\",\"description\":\"Site oficial do Partido Socialismo e Liberdade\",\"publisher\":{\"@id\":\"https:\/\/psol50.org.br\/#organization\"},\"alternateName\":\"PSOL50\",\"potentialAction\":[{\"@type\":\"SearchAction\",\"target\":{\"@type\":\"EntryPoint\",\"urlTemplate\":\"https:\/\/psol50.org.br\/?s={search_term_string}\"},\"query-input\":{\"@type\":\"PropertyValueSpecification\",\"valueRequired\":true,\"valueName\":\"search_term_string\"}}],\"inLanguage\":\"pt-BR\"},{\"@type\":\"Organization\",\"@id\":\"https:\/\/psol50.org.br\/#organization\",\"name\":\"PSOL 50\",\"alternateName\":\"PSOL 50\",\"url\":\"https:\/\/psol50.org.br\/\",\"logo\":{\"@type\":\"ImageObject\",\"inLanguage\":\"pt-BR\",\"@id\":\"https:\/\/psol50.org.br\/#\/schema\/logo\/image\/\",\"url\":\"https:\/\/psol50.org.br\/inc\/uploads\/2018\/07\/capa.png\",\"contentUrl\":\"https:\/\/psol50.org.br\/inc\/uploads\/2018\/07\/capa.png\",\"width\":1350,\"height\":900,\"caption\":\"PSOL 50\"},\"image\":{\"@id\":\"https:\/\/psol50.org.br\/#\/schema\/logo\/image\/\"},\"sameAs\":[\"https:\/\/www.facebook.com\/psol50\",\"https:\/\/x.com\/psol50\",\"https:\/\/www.instagram.com\/psol50\/\",\"https:\/\/www.youtube.com\/channel\/UC7SnJS5o1os7a6CaiNabzcg\"]},{\"@type\":\"Person\",\"@id\":\"https:\/\/psol50.org.br\/#\/schema\/person\/475dfa57d0b815993c714c2e96491fcd\",\"name\":\"Comunica\u00e7\u00e3o PSOL\",\"image\":{\"@type\":\"ImageObject\",\"inLanguage\":\"pt-BR\",\"@id\":\"https:\/\/psol50.org.br\/#\/schema\/person\/image\/\",\"url\":\"https:\/\/secure.gravatar.com\/avatar\/b34fc4f4e468a4e51785917065a3db57b841f5c95dba6ad8c73aaf8f66f8f9bf?s=96&d=mm&r=g\",\"contentUrl\":\"https:\/\/secure.gravatar.com\/avatar\/b34fc4f4e468a4e51785917065a3db57b841f5c95dba6ad8c73aaf8f66f8f9bf?s=96&d=mm&r=g\",\"caption\":\"Comunica\u00e7\u00e3o PSOL\"}}]}<\/script>\n<!-- \/ Yoast SEO plugin. -->","yoast_head_json":{"title":"PSOL \u00e9 recebido pelo embaixador boliviano, que espera explica\u00e7\u00f5es do governo brasileiro - PSOL 50","robots":{"index":"index","follow":"follow","max-snippet":"max-snippet:-1","max-image-preview":"max-image-preview:large","max-video-preview":"max-video-preview:-1"},"canonical":"https:\/\/psol50.org.br\/psol-e-recebido-pelo-embaixador-boliviano-que-espera-explicacoes-do-governo-brasileiro\/","og_locale":"pt_BR","og_type":"article","og_title":"PSOL \u00e9 recebido pelo embaixador boliviano, que espera explica\u00e7\u00f5es do governo brasileiro - PSOL 50","og_description":"L\u00edder do PSOL pede convoca\u00e7\u00e3o de ministros da Defesa e das Rela\u00e7\u00f5es Exteriores. Para Ivan Valente, fuga de Molina foi uma opera\u00e7\u00e3o orquestrada por interesses pol\u00edticos Da Lideran\u00e7a do PSOL na C\u00e2mara, Mariane Andrade &nbsp; O presidente e l\u00edder do PSOL na C\u00e2mara, deputado Ivan Valente (SP), avaliou como perigoso o processo de fuga do [&hellip;]","og_url":"https:\/\/psol50.org.br\/psol-e-recebido-pelo-embaixador-boliviano-que-espera-explicacoes-do-governo-brasileiro\/","og_site_name":"PSOL 50","article_publisher":"https:\/\/www.facebook.com\/psol50","article_published_time":"2013-08-28T00:00:00+00:00","og_image":[{"width":1350,"height":900,"url":"https:\/\/psol50.org.br\/inc\/uploads\/2018\/07\/capa.png","type":"image\/png"}],"author":"Comunica\u00e7\u00e3o PSOL","twitter_card":"summary_large_image","twitter_creator":"@psol50","twitter_site":"@psol50","twitter_misc":{"Escrito por":"Comunica\u00e7\u00e3o PSOL","Est. tempo de leitura":"4 minutos"},"schema":{"@context":"https:\/\/schema.org","@graph":[{"@type":"Article","@id":"https:\/\/psol50.org.br\/psol-e-recebido-pelo-embaixador-boliviano-que-espera-explicacoes-do-governo-brasileiro\/#article","isPartOf":{"@id":"https:\/\/psol50.org.br\/psol-e-recebido-pelo-embaixador-boliviano-que-espera-explicacoes-do-governo-brasileiro\/"},"author":{"name":"Comunica\u00e7\u00e3o PSOL","@id":"https:\/\/psol50.org.br\/#\/schema\/person\/475dfa57d0b815993c714c2e96491fcd"},"headline":"PSOL \u00e9 recebido pelo embaixador boliviano, que espera explica\u00e7\u00f5es do governo brasileiro","datePublished":"2013-08-28T00:00:00+00:00","mainEntityOfPage":{"@id":"https:\/\/psol50.org.br\/psol-e-recebido-pelo-embaixador-boliviano-que-espera-explicacoes-do-governo-brasileiro\/"},"wordCount":777,"commentCount":0,"publisher":{"@id":"https:\/\/psol50.org.br\/#organization"},"keywords":["PSOL"],"articleSection":["Arquivo"],"inLanguage":"pt-BR","potentialAction":[{"@type":"CommentAction","name":"Comment","target":["https:\/\/psol50.org.br\/psol-e-recebido-pelo-embaixador-boliviano-que-espera-explicacoes-do-governo-brasileiro\/#respond"]}]},{"@type":"WebPage","@id":"https:\/\/psol50.org.br\/psol-e-recebido-pelo-embaixador-boliviano-que-espera-explicacoes-do-governo-brasileiro\/","url":"https:\/\/psol50.org.br\/psol-e-recebido-pelo-embaixador-boliviano-que-espera-explicacoes-do-governo-brasileiro\/","name":"PSOL \u00e9 recebido pelo embaixador boliviano, que espera explica\u00e7\u00f5es do governo brasileiro - PSOL 50","isPartOf":{"@id":"https:\/\/psol50.org.br\/#website"},"datePublished":"2013-08-28T00:00:00+00:00","breadcrumb":{"@id":"https:\/\/psol50.org.br\/psol-e-recebido-pelo-embaixador-boliviano-que-espera-explicacoes-do-governo-brasileiro\/#breadcrumb"},"inLanguage":"pt-BR","potentialAction":[{"@type":"ReadAction","target":["https:\/\/psol50.org.br\/psol-e-recebido-pelo-embaixador-boliviano-que-espera-explicacoes-do-governo-brasileiro\/"]}]},{"@type":"BreadcrumbList","@id":"https:\/\/psol50.org.br\/psol-e-recebido-pelo-embaixador-boliviano-que-espera-explicacoes-do-governo-brasileiro\/#breadcrumb","itemListElement":[{"@type":"ListItem","position":1,"name":"In\u00edcio","item":"https:\/\/psol50.org.br\/"},{"@type":"ListItem","position":2,"name":"PSOL \u00e9 recebido pelo embaixador boliviano, que espera explica\u00e7\u00f5es do governo brasileiro"}]},{"@type":"WebSite","@id":"https:\/\/psol50.org.br\/#website","url":"https:\/\/psol50.org.br\/","name":"PSOL 50","description":"Site oficial do Partido Socialismo e Liberdade","publisher":{"@id":"https:\/\/psol50.org.br\/#organization"},"alternateName":"PSOL50","potentialAction":[{"@type":"SearchAction","target":{"@type":"EntryPoint","urlTemplate":"https:\/\/psol50.org.br\/?s={search_term_string}"},"query-input":{"@type":"PropertyValueSpecification","valueRequired":true,"valueName":"search_term_string"}}],"inLanguage":"pt-BR"},{"@type":"Organization","@id":"https:\/\/psol50.org.br\/#organization","name":"PSOL 50","alternateName":"PSOL 50","url":"https:\/\/psol50.org.br\/","logo":{"@type":"ImageObject","inLanguage":"pt-BR","@id":"https:\/\/psol50.org.br\/#\/schema\/logo\/image\/","url":"https:\/\/psol50.org.br\/inc\/uploads\/2018\/07\/capa.png","contentUrl":"https:\/\/psol50.org.br\/inc\/uploads\/2018\/07\/capa.png","width":1350,"height":900,"caption":"PSOL 50"},"image":{"@id":"https:\/\/psol50.org.br\/#\/schema\/logo\/image\/"},"sameAs":["https:\/\/www.facebook.com\/psol50","https:\/\/x.com\/psol50","https:\/\/www.instagram.com\/psol50\/","https:\/\/www.youtube.com\/channel\/UC7SnJS5o1os7a6CaiNabzcg"]},{"@type":"Person","@id":"https:\/\/psol50.org.br\/#\/schema\/person\/475dfa57d0b815993c714c2e96491fcd","name":"Comunica\u00e7\u00e3o PSOL","image":{"@type":"ImageObject","inLanguage":"pt-BR","@id":"https:\/\/psol50.org.br\/#\/schema\/person\/image\/","url":"https:\/\/secure.gravatar.com\/avatar\/b34fc4f4e468a4e51785917065a3db57b841f5c95dba6ad8c73aaf8f66f8f9bf?s=96&d=mm&r=g","contentUrl":"https:\/\/secure.gravatar.com\/avatar\/b34fc4f4e468a4e51785917065a3db57b841f5c95dba6ad8c73aaf8f66f8f9bf?s=96&d=mm&r=g","caption":"Comunica\u00e7\u00e3o PSOL"}}]}},"_links":{"self":[{"href":"https:\/\/psol50.org.br\/rest\/wp\/v2\/posts\/2230","targetHints":{"allow":["GET"]}}],"collection":[{"href":"https:\/\/psol50.org.br\/rest\/wp\/v2\/posts"}],"about":[{"href":"https:\/\/psol50.org.br\/rest\/wp\/v2\/types\/post"}],"author":[{"embeddable":true,"href":"https:\/\/psol50.org.br\/rest\/wp\/v2\/users\/2"}],"replies":[{"embeddable":true,"href":"https:\/\/psol50.org.br\/rest\/wp\/v2\/comments?post=2230"}],"version-history":[{"count":0,"href":"https:\/\/psol50.org.br\/rest\/wp\/v2\/posts\/2230\/revisions"}],"wp:attachment":[{"href":"https:\/\/psol50.org.br\/rest\/wp\/v2\/media?parent=2230"}],"wp:term":[{"taxonomy":"category","embeddable":true,"href":"https:\/\/psol50.org.br\/rest\/wp\/v2\/categories?post=2230"},{"taxonomy":"post_tag","embeddable":true,"href":"https:\/\/psol50.org.br\/rest\/wp\/v2\/tags?post=2230"}],"curies":[{"name":"wp","href":"https:\/\/api.w.org\/{rel}","templated":true}]}}