{"id":2232,"date":"2013-08-28T00:00:00","date_gmt":"2013-08-28T00:00:00","guid":{"rendered":"http:\/\/psol50.org.br\/arquivo\/2013\/08\/28\/sexta-feira-30-e-dia-de-paralisacao-da-classe-trabalhadora-em-todo-o-pais\/"},"modified":"2013-08-28T00:00:00","modified_gmt":"2013-08-28T00:00:00","slug":"sexta-feira-30-e-dia-de-paralisacao-da-classe-trabalhadora-em-todo-o-pais","status":"publish","type":"post","link":"https:\/\/psol50.org.br\/sexta-feira-30-e-dia-de-paralisacao-da-classe-trabalhadora-em-todo-o-pais\/","title":{"rendered":"Sexta-feira (30) \u00e9 dia de paralisa\u00e7\u00e3o da classe trabalhadora em todo o pa\u00eds"},"content":{"rendered":"<div style=\"text-align: justify;\">\n\t<em>Do site do PSOL Nacional, Leonor Costa<\/p>\n<p>\tCentrais sindicais promovem mobiliza\u00e7\u00f5es unificadas contra PL que regulamenta a terceiriza\u00e7\u00e3o, pela redu\u00e7\u00e3o da jornada de trabalho, fim do fator previdenci\u00e1rio, destina\u00e7\u00e3o dos 10% do PIB para a Educa\u00e7\u00e3o, reforma agr\u00e1ria, diminui\u00e7\u00e3o no pre\u00e7o do transporte p\u00fablico e melhoria na qualidade da educa\u00e7\u00e3o e da sa\u00fade<\/em><br \/>\n\t&nbsp;<br \/>\n\tDepois do \u00faltimo dia nacional de lutas contra a aprova\u00e7\u00e3o do projeto da terceiriza\u00e7\u00e3o (PL 4330\/04), promovido em 6 de agosto, as centrais sindicais convocam todas as categorias de trabalhadores para o Dia Nacional de Mobiliza\u00e7\u00e3o e Paralisa\u00e7\u00e3o, marcado para esta sexta-feira, 30 de agosto, em todo o pa\u00eds. A inten\u00e7\u00e3o das organiza\u00e7\u00f5es dos trabalhadores \u00e9 reivindicar por mudan\u00e7as na pol\u00edtica adotada pelo governo, que retira cada vez mais direitos dos trabalhadores e n\u00e3o garante \u00e0 popula\u00e7\u00e3o o acesso a servi\u00e7os de qualidade na sa\u00fade, educa\u00e7\u00e3o e transporte, entre outros. A paralisa\u00e7\u00e3o nacional, convocada pelas oito centrais sindicais, est\u00e1 sendo organizada na maior parte estados brasileiros, al\u00e9m do Distrito Federal, e ganha for\u00e7a em todo o pa\u00eds.<br \/>\n\t&nbsp;<br \/>\n\tEm reuni\u00e3o no \u00faltimo dia 19, representantes de oito centrais sindicais, entre as quais a Intersindical e a CSP-Conlutas, se reuniram para organizar as mobiliza\u00e7\u00f5es unificadas desta sexta-feira e para debater as negocia\u00e7\u00f5es da pauta de reivindica\u00e7\u00f5es da classe trabalhadora, entregue ao governo e ao Congresso Nacional no dia 7 de mar\u00e7o deste ano.<\/p>\n<p>\tDa agenda de reivindica\u00e7\u00f5es da classe trabalhadora, os sindicalistas decidiram destacar para esta mobiliza\u00e7\u00e3o o combate ao Projeto de Lei 4330\/04; fim do fator previdenci\u00e1rio; redu\u00e7\u00e3o de jornada para 40 horas semanais sem redu\u00e7\u00e3o de sal\u00e1rio; reforma agr\u00e1ria; melhoria da qualidade e diminui\u00e7\u00e3o do pre\u00e7o dos transportes coletivos; 10% do PIB para a educa\u00e7\u00e3o e 10% do or\u00e7amento para a sa\u00fade p\u00fablica, entre outros. As centrais sindicais decidiram, ainda, apoiar o Grito dos Exclu\u00eddos, no dia 7 de setembro.<\/p>\n<p>\tEm nota, as centrais ressaltam que o Dia Nacional de Mobiliza\u00e7\u00e3o e de Paralisa\u00e7\u00e3o ser\u00e1 realizado em todo o pa\u00eds, mas que as a\u00e7\u00f5es ser\u00e3o prioritariamente nos locais de trabalho \u2013 atraso na entrada dos turnos, paralisa\u00e7\u00f5es, atos e manifesta\u00e7\u00f5es ao longo do dia.<\/p>\n<p>\n\t\u201cAs centrais sindicais renovaram os esfor\u00e7os para a constru\u00e7\u00e3o da unidade como forma de fortalecer a luta dos\/as trabalhadores\/as para ampliar as conquistas\u201d, enfatiza a nota, divulgada dias depois da reuni\u00e3o unificada.<br \/>\n\t&nbsp;<br \/>\n\tMilitantes do PSOL, organizados nas mais variadas categorias dos trabalhadores e tamb\u00e9m em movimentos sociais, participar\u00e3o das manifesta\u00e7\u00f5es que ocorrer\u00e3o neste dia 30 de agosto nos estados. A orienta\u00e7\u00e3o \u00e9 que seja promovido todo o tipo de manifesta\u00e7\u00e3o, nos locais de trabalho e nas ruas, e que as categorias que tiverem condi\u00e7\u00f5es de parar os trabalhos devem promover greves de 24 horas ou paralisa\u00e7\u00f5es.<\/div>\n<p>\n&nbsp;<\/p>\n","protected":false},"excerpt":{"rendered":"<p>Do site do PSOL Nacional, Leonor Costa Centrais sindicais promovem mobiliza\u00e7\u00f5es unificadas contra PL que regulamenta a terceiriza\u00e7\u00e3o, pela redu\u00e7\u00e3o da jornada de trabalho, fim do fator previdenci\u00e1rio, destina\u00e7\u00e3o dos 10% do PIB para a Educa\u00e7\u00e3o, reforma agr\u00e1ria, diminui\u00e7\u00e3o no pre\u00e7o do transporte p\u00fablico e melhoria na qualidade da educa\u00e7\u00e3o e da sa\u00fade &nbsp; Depois [&hellip;]<\/p>\n","protected":false},"author":2,"featured_media":0,"comment_status":"open","ping_status":"open","sticky":false,"template":"","format":"standard","meta":{"_acf_changed":false,"footnotes":""},"categories":[4766],"tags":[],"class_list":{"0":"post-2232","1":"post","2":"type-post","3":"status-publish","4":"format-standard","6":"category-arquivo"},"acf":[],"yoast_head":"<!-- This site is optimized with the Yoast SEO plugin v26.5 - https:\/\/yoast.com\/wordpress\/plugins\/seo\/ -->\n<title>Sexta-feira (30) \u00e9 dia de paralisa\u00e7\u00e3o da classe trabalhadora em todo o pa\u00eds - PSOL 50<\/title>\n<meta name=\"robots\" content=\"index, follow, max-snippet:-1, max-image-preview:large, max-video-preview:-1\" \/>\n<link rel=\"canonical\" href=\"https:\/\/psol50.org.br\/sexta-feira-30-e-dia-de-paralisacao-da-classe-trabalhadora-em-todo-o-pais\/\" \/>\n<meta property=\"og:locale\" content=\"pt_BR\" \/>\n<meta property=\"og:type\" content=\"article\" \/>\n<meta property=\"og:title\" content=\"Sexta-feira (30) \u00e9 dia de paralisa\u00e7\u00e3o da classe trabalhadora em todo o pa\u00eds - PSOL 50\" \/>\n<meta property=\"og:description\" content=\"Do site do PSOL Nacional, Leonor Costa Centrais sindicais promovem mobiliza\u00e7\u00f5es unificadas contra PL que regulamenta a terceiriza\u00e7\u00e3o, pela redu\u00e7\u00e3o da jornada de trabalho, fim do fator previdenci\u00e1rio, destina\u00e7\u00e3o dos 10% do PIB para a Educa\u00e7\u00e3o, reforma agr\u00e1ria, diminui\u00e7\u00e3o no pre\u00e7o do transporte p\u00fablico e melhoria na qualidade da educa\u00e7\u00e3o e da sa\u00fade &nbsp; Depois [&hellip;]\" \/>\n<meta property=\"og:url\" content=\"https:\/\/psol50.org.br\/sexta-feira-30-e-dia-de-paralisacao-da-classe-trabalhadora-em-todo-o-pais\/\" \/>\n<meta property=\"og:site_name\" content=\"PSOL 50\" \/>\n<meta property=\"article:publisher\" content=\"https:\/\/www.facebook.com\/psol50\" \/>\n<meta property=\"article:published_time\" content=\"2013-08-28T00:00:00+00:00\" \/>\n<meta property=\"og:image\" content=\"https:\/\/psol50.org.br\/inc\/uploads\/2018\/07\/capa.png\" \/>\n\t<meta property=\"og:image:width\" content=\"1350\" \/>\n\t<meta property=\"og:image:height\" content=\"900\" \/>\n\t<meta property=\"og:image:type\" content=\"image\/png\" \/>\n<meta name=\"author\" content=\"Comunica\u00e7\u00e3o PSOL\" \/>\n<meta name=\"twitter:card\" content=\"summary_large_image\" \/>\n<meta name=\"twitter:creator\" content=\"@psol50\" \/>\n<meta name=\"twitter:site\" content=\"@psol50\" \/>\n<meta name=\"twitter:label1\" content=\"Escrito por\" \/>\n\t<meta name=\"twitter:data1\" content=\"Comunica\u00e7\u00e3o PSOL\" \/>\n\t<meta name=\"twitter:label2\" content=\"Est. tempo de leitura\" \/>\n\t<meta name=\"twitter:data2\" content=\"2 minutos\" \/>\n<script type=\"application\/ld+json\" class=\"yoast-schema-graph\">{\"@context\":\"https:\/\/schema.org\",\"@graph\":[{\"@type\":\"Article\",\"@id\":\"https:\/\/psol50.org.br\/sexta-feira-30-e-dia-de-paralisacao-da-classe-trabalhadora-em-todo-o-pais\/#article\",\"isPartOf\":{\"@id\":\"https:\/\/psol50.org.br\/sexta-feira-30-e-dia-de-paralisacao-da-classe-trabalhadora-em-todo-o-pais\/\"},\"author\":{\"name\":\"Comunica\u00e7\u00e3o PSOL\",\"@id\":\"https:\/\/psol50.org.br\/#\/schema\/person\/475dfa57d0b815993c714c2e96491fcd\"},\"headline\":\"Sexta-feira (30) \u00e9 dia de paralisa\u00e7\u00e3o da classe trabalhadora em todo o pa\u00eds\",\"datePublished\":\"2013-08-28T00:00:00+00:00\",\"mainEntityOfPage\":{\"@id\":\"https:\/\/psol50.org.br\/sexta-feira-30-e-dia-de-paralisacao-da-classe-trabalhadora-em-todo-o-pais\/\"},\"wordCount\":512,\"commentCount\":0,\"publisher\":{\"@id\":\"https:\/\/psol50.org.br\/#organization\"},\"articleSection\":[\"Arquivo\"],\"inLanguage\":\"pt-BR\",\"potentialAction\":[{\"@type\":\"CommentAction\",\"name\":\"Comment\",\"target\":[\"https:\/\/psol50.org.br\/sexta-feira-30-e-dia-de-paralisacao-da-classe-trabalhadora-em-todo-o-pais\/#respond\"]}]},{\"@type\":\"WebPage\",\"@id\":\"https:\/\/psol50.org.br\/sexta-feira-30-e-dia-de-paralisacao-da-classe-trabalhadora-em-todo-o-pais\/\",\"url\":\"https:\/\/psol50.org.br\/sexta-feira-30-e-dia-de-paralisacao-da-classe-trabalhadora-em-todo-o-pais\/\",\"name\":\"Sexta-feira (30) \u00e9 dia de paralisa\u00e7\u00e3o da classe trabalhadora em todo o pa\u00eds - PSOL 50\",\"isPartOf\":{\"@id\":\"https:\/\/psol50.org.br\/#website\"},\"datePublished\":\"2013-08-28T00:00:00+00:00\",\"breadcrumb\":{\"@id\":\"https:\/\/psol50.org.br\/sexta-feira-30-e-dia-de-paralisacao-da-classe-trabalhadora-em-todo-o-pais\/#breadcrumb\"},\"inLanguage\":\"pt-BR\",\"potentialAction\":[{\"@type\":\"ReadAction\",\"target\":[\"https:\/\/psol50.org.br\/sexta-feira-30-e-dia-de-paralisacao-da-classe-trabalhadora-em-todo-o-pais\/\"]}]},{\"@type\":\"BreadcrumbList\",\"@id\":\"https:\/\/psol50.org.br\/sexta-feira-30-e-dia-de-paralisacao-da-classe-trabalhadora-em-todo-o-pais\/#breadcrumb\",\"itemListElement\":[{\"@type\":\"ListItem\",\"position\":1,\"name\":\"In\u00edcio\",\"item\":\"https:\/\/psol50.org.br\/\"},{\"@type\":\"ListItem\",\"position\":2,\"name\":\"Sexta-feira (30) \u00e9 dia de paralisa\u00e7\u00e3o da classe trabalhadora em todo o pa\u00eds\"}]},{\"@type\":\"WebSite\",\"@id\":\"https:\/\/psol50.org.br\/#website\",\"url\":\"https:\/\/psol50.org.br\/\",\"name\":\"PSOL 50\",\"description\":\"Site oficial do Partido Socialismo e Liberdade\",\"publisher\":{\"@id\":\"https:\/\/psol50.org.br\/#organization\"},\"alternateName\":\"PSOL50\",\"potentialAction\":[{\"@type\":\"SearchAction\",\"target\":{\"@type\":\"EntryPoint\",\"urlTemplate\":\"https:\/\/psol50.org.br\/?s={search_term_string}\"},\"query-input\":{\"@type\":\"PropertyValueSpecification\",\"valueRequired\":true,\"valueName\":\"search_term_string\"}}],\"inLanguage\":\"pt-BR\"},{\"@type\":\"Organization\",\"@id\":\"https:\/\/psol50.org.br\/#organization\",\"name\":\"PSOL 50\",\"alternateName\":\"PSOL 50\",\"url\":\"https:\/\/psol50.org.br\/\",\"logo\":{\"@type\":\"ImageObject\",\"inLanguage\":\"pt-BR\",\"@id\":\"https:\/\/psol50.org.br\/#\/schema\/logo\/image\/\",\"url\":\"https:\/\/psol50.org.br\/inc\/uploads\/2018\/07\/capa.png\",\"contentUrl\":\"https:\/\/psol50.org.br\/inc\/uploads\/2018\/07\/capa.png\",\"width\":1350,\"height\":900,\"caption\":\"PSOL 50\"},\"image\":{\"@id\":\"https:\/\/psol50.org.br\/#\/schema\/logo\/image\/\"},\"sameAs\":[\"https:\/\/www.facebook.com\/psol50\",\"https:\/\/x.com\/psol50\",\"https:\/\/www.instagram.com\/psol50\/\",\"https:\/\/www.youtube.com\/channel\/UC7SnJS5o1os7a6CaiNabzcg\"]},{\"@type\":\"Person\",\"@id\":\"https:\/\/psol50.org.br\/#\/schema\/person\/475dfa57d0b815993c714c2e96491fcd\",\"name\":\"Comunica\u00e7\u00e3o PSOL\",\"image\":{\"@type\":\"ImageObject\",\"inLanguage\":\"pt-BR\",\"@id\":\"https:\/\/psol50.org.br\/#\/schema\/person\/image\/\",\"url\":\"https:\/\/secure.gravatar.com\/avatar\/b34fc4f4e468a4e51785917065a3db57b841f5c95dba6ad8c73aaf8f66f8f9bf?s=96&d=mm&r=g\",\"contentUrl\":\"https:\/\/secure.gravatar.com\/avatar\/b34fc4f4e468a4e51785917065a3db57b841f5c95dba6ad8c73aaf8f66f8f9bf?s=96&d=mm&r=g\",\"caption\":\"Comunica\u00e7\u00e3o PSOL\"}}]}<\/script>\n<!-- \/ Yoast SEO plugin. -->","yoast_head_json":{"title":"Sexta-feira (30) \u00e9 dia de paralisa\u00e7\u00e3o da classe trabalhadora em todo o pa\u00eds - PSOL 50","robots":{"index":"index","follow":"follow","max-snippet":"max-snippet:-1","max-image-preview":"max-image-preview:large","max-video-preview":"max-video-preview:-1"},"canonical":"https:\/\/psol50.org.br\/sexta-feira-30-e-dia-de-paralisacao-da-classe-trabalhadora-em-todo-o-pais\/","og_locale":"pt_BR","og_type":"article","og_title":"Sexta-feira (30) \u00e9 dia de paralisa\u00e7\u00e3o da classe trabalhadora em todo o pa\u00eds - PSOL 50","og_description":"Do site do PSOL Nacional, Leonor Costa Centrais sindicais promovem mobiliza\u00e7\u00f5es unificadas contra PL que regulamenta a terceiriza\u00e7\u00e3o, pela redu\u00e7\u00e3o da jornada de trabalho, fim do fator previdenci\u00e1rio, destina\u00e7\u00e3o dos 10% do PIB para a Educa\u00e7\u00e3o, reforma agr\u00e1ria, diminui\u00e7\u00e3o no pre\u00e7o do transporte p\u00fablico e melhoria na qualidade da educa\u00e7\u00e3o e da sa\u00fade &nbsp; Depois [&hellip;]","og_url":"https:\/\/psol50.org.br\/sexta-feira-30-e-dia-de-paralisacao-da-classe-trabalhadora-em-todo-o-pais\/","og_site_name":"PSOL 50","article_publisher":"https:\/\/www.facebook.com\/psol50","article_published_time":"2013-08-28T00:00:00+00:00","og_image":[{"width":1350,"height":900,"url":"https:\/\/psol50.org.br\/inc\/uploads\/2018\/07\/capa.png","type":"image\/png"}],"author":"Comunica\u00e7\u00e3o PSOL","twitter_card":"summary_large_image","twitter_creator":"@psol50","twitter_site":"@psol50","twitter_misc":{"Escrito por":"Comunica\u00e7\u00e3o PSOL","Est. tempo de leitura":"2 minutos"},"schema":{"@context":"https:\/\/schema.org","@graph":[{"@type":"Article","@id":"https:\/\/psol50.org.br\/sexta-feira-30-e-dia-de-paralisacao-da-classe-trabalhadora-em-todo-o-pais\/#article","isPartOf":{"@id":"https:\/\/psol50.org.br\/sexta-feira-30-e-dia-de-paralisacao-da-classe-trabalhadora-em-todo-o-pais\/"},"author":{"name":"Comunica\u00e7\u00e3o PSOL","@id":"https:\/\/psol50.org.br\/#\/schema\/person\/475dfa57d0b815993c714c2e96491fcd"},"headline":"Sexta-feira (30) \u00e9 dia de paralisa\u00e7\u00e3o da classe trabalhadora em todo o pa\u00eds","datePublished":"2013-08-28T00:00:00+00:00","mainEntityOfPage":{"@id":"https:\/\/psol50.org.br\/sexta-feira-30-e-dia-de-paralisacao-da-classe-trabalhadora-em-todo-o-pais\/"},"wordCount":512,"commentCount":0,"publisher":{"@id":"https:\/\/psol50.org.br\/#organization"},"articleSection":["Arquivo"],"inLanguage":"pt-BR","potentialAction":[{"@type":"CommentAction","name":"Comment","target":["https:\/\/psol50.org.br\/sexta-feira-30-e-dia-de-paralisacao-da-classe-trabalhadora-em-todo-o-pais\/#respond"]}]},{"@type":"WebPage","@id":"https:\/\/psol50.org.br\/sexta-feira-30-e-dia-de-paralisacao-da-classe-trabalhadora-em-todo-o-pais\/","url":"https:\/\/psol50.org.br\/sexta-feira-30-e-dia-de-paralisacao-da-classe-trabalhadora-em-todo-o-pais\/","name":"Sexta-feira (30) \u00e9 dia de paralisa\u00e7\u00e3o da classe trabalhadora em todo o pa\u00eds - PSOL 50","isPartOf":{"@id":"https:\/\/psol50.org.br\/#website"},"datePublished":"2013-08-28T00:00:00+00:00","breadcrumb":{"@id":"https:\/\/psol50.org.br\/sexta-feira-30-e-dia-de-paralisacao-da-classe-trabalhadora-em-todo-o-pais\/#breadcrumb"},"inLanguage":"pt-BR","potentialAction":[{"@type":"ReadAction","target":["https:\/\/psol50.org.br\/sexta-feira-30-e-dia-de-paralisacao-da-classe-trabalhadora-em-todo-o-pais\/"]}]},{"@type":"BreadcrumbList","@id":"https:\/\/psol50.org.br\/sexta-feira-30-e-dia-de-paralisacao-da-classe-trabalhadora-em-todo-o-pais\/#breadcrumb","itemListElement":[{"@type":"ListItem","position":1,"name":"In\u00edcio","item":"https:\/\/psol50.org.br\/"},{"@type":"ListItem","position":2,"name":"Sexta-feira (30) \u00e9 dia de paralisa\u00e7\u00e3o da classe trabalhadora em todo o pa\u00eds"}]},{"@type":"WebSite","@id":"https:\/\/psol50.org.br\/#website","url":"https:\/\/psol50.org.br\/","name":"PSOL 50","description":"Site oficial do Partido Socialismo e Liberdade","publisher":{"@id":"https:\/\/psol50.org.br\/#organization"},"alternateName":"PSOL50","potentialAction":[{"@type":"SearchAction","target":{"@type":"EntryPoint","urlTemplate":"https:\/\/psol50.org.br\/?s={search_term_string}"},"query-input":{"@type":"PropertyValueSpecification","valueRequired":true,"valueName":"search_term_string"}}],"inLanguage":"pt-BR"},{"@type":"Organization","@id":"https:\/\/psol50.org.br\/#organization","name":"PSOL 50","alternateName":"PSOL 50","url":"https:\/\/psol50.org.br\/","logo":{"@type":"ImageObject","inLanguage":"pt-BR","@id":"https:\/\/psol50.org.br\/#\/schema\/logo\/image\/","url":"https:\/\/psol50.org.br\/inc\/uploads\/2018\/07\/capa.png","contentUrl":"https:\/\/psol50.org.br\/inc\/uploads\/2018\/07\/capa.png","width":1350,"height":900,"caption":"PSOL 50"},"image":{"@id":"https:\/\/psol50.org.br\/#\/schema\/logo\/image\/"},"sameAs":["https:\/\/www.facebook.com\/psol50","https:\/\/x.com\/psol50","https:\/\/www.instagram.com\/psol50\/","https:\/\/www.youtube.com\/channel\/UC7SnJS5o1os7a6CaiNabzcg"]},{"@type":"Person","@id":"https:\/\/psol50.org.br\/#\/schema\/person\/475dfa57d0b815993c714c2e96491fcd","name":"Comunica\u00e7\u00e3o PSOL","image":{"@type":"ImageObject","inLanguage":"pt-BR","@id":"https:\/\/psol50.org.br\/#\/schema\/person\/image\/","url":"https:\/\/secure.gravatar.com\/avatar\/b34fc4f4e468a4e51785917065a3db57b841f5c95dba6ad8c73aaf8f66f8f9bf?s=96&d=mm&r=g","contentUrl":"https:\/\/secure.gravatar.com\/avatar\/b34fc4f4e468a4e51785917065a3db57b841f5c95dba6ad8c73aaf8f66f8f9bf?s=96&d=mm&r=g","caption":"Comunica\u00e7\u00e3o PSOL"}}]}},"_links":{"self":[{"href":"https:\/\/psol50.org.br\/rest\/wp\/v2\/posts\/2232","targetHints":{"allow":["GET"]}}],"collection":[{"href":"https:\/\/psol50.org.br\/rest\/wp\/v2\/posts"}],"about":[{"href":"https:\/\/psol50.org.br\/rest\/wp\/v2\/types\/post"}],"author":[{"embeddable":true,"href":"https:\/\/psol50.org.br\/rest\/wp\/v2\/users\/2"}],"replies":[{"embeddable":true,"href":"https:\/\/psol50.org.br\/rest\/wp\/v2\/comments?post=2232"}],"version-history":[{"count":0,"href":"https:\/\/psol50.org.br\/rest\/wp\/v2\/posts\/2232\/revisions"}],"wp:attachment":[{"href":"https:\/\/psol50.org.br\/rest\/wp\/v2\/media?parent=2232"}],"wp:term":[{"taxonomy":"category","embeddable":true,"href":"https:\/\/psol50.org.br\/rest\/wp\/v2\/categories?post=2232"},{"taxonomy":"post_tag","embeddable":true,"href":"https:\/\/psol50.org.br\/rest\/wp\/v2\/tags?post=2232"}],"curies":[{"name":"wp","href":"https:\/\/api.w.org\/{rel}","templated":true}]}}