{"id":2237,"date":"2013-08-29T00:00:00","date_gmt":"2013-08-29T00:00:00","guid":{"rendered":"http:\/\/psol50.org.br\/arquivo\/2013\/08\/29\/vereador-eliomar-coelho-do-psol-deixa-cpi-dos-onibus-apos-revogacao-de-liminar\/"},"modified":"2013-08-29T00:00:00","modified_gmt":"2013-08-29T00:00:00","slug":"vereador-eliomar-coelho-do-psol-deixa-cpi-dos-onibus-apos-revogacao-de-liminar","status":"publish","type":"post","link":"https:\/\/psol50.org.br\/vereador-eliomar-coelho-do-psol-deixa-cpi-dos-onibus-apos-revogacao-de-liminar\/","title":{"rendered":"Vereador Eliomar Coelho, do PSOL, deixa CPI dos \u00d4nibus ap\u00f3s revoga\u00e7\u00e3o de liminar"},"content":{"rendered":"<p style=\"text-align: justify;\">\n\tUm dia ap\u00f3s a revoga\u00e7\u00e3o da liminar que suspendeu a CPI dos \u00d4nibus, na C\u00e2mara Municipal do Rio, o vereador Eliomar Coelho, do PSOL e autor do requerimento de instala\u00e7\u00e3o da CPI, anunciou sua ren\u00fancia como membro da Comiss\u00e3o. \u201c\u00c9 uma quest\u00e3o de coer\u00eancia. Se n\u00e3o h\u00e1 legitimidade na CPI, n\u00e3o seremos n\u00f3s que daremos legitimidade a ela\u201d, afirmou.<\/p>\n<p>\tA decis\u00e3o foi tomada ap\u00f3s reuni\u00e3o de cerca de duas horas com Renato Cinco (PSOL), Paulo Pinheiro (PSOL), Jefferson Moura (PSOL), Reimont (PT), Teresa Bergher (PSDB), Marcio Garcia (PR) e Leonel Brizola Neto (PDT), no Pal\u00e1cio Pedro Ernesto, no Centro do Rio. Segundo Coelho, \u00fanico integrante de oposi\u00e7\u00e3o na comiss\u00e3o, o grupo vai recorrer da <a href=\"http:\/\/g1.globo.com\/rio-de-janeiro\/noticia\/2013\/08\/juiza-nega-liminar-oposicao-e-cpi-dos-onibus-tera-continuidade-no-rio.html\">decis\u00e3o da Justi\u00e7a<\/a> de manter a CPI, tomada nesta quarta-feira (28).<\/p>\n<p>\t&#8220;Hoje, a decis\u00e3o \u00e9 essa: recorrer da decis\u00e3o da Justi\u00e7a e eu n\u00e3o vou continuar na CPI. \u00c9 a minha ren\u00fancia e de todo meu partido. N\u00f3s vamos enviar um comunicado oficial. Mas isso n\u00e3o significa que vamos cruzar os bra\u00e7os diante do problema do servi\u00e7o de \u00f4nibus prestado na cidade do Rio de Janeiro. N\u00f3s vamos continuar trabalhando. Vamos exigir respostas aos questionamentos e esse material vai ser disponibilizado a todos. Temos um farto material colhido h\u00e1 muito tempo&#8221;, disse Coelho, em entrevista ao site G1.<\/p>\n<p>\tO parlamentar argumenta que esgotou todos os recursos regimentais no sentido de garantir a proporcionalidade na comiss\u00e3o, ou seja, a participa\u00e7\u00e3o da oposi\u00e7\u00e3o que \u00e9 minoria no Legislativo. Ele adiantou que continuar\u00e1 as investiga\u00e7\u00f5es sobre carteliza\u00e7\u00e3o e outras irregularidades, apontadas na documenta\u00e7\u00e3o reunida pelo mandato, que est\u00e1 dispon\u00edvel no site CPI dos \u00d4nibus.<\/p>\n<p>\tNenhum dos outros tr\u00eas vereadores do PSOL ocupar\u00e1 a vaga aberta por Eliomar. O movimento \u201cOcupa C\u00e2mara Rio\u201d completa 20 dias na Cinel\u00e2ndia, reunindo manifestantes que protestam contra a composi\u00e7\u00e3o da CPI, formada por quatro membros da base do governo que sequer assinaram o requerimento de instala\u00e7\u00e3o.<\/p>\n<p>&nbsp;<\/p>\n","protected":false},"excerpt":{"rendered":"<p>Um dia ap\u00f3s a revoga\u00e7\u00e3o da liminar que suspendeu a CPI dos \u00d4nibus, na C\u00e2mara Municipal do Rio, o vereador Eliomar Coelho, do PSOL e autor do requerimento de instala\u00e7\u00e3o da CPI, anunciou sua ren\u00fancia como membro da Comiss\u00e3o. \u201c\u00c9 uma quest\u00e3o de coer\u00eancia. Se n\u00e3o h\u00e1 legitimidade na CPI, n\u00e3o seremos n\u00f3s que daremos [&hellip;]<\/p>\n","protected":false},"author":2,"featured_media":0,"comment_status":"open","ping_status":"open","sticky":false,"template":"","format":"standard","meta":{"_acf_changed":false,"footnotes":""},"categories":[4766],"tags":[22],"class_list":{"0":"post-2237","1":"post","2":"type-post","3":"status-publish","4":"format-standard","6":"category-arquivo","7":"tag-psol"},"acf":[],"yoast_head":"<!-- This site is optimized with the Yoast SEO plugin v26.5 - https:\/\/yoast.com\/wordpress\/plugins\/seo\/ -->\n<title>Vereador Eliomar Coelho, do PSOL, deixa CPI dos \u00d4nibus ap\u00f3s revoga\u00e7\u00e3o de liminar - PSOL 50<\/title>\n<meta name=\"robots\" content=\"index, follow, max-snippet:-1, max-image-preview:large, max-video-preview:-1\" \/>\n<link rel=\"canonical\" href=\"https:\/\/psol50.org.br\/vereador-eliomar-coelho-do-psol-deixa-cpi-dos-onibus-apos-revogacao-de-liminar\/\" \/>\n<meta property=\"og:locale\" content=\"pt_BR\" \/>\n<meta property=\"og:type\" content=\"article\" \/>\n<meta property=\"og:title\" content=\"Vereador Eliomar Coelho, do PSOL, deixa CPI dos \u00d4nibus ap\u00f3s revoga\u00e7\u00e3o de liminar - PSOL 50\" \/>\n<meta property=\"og:description\" content=\"Um dia ap\u00f3s a revoga\u00e7\u00e3o da liminar que suspendeu a CPI dos \u00d4nibus, na C\u00e2mara Municipal do Rio, o vereador Eliomar Coelho, do PSOL e autor do requerimento de instala\u00e7\u00e3o da CPI, anunciou sua ren\u00fancia como membro da Comiss\u00e3o. \u201c\u00c9 uma quest\u00e3o de coer\u00eancia. Se n\u00e3o h\u00e1 legitimidade na CPI, n\u00e3o seremos n\u00f3s que daremos [&hellip;]\" \/>\n<meta property=\"og:url\" content=\"https:\/\/psol50.org.br\/vereador-eliomar-coelho-do-psol-deixa-cpi-dos-onibus-apos-revogacao-de-liminar\/\" \/>\n<meta property=\"og:site_name\" content=\"PSOL 50\" \/>\n<meta property=\"article:publisher\" content=\"https:\/\/www.facebook.com\/psol50\" \/>\n<meta property=\"article:published_time\" content=\"2013-08-29T00:00:00+00:00\" \/>\n<meta property=\"og:image\" content=\"https:\/\/psol50.org.br\/inc\/uploads\/2018\/07\/capa.png\" \/>\n\t<meta property=\"og:image:width\" content=\"1350\" \/>\n\t<meta property=\"og:image:height\" content=\"900\" \/>\n\t<meta property=\"og:image:type\" content=\"image\/png\" \/>\n<meta name=\"author\" content=\"Comunica\u00e7\u00e3o PSOL\" \/>\n<meta name=\"twitter:card\" content=\"summary_large_image\" \/>\n<meta name=\"twitter:creator\" content=\"@psol50\" \/>\n<meta name=\"twitter:site\" content=\"@psol50\" \/>\n<meta name=\"twitter:label1\" content=\"Escrito por\" \/>\n\t<meta name=\"twitter:data1\" content=\"Comunica\u00e7\u00e3o PSOL\" \/>\n\t<meta name=\"twitter:label2\" content=\"Est. tempo de leitura\" \/>\n\t<meta name=\"twitter:data2\" content=\"2 minutos\" \/>\n<script type=\"application\/ld+json\" class=\"yoast-schema-graph\">{\"@context\":\"https:\/\/schema.org\",\"@graph\":[{\"@type\":\"Article\",\"@id\":\"https:\/\/psol50.org.br\/vereador-eliomar-coelho-do-psol-deixa-cpi-dos-onibus-apos-revogacao-de-liminar\/#article\",\"isPartOf\":{\"@id\":\"https:\/\/psol50.org.br\/vereador-eliomar-coelho-do-psol-deixa-cpi-dos-onibus-apos-revogacao-de-liminar\/\"},\"author\":{\"name\":\"Comunica\u00e7\u00e3o PSOL\",\"@id\":\"https:\/\/psol50.org.br\/#\/schema\/person\/475dfa57d0b815993c714c2e96491fcd\"},\"headline\":\"Vereador Eliomar Coelho, do PSOL, deixa CPI dos \u00d4nibus ap\u00f3s revoga\u00e7\u00e3o de liminar\",\"datePublished\":\"2013-08-29T00:00:00+00:00\",\"mainEntityOfPage\":{\"@id\":\"https:\/\/psol50.org.br\/vereador-eliomar-coelho-do-psol-deixa-cpi-dos-onibus-apos-revogacao-de-liminar\/\"},\"wordCount\":363,\"commentCount\":0,\"publisher\":{\"@id\":\"https:\/\/psol50.org.br\/#organization\"},\"keywords\":[\"PSOL\"],\"articleSection\":[\"Arquivo\"],\"inLanguage\":\"pt-BR\",\"potentialAction\":[{\"@type\":\"CommentAction\",\"name\":\"Comment\",\"target\":[\"https:\/\/psol50.org.br\/vereador-eliomar-coelho-do-psol-deixa-cpi-dos-onibus-apos-revogacao-de-liminar\/#respond\"]}]},{\"@type\":\"WebPage\",\"@id\":\"https:\/\/psol50.org.br\/vereador-eliomar-coelho-do-psol-deixa-cpi-dos-onibus-apos-revogacao-de-liminar\/\",\"url\":\"https:\/\/psol50.org.br\/vereador-eliomar-coelho-do-psol-deixa-cpi-dos-onibus-apos-revogacao-de-liminar\/\",\"name\":\"Vereador Eliomar Coelho, do PSOL, deixa CPI dos \u00d4nibus ap\u00f3s revoga\u00e7\u00e3o de liminar - PSOL 50\",\"isPartOf\":{\"@id\":\"https:\/\/psol50.org.br\/#website\"},\"datePublished\":\"2013-08-29T00:00:00+00:00\",\"breadcrumb\":{\"@id\":\"https:\/\/psol50.org.br\/vereador-eliomar-coelho-do-psol-deixa-cpi-dos-onibus-apos-revogacao-de-liminar\/#breadcrumb\"},\"inLanguage\":\"pt-BR\",\"potentialAction\":[{\"@type\":\"ReadAction\",\"target\":[\"https:\/\/psol50.org.br\/vereador-eliomar-coelho-do-psol-deixa-cpi-dos-onibus-apos-revogacao-de-liminar\/\"]}]},{\"@type\":\"BreadcrumbList\",\"@id\":\"https:\/\/psol50.org.br\/vereador-eliomar-coelho-do-psol-deixa-cpi-dos-onibus-apos-revogacao-de-liminar\/#breadcrumb\",\"itemListElement\":[{\"@type\":\"ListItem\",\"position\":1,\"name\":\"In\u00edcio\",\"item\":\"https:\/\/psol50.org.br\/\"},{\"@type\":\"ListItem\",\"position\":2,\"name\":\"Vereador Eliomar Coelho, do PSOL, deixa CPI dos \u00d4nibus ap\u00f3s revoga\u00e7\u00e3o de liminar\"}]},{\"@type\":\"WebSite\",\"@id\":\"https:\/\/psol50.org.br\/#website\",\"url\":\"https:\/\/psol50.org.br\/\",\"name\":\"PSOL 50\",\"description\":\"Site oficial do Partido Socialismo e Liberdade\",\"publisher\":{\"@id\":\"https:\/\/psol50.org.br\/#organization\"},\"alternateName\":\"PSOL50\",\"potentialAction\":[{\"@type\":\"SearchAction\",\"target\":{\"@type\":\"EntryPoint\",\"urlTemplate\":\"https:\/\/psol50.org.br\/?s={search_term_string}\"},\"query-input\":{\"@type\":\"PropertyValueSpecification\",\"valueRequired\":true,\"valueName\":\"search_term_string\"}}],\"inLanguage\":\"pt-BR\"},{\"@type\":\"Organization\",\"@id\":\"https:\/\/psol50.org.br\/#organization\",\"name\":\"PSOL 50\",\"alternateName\":\"PSOL 50\",\"url\":\"https:\/\/psol50.org.br\/\",\"logo\":{\"@type\":\"ImageObject\",\"inLanguage\":\"pt-BR\",\"@id\":\"https:\/\/psol50.org.br\/#\/schema\/logo\/image\/\",\"url\":\"https:\/\/psol50.org.br\/inc\/uploads\/2018\/07\/capa.png\",\"contentUrl\":\"https:\/\/psol50.org.br\/inc\/uploads\/2018\/07\/capa.png\",\"width\":1350,\"height\":900,\"caption\":\"PSOL 50\"},\"image\":{\"@id\":\"https:\/\/psol50.org.br\/#\/schema\/logo\/image\/\"},\"sameAs\":[\"https:\/\/www.facebook.com\/psol50\",\"https:\/\/x.com\/psol50\",\"https:\/\/www.instagram.com\/psol50\/\",\"https:\/\/www.youtube.com\/channel\/UC7SnJS5o1os7a6CaiNabzcg\"]},{\"@type\":\"Person\",\"@id\":\"https:\/\/psol50.org.br\/#\/schema\/person\/475dfa57d0b815993c714c2e96491fcd\",\"name\":\"Comunica\u00e7\u00e3o PSOL\",\"image\":{\"@type\":\"ImageObject\",\"inLanguage\":\"pt-BR\",\"@id\":\"https:\/\/psol50.org.br\/#\/schema\/person\/image\/\",\"url\":\"https:\/\/secure.gravatar.com\/avatar\/b34fc4f4e468a4e51785917065a3db57b841f5c95dba6ad8c73aaf8f66f8f9bf?s=96&d=mm&r=g\",\"contentUrl\":\"https:\/\/secure.gravatar.com\/avatar\/b34fc4f4e468a4e51785917065a3db57b841f5c95dba6ad8c73aaf8f66f8f9bf?s=96&d=mm&r=g\",\"caption\":\"Comunica\u00e7\u00e3o PSOL\"}}]}<\/script>\n<!-- \/ Yoast SEO plugin. -->","yoast_head_json":{"title":"Vereador Eliomar Coelho, do PSOL, deixa CPI dos \u00d4nibus ap\u00f3s revoga\u00e7\u00e3o de liminar - PSOL 50","robots":{"index":"index","follow":"follow","max-snippet":"max-snippet:-1","max-image-preview":"max-image-preview:large","max-video-preview":"max-video-preview:-1"},"canonical":"https:\/\/psol50.org.br\/vereador-eliomar-coelho-do-psol-deixa-cpi-dos-onibus-apos-revogacao-de-liminar\/","og_locale":"pt_BR","og_type":"article","og_title":"Vereador Eliomar Coelho, do PSOL, deixa CPI dos \u00d4nibus ap\u00f3s revoga\u00e7\u00e3o de liminar - PSOL 50","og_description":"Um dia ap\u00f3s a revoga\u00e7\u00e3o da liminar que suspendeu a CPI dos \u00d4nibus, na C\u00e2mara Municipal do Rio, o vereador Eliomar Coelho, do PSOL e autor do requerimento de instala\u00e7\u00e3o da CPI, anunciou sua ren\u00fancia como membro da Comiss\u00e3o. \u201c\u00c9 uma quest\u00e3o de coer\u00eancia. Se n\u00e3o h\u00e1 legitimidade na CPI, n\u00e3o seremos n\u00f3s que daremos [&hellip;]","og_url":"https:\/\/psol50.org.br\/vereador-eliomar-coelho-do-psol-deixa-cpi-dos-onibus-apos-revogacao-de-liminar\/","og_site_name":"PSOL 50","article_publisher":"https:\/\/www.facebook.com\/psol50","article_published_time":"2013-08-29T00:00:00+00:00","og_image":[{"width":1350,"height":900,"url":"https:\/\/psol50.org.br\/inc\/uploads\/2018\/07\/capa.png","type":"image\/png"}],"author":"Comunica\u00e7\u00e3o PSOL","twitter_card":"summary_large_image","twitter_creator":"@psol50","twitter_site":"@psol50","twitter_misc":{"Escrito por":"Comunica\u00e7\u00e3o PSOL","Est. tempo de leitura":"2 minutos"},"schema":{"@context":"https:\/\/schema.org","@graph":[{"@type":"Article","@id":"https:\/\/psol50.org.br\/vereador-eliomar-coelho-do-psol-deixa-cpi-dos-onibus-apos-revogacao-de-liminar\/#article","isPartOf":{"@id":"https:\/\/psol50.org.br\/vereador-eliomar-coelho-do-psol-deixa-cpi-dos-onibus-apos-revogacao-de-liminar\/"},"author":{"name":"Comunica\u00e7\u00e3o PSOL","@id":"https:\/\/psol50.org.br\/#\/schema\/person\/475dfa57d0b815993c714c2e96491fcd"},"headline":"Vereador Eliomar Coelho, do PSOL, deixa CPI dos \u00d4nibus ap\u00f3s revoga\u00e7\u00e3o de liminar","datePublished":"2013-08-29T00:00:00+00:00","mainEntityOfPage":{"@id":"https:\/\/psol50.org.br\/vereador-eliomar-coelho-do-psol-deixa-cpi-dos-onibus-apos-revogacao-de-liminar\/"},"wordCount":363,"commentCount":0,"publisher":{"@id":"https:\/\/psol50.org.br\/#organization"},"keywords":["PSOL"],"articleSection":["Arquivo"],"inLanguage":"pt-BR","potentialAction":[{"@type":"CommentAction","name":"Comment","target":["https:\/\/psol50.org.br\/vereador-eliomar-coelho-do-psol-deixa-cpi-dos-onibus-apos-revogacao-de-liminar\/#respond"]}]},{"@type":"WebPage","@id":"https:\/\/psol50.org.br\/vereador-eliomar-coelho-do-psol-deixa-cpi-dos-onibus-apos-revogacao-de-liminar\/","url":"https:\/\/psol50.org.br\/vereador-eliomar-coelho-do-psol-deixa-cpi-dos-onibus-apos-revogacao-de-liminar\/","name":"Vereador Eliomar Coelho, do PSOL, deixa CPI dos \u00d4nibus ap\u00f3s revoga\u00e7\u00e3o de liminar - PSOL 50","isPartOf":{"@id":"https:\/\/psol50.org.br\/#website"},"datePublished":"2013-08-29T00:00:00+00:00","breadcrumb":{"@id":"https:\/\/psol50.org.br\/vereador-eliomar-coelho-do-psol-deixa-cpi-dos-onibus-apos-revogacao-de-liminar\/#breadcrumb"},"inLanguage":"pt-BR","potentialAction":[{"@type":"ReadAction","target":["https:\/\/psol50.org.br\/vereador-eliomar-coelho-do-psol-deixa-cpi-dos-onibus-apos-revogacao-de-liminar\/"]}]},{"@type":"BreadcrumbList","@id":"https:\/\/psol50.org.br\/vereador-eliomar-coelho-do-psol-deixa-cpi-dos-onibus-apos-revogacao-de-liminar\/#breadcrumb","itemListElement":[{"@type":"ListItem","position":1,"name":"In\u00edcio","item":"https:\/\/psol50.org.br\/"},{"@type":"ListItem","position":2,"name":"Vereador Eliomar Coelho, do PSOL, deixa CPI dos \u00d4nibus ap\u00f3s revoga\u00e7\u00e3o de liminar"}]},{"@type":"WebSite","@id":"https:\/\/psol50.org.br\/#website","url":"https:\/\/psol50.org.br\/","name":"PSOL 50","description":"Site oficial do Partido Socialismo e Liberdade","publisher":{"@id":"https:\/\/psol50.org.br\/#organization"},"alternateName":"PSOL50","potentialAction":[{"@type":"SearchAction","target":{"@type":"EntryPoint","urlTemplate":"https:\/\/psol50.org.br\/?s={search_term_string}"},"query-input":{"@type":"PropertyValueSpecification","valueRequired":true,"valueName":"search_term_string"}}],"inLanguage":"pt-BR"},{"@type":"Organization","@id":"https:\/\/psol50.org.br\/#organization","name":"PSOL 50","alternateName":"PSOL 50","url":"https:\/\/psol50.org.br\/","logo":{"@type":"ImageObject","inLanguage":"pt-BR","@id":"https:\/\/psol50.org.br\/#\/schema\/logo\/image\/","url":"https:\/\/psol50.org.br\/inc\/uploads\/2018\/07\/capa.png","contentUrl":"https:\/\/psol50.org.br\/inc\/uploads\/2018\/07\/capa.png","width":1350,"height":900,"caption":"PSOL 50"},"image":{"@id":"https:\/\/psol50.org.br\/#\/schema\/logo\/image\/"},"sameAs":["https:\/\/www.facebook.com\/psol50","https:\/\/x.com\/psol50","https:\/\/www.instagram.com\/psol50\/","https:\/\/www.youtube.com\/channel\/UC7SnJS5o1os7a6CaiNabzcg"]},{"@type":"Person","@id":"https:\/\/psol50.org.br\/#\/schema\/person\/475dfa57d0b815993c714c2e96491fcd","name":"Comunica\u00e7\u00e3o PSOL","image":{"@type":"ImageObject","inLanguage":"pt-BR","@id":"https:\/\/psol50.org.br\/#\/schema\/person\/image\/","url":"https:\/\/secure.gravatar.com\/avatar\/b34fc4f4e468a4e51785917065a3db57b841f5c95dba6ad8c73aaf8f66f8f9bf?s=96&d=mm&r=g","contentUrl":"https:\/\/secure.gravatar.com\/avatar\/b34fc4f4e468a4e51785917065a3db57b841f5c95dba6ad8c73aaf8f66f8f9bf?s=96&d=mm&r=g","caption":"Comunica\u00e7\u00e3o PSOL"}}]}},"_links":{"self":[{"href":"https:\/\/psol50.org.br\/rest\/wp\/v2\/posts\/2237","targetHints":{"allow":["GET"]}}],"collection":[{"href":"https:\/\/psol50.org.br\/rest\/wp\/v2\/posts"}],"about":[{"href":"https:\/\/psol50.org.br\/rest\/wp\/v2\/types\/post"}],"author":[{"embeddable":true,"href":"https:\/\/psol50.org.br\/rest\/wp\/v2\/users\/2"}],"replies":[{"embeddable":true,"href":"https:\/\/psol50.org.br\/rest\/wp\/v2\/comments?post=2237"}],"version-history":[{"count":0,"href":"https:\/\/psol50.org.br\/rest\/wp\/v2\/posts\/2237\/revisions"}],"wp:attachment":[{"href":"https:\/\/psol50.org.br\/rest\/wp\/v2\/media?parent=2237"}],"wp:term":[{"taxonomy":"category","embeddable":true,"href":"https:\/\/psol50.org.br\/rest\/wp\/v2\/categories?post=2237"},{"taxonomy":"post_tag","embeddable":true,"href":"https:\/\/psol50.org.br\/rest\/wp\/v2\/tags?post=2237"}],"curies":[{"name":"wp","href":"https:\/\/api.w.org\/{rel}","templated":true}]}}