{"id":2258,"date":"2013-09-05T00:00:00","date_gmt":"2013-09-05T00:00:00","guid":{"rendered":"http:\/\/psol50.org.br\/arquivo\/2013\/09\/05\/para-vereador-em-sao-paulo-camara-devia-dar-salva-de-prata-as-maes-que-perderam-filhos-nos-embates-com-a-pm\/"},"modified":"2013-09-05T00:00:00","modified_gmt":"2013-09-05T00:00:00","slug":"para-vereador-em-sao-paulo-camara-devia-dar-salva-de-prata-as-maes-que-perderam-filhos-nos-embates-com-a-pm","status":"publish","type":"post","link":"https:\/\/psol50.org.br\/para-vereador-em-sao-paulo-camara-devia-dar-salva-de-prata-as-maes-que-perderam-filhos-nos-embates-com-a-pm\/","title":{"rendered":"Para vereador em S\u00e3o Paulo, C\u00e2mara devia dar Salva de Prata \u00e0s m\u00e3es que perderam filhos nos embates com a PM"},"content":{"rendered":"<p style=\"text-align: justify;\">\n\tCom 37 votos favor\u00e1veis, 15 contr\u00e1rios e uma absten\u00e7\u00e3o, a C\u00e2mara Municipal de S\u00e3o Paulo aprovou, na ter\u00e7a-feira (3), a salva de prata que concede homenagem \u00e0 Rota (Ronda Ostensiva Tobias Aguiar). Proposto pelo ex-chefe da corpora\u00e7\u00e3o, vereador Coronel Telhada (PSDB), o projeto enfrentou resist\u00eancia por parte dos vereadores da Casa e por militantes de movimentos sociais que estiveram presentes para barrar a homenagem. Como era previsto, houve tumulto e trucul\u00eancia policial com os ativistas.<\/p>\n<p>\tPor tr\u00eas tentativas, a homenagem ficou pendente de vota\u00e7\u00e3o ao n\u00e3o conseguir o voto favor\u00e1vel de 37 dos 55 vereadores. Isso ocorreu ap\u00f3s o vereador Toninho Vespoli (PSOL) pedir vota\u00e7\u00e3o nominal, o que for\u00e7ou a bancada do PT, a maior da Casa com 11 vereadores, a votar contra o projeto. Mesmo assim, o esfor\u00e7o do vereador n\u00e3o foi suficiente para barrar a homenagem.<\/p>\n<p>\tEm entrevista ao jornal Brasil de Fato, Vespoli afirma que o n\u00facleo do PT \u2013 exceto dois vereadores \u2013 queria que a homenagem fosse logo aprovada \u2018para poder votar outros projetos\u2019. Ele tamb\u00e9m lamenta que essa salva de prata para a Rota tenha passado pela Casa, pois considera que o efetivo da Pol\u00edcia Militar n\u00e3o est\u00e1 a servi\u00e7o da sociedade.<\/p>\n<p>\t\u201cSe a gente for ver mesmo o papel da pol\u00edcia e suas leis, elas s\u00e3o para proteger quem tem bens, a propriedade privada e o capital. N\u00e3o est\u00e1 para proteger o ser humano.\u201d<\/p>\n<p>\tConfira abaixo a \u00edntegra da entrevista concedida ao Brasil de Fato.<\/p>\n<p>\t<strong>Brasil de Fato <\/strong>\u2013 Na ter\u00e7a-feira (03) foi aprovada, por 37 votos favor\u00e1veis, a chamada salva de pratas \u00e0 Rota. O senhor, que desde o in\u00edcio se posicionou contra essa homenagem, como avalia essa aprova\u00e7\u00e3o da C\u00e2mara?<br \/>\n\t<strong>Toninho Vespoli <\/strong>\u2013 Foi ruim para a cidade de S\u00e3o Paulo e principalmente para a imagem da C\u00e2mara Municipal, porque \u00e9 s\u00f3 andar na periferia da cidade que a gente vai ver a avalia\u00e7\u00e3o que as pessoas t\u00eam dessa organiza\u00e7\u00e3o. A C\u00e2mara devia dar uma salva de prata \u00e0s m\u00e3es que perderam seus filhos nos embates com a PM. Principalmente da Rota. At\u00e9 porque a Rota \u00e9 um efetivo da PM que tem mais ou menos 14% das mortes em confrontos com pessoas da sociedade. E 60% delas nunca tiveram passagem na pol\u00edcia. Aqui no Brasil tem algumas coisas que s\u00e3o legitimadas. Algumas institui\u00e7\u00f5es podem fazer justi\u00e7a com as pr\u00f3prias m\u00e3os. Ent\u00e3o, se for bandido, t\u00e1 no direito de matar. \u00c9 grav\u00edssimo isso.<\/p>\n<p>\t<strong>Brasil de Fat<\/strong>o &#8211; O Mapa da Viol\u00eancia aponta que as principais v\u00edtimas da viol\u00eancia policial s\u00e3o os jovens negros e moradores das periferias. Para entidades de direitos humanos, a alta letalidade policial \u00e9 ineficiente no objetivo de conter a viol\u00eancia. Ent\u00e3o, qual o sentido ou a justificativa de uma homenagem dessas?<br \/>\n\t<strong>Toninho Vespoli<\/strong> &#8211; Claro que a princ\u00edpio todos os vereadores podem propor homenagem. Entre acordos hist\u00f3ricos da C\u00e2mara, cada vereador pode apresentar oito Projetos de Lei (PDL), oito homenagens por ano. Se voc\u00ea pegar as homenagens do vereador Telhada s\u00e3o todas para a corpora\u00e7\u00e3o, ou para um coronel, ou para um tenente ou para a cavalaria. N\u00e3o sou contra. As pessoas t\u00eam o direito de propor. O problema \u00e9 que, por exemplo, eu estou como vereador hoje, mas sou um professor, ent\u00e3o eu n\u00e3o posso olhar simplesmente agora de uma maneira corporativista para os professores. Eu tenho que ter propostas para cidade de S\u00e3o Paulo. Eu tenho que prestar homenagens \u00e0s v\u00e1rias organiza\u00e7\u00f5es de pessoas que realmente contribu\u00edram para a melhoria de qualidade de vida como cidad\u00e3os da cidade.<\/p>\n<p>\tAs vezes eu fico at\u00e9 pensando que algumas salvas de pratas que ele prop\u00f5e \u00e9 no que ele vai propor para causar para ficar na m\u00eddia. N\u00e3o \u00e9 poss\u00edvel. Ele vai colocando essas coisas porque ele sabe que na C\u00e2mara tem gente que n\u00e3o comunga com essas quest\u00f5es e que vai polemizar, e a pol\u00eamica faz com que ele alcance a m\u00eddia.<\/p>\n<p>\t<strong>Brasil de Fato<\/strong> &#8211; Em abril, quando teve a primeira vota\u00e7\u00e3o para essa homenagem, sete dos 11 vereadores do PT foram a favor do projeto. Mas ontem todos se posicionaram contra. O que fez eles mudarem de opini\u00e3o?<br \/>\n\t<strong>Toninho Vespoili<\/strong> &#8211; S\u00e3o dois aspectos. Na verdade eles n\u00e3o foram a favor. Quando voc\u00ea prop\u00f5e um PDL a uma homenagem, passa uma lista para voc\u00ea assinar, se voc\u00ea concorda ou n\u00e3o com o projeto. Esses vereadores assinaram essa lista concordando com o PDL. Conversei com dois deles, inclusive com o vereador Alfredinho (PT) que tamb\u00e9m assinou. Ele falou para mim que tem tantos pap\u00e9is para assinar que \u00e9 meio que de praxe voc\u00ea n\u00e3o ser contra homenagens. As pessoas costumam nem reparar direito e acabam assinando. As vezes vem 30 ou 40 pap\u00e9is para voc\u00ea assinar de uma vez s\u00f3. O certo era voc\u00ea ler com calma cada um. Isso acaba atrapalhando um pouco o racioc\u00ednio das pessoas. Isso \u00e9 uma coisa. \u00c9 isso que eles falam.<\/p>\n<p>\tMas apesar do PT ter votado contra, o n\u00facleo do PT na C\u00e2mara Municipal, por debaixo dos panos, n\u00e3o via a hora que o projeto fosse aprovado. Na verdade, a C\u00e2mara ficou meio parada, inclusive com pautas com projetos do governo.<\/p>\n<p>\tUm fato concreto \u00e9, por exemplo, na terceira vota\u00e7\u00e3o, que eles conseguiram 36 votos. O Jos\u00e9 Am\u00e9rico (PT) [presidente da C\u00e2mara] pediu o adiamento da quest\u00e3o por cinco minutos. Na verdade, o adiamento foi quase dez minutos, porque tentava-se equacionar o problema. Um vereador do PSDB tava ligando para todos os gabinetes pedindo para os outros vereadores descerem para votar, nitidamente dando tempo para que o PSDB pudesse articular a situa\u00e7\u00e3o. Mesmo assim eles n\u00e3o conseguiram.<\/p>\n<p>\tNas falas no plen\u00e1rio, os vereadores do PT queriam votar logo o Projeto. Apesar que tinha os contras, que era a Juliana o Nabil. Mas por debaixo do pano o governo se preocupou que isso estava travando a pauta do executivo, dos interesses da C\u00e2mara, e queriam limpar isso logo da pauta para poder votar outros projetos. O n\u00facleo do PT trabalhou para isso.<\/p>\n<p>\t<strong>Brasil de Fato<\/strong> &#8211; Como \u00e9 vista pelo senhor essa postura do Telhada em convocar policiais e familiares para for\u00e7arem a aprova\u00e7\u00e3o do projeto?<br \/>\n\t<strong>Toninho Vespoli<\/strong> &#8211; Como ele j\u00e1 tinha tentado tr\u00eas vezes e n\u00e3o tinha conseguido, foi uma artimanha para tentar pressionar os vereadores que estavam meio em d\u00favida. \u00c9 at\u00e9 leg\u00edtimo, democr\u00e1tico. Eu posso ter opini\u00e3o totalmente contr\u00e1ria, divergente, mas voc\u00ea viver com a democracia, mesmo quando voc\u00ea perde, faz parte.<\/p>\n<p>\tAs pessoas que se manifestarem quanto a isso e chamarem outras pessoas para manifestar \u00e9 leg\u00edtimo. O que eu n\u00e3o abro m\u00e3o \u00e9 das minhas convic\u00e7\u00f5es. Sou totalmente contra a proposta.<\/p>\n<p>\tSe a gente for ver mesmo o papel da pol\u00edcia e as leis, elas s\u00e3o para proteger quem tem bens, a propriedade privada e o capital. N\u00e3o est\u00e1 para proteger o ser humano. Mas n\u00e3o d\u00e1 para falar que eles fizeram errado. Foi a primeira vez que eu vi aquela galeria cheia. Eu acho que o debate \u00e9 importante. Independente das posi\u00e7\u00f5es pol\u00edticas, a cidade tem que discutir mais as coisas que acontecem na C\u00e2mara Municipal.<\/p>\n<p>\t<strong>Brasil de Fato<\/strong> &#8211; Qual a opini\u00e3o do senhor sobre a desmilitariza\u00e7\u00e3o da pol\u00edcia?<br \/>\n\t<strong>Toninho Vespoli<\/strong> &#8211; Eu sou a favor da desmilitariza\u00e7\u00e3o. Porque \u00e9 um escopo que vem desde a ditadura, e se a gente olhar para todo esse processo, quando a gente fala que a pol\u00edcia \u00e9 violenta, uma a\u00e7\u00e3o preconceituosa contra o pobre e principalmente contra o negro, isso vem de todo aquele perfil da ditadura que, inclusive, a Rota fez parte desse processo, que era abafar os movimentos sociais. Toda essa ideologia est\u00e1 ainda carregada na Pol\u00edcia Militar.<\/p>\n<p>\tEnt\u00e3o, desmilitarizar a pol\u00edcia, passa por discutir por qual concep\u00e7\u00e3o de pol\u00edcia que a gente quer na sociedade.<\/p>\n","protected":false},"excerpt":{"rendered":"<p>Com 37 votos favor\u00e1veis, 15 contr\u00e1rios e uma absten\u00e7\u00e3o, a C\u00e2mara Municipal de S\u00e3o Paulo aprovou, na ter\u00e7a-feira (3), a salva de prata que concede homenagem \u00e0 Rota (Ronda Ostensiva Tobias Aguiar). Proposto pelo ex-chefe da corpora\u00e7\u00e3o, vereador Coronel Telhada (PSDB), o projeto enfrentou resist\u00eancia por parte dos vereadores da Casa e por militantes de [&hellip;]<\/p>\n","protected":false},"author":2,"featured_media":0,"comment_status":"open","ping_status":"open","sticky":false,"template":"","format":"standard","meta":{"_acf_changed":false,"footnotes":""},"categories":[4766],"tags":[],"class_list":{"0":"post-2258","1":"post","2":"type-post","3":"status-publish","4":"format-standard","6":"category-arquivo"},"acf":[],"yoast_head":"<!-- This site is optimized with the Yoast SEO plugin v26.5 - https:\/\/yoast.com\/wordpress\/plugins\/seo\/ -->\n<title>Para vereador em S\u00e3o Paulo, C\u00e2mara devia dar Salva de Prata \u00e0s m\u00e3es que perderam filhos nos embates com a PM - PSOL 50<\/title>\n<meta name=\"robots\" content=\"index, follow, max-snippet:-1, max-image-preview:large, max-video-preview:-1\" \/>\n<link rel=\"canonical\" href=\"https:\/\/psol50.org.br\/para-vereador-em-sao-paulo-camara-devia-dar-salva-de-prata-as-maes-que-perderam-filhos-nos-embates-com-a-pm\/\" \/>\n<meta property=\"og:locale\" content=\"pt_BR\" \/>\n<meta property=\"og:type\" content=\"article\" \/>\n<meta property=\"og:title\" content=\"Para vereador em S\u00e3o Paulo, C\u00e2mara devia dar Salva de Prata \u00e0s m\u00e3es que perderam filhos nos embates com a PM - PSOL 50\" \/>\n<meta property=\"og:description\" content=\"Com 37 votos favor\u00e1veis, 15 contr\u00e1rios e uma absten\u00e7\u00e3o, a C\u00e2mara Municipal de S\u00e3o Paulo aprovou, na ter\u00e7a-feira (3), a salva de prata que concede homenagem \u00e0 Rota (Ronda Ostensiva Tobias Aguiar). Proposto pelo ex-chefe da corpora\u00e7\u00e3o, vereador Coronel Telhada (PSDB), o projeto enfrentou resist\u00eancia por parte dos vereadores da Casa e por militantes de [&hellip;]\" \/>\n<meta property=\"og:url\" content=\"https:\/\/psol50.org.br\/para-vereador-em-sao-paulo-camara-devia-dar-salva-de-prata-as-maes-que-perderam-filhos-nos-embates-com-a-pm\/\" \/>\n<meta property=\"og:site_name\" content=\"PSOL 50\" \/>\n<meta property=\"article:publisher\" content=\"https:\/\/www.facebook.com\/psol50\" \/>\n<meta property=\"article:published_time\" content=\"2013-09-05T00:00:00+00:00\" \/>\n<meta property=\"og:image\" content=\"https:\/\/psol50.org.br\/inc\/uploads\/2018\/07\/capa.png\" \/>\n\t<meta property=\"og:image:width\" content=\"1350\" \/>\n\t<meta property=\"og:image:height\" content=\"900\" \/>\n\t<meta property=\"og:image:type\" content=\"image\/png\" \/>\n<meta name=\"author\" content=\"Comunica\u00e7\u00e3o PSOL\" \/>\n<meta name=\"twitter:card\" content=\"summary_large_image\" \/>\n<meta name=\"twitter:creator\" content=\"@psol50\" \/>\n<meta name=\"twitter:site\" content=\"@psol50\" \/>\n<meta name=\"twitter:label1\" content=\"Escrito por\" \/>\n\t<meta name=\"twitter:data1\" content=\"Comunica\u00e7\u00e3o PSOL\" \/>\n\t<meta name=\"twitter:label2\" content=\"Est. tempo de leitura\" \/>\n\t<meta name=\"twitter:data2\" content=\"7 minutos\" \/>\n<script type=\"application\/ld+json\" class=\"yoast-schema-graph\">{\"@context\":\"https:\/\/schema.org\",\"@graph\":[{\"@type\":\"Article\",\"@id\":\"https:\/\/psol50.org.br\/para-vereador-em-sao-paulo-camara-devia-dar-salva-de-prata-as-maes-que-perderam-filhos-nos-embates-com-a-pm\/#article\",\"isPartOf\":{\"@id\":\"https:\/\/psol50.org.br\/para-vereador-em-sao-paulo-camara-devia-dar-salva-de-prata-as-maes-que-perderam-filhos-nos-embates-com-a-pm\/\"},\"author\":{\"name\":\"Comunica\u00e7\u00e3o PSOL\",\"@id\":\"https:\/\/psol50.org.br\/#\/schema\/person\/475dfa57d0b815993c714c2e96491fcd\"},\"headline\":\"Para vereador em S\u00e3o Paulo, C\u00e2mara devia dar Salva de Prata \u00e0s m\u00e3es que perderam filhos nos embates com a PM\",\"datePublished\":\"2013-09-05T00:00:00+00:00\",\"mainEntityOfPage\":{\"@id\":\"https:\/\/psol50.org.br\/para-vereador-em-sao-paulo-camara-devia-dar-salva-de-prata-as-maes-que-perderam-filhos-nos-embates-com-a-pm\/\"},\"wordCount\":1399,\"commentCount\":0,\"publisher\":{\"@id\":\"https:\/\/psol50.org.br\/#organization\"},\"articleSection\":[\"Arquivo\"],\"inLanguage\":\"pt-BR\",\"potentialAction\":[{\"@type\":\"CommentAction\",\"name\":\"Comment\",\"target\":[\"https:\/\/psol50.org.br\/para-vereador-em-sao-paulo-camara-devia-dar-salva-de-prata-as-maes-que-perderam-filhos-nos-embates-com-a-pm\/#respond\"]}]},{\"@type\":\"WebPage\",\"@id\":\"https:\/\/psol50.org.br\/para-vereador-em-sao-paulo-camara-devia-dar-salva-de-prata-as-maes-que-perderam-filhos-nos-embates-com-a-pm\/\",\"url\":\"https:\/\/psol50.org.br\/para-vereador-em-sao-paulo-camara-devia-dar-salva-de-prata-as-maes-que-perderam-filhos-nos-embates-com-a-pm\/\",\"name\":\"Para vereador em S\u00e3o Paulo, C\u00e2mara devia dar Salva de Prata \u00e0s m\u00e3es que perderam filhos nos embates com a PM - PSOL 50\",\"isPartOf\":{\"@id\":\"https:\/\/psol50.org.br\/#website\"},\"datePublished\":\"2013-09-05T00:00:00+00:00\",\"breadcrumb\":{\"@id\":\"https:\/\/psol50.org.br\/para-vereador-em-sao-paulo-camara-devia-dar-salva-de-prata-as-maes-que-perderam-filhos-nos-embates-com-a-pm\/#breadcrumb\"},\"inLanguage\":\"pt-BR\",\"potentialAction\":[{\"@type\":\"ReadAction\",\"target\":[\"https:\/\/psol50.org.br\/para-vereador-em-sao-paulo-camara-devia-dar-salva-de-prata-as-maes-que-perderam-filhos-nos-embates-com-a-pm\/\"]}]},{\"@type\":\"BreadcrumbList\",\"@id\":\"https:\/\/psol50.org.br\/para-vereador-em-sao-paulo-camara-devia-dar-salva-de-prata-as-maes-que-perderam-filhos-nos-embates-com-a-pm\/#breadcrumb\",\"itemListElement\":[{\"@type\":\"ListItem\",\"position\":1,\"name\":\"In\u00edcio\",\"item\":\"https:\/\/psol50.org.br\/\"},{\"@type\":\"ListItem\",\"position\":2,\"name\":\"Para vereador em S\u00e3o Paulo, C\u00e2mara devia dar Salva de Prata \u00e0s m\u00e3es que perderam filhos nos embates com a PM\"}]},{\"@type\":\"WebSite\",\"@id\":\"https:\/\/psol50.org.br\/#website\",\"url\":\"https:\/\/psol50.org.br\/\",\"name\":\"PSOL 50\",\"description\":\"Site oficial do Partido Socialismo e Liberdade\",\"publisher\":{\"@id\":\"https:\/\/psol50.org.br\/#organization\"},\"alternateName\":\"PSOL50\",\"potentialAction\":[{\"@type\":\"SearchAction\",\"target\":{\"@type\":\"EntryPoint\",\"urlTemplate\":\"https:\/\/psol50.org.br\/?s={search_term_string}\"},\"query-input\":{\"@type\":\"PropertyValueSpecification\",\"valueRequired\":true,\"valueName\":\"search_term_string\"}}],\"inLanguage\":\"pt-BR\"},{\"@type\":\"Organization\",\"@id\":\"https:\/\/psol50.org.br\/#organization\",\"name\":\"PSOL 50\",\"alternateName\":\"PSOL 50\",\"url\":\"https:\/\/psol50.org.br\/\",\"logo\":{\"@type\":\"ImageObject\",\"inLanguage\":\"pt-BR\",\"@id\":\"https:\/\/psol50.org.br\/#\/schema\/logo\/image\/\",\"url\":\"https:\/\/psol50.org.br\/inc\/uploads\/2018\/07\/capa.png\",\"contentUrl\":\"https:\/\/psol50.org.br\/inc\/uploads\/2018\/07\/capa.png\",\"width\":1350,\"height\":900,\"caption\":\"PSOL 50\"},\"image\":{\"@id\":\"https:\/\/psol50.org.br\/#\/schema\/logo\/image\/\"},\"sameAs\":[\"https:\/\/www.facebook.com\/psol50\",\"https:\/\/x.com\/psol50\",\"https:\/\/www.instagram.com\/psol50\/\",\"https:\/\/www.youtube.com\/channel\/UC7SnJS5o1os7a6CaiNabzcg\"]},{\"@type\":\"Person\",\"@id\":\"https:\/\/psol50.org.br\/#\/schema\/person\/475dfa57d0b815993c714c2e96491fcd\",\"name\":\"Comunica\u00e7\u00e3o PSOL\",\"image\":{\"@type\":\"ImageObject\",\"inLanguage\":\"pt-BR\",\"@id\":\"https:\/\/psol50.org.br\/#\/schema\/person\/image\/\",\"url\":\"https:\/\/secure.gravatar.com\/avatar\/b34fc4f4e468a4e51785917065a3db57b841f5c95dba6ad8c73aaf8f66f8f9bf?s=96&d=mm&r=g\",\"contentUrl\":\"https:\/\/secure.gravatar.com\/avatar\/b34fc4f4e468a4e51785917065a3db57b841f5c95dba6ad8c73aaf8f66f8f9bf?s=96&d=mm&r=g\",\"caption\":\"Comunica\u00e7\u00e3o PSOL\"}}]}<\/script>\n<!-- \/ Yoast SEO plugin. -->","yoast_head_json":{"title":"Para vereador em S\u00e3o Paulo, C\u00e2mara devia dar Salva de Prata \u00e0s m\u00e3es que perderam filhos nos embates com a PM - PSOL 50","robots":{"index":"index","follow":"follow","max-snippet":"max-snippet:-1","max-image-preview":"max-image-preview:large","max-video-preview":"max-video-preview:-1"},"canonical":"https:\/\/psol50.org.br\/para-vereador-em-sao-paulo-camara-devia-dar-salva-de-prata-as-maes-que-perderam-filhos-nos-embates-com-a-pm\/","og_locale":"pt_BR","og_type":"article","og_title":"Para vereador em S\u00e3o Paulo, C\u00e2mara devia dar Salva de Prata \u00e0s m\u00e3es que perderam filhos nos embates com a PM - PSOL 50","og_description":"Com 37 votos favor\u00e1veis, 15 contr\u00e1rios e uma absten\u00e7\u00e3o, a C\u00e2mara Municipal de S\u00e3o Paulo aprovou, na ter\u00e7a-feira (3), a salva de prata que concede homenagem \u00e0 Rota (Ronda Ostensiva Tobias Aguiar). Proposto pelo ex-chefe da corpora\u00e7\u00e3o, vereador Coronel Telhada (PSDB), o projeto enfrentou resist\u00eancia por parte dos vereadores da Casa e por militantes de [&hellip;]","og_url":"https:\/\/psol50.org.br\/para-vereador-em-sao-paulo-camara-devia-dar-salva-de-prata-as-maes-que-perderam-filhos-nos-embates-com-a-pm\/","og_site_name":"PSOL 50","article_publisher":"https:\/\/www.facebook.com\/psol50","article_published_time":"2013-09-05T00:00:00+00:00","og_image":[{"width":1350,"height":900,"url":"https:\/\/psol50.org.br\/inc\/uploads\/2018\/07\/capa.png","type":"image\/png"}],"author":"Comunica\u00e7\u00e3o PSOL","twitter_card":"summary_large_image","twitter_creator":"@psol50","twitter_site":"@psol50","twitter_misc":{"Escrito por":"Comunica\u00e7\u00e3o PSOL","Est. tempo de leitura":"7 minutos"},"schema":{"@context":"https:\/\/schema.org","@graph":[{"@type":"Article","@id":"https:\/\/psol50.org.br\/para-vereador-em-sao-paulo-camara-devia-dar-salva-de-prata-as-maes-que-perderam-filhos-nos-embates-com-a-pm\/#article","isPartOf":{"@id":"https:\/\/psol50.org.br\/para-vereador-em-sao-paulo-camara-devia-dar-salva-de-prata-as-maes-que-perderam-filhos-nos-embates-com-a-pm\/"},"author":{"name":"Comunica\u00e7\u00e3o PSOL","@id":"https:\/\/psol50.org.br\/#\/schema\/person\/475dfa57d0b815993c714c2e96491fcd"},"headline":"Para vereador em S\u00e3o Paulo, C\u00e2mara devia dar Salva de Prata \u00e0s m\u00e3es que perderam filhos nos embates com a PM","datePublished":"2013-09-05T00:00:00+00:00","mainEntityOfPage":{"@id":"https:\/\/psol50.org.br\/para-vereador-em-sao-paulo-camara-devia-dar-salva-de-prata-as-maes-que-perderam-filhos-nos-embates-com-a-pm\/"},"wordCount":1399,"commentCount":0,"publisher":{"@id":"https:\/\/psol50.org.br\/#organization"},"articleSection":["Arquivo"],"inLanguage":"pt-BR","potentialAction":[{"@type":"CommentAction","name":"Comment","target":["https:\/\/psol50.org.br\/para-vereador-em-sao-paulo-camara-devia-dar-salva-de-prata-as-maes-que-perderam-filhos-nos-embates-com-a-pm\/#respond"]}]},{"@type":"WebPage","@id":"https:\/\/psol50.org.br\/para-vereador-em-sao-paulo-camara-devia-dar-salva-de-prata-as-maes-que-perderam-filhos-nos-embates-com-a-pm\/","url":"https:\/\/psol50.org.br\/para-vereador-em-sao-paulo-camara-devia-dar-salva-de-prata-as-maes-que-perderam-filhos-nos-embates-com-a-pm\/","name":"Para vereador em S\u00e3o Paulo, C\u00e2mara devia dar Salva de Prata \u00e0s m\u00e3es que perderam filhos nos embates com a PM - PSOL 50","isPartOf":{"@id":"https:\/\/psol50.org.br\/#website"},"datePublished":"2013-09-05T00:00:00+00:00","breadcrumb":{"@id":"https:\/\/psol50.org.br\/para-vereador-em-sao-paulo-camara-devia-dar-salva-de-prata-as-maes-que-perderam-filhos-nos-embates-com-a-pm\/#breadcrumb"},"inLanguage":"pt-BR","potentialAction":[{"@type":"ReadAction","target":["https:\/\/psol50.org.br\/para-vereador-em-sao-paulo-camara-devia-dar-salva-de-prata-as-maes-que-perderam-filhos-nos-embates-com-a-pm\/"]}]},{"@type":"BreadcrumbList","@id":"https:\/\/psol50.org.br\/para-vereador-em-sao-paulo-camara-devia-dar-salva-de-prata-as-maes-que-perderam-filhos-nos-embates-com-a-pm\/#breadcrumb","itemListElement":[{"@type":"ListItem","position":1,"name":"In\u00edcio","item":"https:\/\/psol50.org.br\/"},{"@type":"ListItem","position":2,"name":"Para vereador em S\u00e3o Paulo, C\u00e2mara devia dar Salva de Prata \u00e0s m\u00e3es que perderam filhos nos embates com a PM"}]},{"@type":"WebSite","@id":"https:\/\/psol50.org.br\/#website","url":"https:\/\/psol50.org.br\/","name":"PSOL 50","description":"Site oficial do Partido Socialismo e Liberdade","publisher":{"@id":"https:\/\/psol50.org.br\/#organization"},"alternateName":"PSOL50","potentialAction":[{"@type":"SearchAction","target":{"@type":"EntryPoint","urlTemplate":"https:\/\/psol50.org.br\/?s={search_term_string}"},"query-input":{"@type":"PropertyValueSpecification","valueRequired":true,"valueName":"search_term_string"}}],"inLanguage":"pt-BR"},{"@type":"Organization","@id":"https:\/\/psol50.org.br\/#organization","name":"PSOL 50","alternateName":"PSOL 50","url":"https:\/\/psol50.org.br\/","logo":{"@type":"ImageObject","inLanguage":"pt-BR","@id":"https:\/\/psol50.org.br\/#\/schema\/logo\/image\/","url":"https:\/\/psol50.org.br\/inc\/uploads\/2018\/07\/capa.png","contentUrl":"https:\/\/psol50.org.br\/inc\/uploads\/2018\/07\/capa.png","width":1350,"height":900,"caption":"PSOL 50"},"image":{"@id":"https:\/\/psol50.org.br\/#\/schema\/logo\/image\/"},"sameAs":["https:\/\/www.facebook.com\/psol50","https:\/\/x.com\/psol50","https:\/\/www.instagram.com\/psol50\/","https:\/\/www.youtube.com\/channel\/UC7SnJS5o1os7a6CaiNabzcg"]},{"@type":"Person","@id":"https:\/\/psol50.org.br\/#\/schema\/person\/475dfa57d0b815993c714c2e96491fcd","name":"Comunica\u00e7\u00e3o PSOL","image":{"@type":"ImageObject","inLanguage":"pt-BR","@id":"https:\/\/psol50.org.br\/#\/schema\/person\/image\/","url":"https:\/\/secure.gravatar.com\/avatar\/b34fc4f4e468a4e51785917065a3db57b841f5c95dba6ad8c73aaf8f66f8f9bf?s=96&d=mm&r=g","contentUrl":"https:\/\/secure.gravatar.com\/avatar\/b34fc4f4e468a4e51785917065a3db57b841f5c95dba6ad8c73aaf8f66f8f9bf?s=96&d=mm&r=g","caption":"Comunica\u00e7\u00e3o PSOL"}}]}},"_links":{"self":[{"href":"https:\/\/psol50.org.br\/rest\/wp\/v2\/posts\/2258","targetHints":{"allow":["GET"]}}],"collection":[{"href":"https:\/\/psol50.org.br\/rest\/wp\/v2\/posts"}],"about":[{"href":"https:\/\/psol50.org.br\/rest\/wp\/v2\/types\/post"}],"author":[{"embeddable":true,"href":"https:\/\/psol50.org.br\/rest\/wp\/v2\/users\/2"}],"replies":[{"embeddable":true,"href":"https:\/\/psol50.org.br\/rest\/wp\/v2\/comments?post=2258"}],"version-history":[{"count":0,"href":"https:\/\/psol50.org.br\/rest\/wp\/v2\/posts\/2258\/revisions"}],"wp:attachment":[{"href":"https:\/\/psol50.org.br\/rest\/wp\/v2\/media?parent=2258"}],"wp:term":[{"taxonomy":"category","embeddable":true,"href":"https:\/\/psol50.org.br\/rest\/wp\/v2\/categories?post=2258"},{"taxonomy":"post_tag","embeddable":true,"href":"https:\/\/psol50.org.br\/rest\/wp\/v2\/tags?post=2258"}],"curies":[{"name":"wp","href":"https:\/\/api.w.org\/{rel}","templated":true}]}}