{"id":2259,"date":"2013-09-05T00:00:00","date_gmt":"2013-09-05T00:00:00","guid":{"rendered":"http:\/\/psol50.org.br\/arquivo\/2013\/09\/05\/no-dia-7-de-setembro-manifestacoes-em-brasilia-farao-contraponto-a-desfile-oficial-e-a-jogo-do-brasil-no-mane-garrincha\/"},"modified":"2013-09-05T00:00:00","modified_gmt":"2013-09-05T00:00:00","slug":"no-dia-7-de-setembro-manifestacoes-em-brasilia-farao-contraponto-a-desfile-oficial-e-a-jogo-do-brasil-no-mane-garrincha","status":"publish","type":"post","link":"https:\/\/psol50.org.br\/no-dia-7-de-setembro-manifestacoes-em-brasilia-farao-contraponto-a-desfile-oficial-e-a-jogo-do-brasil-no-mane-garrincha\/","title":{"rendered":"No dia 7 de Setembro, manifesta\u00e7\u00f5es em Bras\u00edlia far\u00e3o contraponto a desfile oficial e a jogo do Brasil, no Man\u00e9 Garrincha"},"content":{"rendered":"<p style=\"text-align: justify;\">\n\t<em>Do site do PSOL Nacional, Leonor Costa<\/p>\n<p>\tPelo menos tr\u00eas protestos est\u00e3o sendo convocados por militantes sociais e estudantes. Grito dos Exclu\u00eddos reunir\u00e1 bandeiras hist\u00f3ricas da esquerda e far\u00e1 cr\u00edtica aos gastos com a Copa<\/em><\/p>\n<p>\tSe para alguns moradores da capital federal o dia 7 de Setembro \u00e9 apenas um feriado no calend\u00e1rio ou um dia de ir \u00e0 Esplanada dos Minist\u00e9rios ver o desfile c\u00edvico, para uma outra parcela importante da popula\u00e7\u00e3o \u00e9 dia de protestar contra uma s\u00e9rie de demandas que preocupam milhares de pessoas. A expectativa \u00e9 que enquanto a presidente Dilma Rousseff e outras autoridades conduzam os festejos oficiais, pelo menos duas manifesta\u00e7\u00f5es sejam realizadas, pela manh\u00e3, nas proximidades do Pal\u00e1cio do Planalto e do Congresso Nacional.<\/p>\n<p>\tNa pauta, os diversos anseios de militantes sociais, trabalhadores e estudantes, externados nos protestos ocorridos este ano, denominados de jornadas de junho. E, diferentemente dos que ir\u00e3o \u00e0 Esplanda para assistir ao tradicional desfile de 7 de Setembro, os que marcarem presen\u00e7a nas manifesta\u00e7\u00f5es ir\u00e3o cobrar mudan\u00e7as nos rumos das pol\u00edticas implementadas pelo governo federal, com o apoio do Congresso Nacional. Ainda que as pautas sejam diversas, a den\u00fancia provavelmente ser\u00e1 a mesma: as coisas n\u00e3o andam nada bem no pa\u00eds e \u00e9 preciso mobiliza\u00e7\u00e3o para mud\u00e1-las.<\/p>\n<p>\tAs manifesta\u00e7\u00f5es Marcha a Bras\u00edlia e Ocupe Bras\u00edlia 7 de Setembro, convocadas pelas redes sociais, ter\u00e3o concentra\u00e7\u00e3o no Pal\u00e1cio do Planalto e no Congresso Nacional, pela manh\u00e3. Para os dois protestos, que em algum momento devem se encontrar, j\u00e1 est\u00e3o confirmadas cerca de 12 mil pessoas. Mas a estimativa \u00e9 que ao todo, ao longo do dia, esse n\u00famero chegue a 50 mil.<\/p>\n<p>\t\u201cEstamos vivendo um momento \u00fanico em nosso pa\u00eds. As manifesta\u00e7\u00f5es que n\u00e3o v\u00edamos h\u00e1 20 anos surgem dos jovens com um objetivo \u00fanico: reconstruir o Brasil. Com o amadurecimento do conhecimento pol\u00edtico e a reflex\u00e3o acerca das atrocidades de gest\u00e3o p\u00fablica vistas neste pa\u00eds, devemos protestar e exigir que mudan\u00e7as sejam feitas\u201d, ressalta a convocat\u00f3ria para o Ocupa Bras\u00edlia 7 de Setembro, no evento criado no facebook.<\/p>\n<p>\t<strong>Grito contra gastos com a Copa e desigualdade social<\/strong><br \/>\n\tConvocado para o meio dia, o Grito dos Exclu\u00eddos, manifesta\u00e7\u00e3o que ocorre h\u00e1 v\u00e1rios anos na mesma data, traz em sua pauta de reivindica\u00e7\u00f5es eixos defendidos historicamente pelos movimentos sociais e partidos pol\u00edticos do campo da esquerda. Al\u00e9m de Bras\u00edlia, onde a concentra\u00e7\u00e3o ser\u00e1 na Rodovi\u00e1ria do Plano Piloto (local de grande tr\u00e2nsito de trabalhadores), o Grito tamb\u00e9m acontecer\u00e1 em v\u00e1rias outras capitais do pa\u00eds.<\/p>\n<p>\tNa convocat\u00f3ria, os organizadores do ato afirmam que 7 de setembro \u00e9 dia de indigna\u00e7\u00e3o e lutas, uma vez que o povo brasileiro nunca conquistou sua independ\u00eancia de fato. \u201cContinuamos um dos pa\u00edses com a maior desigualdade do mundo e, atualmente, com um processo grande de retirada de direitos e viol\u00eancia contra nossa juventude\u201d, afirma o texto.<\/p>\n<p>\tEntre os eixos da manifesta\u00e7\u00e3o, se destaca a cr\u00edtica aos gastos com a Copa das Confedera\u00e7\u00e3o, que j\u00e1 ocorreu, e com a Copa do Mundo de 2014. \u201cUm dos s\u00edmbolos da viol\u00eancia do Estado encontra-se na total prioridade aos interesses da Fifa em detrimento dos interesses sociais do povo. No dia 7 de setembro, al\u00e9m da falsa independ\u00eancia, haver\u00e1 jogo do Brasil no fraudulento est\u00e1dio Nacional. \u00c9 dia do povo do DF e do Entorno se indignar\u201d, refor\u00e7a a convocat\u00f3ria.<\/p>\n<p>\tDa Rodovi\u00e1ria do Plano Piloto, os manifestantes devem caminhar em dire\u00e7\u00e3o ao Est\u00e1dio Nacional, chamado carinhosamente pela popula\u00e7\u00e3o de Est\u00e1dio Man\u00e9 Garrincha.<\/p>\n<p>\tOs organizadores do Grito dos Exclu\u00eddos em Bras\u00edlia ressaltam outros problemas os quais sofre a popula\u00e7\u00e3o do Distrito Federal. Desemprego, viol\u00eancia e exclus\u00e3o social s\u00e3o algumas das car\u00eancias apontadas. \u201cAqui, onde o desemprego dos jovens atingem a mais de 25%, convivemos com a desigualdade e a exclus\u00e3o social no dia a dia. Enquanto o GDF e uns poucos celebram um est\u00e1dio superfaturado, o povo e a juventude sofrem com a aus\u00eancia de pol\u00edticas sociais e perspectiva de vida. As mobiliza\u00e7\u00f5es de junho nos ensinaram que s\u00f3 a luta concreta, organizada \u00e9 capaz de reverter a (des)ordem instalada. Por isto, neste dia dos(as) exclu\u00eddos(as), convidamos todas e todas para rumar ao Est\u00e1dio, em uma grande luta em prol dos direitos sociais, contra a viol\u00eancia e o exterm\u00ednio de nossa juventude\u201d, finaliza o texto.<\/p>\n","protected":false},"excerpt":{"rendered":"<p>Do site do PSOL Nacional, Leonor Costa Pelo menos tr\u00eas protestos est\u00e3o sendo convocados por militantes sociais e estudantes. Grito dos Exclu\u00eddos reunir\u00e1 bandeiras hist\u00f3ricas da esquerda e far\u00e1 cr\u00edtica aos gastos com a Copa Se para alguns moradores da capital federal o dia 7 de Setembro \u00e9 apenas um feriado no calend\u00e1rio ou um [&hellip;]<\/p>\n","protected":false},"author":2,"featured_media":0,"comment_status":"open","ping_status":"open","sticky":false,"template":"","format":"standard","meta":{"_acf_changed":false,"footnotes":""},"categories":[4766],"tags":[],"class_list":{"0":"post-2259","1":"post","2":"type-post","3":"status-publish","4":"format-standard","6":"category-arquivo"},"acf":[],"yoast_head":"<!-- This site is optimized with the Yoast SEO plugin v26.5 - https:\/\/yoast.com\/wordpress\/plugins\/seo\/ -->\n<title>No dia 7 de Setembro, manifesta\u00e7\u00f5es em Bras\u00edlia far\u00e3o contraponto a desfile oficial e a jogo do Brasil, no Man\u00e9 Garrincha - PSOL 50<\/title>\n<meta name=\"robots\" content=\"index, follow, max-snippet:-1, max-image-preview:large, max-video-preview:-1\" \/>\n<link rel=\"canonical\" href=\"https:\/\/psol50.org.br\/no-dia-7-de-setembro-manifestacoes-em-brasilia-farao-contraponto-a-desfile-oficial-e-a-jogo-do-brasil-no-mane-garrincha\/\" \/>\n<meta property=\"og:locale\" content=\"pt_BR\" \/>\n<meta property=\"og:type\" content=\"article\" \/>\n<meta property=\"og:title\" content=\"No dia 7 de Setembro, manifesta\u00e7\u00f5es em Bras\u00edlia far\u00e3o contraponto a desfile oficial e a jogo do Brasil, no Man\u00e9 Garrincha - PSOL 50\" \/>\n<meta property=\"og:description\" content=\"Do site do PSOL Nacional, Leonor Costa Pelo menos tr\u00eas protestos est\u00e3o sendo convocados por militantes sociais e estudantes. Grito dos Exclu\u00eddos reunir\u00e1 bandeiras hist\u00f3ricas da esquerda e far\u00e1 cr\u00edtica aos gastos com a Copa Se para alguns moradores da capital federal o dia 7 de Setembro \u00e9 apenas um feriado no calend\u00e1rio ou um [&hellip;]\" \/>\n<meta property=\"og:url\" content=\"https:\/\/psol50.org.br\/no-dia-7-de-setembro-manifestacoes-em-brasilia-farao-contraponto-a-desfile-oficial-e-a-jogo-do-brasil-no-mane-garrincha\/\" \/>\n<meta property=\"og:site_name\" content=\"PSOL 50\" \/>\n<meta property=\"article:publisher\" content=\"https:\/\/www.facebook.com\/psol50\" \/>\n<meta property=\"article:published_time\" content=\"2013-09-05T00:00:00+00:00\" \/>\n<meta property=\"og:image\" content=\"https:\/\/psol50.org.br\/inc\/uploads\/2018\/07\/capa.png\" \/>\n\t<meta property=\"og:image:width\" content=\"1350\" \/>\n\t<meta property=\"og:image:height\" content=\"900\" \/>\n\t<meta property=\"og:image:type\" content=\"image\/png\" \/>\n<meta name=\"author\" content=\"Comunica\u00e7\u00e3o PSOL\" \/>\n<meta name=\"twitter:card\" content=\"summary_large_image\" \/>\n<meta name=\"twitter:creator\" content=\"@psol50\" \/>\n<meta name=\"twitter:site\" content=\"@psol50\" \/>\n<meta name=\"twitter:label1\" content=\"Escrito por\" \/>\n\t<meta name=\"twitter:data1\" content=\"Comunica\u00e7\u00e3o PSOL\" \/>\n\t<meta name=\"twitter:label2\" content=\"Est. tempo de leitura\" \/>\n\t<meta name=\"twitter:data2\" content=\"4 minutos\" \/>\n<script type=\"application\/ld+json\" class=\"yoast-schema-graph\">{\"@context\":\"https:\/\/schema.org\",\"@graph\":[{\"@type\":\"Article\",\"@id\":\"https:\/\/psol50.org.br\/no-dia-7-de-setembro-manifestacoes-em-brasilia-farao-contraponto-a-desfile-oficial-e-a-jogo-do-brasil-no-mane-garrincha\/#article\",\"isPartOf\":{\"@id\":\"https:\/\/psol50.org.br\/no-dia-7-de-setembro-manifestacoes-em-brasilia-farao-contraponto-a-desfile-oficial-e-a-jogo-do-brasil-no-mane-garrincha\/\"},\"author\":{\"name\":\"Comunica\u00e7\u00e3o PSOL\",\"@id\":\"https:\/\/psol50.org.br\/#\/schema\/person\/475dfa57d0b815993c714c2e96491fcd\"},\"headline\":\"No dia 7 de Setembro, manifesta\u00e7\u00f5es em Bras\u00edlia far\u00e3o contraponto a desfile oficial e a jogo do Brasil, no Man\u00e9 Garrincha\",\"datePublished\":\"2013-09-05T00:00:00+00:00\",\"mainEntityOfPage\":{\"@id\":\"https:\/\/psol50.org.br\/no-dia-7-de-setembro-manifestacoes-em-brasilia-farao-contraponto-a-desfile-oficial-e-a-jogo-do-brasil-no-mane-garrincha\/\"},\"wordCount\":800,\"commentCount\":0,\"publisher\":{\"@id\":\"https:\/\/psol50.org.br\/#organization\"},\"articleSection\":[\"Arquivo\"],\"inLanguage\":\"pt-BR\",\"potentialAction\":[{\"@type\":\"CommentAction\",\"name\":\"Comment\",\"target\":[\"https:\/\/psol50.org.br\/no-dia-7-de-setembro-manifestacoes-em-brasilia-farao-contraponto-a-desfile-oficial-e-a-jogo-do-brasil-no-mane-garrincha\/#respond\"]}]},{\"@type\":\"WebPage\",\"@id\":\"https:\/\/psol50.org.br\/no-dia-7-de-setembro-manifestacoes-em-brasilia-farao-contraponto-a-desfile-oficial-e-a-jogo-do-brasil-no-mane-garrincha\/\",\"url\":\"https:\/\/psol50.org.br\/no-dia-7-de-setembro-manifestacoes-em-brasilia-farao-contraponto-a-desfile-oficial-e-a-jogo-do-brasil-no-mane-garrincha\/\",\"name\":\"No dia 7 de Setembro, manifesta\u00e7\u00f5es em Bras\u00edlia far\u00e3o contraponto a desfile oficial e a jogo do Brasil, no Man\u00e9 Garrincha - PSOL 50\",\"isPartOf\":{\"@id\":\"https:\/\/psol50.org.br\/#website\"},\"datePublished\":\"2013-09-05T00:00:00+00:00\",\"breadcrumb\":{\"@id\":\"https:\/\/psol50.org.br\/no-dia-7-de-setembro-manifestacoes-em-brasilia-farao-contraponto-a-desfile-oficial-e-a-jogo-do-brasil-no-mane-garrincha\/#breadcrumb\"},\"inLanguage\":\"pt-BR\",\"potentialAction\":[{\"@type\":\"ReadAction\",\"target\":[\"https:\/\/psol50.org.br\/no-dia-7-de-setembro-manifestacoes-em-brasilia-farao-contraponto-a-desfile-oficial-e-a-jogo-do-brasil-no-mane-garrincha\/\"]}]},{\"@type\":\"BreadcrumbList\",\"@id\":\"https:\/\/psol50.org.br\/no-dia-7-de-setembro-manifestacoes-em-brasilia-farao-contraponto-a-desfile-oficial-e-a-jogo-do-brasil-no-mane-garrincha\/#breadcrumb\",\"itemListElement\":[{\"@type\":\"ListItem\",\"position\":1,\"name\":\"In\u00edcio\",\"item\":\"https:\/\/psol50.org.br\/\"},{\"@type\":\"ListItem\",\"position\":2,\"name\":\"No dia 7 de Setembro, manifesta\u00e7\u00f5es em Bras\u00edlia far\u00e3o contraponto a desfile oficial e a jogo do Brasil, no Man\u00e9 Garrincha\"}]},{\"@type\":\"WebSite\",\"@id\":\"https:\/\/psol50.org.br\/#website\",\"url\":\"https:\/\/psol50.org.br\/\",\"name\":\"PSOL 50\",\"description\":\"Site oficial do Partido Socialismo e Liberdade\",\"publisher\":{\"@id\":\"https:\/\/psol50.org.br\/#organization\"},\"alternateName\":\"PSOL50\",\"potentialAction\":[{\"@type\":\"SearchAction\",\"target\":{\"@type\":\"EntryPoint\",\"urlTemplate\":\"https:\/\/psol50.org.br\/?s={search_term_string}\"},\"query-input\":{\"@type\":\"PropertyValueSpecification\",\"valueRequired\":true,\"valueName\":\"search_term_string\"}}],\"inLanguage\":\"pt-BR\"},{\"@type\":\"Organization\",\"@id\":\"https:\/\/psol50.org.br\/#organization\",\"name\":\"PSOL 50\",\"alternateName\":\"PSOL 50\",\"url\":\"https:\/\/psol50.org.br\/\",\"logo\":{\"@type\":\"ImageObject\",\"inLanguage\":\"pt-BR\",\"@id\":\"https:\/\/psol50.org.br\/#\/schema\/logo\/image\/\",\"url\":\"https:\/\/psol50.org.br\/inc\/uploads\/2018\/07\/capa.png\",\"contentUrl\":\"https:\/\/psol50.org.br\/inc\/uploads\/2018\/07\/capa.png\",\"width\":1350,\"height\":900,\"caption\":\"PSOL 50\"},\"image\":{\"@id\":\"https:\/\/psol50.org.br\/#\/schema\/logo\/image\/\"},\"sameAs\":[\"https:\/\/www.facebook.com\/psol50\",\"https:\/\/x.com\/psol50\",\"https:\/\/www.instagram.com\/psol50\/\",\"https:\/\/www.youtube.com\/channel\/UC7SnJS5o1os7a6CaiNabzcg\"]},{\"@type\":\"Person\",\"@id\":\"https:\/\/psol50.org.br\/#\/schema\/person\/475dfa57d0b815993c714c2e96491fcd\",\"name\":\"Comunica\u00e7\u00e3o PSOL\",\"image\":{\"@type\":\"ImageObject\",\"inLanguage\":\"pt-BR\",\"@id\":\"https:\/\/psol50.org.br\/#\/schema\/person\/image\/\",\"url\":\"https:\/\/secure.gravatar.com\/avatar\/b34fc4f4e468a4e51785917065a3db57b841f5c95dba6ad8c73aaf8f66f8f9bf?s=96&d=mm&r=g\",\"contentUrl\":\"https:\/\/secure.gravatar.com\/avatar\/b34fc4f4e468a4e51785917065a3db57b841f5c95dba6ad8c73aaf8f66f8f9bf?s=96&d=mm&r=g\",\"caption\":\"Comunica\u00e7\u00e3o PSOL\"}}]}<\/script>\n<!-- \/ Yoast SEO plugin. -->","yoast_head_json":{"title":"No dia 7 de Setembro, manifesta\u00e7\u00f5es em Bras\u00edlia far\u00e3o contraponto a desfile oficial e a jogo do Brasil, no Man\u00e9 Garrincha - PSOL 50","robots":{"index":"index","follow":"follow","max-snippet":"max-snippet:-1","max-image-preview":"max-image-preview:large","max-video-preview":"max-video-preview:-1"},"canonical":"https:\/\/psol50.org.br\/no-dia-7-de-setembro-manifestacoes-em-brasilia-farao-contraponto-a-desfile-oficial-e-a-jogo-do-brasil-no-mane-garrincha\/","og_locale":"pt_BR","og_type":"article","og_title":"No dia 7 de Setembro, manifesta\u00e7\u00f5es em Bras\u00edlia far\u00e3o contraponto a desfile oficial e a jogo do Brasil, no Man\u00e9 Garrincha - PSOL 50","og_description":"Do site do PSOL Nacional, Leonor Costa Pelo menos tr\u00eas protestos est\u00e3o sendo convocados por militantes sociais e estudantes. Grito dos Exclu\u00eddos reunir\u00e1 bandeiras hist\u00f3ricas da esquerda e far\u00e1 cr\u00edtica aos gastos com a Copa Se para alguns moradores da capital federal o dia 7 de Setembro \u00e9 apenas um feriado no calend\u00e1rio ou um [&hellip;]","og_url":"https:\/\/psol50.org.br\/no-dia-7-de-setembro-manifestacoes-em-brasilia-farao-contraponto-a-desfile-oficial-e-a-jogo-do-brasil-no-mane-garrincha\/","og_site_name":"PSOL 50","article_publisher":"https:\/\/www.facebook.com\/psol50","article_published_time":"2013-09-05T00:00:00+00:00","og_image":[{"width":1350,"height":900,"url":"https:\/\/psol50.org.br\/inc\/uploads\/2018\/07\/capa.png","type":"image\/png"}],"author":"Comunica\u00e7\u00e3o PSOL","twitter_card":"summary_large_image","twitter_creator":"@psol50","twitter_site":"@psol50","twitter_misc":{"Escrito por":"Comunica\u00e7\u00e3o PSOL","Est. tempo de leitura":"4 minutos"},"schema":{"@context":"https:\/\/schema.org","@graph":[{"@type":"Article","@id":"https:\/\/psol50.org.br\/no-dia-7-de-setembro-manifestacoes-em-brasilia-farao-contraponto-a-desfile-oficial-e-a-jogo-do-brasil-no-mane-garrincha\/#article","isPartOf":{"@id":"https:\/\/psol50.org.br\/no-dia-7-de-setembro-manifestacoes-em-brasilia-farao-contraponto-a-desfile-oficial-e-a-jogo-do-brasil-no-mane-garrincha\/"},"author":{"name":"Comunica\u00e7\u00e3o PSOL","@id":"https:\/\/psol50.org.br\/#\/schema\/person\/475dfa57d0b815993c714c2e96491fcd"},"headline":"No dia 7 de Setembro, manifesta\u00e7\u00f5es em Bras\u00edlia far\u00e3o contraponto a desfile oficial e a jogo do Brasil, no Man\u00e9 Garrincha","datePublished":"2013-09-05T00:00:00+00:00","mainEntityOfPage":{"@id":"https:\/\/psol50.org.br\/no-dia-7-de-setembro-manifestacoes-em-brasilia-farao-contraponto-a-desfile-oficial-e-a-jogo-do-brasil-no-mane-garrincha\/"},"wordCount":800,"commentCount":0,"publisher":{"@id":"https:\/\/psol50.org.br\/#organization"},"articleSection":["Arquivo"],"inLanguage":"pt-BR","potentialAction":[{"@type":"CommentAction","name":"Comment","target":["https:\/\/psol50.org.br\/no-dia-7-de-setembro-manifestacoes-em-brasilia-farao-contraponto-a-desfile-oficial-e-a-jogo-do-brasil-no-mane-garrincha\/#respond"]}]},{"@type":"WebPage","@id":"https:\/\/psol50.org.br\/no-dia-7-de-setembro-manifestacoes-em-brasilia-farao-contraponto-a-desfile-oficial-e-a-jogo-do-brasil-no-mane-garrincha\/","url":"https:\/\/psol50.org.br\/no-dia-7-de-setembro-manifestacoes-em-brasilia-farao-contraponto-a-desfile-oficial-e-a-jogo-do-brasil-no-mane-garrincha\/","name":"No dia 7 de Setembro, manifesta\u00e7\u00f5es em Bras\u00edlia far\u00e3o contraponto a desfile oficial e a jogo do Brasil, no Man\u00e9 Garrincha - PSOL 50","isPartOf":{"@id":"https:\/\/psol50.org.br\/#website"},"datePublished":"2013-09-05T00:00:00+00:00","breadcrumb":{"@id":"https:\/\/psol50.org.br\/no-dia-7-de-setembro-manifestacoes-em-brasilia-farao-contraponto-a-desfile-oficial-e-a-jogo-do-brasil-no-mane-garrincha\/#breadcrumb"},"inLanguage":"pt-BR","potentialAction":[{"@type":"ReadAction","target":["https:\/\/psol50.org.br\/no-dia-7-de-setembro-manifestacoes-em-brasilia-farao-contraponto-a-desfile-oficial-e-a-jogo-do-brasil-no-mane-garrincha\/"]}]},{"@type":"BreadcrumbList","@id":"https:\/\/psol50.org.br\/no-dia-7-de-setembro-manifestacoes-em-brasilia-farao-contraponto-a-desfile-oficial-e-a-jogo-do-brasil-no-mane-garrincha\/#breadcrumb","itemListElement":[{"@type":"ListItem","position":1,"name":"In\u00edcio","item":"https:\/\/psol50.org.br\/"},{"@type":"ListItem","position":2,"name":"No dia 7 de Setembro, manifesta\u00e7\u00f5es em Bras\u00edlia far\u00e3o contraponto a desfile oficial e a jogo do Brasil, no Man\u00e9 Garrincha"}]},{"@type":"WebSite","@id":"https:\/\/psol50.org.br\/#website","url":"https:\/\/psol50.org.br\/","name":"PSOL 50","description":"Site oficial do Partido Socialismo e Liberdade","publisher":{"@id":"https:\/\/psol50.org.br\/#organization"},"alternateName":"PSOL50","potentialAction":[{"@type":"SearchAction","target":{"@type":"EntryPoint","urlTemplate":"https:\/\/psol50.org.br\/?s={search_term_string}"},"query-input":{"@type":"PropertyValueSpecification","valueRequired":true,"valueName":"search_term_string"}}],"inLanguage":"pt-BR"},{"@type":"Organization","@id":"https:\/\/psol50.org.br\/#organization","name":"PSOL 50","alternateName":"PSOL 50","url":"https:\/\/psol50.org.br\/","logo":{"@type":"ImageObject","inLanguage":"pt-BR","@id":"https:\/\/psol50.org.br\/#\/schema\/logo\/image\/","url":"https:\/\/psol50.org.br\/inc\/uploads\/2018\/07\/capa.png","contentUrl":"https:\/\/psol50.org.br\/inc\/uploads\/2018\/07\/capa.png","width":1350,"height":900,"caption":"PSOL 50"},"image":{"@id":"https:\/\/psol50.org.br\/#\/schema\/logo\/image\/"},"sameAs":["https:\/\/www.facebook.com\/psol50","https:\/\/x.com\/psol50","https:\/\/www.instagram.com\/psol50\/","https:\/\/www.youtube.com\/channel\/UC7SnJS5o1os7a6CaiNabzcg"]},{"@type":"Person","@id":"https:\/\/psol50.org.br\/#\/schema\/person\/475dfa57d0b815993c714c2e96491fcd","name":"Comunica\u00e7\u00e3o PSOL","image":{"@type":"ImageObject","inLanguage":"pt-BR","@id":"https:\/\/psol50.org.br\/#\/schema\/person\/image\/","url":"https:\/\/secure.gravatar.com\/avatar\/b34fc4f4e468a4e51785917065a3db57b841f5c95dba6ad8c73aaf8f66f8f9bf?s=96&d=mm&r=g","contentUrl":"https:\/\/secure.gravatar.com\/avatar\/b34fc4f4e468a4e51785917065a3db57b841f5c95dba6ad8c73aaf8f66f8f9bf?s=96&d=mm&r=g","caption":"Comunica\u00e7\u00e3o PSOL"}}]}},"_links":{"self":[{"href":"https:\/\/psol50.org.br\/rest\/wp\/v2\/posts\/2259","targetHints":{"allow":["GET"]}}],"collection":[{"href":"https:\/\/psol50.org.br\/rest\/wp\/v2\/posts"}],"about":[{"href":"https:\/\/psol50.org.br\/rest\/wp\/v2\/types\/post"}],"author":[{"embeddable":true,"href":"https:\/\/psol50.org.br\/rest\/wp\/v2\/users\/2"}],"replies":[{"embeddable":true,"href":"https:\/\/psol50.org.br\/rest\/wp\/v2\/comments?post=2259"}],"version-history":[{"count":0,"href":"https:\/\/psol50.org.br\/rest\/wp\/v2\/posts\/2259\/revisions"}],"wp:attachment":[{"href":"https:\/\/psol50.org.br\/rest\/wp\/v2\/media?parent=2259"}],"wp:term":[{"taxonomy":"category","embeddable":true,"href":"https:\/\/psol50.org.br\/rest\/wp\/v2\/categories?post=2259"},{"taxonomy":"post_tag","embeddable":true,"href":"https:\/\/psol50.org.br\/rest\/wp\/v2\/tags?post=2259"}],"curies":[{"name":"wp","href":"https:\/\/api.w.org\/{rel}","templated":true}]}}