{"id":2265,"date":"2013-09-09T00:00:00","date_gmt":"2013-09-09T00:00:00","guid":{"rendered":"http:\/\/psol50.org.br\/arquivo\/2013\/09\/09\/policia-atira-com-arma-letal-atropela-e-deixa-um-cego-nos-atos-de-7-de-setembro\/"},"modified":"2013-09-09T00:00:00","modified_gmt":"2013-09-09T00:00:00","slug":"policia-atira-com-arma-letal-atropela-e-deixa-um-cego-nos-atos-de-7-de-setembro","status":"publish","type":"post","link":"https:\/\/psol50.org.br\/policia-atira-com-arma-letal-atropela-e-deixa-um-cego-nos-atos-de-7-de-setembro\/","title":{"rendered":"Pol\u00edcia atira com arma letal, atropela e deixa um cego nos atos de 7 de Setembro"},"content":{"rendered":"<div style=\"text-align: justify;\">\n\t<em>Al\u00e9m de S\u00e3o Paulo, Rio de Janeiro e Bras\u00edlia, outras onze capitais tiveram manifesta\u00e7\u00f5es, todas com registros de abusos e viol\u00eancia policial<\/em><br \/>\n\t&nbsp;<br \/>\n\tNo Brasil, o dia 7 de setembro de 2013 ficar\u00e1 marcado por epis\u00f3dios de extrema viol\u00eancia policial contra manifestantes. Em S\u00e3o Paulo (SP), um PM fez diversos disparos com arma letal contra um grupo de pessoas na regi\u00e3o do centro, atingindo um fot\u00f3grafo no queixo. No Rio de Janeiro (RJ), centenas de pessoas foram detidas por estarem \u2018mascaradas\u2019. J\u00e1 em Bras\u00edlia (DF), um capit\u00e3o do Batalh\u00e3o de Choque diz ter jogado intencionalmente spray de pimenta em manifestantes.<br \/>\n\t&nbsp;<br \/>\n\tO estudante Vitor Ara\u00fajo, que fazia a transmiss\u00e3o ao vivo do protesto em S\u00e3o Paulo pelo Basta TV, foi atingido no olho direito por estilha\u00e7os de bombas lan\u00e7adas pela PM. Encaminhado ao Hospital das Cl\u00ednicas, ele passar\u00e1 por cirurgia, mas ficar\u00e1 cego.<br \/>\n\t&nbsp;<br \/>\n\tO Grupo de Apoio ao Protesto Popular (Gapp) socorreu no m\u00ednimo mais oito manifestantes feridos durante o ato no centro da cidade. Josiane Martins foi uma das pessoas agredidas por policiais. \u201cN\u00e3o tive nem tempo de reagir. Acordei do lado de uma barraca de jornal sendo ajudada por alguns manifestantes e m\u00e9dicos. Lembro de pouca coisa do que aconteceu. Fiquei um certo tempo imobilizada no ch\u00e3o em estado de choque, fui levada pro pronto socorro do HC, onde fiquei em observa\u00e7\u00e3o. Foi feita uma bateria de exames, fui medicada com morfina para controlar a dor que eu estava sentindo.\u201d, relatou.<br \/>\n\t&nbsp;<br \/>\n\tAinda no centro de S\u00e3o Paulo, pelo menos quatro pessoas foram atropeladas, duas na regi\u00e3o da S\u00e9. Uma das v\u00edtimas foi atingida, propositalmente, por uma viatura da Pol\u00edcia Militar.<br \/>\n\t&nbsp;<br \/>\n\t<strong>Rio de Janeiro<\/strong><br \/>\n\tNo Rio, a pol\u00edcia n\u00e3o hesitou em jogar dezenas de bombas de g\u00e1s lacrimog\u00eaneo e de efeito moral contra manifestantes que protestavam pacificamente. Tamb\u00e9m atingiram centenas de familiares dos militares que desfilavam, entre os quais havia mulheres, idosos e crian\u00e7as. Na correria, muitas pessoas ficaram feridas. Um idoso foi atropelado por uma viatura da PM.<br \/>\n\t&nbsp;<br \/>\n\tEnquanto filmava a pris\u00e3o de um manifestante, o jornalista do jornal&nbsp;<em>A Nova Democracia<\/em>, Patrick Granja, foi preso acusado de agredir um PM.<br \/>\n\t&nbsp;<br \/>\n\t\u2018<strong>Pode denunciar\u2019<\/strong><br \/>\n\tUm capit\u00e3o do Batalh\u00e3o de Choque da Pol\u00edcia Militar do Distrito Federal atingiu intencionalmente manifestantes com spray de pimenta durante o protesto do Grito dos Exclu\u00eddos, em Bras\u00edlia. No v\u00eddeo, feito por ativistas, v\u00ea-se que os manifestantes atingidos n\u00e3o estavam agindo violentamente, nem tentando passar pelo limite imposto pela pol\u00edcia.<\/p>\n<p>\tO manifestante que faz as imagens pergunta, ent\u00e3o, por que o capit\u00e3o havia jogado o g\u00e1s. &#8220;Porque eu quis. Pode ir l\u00e1 e denunciar, t\u00e1 bom? Capit\u00e3o Bruno, BP Choque&#8221;, respondeu o policial.<br \/>\n\t&nbsp;<br \/>\n\tA Secretaria de Seguran\u00e7a P\u00fablica do DF disse que o caso s\u00f3 ser\u00e1 investigado se uma queixa formal for feita \u00e0 Corregedoria da PM. Se houver den\u00fancias, informou a secretaria, os casos ser\u00e3o investigados e os policiais podem ser punidos com advert\u00eancias leves ou at\u00e9 pris\u00e3o militar.<br \/>\n\t&nbsp;<br \/>\n\tAinda em Bras\u00edlia, manifestantes foram atacados por cachorros da Pol\u00edcia, que tentava impedir a marcha at\u00e9 o Congresso. Bombas de g\u00e1s lacrimog\u00eanio e sprays de pimenta tamb\u00e9m marcaram o evento.<br \/>\n\t&nbsp;<br \/>\n\tOs casos de abusos cometidos por policiais devem ser investigados pelas corregedorias e pelas secretarias de seguran\u00e7a p\u00fablica de respectivas capitais. Os protestos do dia 7 de setembro se alastraram por mais onze capitais, todas com registros de abusos e viol\u00eancia policial. Mais de 400 pessoas foram presas, mas n\u00e3o se sabe ao certo quantas ainda continuam detidas.<\/div>\n<p>&nbsp;<\/p>\n","protected":false},"excerpt":{"rendered":"<p>Al\u00e9m de S\u00e3o Paulo, Rio de Janeiro e Bras\u00edlia, outras onze capitais tiveram manifesta\u00e7\u00f5es, todas com registros de abusos e viol\u00eancia policial &nbsp; No Brasil, o dia 7 de setembro de 2013 ficar\u00e1 marcado por epis\u00f3dios de extrema viol\u00eancia policial contra manifestantes. Em S\u00e3o Paulo (SP), um PM fez diversos disparos com arma letal contra [&hellip;]<\/p>\n","protected":false},"author":2,"featured_media":0,"comment_status":"open","ping_status":"open","sticky":false,"template":"","format":"standard","meta":{"_acf_changed":false,"footnotes":""},"categories":[4766],"tags":[],"class_list":{"0":"post-2265","1":"post","2":"type-post","3":"status-publish","4":"format-standard","6":"category-arquivo"},"acf":[],"yoast_head":"<!-- This site is optimized with the Yoast SEO plugin v26.5 - https:\/\/yoast.com\/wordpress\/plugins\/seo\/ -->\n<title>Pol\u00edcia atira com arma letal, atropela e deixa um cego nos atos de 7 de Setembro - PSOL 50<\/title>\n<meta name=\"robots\" content=\"index, follow, max-snippet:-1, max-image-preview:large, max-video-preview:-1\" \/>\n<link rel=\"canonical\" href=\"https:\/\/psol50.org.br\/policia-atira-com-arma-letal-atropela-e-deixa-um-cego-nos-atos-de-7-de-setembro\/\" \/>\n<meta property=\"og:locale\" content=\"pt_BR\" \/>\n<meta property=\"og:type\" content=\"article\" \/>\n<meta property=\"og:title\" content=\"Pol\u00edcia atira com arma letal, atropela e deixa um cego nos atos de 7 de Setembro - PSOL 50\" \/>\n<meta property=\"og:description\" content=\"Al\u00e9m de S\u00e3o Paulo, Rio de Janeiro e Bras\u00edlia, outras onze capitais tiveram manifesta\u00e7\u00f5es, todas com registros de abusos e viol\u00eancia policial &nbsp; No Brasil, o dia 7 de setembro de 2013 ficar\u00e1 marcado por epis\u00f3dios de extrema viol\u00eancia policial contra manifestantes. Em S\u00e3o Paulo (SP), um PM fez diversos disparos com arma letal contra [&hellip;]\" \/>\n<meta property=\"og:url\" content=\"https:\/\/psol50.org.br\/policia-atira-com-arma-letal-atropela-e-deixa-um-cego-nos-atos-de-7-de-setembro\/\" \/>\n<meta property=\"og:site_name\" content=\"PSOL 50\" \/>\n<meta property=\"article:publisher\" content=\"https:\/\/www.facebook.com\/psol50\" \/>\n<meta property=\"article:published_time\" content=\"2013-09-09T00:00:00+00:00\" \/>\n<meta property=\"og:image\" content=\"https:\/\/psol50.org.br\/inc\/uploads\/2018\/07\/capa.png\" \/>\n\t<meta property=\"og:image:width\" content=\"1350\" \/>\n\t<meta property=\"og:image:height\" content=\"900\" \/>\n\t<meta property=\"og:image:type\" content=\"image\/png\" \/>\n<meta name=\"author\" content=\"Comunica\u00e7\u00e3o PSOL\" \/>\n<meta name=\"twitter:card\" content=\"summary_large_image\" \/>\n<meta name=\"twitter:creator\" content=\"@psol50\" \/>\n<meta name=\"twitter:site\" content=\"@psol50\" \/>\n<meta name=\"twitter:label1\" content=\"Escrito por\" \/>\n\t<meta name=\"twitter:data1\" content=\"Comunica\u00e7\u00e3o PSOL\" \/>\n\t<meta name=\"twitter:label2\" content=\"Est. tempo de leitura\" \/>\n\t<meta name=\"twitter:data2\" content=\"3 minutos\" \/>\n<script type=\"application\/ld+json\" class=\"yoast-schema-graph\">{\"@context\":\"https:\/\/schema.org\",\"@graph\":[{\"@type\":\"Article\",\"@id\":\"https:\/\/psol50.org.br\/policia-atira-com-arma-letal-atropela-e-deixa-um-cego-nos-atos-de-7-de-setembro\/#article\",\"isPartOf\":{\"@id\":\"https:\/\/psol50.org.br\/policia-atira-com-arma-letal-atropela-e-deixa-um-cego-nos-atos-de-7-de-setembro\/\"},\"author\":{\"name\":\"Comunica\u00e7\u00e3o PSOL\",\"@id\":\"https:\/\/psol50.org.br\/#\/schema\/person\/475dfa57d0b815993c714c2e96491fcd\"},\"headline\":\"Pol\u00edcia atira com arma letal, atropela e deixa um cego nos atos de 7 de Setembro\",\"datePublished\":\"2013-09-09T00:00:00+00:00\",\"mainEntityOfPage\":{\"@id\":\"https:\/\/psol50.org.br\/policia-atira-com-arma-letal-atropela-e-deixa-um-cego-nos-atos-de-7-de-setembro\/\"},\"wordCount\":657,\"commentCount\":0,\"publisher\":{\"@id\":\"https:\/\/psol50.org.br\/#organization\"},\"articleSection\":[\"Arquivo\"],\"inLanguage\":\"pt-BR\",\"potentialAction\":[{\"@type\":\"CommentAction\",\"name\":\"Comment\",\"target\":[\"https:\/\/psol50.org.br\/policia-atira-com-arma-letal-atropela-e-deixa-um-cego-nos-atos-de-7-de-setembro\/#respond\"]}]},{\"@type\":\"WebPage\",\"@id\":\"https:\/\/psol50.org.br\/policia-atira-com-arma-letal-atropela-e-deixa-um-cego-nos-atos-de-7-de-setembro\/\",\"url\":\"https:\/\/psol50.org.br\/policia-atira-com-arma-letal-atropela-e-deixa-um-cego-nos-atos-de-7-de-setembro\/\",\"name\":\"Pol\u00edcia atira com arma letal, atropela e deixa um cego nos atos de 7 de Setembro - PSOL 50\",\"isPartOf\":{\"@id\":\"https:\/\/psol50.org.br\/#website\"},\"datePublished\":\"2013-09-09T00:00:00+00:00\",\"breadcrumb\":{\"@id\":\"https:\/\/psol50.org.br\/policia-atira-com-arma-letal-atropela-e-deixa-um-cego-nos-atos-de-7-de-setembro\/#breadcrumb\"},\"inLanguage\":\"pt-BR\",\"potentialAction\":[{\"@type\":\"ReadAction\",\"target\":[\"https:\/\/psol50.org.br\/policia-atira-com-arma-letal-atropela-e-deixa-um-cego-nos-atos-de-7-de-setembro\/\"]}]},{\"@type\":\"BreadcrumbList\",\"@id\":\"https:\/\/psol50.org.br\/policia-atira-com-arma-letal-atropela-e-deixa-um-cego-nos-atos-de-7-de-setembro\/#breadcrumb\",\"itemListElement\":[{\"@type\":\"ListItem\",\"position\":1,\"name\":\"In\u00edcio\",\"item\":\"https:\/\/psol50.org.br\/\"},{\"@type\":\"ListItem\",\"position\":2,\"name\":\"Pol\u00edcia atira com arma letal, atropela e deixa um cego nos atos de 7 de Setembro\"}]},{\"@type\":\"WebSite\",\"@id\":\"https:\/\/psol50.org.br\/#website\",\"url\":\"https:\/\/psol50.org.br\/\",\"name\":\"PSOL 50\",\"description\":\"Site oficial do Partido Socialismo e Liberdade\",\"publisher\":{\"@id\":\"https:\/\/psol50.org.br\/#organization\"},\"alternateName\":\"PSOL50\",\"potentialAction\":[{\"@type\":\"SearchAction\",\"target\":{\"@type\":\"EntryPoint\",\"urlTemplate\":\"https:\/\/psol50.org.br\/?s={search_term_string}\"},\"query-input\":{\"@type\":\"PropertyValueSpecification\",\"valueRequired\":true,\"valueName\":\"search_term_string\"}}],\"inLanguage\":\"pt-BR\"},{\"@type\":\"Organization\",\"@id\":\"https:\/\/psol50.org.br\/#organization\",\"name\":\"PSOL 50\",\"alternateName\":\"PSOL 50\",\"url\":\"https:\/\/psol50.org.br\/\",\"logo\":{\"@type\":\"ImageObject\",\"inLanguage\":\"pt-BR\",\"@id\":\"https:\/\/psol50.org.br\/#\/schema\/logo\/image\/\",\"url\":\"https:\/\/psol50.org.br\/inc\/uploads\/2018\/07\/capa.png\",\"contentUrl\":\"https:\/\/psol50.org.br\/inc\/uploads\/2018\/07\/capa.png\",\"width\":1350,\"height\":900,\"caption\":\"PSOL 50\"},\"image\":{\"@id\":\"https:\/\/psol50.org.br\/#\/schema\/logo\/image\/\"},\"sameAs\":[\"https:\/\/www.facebook.com\/psol50\",\"https:\/\/x.com\/psol50\",\"https:\/\/www.instagram.com\/psol50\/\",\"https:\/\/www.youtube.com\/channel\/UC7SnJS5o1os7a6CaiNabzcg\"]},{\"@type\":\"Person\",\"@id\":\"https:\/\/psol50.org.br\/#\/schema\/person\/475dfa57d0b815993c714c2e96491fcd\",\"name\":\"Comunica\u00e7\u00e3o PSOL\",\"image\":{\"@type\":\"ImageObject\",\"inLanguage\":\"pt-BR\",\"@id\":\"https:\/\/psol50.org.br\/#\/schema\/person\/image\/\",\"url\":\"https:\/\/secure.gravatar.com\/avatar\/b34fc4f4e468a4e51785917065a3db57b841f5c95dba6ad8c73aaf8f66f8f9bf?s=96&d=mm&r=g\",\"contentUrl\":\"https:\/\/secure.gravatar.com\/avatar\/b34fc4f4e468a4e51785917065a3db57b841f5c95dba6ad8c73aaf8f66f8f9bf?s=96&d=mm&r=g\",\"caption\":\"Comunica\u00e7\u00e3o PSOL\"}}]}<\/script>\n<!-- \/ Yoast SEO plugin. -->","yoast_head_json":{"title":"Pol\u00edcia atira com arma letal, atropela e deixa um cego nos atos de 7 de Setembro - PSOL 50","robots":{"index":"index","follow":"follow","max-snippet":"max-snippet:-1","max-image-preview":"max-image-preview:large","max-video-preview":"max-video-preview:-1"},"canonical":"https:\/\/psol50.org.br\/policia-atira-com-arma-letal-atropela-e-deixa-um-cego-nos-atos-de-7-de-setembro\/","og_locale":"pt_BR","og_type":"article","og_title":"Pol\u00edcia atira com arma letal, atropela e deixa um cego nos atos de 7 de Setembro - PSOL 50","og_description":"Al\u00e9m de S\u00e3o Paulo, Rio de Janeiro e Bras\u00edlia, outras onze capitais tiveram manifesta\u00e7\u00f5es, todas com registros de abusos e viol\u00eancia policial &nbsp; No Brasil, o dia 7 de setembro de 2013 ficar\u00e1 marcado por epis\u00f3dios de extrema viol\u00eancia policial contra manifestantes. Em S\u00e3o Paulo (SP), um PM fez diversos disparos com arma letal contra [&hellip;]","og_url":"https:\/\/psol50.org.br\/policia-atira-com-arma-letal-atropela-e-deixa-um-cego-nos-atos-de-7-de-setembro\/","og_site_name":"PSOL 50","article_publisher":"https:\/\/www.facebook.com\/psol50","article_published_time":"2013-09-09T00:00:00+00:00","og_image":[{"width":1350,"height":900,"url":"https:\/\/psol50.org.br\/inc\/uploads\/2018\/07\/capa.png","type":"image\/png"}],"author":"Comunica\u00e7\u00e3o PSOL","twitter_card":"summary_large_image","twitter_creator":"@psol50","twitter_site":"@psol50","twitter_misc":{"Escrito por":"Comunica\u00e7\u00e3o PSOL","Est. tempo de leitura":"3 minutos"},"schema":{"@context":"https:\/\/schema.org","@graph":[{"@type":"Article","@id":"https:\/\/psol50.org.br\/policia-atira-com-arma-letal-atropela-e-deixa-um-cego-nos-atos-de-7-de-setembro\/#article","isPartOf":{"@id":"https:\/\/psol50.org.br\/policia-atira-com-arma-letal-atropela-e-deixa-um-cego-nos-atos-de-7-de-setembro\/"},"author":{"name":"Comunica\u00e7\u00e3o PSOL","@id":"https:\/\/psol50.org.br\/#\/schema\/person\/475dfa57d0b815993c714c2e96491fcd"},"headline":"Pol\u00edcia atira com arma letal, atropela e deixa um cego nos atos de 7 de Setembro","datePublished":"2013-09-09T00:00:00+00:00","mainEntityOfPage":{"@id":"https:\/\/psol50.org.br\/policia-atira-com-arma-letal-atropela-e-deixa-um-cego-nos-atos-de-7-de-setembro\/"},"wordCount":657,"commentCount":0,"publisher":{"@id":"https:\/\/psol50.org.br\/#organization"},"articleSection":["Arquivo"],"inLanguage":"pt-BR","potentialAction":[{"@type":"CommentAction","name":"Comment","target":["https:\/\/psol50.org.br\/policia-atira-com-arma-letal-atropela-e-deixa-um-cego-nos-atos-de-7-de-setembro\/#respond"]}]},{"@type":"WebPage","@id":"https:\/\/psol50.org.br\/policia-atira-com-arma-letal-atropela-e-deixa-um-cego-nos-atos-de-7-de-setembro\/","url":"https:\/\/psol50.org.br\/policia-atira-com-arma-letal-atropela-e-deixa-um-cego-nos-atos-de-7-de-setembro\/","name":"Pol\u00edcia atira com arma letal, atropela e deixa um cego nos atos de 7 de Setembro - PSOL 50","isPartOf":{"@id":"https:\/\/psol50.org.br\/#website"},"datePublished":"2013-09-09T00:00:00+00:00","breadcrumb":{"@id":"https:\/\/psol50.org.br\/policia-atira-com-arma-letal-atropela-e-deixa-um-cego-nos-atos-de-7-de-setembro\/#breadcrumb"},"inLanguage":"pt-BR","potentialAction":[{"@type":"ReadAction","target":["https:\/\/psol50.org.br\/policia-atira-com-arma-letal-atropela-e-deixa-um-cego-nos-atos-de-7-de-setembro\/"]}]},{"@type":"BreadcrumbList","@id":"https:\/\/psol50.org.br\/policia-atira-com-arma-letal-atropela-e-deixa-um-cego-nos-atos-de-7-de-setembro\/#breadcrumb","itemListElement":[{"@type":"ListItem","position":1,"name":"In\u00edcio","item":"https:\/\/psol50.org.br\/"},{"@type":"ListItem","position":2,"name":"Pol\u00edcia atira com arma letal, atropela e deixa um cego nos atos de 7 de Setembro"}]},{"@type":"WebSite","@id":"https:\/\/psol50.org.br\/#website","url":"https:\/\/psol50.org.br\/","name":"PSOL 50","description":"Site oficial do Partido Socialismo e Liberdade","publisher":{"@id":"https:\/\/psol50.org.br\/#organization"},"alternateName":"PSOL50","potentialAction":[{"@type":"SearchAction","target":{"@type":"EntryPoint","urlTemplate":"https:\/\/psol50.org.br\/?s={search_term_string}"},"query-input":{"@type":"PropertyValueSpecification","valueRequired":true,"valueName":"search_term_string"}}],"inLanguage":"pt-BR"},{"@type":"Organization","@id":"https:\/\/psol50.org.br\/#organization","name":"PSOL 50","alternateName":"PSOL 50","url":"https:\/\/psol50.org.br\/","logo":{"@type":"ImageObject","inLanguage":"pt-BR","@id":"https:\/\/psol50.org.br\/#\/schema\/logo\/image\/","url":"https:\/\/psol50.org.br\/inc\/uploads\/2018\/07\/capa.png","contentUrl":"https:\/\/psol50.org.br\/inc\/uploads\/2018\/07\/capa.png","width":1350,"height":900,"caption":"PSOL 50"},"image":{"@id":"https:\/\/psol50.org.br\/#\/schema\/logo\/image\/"},"sameAs":["https:\/\/www.facebook.com\/psol50","https:\/\/x.com\/psol50","https:\/\/www.instagram.com\/psol50\/","https:\/\/www.youtube.com\/channel\/UC7SnJS5o1os7a6CaiNabzcg"]},{"@type":"Person","@id":"https:\/\/psol50.org.br\/#\/schema\/person\/475dfa57d0b815993c714c2e96491fcd","name":"Comunica\u00e7\u00e3o PSOL","image":{"@type":"ImageObject","inLanguage":"pt-BR","@id":"https:\/\/psol50.org.br\/#\/schema\/person\/image\/","url":"https:\/\/secure.gravatar.com\/avatar\/b34fc4f4e468a4e51785917065a3db57b841f5c95dba6ad8c73aaf8f66f8f9bf?s=96&d=mm&r=g","contentUrl":"https:\/\/secure.gravatar.com\/avatar\/b34fc4f4e468a4e51785917065a3db57b841f5c95dba6ad8c73aaf8f66f8f9bf?s=96&d=mm&r=g","caption":"Comunica\u00e7\u00e3o PSOL"}}]}},"_links":{"self":[{"href":"https:\/\/psol50.org.br\/rest\/wp\/v2\/posts\/2265","targetHints":{"allow":["GET"]}}],"collection":[{"href":"https:\/\/psol50.org.br\/rest\/wp\/v2\/posts"}],"about":[{"href":"https:\/\/psol50.org.br\/rest\/wp\/v2\/types\/post"}],"author":[{"embeddable":true,"href":"https:\/\/psol50.org.br\/rest\/wp\/v2\/users\/2"}],"replies":[{"embeddable":true,"href":"https:\/\/psol50.org.br\/rest\/wp\/v2\/comments?post=2265"}],"version-history":[{"count":0,"href":"https:\/\/psol50.org.br\/rest\/wp\/v2\/posts\/2265\/revisions"}],"wp:attachment":[{"href":"https:\/\/psol50.org.br\/rest\/wp\/v2\/media?parent=2265"}],"wp:term":[{"taxonomy":"category","embeddable":true,"href":"https:\/\/psol50.org.br\/rest\/wp\/v2\/categories?post=2265"},{"taxonomy":"post_tag","embeddable":true,"href":"https:\/\/psol50.org.br\/rest\/wp\/v2\/tags?post=2265"}],"curies":[{"name":"wp","href":"https:\/\/api.w.org\/{rel}","templated":true}]}}