{"id":2272,"date":"2013-09-11T00:00:00","date_gmt":"2013-09-11T00:00:00","guid":{"rendered":"http:\/\/psol50.org.br\/arquivo\/2013\/09\/11\/propostas-do-psol-para-uso-da-cota-parlamentar-devem-ser-implementadas-pela-camara\/"},"modified":"2013-09-11T00:00:00","modified_gmt":"2013-09-11T00:00:00","slug":"propostas-do-psol-para-uso-da-cota-parlamentar-devem-ser-implementadas-pela-camara","status":"publish","type":"post","link":"https:\/\/psol50.org.br\/propostas-do-psol-para-uso-da-cota-parlamentar-devem-ser-implementadas-pela-camara\/","title":{"rendered":"Propostas do PSOL para uso da cota parlamentar devem ser implementadas pela C\u00e2mara"},"content":{"rendered":"<div style=\"text-align: justify;\">\n\tParte das propostas feitas pelo deputado Chico Alencar (RJ), do PSOL, para uso da cota parlamentar devem ser implementadas pela C\u00e2mara dos Deputados. As novas regras, que ainda ser\u00e3o oficializadas pela presid\u00eancia da Casa, envolvem, principalmente, gastos com aluguel de ve\u00edculos.<br \/>\n\t&nbsp;<br \/>\n\tChico Alencar prop\u00f4s, em documento protocolado no dia 27 de agosto, medidas urgentes para uso da verba parlamentar, entre elas o limite de gasto com aluguel de ve\u00edculos; cria\u00e7\u00e3o de cadastro das locadoras de ve\u00edculos e est\u00edmulo \u00e0 concorr\u00eancia entre as empresas; proibi\u00e7\u00e3o do uso da cota para loca\u00e7\u00e3o de ve\u00edculos de luxo e apura\u00e7\u00e3o detalhada da utiliza\u00e7\u00e3o da cota parlamentar.<br \/>\n\t&nbsp;<br \/>\n\tOntem (10), o presidente da C\u00e2mara, Henrique Eduardo Alves, disse que a mesa diretora avalia as sugest\u00f5es e tamb\u00e9m deve incluir outras novas normas.<br \/>\n\tNos \u00faltimos dias, a imprensa divulgou que a cota parlamentar est\u00e1 sendo usada indiscriminadamente. Entre as den\u00fancias, empresas de loca\u00e7\u00e3o que lucraram mais R$ 500 mil em um ano, deputados que utilizaram R$ 15 mil somente com aluguel de carros e parlamentares que, na verdade, compravam ve\u00edculos, o que \u00e9 proibido.<br \/>\n\t&nbsp;<br \/>\n\t\u201cA gente tem que fazer nesse caso o elementar: transpar\u00eancia e rigor na utiliza\u00e7\u00e3o da cota parlamentar, que \u00e9 dinheiro p\u00fablico\u201d, afirma Chico Alencar, ao comentar a proposta.<\/div>\n<p>&nbsp;<\/p>\n","protected":false},"excerpt":{"rendered":"<p>Parte das propostas feitas pelo deputado Chico Alencar (RJ), do PSOL, para uso da cota parlamentar devem ser implementadas pela C\u00e2mara dos Deputados. As novas regras, que ainda ser\u00e3o oficializadas pela presid\u00eancia da Casa, envolvem, principalmente, gastos com aluguel de ve\u00edculos. &nbsp; Chico Alencar prop\u00f4s, em documento protocolado no dia 27 de agosto, medidas urgentes [&hellip;]<\/p>\n","protected":false},"author":2,"featured_media":0,"comment_status":"open","ping_status":"open","sticky":false,"template":"","format":"standard","meta":{"_acf_changed":false,"footnotes":""},"categories":[4766],"tags":[22],"class_list":{"0":"post-2272","1":"post","2":"type-post","3":"status-publish","4":"format-standard","6":"category-arquivo","7":"tag-psol"},"acf":[],"yoast_head":"<!-- This site is optimized with the Yoast SEO plugin v26.5 - https:\/\/yoast.com\/wordpress\/plugins\/seo\/ -->\n<title>Propostas do PSOL para uso da cota parlamentar devem ser implementadas pela C\u00e2mara - PSOL 50<\/title>\n<meta name=\"robots\" content=\"index, follow, max-snippet:-1, max-image-preview:large, max-video-preview:-1\" \/>\n<link rel=\"canonical\" href=\"https:\/\/psol50.org.br\/propostas-do-psol-para-uso-da-cota-parlamentar-devem-ser-implementadas-pela-camara\/\" \/>\n<meta property=\"og:locale\" content=\"pt_BR\" \/>\n<meta property=\"og:type\" content=\"article\" \/>\n<meta property=\"og:title\" content=\"Propostas do PSOL para uso da cota parlamentar devem ser implementadas pela C\u00e2mara - PSOL 50\" \/>\n<meta property=\"og:description\" content=\"Parte das propostas feitas pelo deputado Chico Alencar (RJ), do PSOL, para uso da cota parlamentar devem ser implementadas pela C\u00e2mara dos Deputados. As novas regras, que ainda ser\u00e3o oficializadas pela presid\u00eancia da Casa, envolvem, principalmente, gastos com aluguel de ve\u00edculos. &nbsp; Chico Alencar prop\u00f4s, em documento protocolado no dia 27 de agosto, medidas urgentes [&hellip;]\" \/>\n<meta property=\"og:url\" content=\"https:\/\/psol50.org.br\/propostas-do-psol-para-uso-da-cota-parlamentar-devem-ser-implementadas-pela-camara\/\" \/>\n<meta property=\"og:site_name\" content=\"PSOL 50\" \/>\n<meta property=\"article:publisher\" content=\"https:\/\/www.facebook.com\/psol50\" \/>\n<meta property=\"article:published_time\" content=\"2013-09-11T00:00:00+00:00\" \/>\n<meta property=\"og:image\" content=\"https:\/\/psol50.org.br\/inc\/uploads\/2018\/07\/capa.png\" \/>\n\t<meta property=\"og:image:width\" content=\"1350\" \/>\n\t<meta property=\"og:image:height\" content=\"900\" \/>\n\t<meta property=\"og:image:type\" content=\"image\/png\" \/>\n<meta name=\"author\" content=\"Comunica\u00e7\u00e3o PSOL\" \/>\n<meta name=\"twitter:card\" content=\"summary_large_image\" \/>\n<meta name=\"twitter:creator\" content=\"@psol50\" \/>\n<meta name=\"twitter:site\" content=\"@psol50\" \/>\n<meta name=\"twitter:label1\" content=\"Escrito por\" \/>\n\t<meta name=\"twitter:data1\" content=\"Comunica\u00e7\u00e3o PSOL\" \/>\n\t<meta name=\"twitter:label2\" content=\"Est. tempo de leitura\" \/>\n\t<meta name=\"twitter:data2\" content=\"1 minuto\" \/>\n<script type=\"application\/ld+json\" class=\"yoast-schema-graph\">{\"@context\":\"https:\/\/schema.org\",\"@graph\":[{\"@type\":\"Article\",\"@id\":\"https:\/\/psol50.org.br\/propostas-do-psol-para-uso-da-cota-parlamentar-devem-ser-implementadas-pela-camara\/#article\",\"isPartOf\":{\"@id\":\"https:\/\/psol50.org.br\/propostas-do-psol-para-uso-da-cota-parlamentar-devem-ser-implementadas-pela-camara\/\"},\"author\":{\"name\":\"Comunica\u00e7\u00e3o PSOL\",\"@id\":\"https:\/\/psol50.org.br\/#\/schema\/person\/475dfa57d0b815993c714c2e96491fcd\"},\"headline\":\"Propostas do PSOL para uso da cota parlamentar devem ser implementadas pela C\u00e2mara\",\"datePublished\":\"2013-09-11T00:00:00+00:00\",\"mainEntityOfPage\":{\"@id\":\"https:\/\/psol50.org.br\/propostas-do-psol-para-uso-da-cota-parlamentar-devem-ser-implementadas-pela-camara\/\"},\"wordCount\":240,\"commentCount\":0,\"publisher\":{\"@id\":\"https:\/\/psol50.org.br\/#organization\"},\"keywords\":[\"PSOL\"],\"articleSection\":[\"Arquivo\"],\"inLanguage\":\"pt-BR\",\"potentialAction\":[{\"@type\":\"CommentAction\",\"name\":\"Comment\",\"target\":[\"https:\/\/psol50.org.br\/propostas-do-psol-para-uso-da-cota-parlamentar-devem-ser-implementadas-pela-camara\/#respond\"]}]},{\"@type\":\"WebPage\",\"@id\":\"https:\/\/psol50.org.br\/propostas-do-psol-para-uso-da-cota-parlamentar-devem-ser-implementadas-pela-camara\/\",\"url\":\"https:\/\/psol50.org.br\/propostas-do-psol-para-uso-da-cota-parlamentar-devem-ser-implementadas-pela-camara\/\",\"name\":\"Propostas do PSOL para uso da cota parlamentar devem ser implementadas pela C\u00e2mara - PSOL 50\",\"isPartOf\":{\"@id\":\"https:\/\/psol50.org.br\/#website\"},\"datePublished\":\"2013-09-11T00:00:00+00:00\",\"breadcrumb\":{\"@id\":\"https:\/\/psol50.org.br\/propostas-do-psol-para-uso-da-cota-parlamentar-devem-ser-implementadas-pela-camara\/#breadcrumb\"},\"inLanguage\":\"pt-BR\",\"potentialAction\":[{\"@type\":\"ReadAction\",\"target\":[\"https:\/\/psol50.org.br\/propostas-do-psol-para-uso-da-cota-parlamentar-devem-ser-implementadas-pela-camara\/\"]}]},{\"@type\":\"BreadcrumbList\",\"@id\":\"https:\/\/psol50.org.br\/propostas-do-psol-para-uso-da-cota-parlamentar-devem-ser-implementadas-pela-camara\/#breadcrumb\",\"itemListElement\":[{\"@type\":\"ListItem\",\"position\":1,\"name\":\"In\u00edcio\",\"item\":\"https:\/\/psol50.org.br\/\"},{\"@type\":\"ListItem\",\"position\":2,\"name\":\"Propostas do PSOL para uso da cota parlamentar devem ser implementadas pela C\u00e2mara\"}]},{\"@type\":\"WebSite\",\"@id\":\"https:\/\/psol50.org.br\/#website\",\"url\":\"https:\/\/psol50.org.br\/\",\"name\":\"PSOL 50\",\"description\":\"Site oficial do Partido Socialismo e Liberdade\",\"publisher\":{\"@id\":\"https:\/\/psol50.org.br\/#organization\"},\"alternateName\":\"PSOL50\",\"potentialAction\":[{\"@type\":\"SearchAction\",\"target\":{\"@type\":\"EntryPoint\",\"urlTemplate\":\"https:\/\/psol50.org.br\/?s={search_term_string}\"},\"query-input\":{\"@type\":\"PropertyValueSpecification\",\"valueRequired\":true,\"valueName\":\"search_term_string\"}}],\"inLanguage\":\"pt-BR\"},{\"@type\":\"Organization\",\"@id\":\"https:\/\/psol50.org.br\/#organization\",\"name\":\"PSOL 50\",\"alternateName\":\"PSOL 50\",\"url\":\"https:\/\/psol50.org.br\/\",\"logo\":{\"@type\":\"ImageObject\",\"inLanguage\":\"pt-BR\",\"@id\":\"https:\/\/psol50.org.br\/#\/schema\/logo\/image\/\",\"url\":\"https:\/\/psol50.org.br\/inc\/uploads\/2018\/07\/capa.png\",\"contentUrl\":\"https:\/\/psol50.org.br\/inc\/uploads\/2018\/07\/capa.png\",\"width\":1350,\"height\":900,\"caption\":\"PSOL 50\"},\"image\":{\"@id\":\"https:\/\/psol50.org.br\/#\/schema\/logo\/image\/\"},\"sameAs\":[\"https:\/\/www.facebook.com\/psol50\",\"https:\/\/x.com\/psol50\",\"https:\/\/www.instagram.com\/psol50\/\",\"https:\/\/www.youtube.com\/channel\/UC7SnJS5o1os7a6CaiNabzcg\"]},{\"@type\":\"Person\",\"@id\":\"https:\/\/psol50.org.br\/#\/schema\/person\/475dfa57d0b815993c714c2e96491fcd\",\"name\":\"Comunica\u00e7\u00e3o PSOL\",\"image\":{\"@type\":\"ImageObject\",\"inLanguage\":\"pt-BR\",\"@id\":\"https:\/\/psol50.org.br\/#\/schema\/person\/image\/\",\"url\":\"https:\/\/secure.gravatar.com\/avatar\/b34fc4f4e468a4e51785917065a3db57b841f5c95dba6ad8c73aaf8f66f8f9bf?s=96&d=mm&r=g\",\"contentUrl\":\"https:\/\/secure.gravatar.com\/avatar\/b34fc4f4e468a4e51785917065a3db57b841f5c95dba6ad8c73aaf8f66f8f9bf?s=96&d=mm&r=g\",\"caption\":\"Comunica\u00e7\u00e3o PSOL\"}}]}<\/script>\n<!-- \/ Yoast SEO plugin. -->","yoast_head_json":{"title":"Propostas do PSOL para uso da cota parlamentar devem ser implementadas pela C\u00e2mara - PSOL 50","robots":{"index":"index","follow":"follow","max-snippet":"max-snippet:-1","max-image-preview":"max-image-preview:large","max-video-preview":"max-video-preview:-1"},"canonical":"https:\/\/psol50.org.br\/propostas-do-psol-para-uso-da-cota-parlamentar-devem-ser-implementadas-pela-camara\/","og_locale":"pt_BR","og_type":"article","og_title":"Propostas do PSOL para uso da cota parlamentar devem ser implementadas pela C\u00e2mara - PSOL 50","og_description":"Parte das propostas feitas pelo deputado Chico Alencar (RJ), do PSOL, para uso da cota parlamentar devem ser implementadas pela C\u00e2mara dos Deputados. As novas regras, que ainda ser\u00e3o oficializadas pela presid\u00eancia da Casa, envolvem, principalmente, gastos com aluguel de ve\u00edculos. &nbsp; Chico Alencar prop\u00f4s, em documento protocolado no dia 27 de agosto, medidas urgentes [&hellip;]","og_url":"https:\/\/psol50.org.br\/propostas-do-psol-para-uso-da-cota-parlamentar-devem-ser-implementadas-pela-camara\/","og_site_name":"PSOL 50","article_publisher":"https:\/\/www.facebook.com\/psol50","article_published_time":"2013-09-11T00:00:00+00:00","og_image":[{"width":1350,"height":900,"url":"https:\/\/psol50.org.br\/inc\/uploads\/2018\/07\/capa.png","type":"image\/png"}],"author":"Comunica\u00e7\u00e3o PSOL","twitter_card":"summary_large_image","twitter_creator":"@psol50","twitter_site":"@psol50","twitter_misc":{"Escrito por":"Comunica\u00e7\u00e3o PSOL","Est. tempo de leitura":"1 minuto"},"schema":{"@context":"https:\/\/schema.org","@graph":[{"@type":"Article","@id":"https:\/\/psol50.org.br\/propostas-do-psol-para-uso-da-cota-parlamentar-devem-ser-implementadas-pela-camara\/#article","isPartOf":{"@id":"https:\/\/psol50.org.br\/propostas-do-psol-para-uso-da-cota-parlamentar-devem-ser-implementadas-pela-camara\/"},"author":{"name":"Comunica\u00e7\u00e3o PSOL","@id":"https:\/\/psol50.org.br\/#\/schema\/person\/475dfa57d0b815993c714c2e96491fcd"},"headline":"Propostas do PSOL para uso da cota parlamentar devem ser implementadas pela C\u00e2mara","datePublished":"2013-09-11T00:00:00+00:00","mainEntityOfPage":{"@id":"https:\/\/psol50.org.br\/propostas-do-psol-para-uso-da-cota-parlamentar-devem-ser-implementadas-pela-camara\/"},"wordCount":240,"commentCount":0,"publisher":{"@id":"https:\/\/psol50.org.br\/#organization"},"keywords":["PSOL"],"articleSection":["Arquivo"],"inLanguage":"pt-BR","potentialAction":[{"@type":"CommentAction","name":"Comment","target":["https:\/\/psol50.org.br\/propostas-do-psol-para-uso-da-cota-parlamentar-devem-ser-implementadas-pela-camara\/#respond"]}]},{"@type":"WebPage","@id":"https:\/\/psol50.org.br\/propostas-do-psol-para-uso-da-cota-parlamentar-devem-ser-implementadas-pela-camara\/","url":"https:\/\/psol50.org.br\/propostas-do-psol-para-uso-da-cota-parlamentar-devem-ser-implementadas-pela-camara\/","name":"Propostas do PSOL para uso da cota parlamentar devem ser implementadas pela C\u00e2mara - PSOL 50","isPartOf":{"@id":"https:\/\/psol50.org.br\/#website"},"datePublished":"2013-09-11T00:00:00+00:00","breadcrumb":{"@id":"https:\/\/psol50.org.br\/propostas-do-psol-para-uso-da-cota-parlamentar-devem-ser-implementadas-pela-camara\/#breadcrumb"},"inLanguage":"pt-BR","potentialAction":[{"@type":"ReadAction","target":["https:\/\/psol50.org.br\/propostas-do-psol-para-uso-da-cota-parlamentar-devem-ser-implementadas-pela-camara\/"]}]},{"@type":"BreadcrumbList","@id":"https:\/\/psol50.org.br\/propostas-do-psol-para-uso-da-cota-parlamentar-devem-ser-implementadas-pela-camara\/#breadcrumb","itemListElement":[{"@type":"ListItem","position":1,"name":"In\u00edcio","item":"https:\/\/psol50.org.br\/"},{"@type":"ListItem","position":2,"name":"Propostas do PSOL para uso da cota parlamentar devem ser implementadas pela C\u00e2mara"}]},{"@type":"WebSite","@id":"https:\/\/psol50.org.br\/#website","url":"https:\/\/psol50.org.br\/","name":"PSOL 50","description":"Site oficial do Partido Socialismo e Liberdade","publisher":{"@id":"https:\/\/psol50.org.br\/#organization"},"alternateName":"PSOL50","potentialAction":[{"@type":"SearchAction","target":{"@type":"EntryPoint","urlTemplate":"https:\/\/psol50.org.br\/?s={search_term_string}"},"query-input":{"@type":"PropertyValueSpecification","valueRequired":true,"valueName":"search_term_string"}}],"inLanguage":"pt-BR"},{"@type":"Organization","@id":"https:\/\/psol50.org.br\/#organization","name":"PSOL 50","alternateName":"PSOL 50","url":"https:\/\/psol50.org.br\/","logo":{"@type":"ImageObject","inLanguage":"pt-BR","@id":"https:\/\/psol50.org.br\/#\/schema\/logo\/image\/","url":"https:\/\/psol50.org.br\/inc\/uploads\/2018\/07\/capa.png","contentUrl":"https:\/\/psol50.org.br\/inc\/uploads\/2018\/07\/capa.png","width":1350,"height":900,"caption":"PSOL 50"},"image":{"@id":"https:\/\/psol50.org.br\/#\/schema\/logo\/image\/"},"sameAs":["https:\/\/www.facebook.com\/psol50","https:\/\/x.com\/psol50","https:\/\/www.instagram.com\/psol50\/","https:\/\/www.youtube.com\/channel\/UC7SnJS5o1os7a6CaiNabzcg"]},{"@type":"Person","@id":"https:\/\/psol50.org.br\/#\/schema\/person\/475dfa57d0b815993c714c2e96491fcd","name":"Comunica\u00e7\u00e3o PSOL","image":{"@type":"ImageObject","inLanguage":"pt-BR","@id":"https:\/\/psol50.org.br\/#\/schema\/person\/image\/","url":"https:\/\/secure.gravatar.com\/avatar\/b34fc4f4e468a4e51785917065a3db57b841f5c95dba6ad8c73aaf8f66f8f9bf?s=96&d=mm&r=g","contentUrl":"https:\/\/secure.gravatar.com\/avatar\/b34fc4f4e468a4e51785917065a3db57b841f5c95dba6ad8c73aaf8f66f8f9bf?s=96&d=mm&r=g","caption":"Comunica\u00e7\u00e3o PSOL"}}]}},"_links":{"self":[{"href":"https:\/\/psol50.org.br\/rest\/wp\/v2\/posts\/2272","targetHints":{"allow":["GET"]}}],"collection":[{"href":"https:\/\/psol50.org.br\/rest\/wp\/v2\/posts"}],"about":[{"href":"https:\/\/psol50.org.br\/rest\/wp\/v2\/types\/post"}],"author":[{"embeddable":true,"href":"https:\/\/psol50.org.br\/rest\/wp\/v2\/users\/2"}],"replies":[{"embeddable":true,"href":"https:\/\/psol50.org.br\/rest\/wp\/v2\/comments?post=2272"}],"version-history":[{"count":0,"href":"https:\/\/psol50.org.br\/rest\/wp\/v2\/posts\/2272\/revisions"}],"wp:attachment":[{"href":"https:\/\/psol50.org.br\/rest\/wp\/v2\/media?parent=2272"}],"wp:term":[{"taxonomy":"category","embeddable":true,"href":"https:\/\/psol50.org.br\/rest\/wp\/v2\/categories?post=2272"},{"taxonomy":"post_tag","embeddable":true,"href":"https:\/\/psol50.org.br\/rest\/wp\/v2\/tags?post=2272"}],"curies":[{"name":"wp","href":"https:\/\/api.w.org\/{rel}","templated":true}]}}