{"id":2289,"date":"2013-09-18T00:00:00","date_gmt":"2013-09-18T00:00:00","guid":{"rendered":"http:\/\/psol50.org.br\/arquivo\/2013\/09\/18\/diretor-da-ans-falta-novamente-ao-debate-e-ivan-valente-pede-convocacao-do-ministro-da-saude\/"},"modified":"2013-09-18T00:00:00","modified_gmt":"2013-09-18T00:00:00","slug":"diretor-da-ans-falta-novamente-ao-debate-e-ivan-valente-pede-convocacao-do-ministro-da-saude","status":"publish","type":"post","link":"https:\/\/psol50.org.br\/diretor-da-ans-falta-novamente-ao-debate-e-ivan-valente-pede-convocacao-do-ministro-da-saude\/","title":{"rendered":"Diretor da ANS falta novamente ao debate e Ivan Valente pede convoca\u00e7\u00e3o do ministro da Sa\u00fade"},"content":{"rendered":"<div style=\"text-align: justify;\">\n\tPela segunda vez, o diretor da Ag\u00eancia Nacional de Sa\u00fade Suplementar (ANS), Elano Rodrigues Figueiredo, n\u00e3o compareceu a audi\u00eancia p\u00fablica, marcada para a manh\u00e3 desta quarta-feira (18). Diante da aus\u00eancia do diretor da ANS, o deputado Ivan Valente (SP), presidente do PSOL, prop\u00f4s a convoca\u00e7\u00e3o do ministro da Sa\u00fade, Alexandre Padilha, que recentemente saiu em defesa de Figueiredo.<br \/>\n\t&nbsp;<br \/>\n\t\u201cJ\u00e1 que n\u00e3o temos o poder de convoca\u00e7\u00e3o de um diretor de uma ag\u00eancia reguladora, pe\u00e7o a convoca\u00e7\u00e3o do ministro Padilha, cujo minist\u00e9rio a ANS \u00e9 vinculada\u201d, afirmou Ivan Valente. No requerimento, o deputado faz tamb\u00e9m convite ao presidente da ANS, Andr\u00e9 Longo.<br \/>\n\t&nbsp;<br \/>\n\tAssim como na semana passada, Elano Figueiredo enviou um of\u00edcio \u00e0 Comiss\u00e3o de Defesa do Consumidor (CDC) solicitando adiamento da audi\u00eancia p\u00fablica. No primeiro of\u00edcio, ele argumentou que seria ouvido na Comiss\u00e3o de \u00c9tica P\u00fablica no dia 16 de setembro \u2013 o que n\u00e3o aconteceu, e o depoimento foi remarcado para outubro \u2013 e que depois poderia ir \u00e0 C\u00e2mara. Com o cancelamento na Comiss\u00e3o de \u00c9tica, Figueiredo pediu novo adiamento na Comiss\u00e3o para outubro.<br \/>\n\t&nbsp;<br \/>\n\tPara o deputado Ivan Valente, est\u00e1 claro que Elano Figueiredo, que omitiu em seu curr\u00edculo que trabalhou para empresas privadas do setor de sa\u00fade, n\u00e3o quer dar explica\u00e7\u00f5es ao Parlamento. \u201cNa Comiss\u00e3o de \u00c9tica, o depoimento \u00e9 fechado. Aqui, parlamentares e outros poderiam interpel\u00e1-lo. Uma coisa <em>(o depoimento na Comiss\u00e3o de \u00c9tica)<\/em> n\u00e3o tem nada a ver com a outra <em>(a audi\u00eancia na CDC)<\/em>\u201d, disse. \u201c\u00c9 \u00f3bvio que ele n\u00e3o quer vir. Ele est\u00e1 extrapolando os limites de paci\u00eancia desta Comiss\u00e3o\u201d.<br \/>\n\t&nbsp;<br \/>\n\tO presidente do PSOL destacou ainda que as novas den\u00fancias levantadas pelo Instituto Brasileiro de Defesa do Consumidor (Idec) aumentam a gravidade da ocupa\u00e7\u00e3o de Elano Figueiredo como diretor da ANS. O Idec apontou que em algumas vota\u00e7\u00f5es \u2013 que envolvem a Hapvida e a Unimed, empresas em que ele trabalhou \u2013 Figueiredo se considera impedido de se manifestar, e em outras n\u00e3o.<br \/>\n\t&nbsp;<br \/>\n\tA manifesta\u00e7\u00e3o do deputado Ivan Valente contou com apoio de outros deputados, como Reguffe, Chico Lopes e Jos\u00e9 Carlos Ara\u00fajo, presidente da CDC. \u201cInfelizmente n\u00e3o temos mecanismos judiciais ou extrajudiciais para convocar. Somente ministros podemos\u201d, lamentou Ara\u00fajo.<br \/>\n\t&nbsp;<br \/>\n\tO requerimento do deputado Ivan Valente que convoca o ministro da Sa\u00fade, Alexandre Padilha, e convida o presidente da ANS, Andr\u00e9 Longo, ser\u00e1 votado na reuni\u00e3o da pr\u00f3xima semana.<\/div>\n<p>&nbsp;<\/p>\n","protected":false},"excerpt":{"rendered":"<p>Pela segunda vez, o diretor da Ag\u00eancia Nacional de Sa\u00fade Suplementar (ANS), Elano Rodrigues Figueiredo, n\u00e3o compareceu a audi\u00eancia p\u00fablica, marcada para a manh\u00e3 desta quarta-feira (18). Diante da aus\u00eancia do diretor da ANS, o deputado Ivan Valente (SP), presidente do PSOL, prop\u00f4s a convoca\u00e7\u00e3o do ministro da Sa\u00fade, Alexandre Padilha, que recentemente saiu em [&hellip;]<\/p>\n","protected":false},"author":2,"featured_media":0,"comment_status":"open","ping_status":"open","sticky":false,"template":"","format":"standard","meta":{"_acf_changed":false,"footnotes":""},"categories":[10,4766],"tags":[],"class_list":{"0":"post-2289","1":"post","2":"type-post","3":"status-publish","4":"format-standard","6":"category-acao-parlamentares","7":"category-arquivo"},"acf":[],"yoast_head":"<!-- This site is optimized with the Yoast SEO plugin v26.5 - https:\/\/yoast.com\/wordpress\/plugins\/seo\/ -->\n<title>Diretor da ANS falta novamente ao debate e Ivan Valente pede convoca\u00e7\u00e3o do ministro da Sa\u00fade - PSOL 50<\/title>\n<meta name=\"robots\" content=\"index, follow, max-snippet:-1, max-image-preview:large, max-video-preview:-1\" \/>\n<link rel=\"canonical\" href=\"https:\/\/psol50.org.br\/diretor-da-ans-falta-novamente-ao-debate-e-ivan-valente-pede-convocacao-do-ministro-da-saude\/\" \/>\n<meta property=\"og:locale\" content=\"pt_BR\" \/>\n<meta property=\"og:type\" content=\"article\" \/>\n<meta property=\"og:title\" content=\"Diretor da ANS falta novamente ao debate e Ivan Valente pede convoca\u00e7\u00e3o do ministro da Sa\u00fade - PSOL 50\" \/>\n<meta property=\"og:description\" content=\"Pela segunda vez, o diretor da Ag\u00eancia Nacional de Sa\u00fade Suplementar (ANS), Elano Rodrigues Figueiredo, n\u00e3o compareceu a audi\u00eancia p\u00fablica, marcada para a manh\u00e3 desta quarta-feira (18). Diante da aus\u00eancia do diretor da ANS, o deputado Ivan Valente (SP), presidente do PSOL, prop\u00f4s a convoca\u00e7\u00e3o do ministro da Sa\u00fade, Alexandre Padilha, que recentemente saiu em [&hellip;]\" \/>\n<meta property=\"og:url\" content=\"https:\/\/psol50.org.br\/diretor-da-ans-falta-novamente-ao-debate-e-ivan-valente-pede-convocacao-do-ministro-da-saude\/\" \/>\n<meta property=\"og:site_name\" content=\"PSOL 50\" \/>\n<meta property=\"article:publisher\" content=\"https:\/\/www.facebook.com\/psol50\" \/>\n<meta property=\"article:published_time\" content=\"2013-09-18T00:00:00+00:00\" \/>\n<meta property=\"og:image\" content=\"https:\/\/psol50.org.br\/inc\/uploads\/2018\/07\/capa.png\" \/>\n\t<meta property=\"og:image:width\" content=\"1350\" \/>\n\t<meta property=\"og:image:height\" content=\"900\" \/>\n\t<meta property=\"og:image:type\" content=\"image\/png\" \/>\n<meta name=\"author\" content=\"Comunica\u00e7\u00e3o PSOL\" \/>\n<meta name=\"twitter:card\" content=\"summary_large_image\" \/>\n<meta name=\"twitter:creator\" content=\"@psol50\" \/>\n<meta name=\"twitter:site\" content=\"@psol50\" \/>\n<meta name=\"twitter:label1\" content=\"Escrito por\" \/>\n\t<meta name=\"twitter:data1\" content=\"Comunica\u00e7\u00e3o PSOL\" \/>\n\t<meta name=\"twitter:label2\" content=\"Est. tempo de leitura\" \/>\n\t<meta name=\"twitter:data2\" content=\"2 minutos\" \/>\n<script type=\"application\/ld+json\" class=\"yoast-schema-graph\">{\"@context\":\"https:\/\/schema.org\",\"@graph\":[{\"@type\":\"Article\",\"@id\":\"https:\/\/psol50.org.br\/diretor-da-ans-falta-novamente-ao-debate-e-ivan-valente-pede-convocacao-do-ministro-da-saude\/#article\",\"isPartOf\":{\"@id\":\"https:\/\/psol50.org.br\/diretor-da-ans-falta-novamente-ao-debate-e-ivan-valente-pede-convocacao-do-ministro-da-saude\/\"},\"author\":{\"name\":\"Comunica\u00e7\u00e3o PSOL\",\"@id\":\"https:\/\/psol50.org.br\/#\/schema\/person\/475dfa57d0b815993c714c2e96491fcd\"},\"headline\":\"Diretor da ANS falta novamente ao debate e Ivan Valente pede convoca\u00e7\u00e3o do ministro da Sa\u00fade\",\"datePublished\":\"2013-09-18T00:00:00+00:00\",\"mainEntityOfPage\":{\"@id\":\"https:\/\/psol50.org.br\/diretor-da-ans-falta-novamente-ao-debate-e-ivan-valente-pede-convocacao-do-ministro-da-saude\/\"},\"wordCount\":450,\"commentCount\":0,\"publisher\":{\"@id\":\"https:\/\/psol50.org.br\/#organization\"},\"articleSection\":[\"A\u00e7\u00e3o Parlamentar\",\"Arquivo\"],\"inLanguage\":\"pt-BR\",\"potentialAction\":[{\"@type\":\"CommentAction\",\"name\":\"Comment\",\"target\":[\"https:\/\/psol50.org.br\/diretor-da-ans-falta-novamente-ao-debate-e-ivan-valente-pede-convocacao-do-ministro-da-saude\/#respond\"]}]},{\"@type\":\"WebPage\",\"@id\":\"https:\/\/psol50.org.br\/diretor-da-ans-falta-novamente-ao-debate-e-ivan-valente-pede-convocacao-do-ministro-da-saude\/\",\"url\":\"https:\/\/psol50.org.br\/diretor-da-ans-falta-novamente-ao-debate-e-ivan-valente-pede-convocacao-do-ministro-da-saude\/\",\"name\":\"Diretor da ANS falta novamente ao debate e Ivan Valente pede convoca\u00e7\u00e3o do ministro da Sa\u00fade - PSOL 50\",\"isPartOf\":{\"@id\":\"https:\/\/psol50.org.br\/#website\"},\"datePublished\":\"2013-09-18T00:00:00+00:00\",\"breadcrumb\":{\"@id\":\"https:\/\/psol50.org.br\/diretor-da-ans-falta-novamente-ao-debate-e-ivan-valente-pede-convocacao-do-ministro-da-saude\/#breadcrumb\"},\"inLanguage\":\"pt-BR\",\"potentialAction\":[{\"@type\":\"ReadAction\",\"target\":[\"https:\/\/psol50.org.br\/diretor-da-ans-falta-novamente-ao-debate-e-ivan-valente-pede-convocacao-do-ministro-da-saude\/\"]}]},{\"@type\":\"BreadcrumbList\",\"@id\":\"https:\/\/psol50.org.br\/diretor-da-ans-falta-novamente-ao-debate-e-ivan-valente-pede-convocacao-do-ministro-da-saude\/#breadcrumb\",\"itemListElement\":[{\"@type\":\"ListItem\",\"position\":1,\"name\":\"In\u00edcio\",\"item\":\"https:\/\/psol50.org.br\/\"},{\"@type\":\"ListItem\",\"position\":2,\"name\":\"Diretor da ANS falta novamente ao debate e Ivan Valente pede convoca\u00e7\u00e3o do ministro da Sa\u00fade\"}]},{\"@type\":\"WebSite\",\"@id\":\"https:\/\/psol50.org.br\/#website\",\"url\":\"https:\/\/psol50.org.br\/\",\"name\":\"PSOL 50\",\"description\":\"Site oficial do Partido Socialismo e Liberdade\",\"publisher\":{\"@id\":\"https:\/\/psol50.org.br\/#organization\"},\"alternateName\":\"PSOL50\",\"potentialAction\":[{\"@type\":\"SearchAction\",\"target\":{\"@type\":\"EntryPoint\",\"urlTemplate\":\"https:\/\/psol50.org.br\/?s={search_term_string}\"},\"query-input\":{\"@type\":\"PropertyValueSpecification\",\"valueRequired\":true,\"valueName\":\"search_term_string\"}}],\"inLanguage\":\"pt-BR\"},{\"@type\":\"Organization\",\"@id\":\"https:\/\/psol50.org.br\/#organization\",\"name\":\"PSOL 50\",\"alternateName\":\"PSOL 50\",\"url\":\"https:\/\/psol50.org.br\/\",\"logo\":{\"@type\":\"ImageObject\",\"inLanguage\":\"pt-BR\",\"@id\":\"https:\/\/psol50.org.br\/#\/schema\/logo\/image\/\",\"url\":\"https:\/\/psol50.org.br\/inc\/uploads\/2018\/07\/capa.png\",\"contentUrl\":\"https:\/\/psol50.org.br\/inc\/uploads\/2018\/07\/capa.png\",\"width\":1350,\"height\":900,\"caption\":\"PSOL 50\"},\"image\":{\"@id\":\"https:\/\/psol50.org.br\/#\/schema\/logo\/image\/\"},\"sameAs\":[\"https:\/\/www.facebook.com\/psol50\",\"https:\/\/x.com\/psol50\",\"https:\/\/www.instagram.com\/psol50\/\",\"https:\/\/www.youtube.com\/channel\/UC7SnJS5o1os7a6CaiNabzcg\"]},{\"@type\":\"Person\",\"@id\":\"https:\/\/psol50.org.br\/#\/schema\/person\/475dfa57d0b815993c714c2e96491fcd\",\"name\":\"Comunica\u00e7\u00e3o PSOL\",\"image\":{\"@type\":\"ImageObject\",\"inLanguage\":\"pt-BR\",\"@id\":\"https:\/\/psol50.org.br\/#\/schema\/person\/image\/\",\"url\":\"https:\/\/secure.gravatar.com\/avatar\/b34fc4f4e468a4e51785917065a3db57b841f5c95dba6ad8c73aaf8f66f8f9bf?s=96&d=mm&r=g\",\"contentUrl\":\"https:\/\/secure.gravatar.com\/avatar\/b34fc4f4e468a4e51785917065a3db57b841f5c95dba6ad8c73aaf8f66f8f9bf?s=96&d=mm&r=g\",\"caption\":\"Comunica\u00e7\u00e3o PSOL\"}}]}<\/script>\n<!-- \/ Yoast SEO plugin. -->","yoast_head_json":{"title":"Diretor da ANS falta novamente ao debate e Ivan Valente pede convoca\u00e7\u00e3o do ministro da Sa\u00fade - PSOL 50","robots":{"index":"index","follow":"follow","max-snippet":"max-snippet:-1","max-image-preview":"max-image-preview:large","max-video-preview":"max-video-preview:-1"},"canonical":"https:\/\/psol50.org.br\/diretor-da-ans-falta-novamente-ao-debate-e-ivan-valente-pede-convocacao-do-ministro-da-saude\/","og_locale":"pt_BR","og_type":"article","og_title":"Diretor da ANS falta novamente ao debate e Ivan Valente pede convoca\u00e7\u00e3o do ministro da Sa\u00fade - PSOL 50","og_description":"Pela segunda vez, o diretor da Ag\u00eancia Nacional de Sa\u00fade Suplementar (ANS), Elano Rodrigues Figueiredo, n\u00e3o compareceu a audi\u00eancia p\u00fablica, marcada para a manh\u00e3 desta quarta-feira (18). Diante da aus\u00eancia do diretor da ANS, o deputado Ivan Valente (SP), presidente do PSOL, prop\u00f4s a convoca\u00e7\u00e3o do ministro da Sa\u00fade, Alexandre Padilha, que recentemente saiu em [&hellip;]","og_url":"https:\/\/psol50.org.br\/diretor-da-ans-falta-novamente-ao-debate-e-ivan-valente-pede-convocacao-do-ministro-da-saude\/","og_site_name":"PSOL 50","article_publisher":"https:\/\/www.facebook.com\/psol50","article_published_time":"2013-09-18T00:00:00+00:00","og_image":[{"width":1350,"height":900,"url":"https:\/\/psol50.org.br\/inc\/uploads\/2018\/07\/capa.png","type":"image\/png"}],"author":"Comunica\u00e7\u00e3o PSOL","twitter_card":"summary_large_image","twitter_creator":"@psol50","twitter_site":"@psol50","twitter_misc":{"Escrito por":"Comunica\u00e7\u00e3o PSOL","Est. tempo de leitura":"2 minutos"},"schema":{"@context":"https:\/\/schema.org","@graph":[{"@type":"Article","@id":"https:\/\/psol50.org.br\/diretor-da-ans-falta-novamente-ao-debate-e-ivan-valente-pede-convocacao-do-ministro-da-saude\/#article","isPartOf":{"@id":"https:\/\/psol50.org.br\/diretor-da-ans-falta-novamente-ao-debate-e-ivan-valente-pede-convocacao-do-ministro-da-saude\/"},"author":{"name":"Comunica\u00e7\u00e3o PSOL","@id":"https:\/\/psol50.org.br\/#\/schema\/person\/475dfa57d0b815993c714c2e96491fcd"},"headline":"Diretor da ANS falta novamente ao debate e Ivan Valente pede convoca\u00e7\u00e3o do ministro da Sa\u00fade","datePublished":"2013-09-18T00:00:00+00:00","mainEntityOfPage":{"@id":"https:\/\/psol50.org.br\/diretor-da-ans-falta-novamente-ao-debate-e-ivan-valente-pede-convocacao-do-ministro-da-saude\/"},"wordCount":450,"commentCount":0,"publisher":{"@id":"https:\/\/psol50.org.br\/#organization"},"articleSection":["A\u00e7\u00e3o Parlamentar","Arquivo"],"inLanguage":"pt-BR","potentialAction":[{"@type":"CommentAction","name":"Comment","target":["https:\/\/psol50.org.br\/diretor-da-ans-falta-novamente-ao-debate-e-ivan-valente-pede-convocacao-do-ministro-da-saude\/#respond"]}]},{"@type":"WebPage","@id":"https:\/\/psol50.org.br\/diretor-da-ans-falta-novamente-ao-debate-e-ivan-valente-pede-convocacao-do-ministro-da-saude\/","url":"https:\/\/psol50.org.br\/diretor-da-ans-falta-novamente-ao-debate-e-ivan-valente-pede-convocacao-do-ministro-da-saude\/","name":"Diretor da ANS falta novamente ao debate e Ivan Valente pede convoca\u00e7\u00e3o do ministro da Sa\u00fade - PSOL 50","isPartOf":{"@id":"https:\/\/psol50.org.br\/#website"},"datePublished":"2013-09-18T00:00:00+00:00","breadcrumb":{"@id":"https:\/\/psol50.org.br\/diretor-da-ans-falta-novamente-ao-debate-e-ivan-valente-pede-convocacao-do-ministro-da-saude\/#breadcrumb"},"inLanguage":"pt-BR","potentialAction":[{"@type":"ReadAction","target":["https:\/\/psol50.org.br\/diretor-da-ans-falta-novamente-ao-debate-e-ivan-valente-pede-convocacao-do-ministro-da-saude\/"]}]},{"@type":"BreadcrumbList","@id":"https:\/\/psol50.org.br\/diretor-da-ans-falta-novamente-ao-debate-e-ivan-valente-pede-convocacao-do-ministro-da-saude\/#breadcrumb","itemListElement":[{"@type":"ListItem","position":1,"name":"In\u00edcio","item":"https:\/\/psol50.org.br\/"},{"@type":"ListItem","position":2,"name":"Diretor da ANS falta novamente ao debate e Ivan Valente pede convoca\u00e7\u00e3o do ministro da Sa\u00fade"}]},{"@type":"WebSite","@id":"https:\/\/psol50.org.br\/#website","url":"https:\/\/psol50.org.br\/","name":"PSOL 50","description":"Site oficial do Partido Socialismo e Liberdade","publisher":{"@id":"https:\/\/psol50.org.br\/#organization"},"alternateName":"PSOL50","potentialAction":[{"@type":"SearchAction","target":{"@type":"EntryPoint","urlTemplate":"https:\/\/psol50.org.br\/?s={search_term_string}"},"query-input":{"@type":"PropertyValueSpecification","valueRequired":true,"valueName":"search_term_string"}}],"inLanguage":"pt-BR"},{"@type":"Organization","@id":"https:\/\/psol50.org.br\/#organization","name":"PSOL 50","alternateName":"PSOL 50","url":"https:\/\/psol50.org.br\/","logo":{"@type":"ImageObject","inLanguage":"pt-BR","@id":"https:\/\/psol50.org.br\/#\/schema\/logo\/image\/","url":"https:\/\/psol50.org.br\/inc\/uploads\/2018\/07\/capa.png","contentUrl":"https:\/\/psol50.org.br\/inc\/uploads\/2018\/07\/capa.png","width":1350,"height":900,"caption":"PSOL 50"},"image":{"@id":"https:\/\/psol50.org.br\/#\/schema\/logo\/image\/"},"sameAs":["https:\/\/www.facebook.com\/psol50","https:\/\/x.com\/psol50","https:\/\/www.instagram.com\/psol50\/","https:\/\/www.youtube.com\/channel\/UC7SnJS5o1os7a6CaiNabzcg"]},{"@type":"Person","@id":"https:\/\/psol50.org.br\/#\/schema\/person\/475dfa57d0b815993c714c2e96491fcd","name":"Comunica\u00e7\u00e3o PSOL","image":{"@type":"ImageObject","inLanguage":"pt-BR","@id":"https:\/\/psol50.org.br\/#\/schema\/person\/image\/","url":"https:\/\/secure.gravatar.com\/avatar\/b34fc4f4e468a4e51785917065a3db57b841f5c95dba6ad8c73aaf8f66f8f9bf?s=96&d=mm&r=g","contentUrl":"https:\/\/secure.gravatar.com\/avatar\/b34fc4f4e468a4e51785917065a3db57b841f5c95dba6ad8c73aaf8f66f8f9bf?s=96&d=mm&r=g","caption":"Comunica\u00e7\u00e3o PSOL"}}]}},"_links":{"self":[{"href":"https:\/\/psol50.org.br\/rest\/wp\/v2\/posts\/2289","targetHints":{"allow":["GET"]}}],"collection":[{"href":"https:\/\/psol50.org.br\/rest\/wp\/v2\/posts"}],"about":[{"href":"https:\/\/psol50.org.br\/rest\/wp\/v2\/types\/post"}],"author":[{"embeddable":true,"href":"https:\/\/psol50.org.br\/rest\/wp\/v2\/users\/2"}],"replies":[{"embeddable":true,"href":"https:\/\/psol50.org.br\/rest\/wp\/v2\/comments?post=2289"}],"version-history":[{"count":0,"href":"https:\/\/psol50.org.br\/rest\/wp\/v2\/posts\/2289\/revisions"}],"wp:attachment":[{"href":"https:\/\/psol50.org.br\/rest\/wp\/v2\/media?parent=2289"}],"wp:term":[{"taxonomy":"category","embeddable":true,"href":"https:\/\/psol50.org.br\/rest\/wp\/v2\/categories?post=2289"},{"taxonomy":"post_tag","embeddable":true,"href":"https:\/\/psol50.org.br\/rest\/wp\/v2\/tags?post=2289"}],"curies":[{"name":"wp","href":"https:\/\/api.w.org\/{rel}","templated":true}]}}