{"id":2290,"date":"2013-09-18T00:00:00","date_gmt":"2013-09-18T00:00:00","guid":{"rendered":"http:\/\/psol50.org.br\/arquivo\/2013\/09\/18\/psol-df-repudia-acao-da-pm-e-pede-fim-da-violencia-policial-contra-manifestantes\/"},"modified":"2013-09-18T00:00:00","modified_gmt":"2013-09-18T00:00:00","slug":"psol-df-repudia-acao-da-pm-e-pede-fim-da-violencia-policial-contra-manifestantes","status":"publish","type":"post","link":"https:\/\/psol50.org.br\/psol-df-repudia-acao-da-pm-e-pede-fim-da-violencia-policial-contra-manifestantes\/","title":{"rendered":"PSOL-DF repudia a\u00e7\u00e3o da PM e pede fim da viol\u00eancia policial contra manifestantes"},"content":{"rendered":"<p style=\"text-align: justify;\">\n\tO Diret\u00f3rio do PSOL do Distrito Federal divulga a nota abaixo, em que critica a trucul\u00eancia da Pol\u00edcia Militar nas manifesta\u00e7\u00f5es de junho e do \u00faltimo 7 de setembro e repudia a a\u00e7\u00e3o do governo do DF em criminalizar os movimentos sociais. Confira a \u00edntegra do texto.<br \/>\n\t&nbsp;<br \/>\n\t<strong>Fim da viol\u00eancia policial contra as manifesta\u00e7\u00f5es populares<\/strong><br \/>\n\t&nbsp;<br \/>\n\tDiante dos atos covardes de viol\u00eancia e trucul\u00eancia praticados pela Pol\u00edcia Militar do Distrito Federal contra manifestantes que protestavam nos dias 06 e 07 de setembro, usando indiscriminadamente armas que d\u00e3o choques e bombas de gases t\u00f3xicos, o PSOL \u2013 Partido Socialismo e Liberdade do Distrito Federal vem a p\u00fablico denunciar o governador Agnelo Queiroz e a c\u00fapula da Secretaria de Seguran\u00e7a como respons\u00e1veis diretos pelos atos praticados. Desde o fim da ditadura militar n\u00e3o vivemos tanta repress\u00e3o e viol\u00eancia como a que assistimos na semana da p\u00e1tria, em plena Capital da Rep\u00fablica.<br \/>\n\t&nbsp;<br \/>\n\tO PSOL manifesta seu irrestrito apoio aos jovens manifestantes agredidos pela PM bem como a seus familiares, conclamando a popula\u00e7\u00e3o a repudiar as medidas repressivas comandadas diretamente pelo governador Agnelo Queiroz, conforme suas declara\u00e7\u00f5es \u00e0s emissoras de TV`s do Distrito Federal.<br \/>\n\t&nbsp;<br \/>\n\tAgnelo n\u00e3o tem agido sozinho na repress\u00e3o aos movimentos populares. Em todo o pa\u00eds temos assistido a um recrudescimento da repress\u00e3o policial aos manifestantes, construindo um cen\u00e1rio de terrorismo de Estado, em prepara\u00e7\u00e3o para a Copa do Mundo e restri\u00e7\u00e3o do direito \u00e0 cidade. Esses atos repressivos t\u00eam contado com o apoio dos governadores dos Estados e suas respectivas pol\u00edcias militares, tentando passar \u00e0 opini\u00e3o p\u00fablica que todos os manifestantes s\u00e3o \u201cbaderneiros\u201d, e que as reivindica\u00e7\u00f5es leg\u00edtimas de nosso povo por moradia, sal\u00e1rios, sa\u00fade, transporte p\u00fablico de qualidade, educa\u00e7\u00e3o, dentre outras, n\u00e3o passam de agita\u00e7\u00e3o pol\u00edtica. De nossa parte, reivindicamos que as demandas sociais transformada em movimentos e protestos s\u00e3o os principais meios de constru\u00e7\u00e3o e fortalecimento da democracia.<br \/>\n\t&nbsp;<br \/>\n\tA atual repress\u00e3o aos protestos se associa aos crescentes atos de viol\u00eancia contra a popula\u00e7\u00e3o pobre, a juventude no DF, no entorno e no Brasil. \u00c9 necess\u00e1rio compreender que a efetiva\u00e7\u00e3o de direitos se constr\u00f3i com pol\u00edticas sociais inclusivas, e n\u00e3o com repress\u00e3o e segrega\u00e7\u00e3o social em nome dos interesses mercantilistas. Assim, o PSOL-DF repudia com veem\u00eancia a tentativa de criminaliza\u00e7\u00e3o da juventude, da periferia, dos movimentos e lutas sociais, ao mesmo tempo que exige o fim imediato de todas as medidas repressivas, judiciais ou n\u00e3o, que se tem aplicado sobre os manifestantes, inclusive com pris\u00f5es e indiciamentos de v\u00e1rios ativistas, inclusive alguns filiados ao nosso partido. Diante desses fatos, o PSOL soma-se \u00e0 luta dos que exigem a desmilitariza\u00e7\u00e3o da Pol\u00edcia Militar e o fortalecimento das pol\u00edticas sociais. O governo Agnelo \u00e9 um governo altamente recha\u00e7ado pelo povo do Distrito Federal, desaprovado por 75% de seus habitantes. Agnelo busca seu \u00faltimo fio de legitimidade com a repress\u00e3o aos movimentos que contestam o governo federal e seu desastrado governo.&nbsp;<br \/>\n\t&nbsp;<br \/>\n\tQue o povo do DF siga lutando por seus direitos, pelo fortalecimento da democracia e contra a repress\u00e3o da pol\u00edcia de Agnelo.<br \/>\n\t&nbsp;<br \/>\n\tLiberdade de organiza\u00e7\u00e3o e manifesta\u00e7\u00e3o para o povo!<br \/>\n\t&nbsp;<br \/>\n\tBras\u00edlia, 16 de setembro de 2013<br \/>\n\t&nbsp;<br \/>\n\tDire\u00e7\u00e3o Executiva Regional do PSOL-DF<\/p>\n<p>&nbsp;<\/p>\n","protected":false},"excerpt":{"rendered":"<p>O Diret\u00f3rio do PSOL do Distrito Federal divulga a nota abaixo, em que critica a trucul\u00eancia da Pol\u00edcia Militar nas manifesta\u00e7\u00f5es de junho e do \u00faltimo 7 de setembro e repudia a a\u00e7\u00e3o do governo do DF em criminalizar os movimentos sociais. Confira a \u00edntegra do texto. &nbsp; Fim da viol\u00eancia policial contra as manifesta\u00e7\u00f5es [&hellip;]<\/p>\n","protected":false},"author":2,"featured_media":0,"comment_status":"open","ping_status":"open","sticky":false,"template":"","format":"standard","meta":{"_acf_changed":false,"footnotes":""},"categories":[4766],"tags":[22],"class_list":{"0":"post-2290","1":"post","2":"type-post","3":"status-publish","4":"format-standard","6":"category-arquivo","7":"tag-psol"},"acf":[],"yoast_head":"<!-- This site is optimized with the Yoast SEO plugin v26.5 - https:\/\/yoast.com\/wordpress\/plugins\/seo\/ -->\n<title>PSOL-DF repudia a\u00e7\u00e3o da PM e pede fim da viol\u00eancia policial contra manifestantes - PSOL 50<\/title>\n<meta name=\"robots\" content=\"index, follow, max-snippet:-1, max-image-preview:large, max-video-preview:-1\" \/>\n<link rel=\"canonical\" href=\"https:\/\/psol50.org.br\/psol-df-repudia-acao-da-pm-e-pede-fim-da-violencia-policial-contra-manifestantes\/\" \/>\n<meta property=\"og:locale\" content=\"pt_BR\" \/>\n<meta property=\"og:type\" content=\"article\" \/>\n<meta property=\"og:title\" content=\"PSOL-DF repudia a\u00e7\u00e3o da PM e pede fim da viol\u00eancia policial contra manifestantes - PSOL 50\" \/>\n<meta property=\"og:description\" content=\"O Diret\u00f3rio do PSOL do Distrito Federal divulga a nota abaixo, em que critica a trucul\u00eancia da Pol\u00edcia Militar nas manifesta\u00e7\u00f5es de junho e do \u00faltimo 7 de setembro e repudia a a\u00e7\u00e3o do governo do DF em criminalizar os movimentos sociais. Confira a \u00edntegra do texto. &nbsp; Fim da viol\u00eancia policial contra as manifesta\u00e7\u00f5es [&hellip;]\" \/>\n<meta property=\"og:url\" content=\"https:\/\/psol50.org.br\/psol-df-repudia-acao-da-pm-e-pede-fim-da-violencia-policial-contra-manifestantes\/\" \/>\n<meta property=\"og:site_name\" content=\"PSOL 50\" \/>\n<meta property=\"article:publisher\" content=\"https:\/\/www.facebook.com\/psol50\" \/>\n<meta property=\"article:published_time\" content=\"2013-09-18T00:00:00+00:00\" \/>\n<meta property=\"og:image\" content=\"https:\/\/psol50.org.br\/inc\/uploads\/2018\/07\/capa.png\" \/>\n\t<meta property=\"og:image:width\" content=\"1350\" \/>\n\t<meta property=\"og:image:height\" content=\"900\" \/>\n\t<meta property=\"og:image:type\" content=\"image\/png\" \/>\n<meta name=\"author\" content=\"Comunica\u00e7\u00e3o PSOL\" \/>\n<meta name=\"twitter:card\" content=\"summary_large_image\" \/>\n<meta name=\"twitter:creator\" content=\"@psol50\" \/>\n<meta name=\"twitter:site\" content=\"@psol50\" \/>\n<meta name=\"twitter:label1\" content=\"Escrito por\" \/>\n\t<meta name=\"twitter:data1\" content=\"Comunica\u00e7\u00e3o PSOL\" \/>\n\t<meta name=\"twitter:label2\" content=\"Est. tempo de leitura\" \/>\n\t<meta name=\"twitter:data2\" content=\"3 minutos\" \/>\n<script type=\"application\/ld+json\" class=\"yoast-schema-graph\">{\"@context\":\"https:\/\/schema.org\",\"@graph\":[{\"@type\":\"Article\",\"@id\":\"https:\/\/psol50.org.br\/psol-df-repudia-acao-da-pm-e-pede-fim-da-violencia-policial-contra-manifestantes\/#article\",\"isPartOf\":{\"@id\":\"https:\/\/psol50.org.br\/psol-df-repudia-acao-da-pm-e-pede-fim-da-violencia-policial-contra-manifestantes\/\"},\"author\":{\"name\":\"Comunica\u00e7\u00e3o PSOL\",\"@id\":\"https:\/\/psol50.org.br\/#\/schema\/person\/475dfa57d0b815993c714c2e96491fcd\"},\"headline\":\"PSOL-DF repudia a\u00e7\u00e3o da PM e pede fim da viol\u00eancia policial contra manifestantes\",\"datePublished\":\"2013-09-18T00:00:00+00:00\",\"mainEntityOfPage\":{\"@id\":\"https:\/\/psol50.org.br\/psol-df-repudia-acao-da-pm-e-pede-fim-da-violencia-policial-contra-manifestantes\/\"},\"wordCount\":605,\"commentCount\":0,\"publisher\":{\"@id\":\"https:\/\/psol50.org.br\/#organization\"},\"keywords\":[\"PSOL\"],\"articleSection\":[\"Arquivo\"],\"inLanguage\":\"pt-BR\",\"potentialAction\":[{\"@type\":\"CommentAction\",\"name\":\"Comment\",\"target\":[\"https:\/\/psol50.org.br\/psol-df-repudia-acao-da-pm-e-pede-fim-da-violencia-policial-contra-manifestantes\/#respond\"]}]},{\"@type\":\"WebPage\",\"@id\":\"https:\/\/psol50.org.br\/psol-df-repudia-acao-da-pm-e-pede-fim-da-violencia-policial-contra-manifestantes\/\",\"url\":\"https:\/\/psol50.org.br\/psol-df-repudia-acao-da-pm-e-pede-fim-da-violencia-policial-contra-manifestantes\/\",\"name\":\"PSOL-DF repudia a\u00e7\u00e3o da PM e pede fim da viol\u00eancia policial contra manifestantes - PSOL 50\",\"isPartOf\":{\"@id\":\"https:\/\/psol50.org.br\/#website\"},\"datePublished\":\"2013-09-18T00:00:00+00:00\",\"breadcrumb\":{\"@id\":\"https:\/\/psol50.org.br\/psol-df-repudia-acao-da-pm-e-pede-fim-da-violencia-policial-contra-manifestantes\/#breadcrumb\"},\"inLanguage\":\"pt-BR\",\"potentialAction\":[{\"@type\":\"ReadAction\",\"target\":[\"https:\/\/psol50.org.br\/psol-df-repudia-acao-da-pm-e-pede-fim-da-violencia-policial-contra-manifestantes\/\"]}]},{\"@type\":\"BreadcrumbList\",\"@id\":\"https:\/\/psol50.org.br\/psol-df-repudia-acao-da-pm-e-pede-fim-da-violencia-policial-contra-manifestantes\/#breadcrumb\",\"itemListElement\":[{\"@type\":\"ListItem\",\"position\":1,\"name\":\"In\u00edcio\",\"item\":\"https:\/\/psol50.org.br\/\"},{\"@type\":\"ListItem\",\"position\":2,\"name\":\"PSOL-DF repudia a\u00e7\u00e3o da PM e pede fim da viol\u00eancia policial contra manifestantes\"}]},{\"@type\":\"WebSite\",\"@id\":\"https:\/\/psol50.org.br\/#website\",\"url\":\"https:\/\/psol50.org.br\/\",\"name\":\"PSOL 50\",\"description\":\"Site oficial do Partido Socialismo e Liberdade\",\"publisher\":{\"@id\":\"https:\/\/psol50.org.br\/#organization\"},\"alternateName\":\"PSOL50\",\"potentialAction\":[{\"@type\":\"SearchAction\",\"target\":{\"@type\":\"EntryPoint\",\"urlTemplate\":\"https:\/\/psol50.org.br\/?s={search_term_string}\"},\"query-input\":{\"@type\":\"PropertyValueSpecification\",\"valueRequired\":true,\"valueName\":\"search_term_string\"}}],\"inLanguage\":\"pt-BR\"},{\"@type\":\"Organization\",\"@id\":\"https:\/\/psol50.org.br\/#organization\",\"name\":\"PSOL 50\",\"alternateName\":\"PSOL 50\",\"url\":\"https:\/\/psol50.org.br\/\",\"logo\":{\"@type\":\"ImageObject\",\"inLanguage\":\"pt-BR\",\"@id\":\"https:\/\/psol50.org.br\/#\/schema\/logo\/image\/\",\"url\":\"https:\/\/psol50.org.br\/inc\/uploads\/2018\/07\/capa.png\",\"contentUrl\":\"https:\/\/psol50.org.br\/inc\/uploads\/2018\/07\/capa.png\",\"width\":1350,\"height\":900,\"caption\":\"PSOL 50\"},\"image\":{\"@id\":\"https:\/\/psol50.org.br\/#\/schema\/logo\/image\/\"},\"sameAs\":[\"https:\/\/www.facebook.com\/psol50\",\"https:\/\/x.com\/psol50\",\"https:\/\/www.instagram.com\/psol50\/\",\"https:\/\/www.youtube.com\/channel\/UC7SnJS5o1os7a6CaiNabzcg\"]},{\"@type\":\"Person\",\"@id\":\"https:\/\/psol50.org.br\/#\/schema\/person\/475dfa57d0b815993c714c2e96491fcd\",\"name\":\"Comunica\u00e7\u00e3o PSOL\",\"image\":{\"@type\":\"ImageObject\",\"inLanguage\":\"pt-BR\",\"@id\":\"https:\/\/psol50.org.br\/#\/schema\/person\/image\/\",\"url\":\"https:\/\/secure.gravatar.com\/avatar\/b34fc4f4e468a4e51785917065a3db57b841f5c95dba6ad8c73aaf8f66f8f9bf?s=96&d=mm&r=g\",\"contentUrl\":\"https:\/\/secure.gravatar.com\/avatar\/b34fc4f4e468a4e51785917065a3db57b841f5c95dba6ad8c73aaf8f66f8f9bf?s=96&d=mm&r=g\",\"caption\":\"Comunica\u00e7\u00e3o PSOL\"}}]}<\/script>\n<!-- \/ Yoast SEO plugin. -->","yoast_head_json":{"title":"PSOL-DF repudia a\u00e7\u00e3o da PM e pede fim da viol\u00eancia policial contra manifestantes - PSOL 50","robots":{"index":"index","follow":"follow","max-snippet":"max-snippet:-1","max-image-preview":"max-image-preview:large","max-video-preview":"max-video-preview:-1"},"canonical":"https:\/\/psol50.org.br\/psol-df-repudia-acao-da-pm-e-pede-fim-da-violencia-policial-contra-manifestantes\/","og_locale":"pt_BR","og_type":"article","og_title":"PSOL-DF repudia a\u00e7\u00e3o da PM e pede fim da viol\u00eancia policial contra manifestantes - PSOL 50","og_description":"O Diret\u00f3rio do PSOL do Distrito Federal divulga a nota abaixo, em que critica a trucul\u00eancia da Pol\u00edcia Militar nas manifesta\u00e7\u00f5es de junho e do \u00faltimo 7 de setembro e repudia a a\u00e7\u00e3o do governo do DF em criminalizar os movimentos sociais. Confira a \u00edntegra do texto. &nbsp; Fim da viol\u00eancia policial contra as manifesta\u00e7\u00f5es [&hellip;]","og_url":"https:\/\/psol50.org.br\/psol-df-repudia-acao-da-pm-e-pede-fim-da-violencia-policial-contra-manifestantes\/","og_site_name":"PSOL 50","article_publisher":"https:\/\/www.facebook.com\/psol50","article_published_time":"2013-09-18T00:00:00+00:00","og_image":[{"width":1350,"height":900,"url":"https:\/\/psol50.org.br\/inc\/uploads\/2018\/07\/capa.png","type":"image\/png"}],"author":"Comunica\u00e7\u00e3o PSOL","twitter_card":"summary_large_image","twitter_creator":"@psol50","twitter_site":"@psol50","twitter_misc":{"Escrito por":"Comunica\u00e7\u00e3o PSOL","Est. tempo de leitura":"3 minutos"},"schema":{"@context":"https:\/\/schema.org","@graph":[{"@type":"Article","@id":"https:\/\/psol50.org.br\/psol-df-repudia-acao-da-pm-e-pede-fim-da-violencia-policial-contra-manifestantes\/#article","isPartOf":{"@id":"https:\/\/psol50.org.br\/psol-df-repudia-acao-da-pm-e-pede-fim-da-violencia-policial-contra-manifestantes\/"},"author":{"name":"Comunica\u00e7\u00e3o PSOL","@id":"https:\/\/psol50.org.br\/#\/schema\/person\/475dfa57d0b815993c714c2e96491fcd"},"headline":"PSOL-DF repudia a\u00e7\u00e3o da PM e pede fim da viol\u00eancia policial contra manifestantes","datePublished":"2013-09-18T00:00:00+00:00","mainEntityOfPage":{"@id":"https:\/\/psol50.org.br\/psol-df-repudia-acao-da-pm-e-pede-fim-da-violencia-policial-contra-manifestantes\/"},"wordCount":605,"commentCount":0,"publisher":{"@id":"https:\/\/psol50.org.br\/#organization"},"keywords":["PSOL"],"articleSection":["Arquivo"],"inLanguage":"pt-BR","potentialAction":[{"@type":"CommentAction","name":"Comment","target":["https:\/\/psol50.org.br\/psol-df-repudia-acao-da-pm-e-pede-fim-da-violencia-policial-contra-manifestantes\/#respond"]}]},{"@type":"WebPage","@id":"https:\/\/psol50.org.br\/psol-df-repudia-acao-da-pm-e-pede-fim-da-violencia-policial-contra-manifestantes\/","url":"https:\/\/psol50.org.br\/psol-df-repudia-acao-da-pm-e-pede-fim-da-violencia-policial-contra-manifestantes\/","name":"PSOL-DF repudia a\u00e7\u00e3o da PM e pede fim da viol\u00eancia policial contra manifestantes - PSOL 50","isPartOf":{"@id":"https:\/\/psol50.org.br\/#website"},"datePublished":"2013-09-18T00:00:00+00:00","breadcrumb":{"@id":"https:\/\/psol50.org.br\/psol-df-repudia-acao-da-pm-e-pede-fim-da-violencia-policial-contra-manifestantes\/#breadcrumb"},"inLanguage":"pt-BR","potentialAction":[{"@type":"ReadAction","target":["https:\/\/psol50.org.br\/psol-df-repudia-acao-da-pm-e-pede-fim-da-violencia-policial-contra-manifestantes\/"]}]},{"@type":"BreadcrumbList","@id":"https:\/\/psol50.org.br\/psol-df-repudia-acao-da-pm-e-pede-fim-da-violencia-policial-contra-manifestantes\/#breadcrumb","itemListElement":[{"@type":"ListItem","position":1,"name":"In\u00edcio","item":"https:\/\/psol50.org.br\/"},{"@type":"ListItem","position":2,"name":"PSOL-DF repudia a\u00e7\u00e3o da PM e pede fim da viol\u00eancia policial contra manifestantes"}]},{"@type":"WebSite","@id":"https:\/\/psol50.org.br\/#website","url":"https:\/\/psol50.org.br\/","name":"PSOL 50","description":"Site oficial do Partido Socialismo e Liberdade","publisher":{"@id":"https:\/\/psol50.org.br\/#organization"},"alternateName":"PSOL50","potentialAction":[{"@type":"SearchAction","target":{"@type":"EntryPoint","urlTemplate":"https:\/\/psol50.org.br\/?s={search_term_string}"},"query-input":{"@type":"PropertyValueSpecification","valueRequired":true,"valueName":"search_term_string"}}],"inLanguage":"pt-BR"},{"@type":"Organization","@id":"https:\/\/psol50.org.br\/#organization","name":"PSOL 50","alternateName":"PSOL 50","url":"https:\/\/psol50.org.br\/","logo":{"@type":"ImageObject","inLanguage":"pt-BR","@id":"https:\/\/psol50.org.br\/#\/schema\/logo\/image\/","url":"https:\/\/psol50.org.br\/inc\/uploads\/2018\/07\/capa.png","contentUrl":"https:\/\/psol50.org.br\/inc\/uploads\/2018\/07\/capa.png","width":1350,"height":900,"caption":"PSOL 50"},"image":{"@id":"https:\/\/psol50.org.br\/#\/schema\/logo\/image\/"},"sameAs":["https:\/\/www.facebook.com\/psol50","https:\/\/x.com\/psol50","https:\/\/www.instagram.com\/psol50\/","https:\/\/www.youtube.com\/channel\/UC7SnJS5o1os7a6CaiNabzcg"]},{"@type":"Person","@id":"https:\/\/psol50.org.br\/#\/schema\/person\/475dfa57d0b815993c714c2e96491fcd","name":"Comunica\u00e7\u00e3o PSOL","image":{"@type":"ImageObject","inLanguage":"pt-BR","@id":"https:\/\/psol50.org.br\/#\/schema\/person\/image\/","url":"https:\/\/secure.gravatar.com\/avatar\/b34fc4f4e468a4e51785917065a3db57b841f5c95dba6ad8c73aaf8f66f8f9bf?s=96&d=mm&r=g","contentUrl":"https:\/\/secure.gravatar.com\/avatar\/b34fc4f4e468a4e51785917065a3db57b841f5c95dba6ad8c73aaf8f66f8f9bf?s=96&d=mm&r=g","caption":"Comunica\u00e7\u00e3o PSOL"}}]}},"_links":{"self":[{"href":"https:\/\/psol50.org.br\/rest\/wp\/v2\/posts\/2290","targetHints":{"allow":["GET"]}}],"collection":[{"href":"https:\/\/psol50.org.br\/rest\/wp\/v2\/posts"}],"about":[{"href":"https:\/\/psol50.org.br\/rest\/wp\/v2\/types\/post"}],"author":[{"embeddable":true,"href":"https:\/\/psol50.org.br\/rest\/wp\/v2\/users\/2"}],"replies":[{"embeddable":true,"href":"https:\/\/psol50.org.br\/rest\/wp\/v2\/comments?post=2290"}],"version-history":[{"count":0,"href":"https:\/\/psol50.org.br\/rest\/wp\/v2\/posts\/2290\/revisions"}],"wp:attachment":[{"href":"https:\/\/psol50.org.br\/rest\/wp\/v2\/media?parent=2290"}],"wp:term":[{"taxonomy":"category","embeddable":true,"href":"https:\/\/psol50.org.br\/rest\/wp\/v2\/categories?post=2290"},{"taxonomy":"post_tag","embeddable":true,"href":"https:\/\/psol50.org.br\/rest\/wp\/v2\/tags?post=2290"}],"curies":[{"name":"wp","href":"https:\/\/api.w.org\/{rel}","templated":true}]}}