{"id":2295,"date":"2013-09-20T00:00:00","date_gmt":"2013-09-20T00:00:00","guid":{"rendered":"http:\/\/psol50.org.br\/arquivo\/2013\/09\/20\/bancarios-iniciam-greve-em-todo-o-brasil\/"},"modified":"2013-09-20T00:00:00","modified_gmt":"2013-09-20T00:00:00","slug":"bancarios-iniciam-greve-em-todo-o-brasil","status":"publish","type":"post","link":"https:\/\/psol50.org.br\/bancarios-iniciam-greve-em-todo-o-brasil\/","title":{"rendered":"Banc\u00e1rios iniciam greve em todo o Brasil"},"content":{"rendered":"<p style=\"margin-bottom: 0cm; text-align: justify;\">\n\t<em>Categoria reivindica 11,93% de reajuste, equivalente \u00e0 infla\u00e7\u00e3o dos \u00faltimos 12 meses mais 5% de ganho real. No primeiro dia da greve, 6.145 ag\u00eancias e centros administrativos de bancos p\u00fablicos e privados ficaram fechados nos 26 estados e no Distrito Federal<\/em><\/p>\n<p>\tMilhares de banc\u00e1rios e banc\u00e1rias de norte a sul do Brasil cruzaram os bra\u00e7os por tempo indeterminado desde esta quinta-feira (19). De forma unificada, os trabalhadores do sistema financeiro v\u00e3o \u00e0 luta em resposta aos bancos p\u00fablicos e privados que se negam a debater com seriedade as reivindica\u00e7\u00f5es dos trabalhadores.<\/p>\n<p>\tNo primeiro dia da greve, 6.145 ag\u00eancias e centros administrativos de bancos p\u00fablicos e privados ficaram fechados nos 26 estados e no Distrito Federal, segundo balan\u00e7o divulgado pela Confedera\u00e7\u00e3o Nacional dos Trabalhadores do Ramo Financeiro (Contraf). De acordo com a Contraf, s\u00e3o 1.013 unidades a mais que no primeiro dia da greve no ano passado (5.132), um crescimento de 19,73%.<\/p>\n<p>\tOs banc\u00e1rios reivindicam 11,93% de reajuste, equivalente \u00e0 infla\u00e7\u00e3o dos \u00faltimos 12 meses mais 5% de ganho real, al\u00e9m de valoriza\u00e7\u00e3o do piso salarial, maior participa\u00e7\u00e3o no lucro dos bancos e mais empregos. Querem tamb\u00e9m o fim da rotatividade e das terceiriza\u00e7\u00f5es, melhores condi\u00e7\u00f5es de sa\u00fade e trabalho, mais seguran\u00e7a nas ag\u00eancias e igualdade de oportunidades. Os bancos ofereceram reajuste de 6,1%.<\/p>\n<p>\tNo primeiro dia da greve, milhares de postos de trabalho foram fechados, demonstrando o descontentamento da categoria banc\u00e1ria com os sal\u00e1rios e, principalmente, com as condi\u00e7\u00f5es de trabalho. No Santander, Banco do Brasil, Ita\u00fa, Bradesco, Caixa, entre outros, a indigna\u00e7\u00e3o dos trabalhadores vai se transformar nos pr\u00f3ximos dias em a\u00e7\u00f5es concretas contra a explora\u00e7\u00e3o a que s\u00e3o cotidianamente submetidos, conforme afirma texto publicado na p\u00e1gina da Intersindical.<\/p>\n<p>\tA entidade afirma que press\u00e3o por metas, ass\u00e9dio moral, terceiriza\u00e7\u00f5es e sal\u00e1rio arrochado s\u00e3o a realidade dos banc\u00e1rios. \u201c\u00c9 muito sufoco. Enquanto isso, os bancos seguem lucrando como nunca\u201d, resslta. Nos pr\u00f3ximos dias, os trabalhadores devem ampliar o di\u00e1logo com a sociedade, denunciar o que os bancos fazem com banc\u00e1rios e a popula\u00e7\u00e3o brasileira para atingir tantos lucros e exigir o atendimento das reivindica\u00e7\u00f5es.<\/p>\n<p>\t\u201cDiante de tanto descaso dos banqueiros e do governo demonstrado nas negocia\u00e7\u00f5es, banc\u00e1rios e banc\u00e1rias devem seguir o exemplo da popula\u00e7\u00e3o que saiu \u00e0s ruas em junho contra o aumento das passagens: vamos romper o sil\u00eancio e manifestar nossa profunda indigna\u00e7\u00e3o com esse sufoco\u201d, afirma Eneida Koury, Secret\u00e1ria-Geral do Sindicato dos Banc\u00e1rios de Santos e Regi\u00e3o.<\/p>\n<p>\tParas as lideran\u00e7as sindicais da categoria, esse \u00e9 o melhor momento para mudar as condi\u00e7\u00f5es de trabalho impostas nos bancos. Os trabalhadores exigem o fim da press\u00e3o por metas e medidas duras para impedir o ass\u00e9dio moral que atormenta suas vidas. Al\u00e9m disso, os bancos t\u00eam de apresentar propostas com valoriza\u00e7\u00e3o do piso e reajuste salarial condizente com o esfor\u00e7o cotidiano desses trabalhadores.<\/p>\n<p>\tO lucro dos bancos n\u00e3o deixa d\u00favidas, portante eles podem atender as reivindica\u00e7\u00f5es da categoria banc\u00e1ria. Mais que isso. Eles podem e devem mudar o modelo de gest\u00e3o baseado na press\u00e3o por metas e no ass\u00e9dio moral. As condi\u00e7\u00f5es de trabalho impostas nos bancos s\u00e3o um problema para milhares de banc\u00e1rias e banc\u00e1rios, mas prejudicam, tamb\u00e9m, a popula\u00e7\u00e3o e os clientes, que s\u00e3o obrigados a comprar uma infinidade de produtos s\u00f3 para aumentar o lucro dos banqueiros.<\/p>\n<p>\t\u201cEm S\u00e3o Paulo onde trabalham cerca de 130 mil banc\u00e1rios espalhados em cerca de 4 mil locais de trabalho o desafio de paralisar as unidades \u00e9 grande. Ontem a greve chegou em centenas de ag\u00eancias de todos os bancos e alguns departamentos, particularmente dos bancos p\u00fablicos, mas tamb\u00e9m de bancos privados como o Ita\u00fa Patriarca, onde trabalham cerca de 2 mil banc\u00e1rios. Amanh\u00e3 haver\u00e1 um refor\u00e7o nas paralisa\u00e7\u00f5es das demais concentra\u00e7\u00f5es e pr\u00e9dios administrativos dos bancos\u201d, afirmou Manoel El\u00eddio, o Man\u00e9 Gabeira, funcion\u00e1rio do bancos Ita\u00fa e dirigente nacional da Intersindical Banc\u00e1ria.<\/p>\n","protected":false},"excerpt":{"rendered":"<p>Categoria reivindica 11,93% de reajuste, equivalente \u00e0 infla\u00e7\u00e3o dos \u00faltimos 12 meses mais 5% de ganho real. No primeiro dia da greve, 6.145 ag\u00eancias e centros administrativos de bancos p\u00fablicos e privados ficaram fechados nos 26 estados e no Distrito Federal Milhares de banc\u00e1rios e banc\u00e1rias de norte a sul do Brasil cruzaram os bra\u00e7os [&hellip;]<\/p>\n","protected":false},"author":2,"featured_media":0,"comment_status":"open","ping_status":"open","sticky":false,"template":"","format":"standard","meta":{"_acf_changed":false,"footnotes":""},"categories":[4766,1104],"tags":[],"class_list":{"0":"post-2295","1":"post","2":"type-post","3":"status-publish","4":"format-standard","6":"category-arquivo","7":"category-movimento"},"acf":[],"yoast_head":"<!-- This site is optimized with the Yoast SEO plugin v26.5 - https:\/\/yoast.com\/wordpress\/plugins\/seo\/ -->\n<title>Banc\u00e1rios iniciam greve em todo o Brasil - PSOL 50<\/title>\n<meta name=\"robots\" content=\"index, follow, max-snippet:-1, max-image-preview:large, max-video-preview:-1\" \/>\n<link rel=\"canonical\" href=\"https:\/\/psol50.org.br\/bancarios-iniciam-greve-em-todo-o-brasil\/\" \/>\n<meta property=\"og:locale\" content=\"pt_BR\" \/>\n<meta property=\"og:type\" content=\"article\" \/>\n<meta property=\"og:title\" content=\"Banc\u00e1rios iniciam greve em todo o Brasil - PSOL 50\" \/>\n<meta property=\"og:description\" content=\"Categoria reivindica 11,93% de reajuste, equivalente \u00e0 infla\u00e7\u00e3o dos \u00faltimos 12 meses mais 5% de ganho real. No primeiro dia da greve, 6.145 ag\u00eancias e centros administrativos de bancos p\u00fablicos e privados ficaram fechados nos 26 estados e no Distrito Federal Milhares de banc\u00e1rios e banc\u00e1rias de norte a sul do Brasil cruzaram os bra\u00e7os [&hellip;]\" \/>\n<meta property=\"og:url\" content=\"https:\/\/psol50.org.br\/bancarios-iniciam-greve-em-todo-o-brasil\/\" \/>\n<meta property=\"og:site_name\" content=\"PSOL 50\" \/>\n<meta property=\"article:publisher\" content=\"https:\/\/www.facebook.com\/psol50\" \/>\n<meta property=\"article:published_time\" content=\"2013-09-20T00:00:00+00:00\" \/>\n<meta property=\"og:image\" content=\"https:\/\/psol50.org.br\/inc\/uploads\/2018\/07\/capa.png\" \/>\n\t<meta property=\"og:image:width\" content=\"1350\" \/>\n\t<meta property=\"og:image:height\" content=\"900\" \/>\n\t<meta property=\"og:image:type\" content=\"image\/png\" \/>\n<meta name=\"author\" content=\"Comunica\u00e7\u00e3o PSOL\" \/>\n<meta name=\"twitter:card\" content=\"summary_large_image\" \/>\n<meta name=\"twitter:creator\" content=\"@psol50\" \/>\n<meta name=\"twitter:site\" content=\"@psol50\" \/>\n<meta name=\"twitter:label1\" content=\"Escrito por\" \/>\n\t<meta name=\"twitter:data1\" content=\"Comunica\u00e7\u00e3o PSOL\" \/>\n\t<meta name=\"twitter:label2\" content=\"Est. tempo de leitura\" \/>\n\t<meta name=\"twitter:data2\" content=\"3 minutos\" \/>\n<script type=\"application\/ld+json\" class=\"yoast-schema-graph\">{\"@context\":\"https:\/\/schema.org\",\"@graph\":[{\"@type\":\"Article\",\"@id\":\"https:\/\/psol50.org.br\/bancarios-iniciam-greve-em-todo-o-brasil\/#article\",\"isPartOf\":{\"@id\":\"https:\/\/psol50.org.br\/bancarios-iniciam-greve-em-todo-o-brasil\/\"},\"author\":{\"name\":\"Comunica\u00e7\u00e3o PSOL\",\"@id\":\"https:\/\/psol50.org.br\/#\/schema\/person\/475dfa57d0b815993c714c2e96491fcd\"},\"headline\":\"Banc\u00e1rios iniciam greve em todo o Brasil\",\"datePublished\":\"2013-09-20T00:00:00+00:00\",\"mainEntityOfPage\":{\"@id\":\"https:\/\/psol50.org.br\/bancarios-iniciam-greve-em-todo-o-brasil\/\"},\"wordCount\":705,\"commentCount\":0,\"publisher\":{\"@id\":\"https:\/\/psol50.org.br\/#organization\"},\"articleSection\":[\"Arquivo\",\"Movimento\"],\"inLanguage\":\"pt-BR\",\"potentialAction\":[{\"@type\":\"CommentAction\",\"name\":\"Comment\",\"target\":[\"https:\/\/psol50.org.br\/bancarios-iniciam-greve-em-todo-o-brasil\/#respond\"]}]},{\"@type\":\"WebPage\",\"@id\":\"https:\/\/psol50.org.br\/bancarios-iniciam-greve-em-todo-o-brasil\/\",\"url\":\"https:\/\/psol50.org.br\/bancarios-iniciam-greve-em-todo-o-brasil\/\",\"name\":\"Banc\u00e1rios iniciam greve em todo o Brasil - PSOL 50\",\"isPartOf\":{\"@id\":\"https:\/\/psol50.org.br\/#website\"},\"datePublished\":\"2013-09-20T00:00:00+00:00\",\"breadcrumb\":{\"@id\":\"https:\/\/psol50.org.br\/bancarios-iniciam-greve-em-todo-o-brasil\/#breadcrumb\"},\"inLanguage\":\"pt-BR\",\"potentialAction\":[{\"@type\":\"ReadAction\",\"target\":[\"https:\/\/psol50.org.br\/bancarios-iniciam-greve-em-todo-o-brasil\/\"]}]},{\"@type\":\"BreadcrumbList\",\"@id\":\"https:\/\/psol50.org.br\/bancarios-iniciam-greve-em-todo-o-brasil\/#breadcrumb\",\"itemListElement\":[{\"@type\":\"ListItem\",\"position\":1,\"name\":\"In\u00edcio\",\"item\":\"https:\/\/psol50.org.br\/\"},{\"@type\":\"ListItem\",\"position\":2,\"name\":\"Banc\u00e1rios iniciam greve em todo o Brasil\"}]},{\"@type\":\"WebSite\",\"@id\":\"https:\/\/psol50.org.br\/#website\",\"url\":\"https:\/\/psol50.org.br\/\",\"name\":\"PSOL 50\",\"description\":\"Site oficial do Partido Socialismo e Liberdade\",\"publisher\":{\"@id\":\"https:\/\/psol50.org.br\/#organization\"},\"alternateName\":\"PSOL50\",\"potentialAction\":[{\"@type\":\"SearchAction\",\"target\":{\"@type\":\"EntryPoint\",\"urlTemplate\":\"https:\/\/psol50.org.br\/?s={search_term_string}\"},\"query-input\":{\"@type\":\"PropertyValueSpecification\",\"valueRequired\":true,\"valueName\":\"search_term_string\"}}],\"inLanguage\":\"pt-BR\"},{\"@type\":\"Organization\",\"@id\":\"https:\/\/psol50.org.br\/#organization\",\"name\":\"PSOL 50\",\"alternateName\":\"PSOL 50\",\"url\":\"https:\/\/psol50.org.br\/\",\"logo\":{\"@type\":\"ImageObject\",\"inLanguage\":\"pt-BR\",\"@id\":\"https:\/\/psol50.org.br\/#\/schema\/logo\/image\/\",\"url\":\"https:\/\/psol50.org.br\/inc\/uploads\/2018\/07\/capa.png\",\"contentUrl\":\"https:\/\/psol50.org.br\/inc\/uploads\/2018\/07\/capa.png\",\"width\":1350,\"height\":900,\"caption\":\"PSOL 50\"},\"image\":{\"@id\":\"https:\/\/psol50.org.br\/#\/schema\/logo\/image\/\"},\"sameAs\":[\"https:\/\/www.facebook.com\/psol50\",\"https:\/\/x.com\/psol50\",\"https:\/\/www.instagram.com\/psol50\/\",\"https:\/\/www.youtube.com\/channel\/UC7SnJS5o1os7a6CaiNabzcg\"]},{\"@type\":\"Person\",\"@id\":\"https:\/\/psol50.org.br\/#\/schema\/person\/475dfa57d0b815993c714c2e96491fcd\",\"name\":\"Comunica\u00e7\u00e3o PSOL\",\"image\":{\"@type\":\"ImageObject\",\"inLanguage\":\"pt-BR\",\"@id\":\"https:\/\/psol50.org.br\/#\/schema\/person\/image\/\",\"url\":\"https:\/\/secure.gravatar.com\/avatar\/b34fc4f4e468a4e51785917065a3db57b841f5c95dba6ad8c73aaf8f66f8f9bf?s=96&d=mm&r=g\",\"contentUrl\":\"https:\/\/secure.gravatar.com\/avatar\/b34fc4f4e468a4e51785917065a3db57b841f5c95dba6ad8c73aaf8f66f8f9bf?s=96&d=mm&r=g\",\"caption\":\"Comunica\u00e7\u00e3o PSOL\"}}]}<\/script>\n<!-- \/ Yoast SEO plugin. -->","yoast_head_json":{"title":"Banc\u00e1rios iniciam greve em todo o Brasil - PSOL 50","robots":{"index":"index","follow":"follow","max-snippet":"max-snippet:-1","max-image-preview":"max-image-preview:large","max-video-preview":"max-video-preview:-1"},"canonical":"https:\/\/psol50.org.br\/bancarios-iniciam-greve-em-todo-o-brasil\/","og_locale":"pt_BR","og_type":"article","og_title":"Banc\u00e1rios iniciam greve em todo o Brasil - PSOL 50","og_description":"Categoria reivindica 11,93% de reajuste, equivalente \u00e0 infla\u00e7\u00e3o dos \u00faltimos 12 meses mais 5% de ganho real. No primeiro dia da greve, 6.145 ag\u00eancias e centros administrativos de bancos p\u00fablicos e privados ficaram fechados nos 26 estados e no Distrito Federal Milhares de banc\u00e1rios e banc\u00e1rias de norte a sul do Brasil cruzaram os bra\u00e7os [&hellip;]","og_url":"https:\/\/psol50.org.br\/bancarios-iniciam-greve-em-todo-o-brasil\/","og_site_name":"PSOL 50","article_publisher":"https:\/\/www.facebook.com\/psol50","article_published_time":"2013-09-20T00:00:00+00:00","og_image":[{"width":1350,"height":900,"url":"https:\/\/psol50.org.br\/inc\/uploads\/2018\/07\/capa.png","type":"image\/png"}],"author":"Comunica\u00e7\u00e3o PSOL","twitter_card":"summary_large_image","twitter_creator":"@psol50","twitter_site":"@psol50","twitter_misc":{"Escrito por":"Comunica\u00e7\u00e3o PSOL","Est. tempo de leitura":"3 minutos"},"schema":{"@context":"https:\/\/schema.org","@graph":[{"@type":"Article","@id":"https:\/\/psol50.org.br\/bancarios-iniciam-greve-em-todo-o-brasil\/#article","isPartOf":{"@id":"https:\/\/psol50.org.br\/bancarios-iniciam-greve-em-todo-o-brasil\/"},"author":{"name":"Comunica\u00e7\u00e3o PSOL","@id":"https:\/\/psol50.org.br\/#\/schema\/person\/475dfa57d0b815993c714c2e96491fcd"},"headline":"Banc\u00e1rios iniciam greve em todo o Brasil","datePublished":"2013-09-20T00:00:00+00:00","mainEntityOfPage":{"@id":"https:\/\/psol50.org.br\/bancarios-iniciam-greve-em-todo-o-brasil\/"},"wordCount":705,"commentCount":0,"publisher":{"@id":"https:\/\/psol50.org.br\/#organization"},"articleSection":["Arquivo","Movimento"],"inLanguage":"pt-BR","potentialAction":[{"@type":"CommentAction","name":"Comment","target":["https:\/\/psol50.org.br\/bancarios-iniciam-greve-em-todo-o-brasil\/#respond"]}]},{"@type":"WebPage","@id":"https:\/\/psol50.org.br\/bancarios-iniciam-greve-em-todo-o-brasil\/","url":"https:\/\/psol50.org.br\/bancarios-iniciam-greve-em-todo-o-brasil\/","name":"Banc\u00e1rios iniciam greve em todo o Brasil - PSOL 50","isPartOf":{"@id":"https:\/\/psol50.org.br\/#website"},"datePublished":"2013-09-20T00:00:00+00:00","breadcrumb":{"@id":"https:\/\/psol50.org.br\/bancarios-iniciam-greve-em-todo-o-brasil\/#breadcrumb"},"inLanguage":"pt-BR","potentialAction":[{"@type":"ReadAction","target":["https:\/\/psol50.org.br\/bancarios-iniciam-greve-em-todo-o-brasil\/"]}]},{"@type":"BreadcrumbList","@id":"https:\/\/psol50.org.br\/bancarios-iniciam-greve-em-todo-o-brasil\/#breadcrumb","itemListElement":[{"@type":"ListItem","position":1,"name":"In\u00edcio","item":"https:\/\/psol50.org.br\/"},{"@type":"ListItem","position":2,"name":"Banc\u00e1rios iniciam greve em todo o Brasil"}]},{"@type":"WebSite","@id":"https:\/\/psol50.org.br\/#website","url":"https:\/\/psol50.org.br\/","name":"PSOL 50","description":"Site oficial do Partido Socialismo e Liberdade","publisher":{"@id":"https:\/\/psol50.org.br\/#organization"},"alternateName":"PSOL50","potentialAction":[{"@type":"SearchAction","target":{"@type":"EntryPoint","urlTemplate":"https:\/\/psol50.org.br\/?s={search_term_string}"},"query-input":{"@type":"PropertyValueSpecification","valueRequired":true,"valueName":"search_term_string"}}],"inLanguage":"pt-BR"},{"@type":"Organization","@id":"https:\/\/psol50.org.br\/#organization","name":"PSOL 50","alternateName":"PSOL 50","url":"https:\/\/psol50.org.br\/","logo":{"@type":"ImageObject","inLanguage":"pt-BR","@id":"https:\/\/psol50.org.br\/#\/schema\/logo\/image\/","url":"https:\/\/psol50.org.br\/inc\/uploads\/2018\/07\/capa.png","contentUrl":"https:\/\/psol50.org.br\/inc\/uploads\/2018\/07\/capa.png","width":1350,"height":900,"caption":"PSOL 50"},"image":{"@id":"https:\/\/psol50.org.br\/#\/schema\/logo\/image\/"},"sameAs":["https:\/\/www.facebook.com\/psol50","https:\/\/x.com\/psol50","https:\/\/www.instagram.com\/psol50\/","https:\/\/www.youtube.com\/channel\/UC7SnJS5o1os7a6CaiNabzcg"]},{"@type":"Person","@id":"https:\/\/psol50.org.br\/#\/schema\/person\/475dfa57d0b815993c714c2e96491fcd","name":"Comunica\u00e7\u00e3o PSOL","image":{"@type":"ImageObject","inLanguage":"pt-BR","@id":"https:\/\/psol50.org.br\/#\/schema\/person\/image\/","url":"https:\/\/secure.gravatar.com\/avatar\/b34fc4f4e468a4e51785917065a3db57b841f5c95dba6ad8c73aaf8f66f8f9bf?s=96&d=mm&r=g","contentUrl":"https:\/\/secure.gravatar.com\/avatar\/b34fc4f4e468a4e51785917065a3db57b841f5c95dba6ad8c73aaf8f66f8f9bf?s=96&d=mm&r=g","caption":"Comunica\u00e7\u00e3o PSOL"}}]}},"_links":{"self":[{"href":"https:\/\/psol50.org.br\/rest\/wp\/v2\/posts\/2295","targetHints":{"allow":["GET"]}}],"collection":[{"href":"https:\/\/psol50.org.br\/rest\/wp\/v2\/posts"}],"about":[{"href":"https:\/\/psol50.org.br\/rest\/wp\/v2\/types\/post"}],"author":[{"embeddable":true,"href":"https:\/\/psol50.org.br\/rest\/wp\/v2\/users\/2"}],"replies":[{"embeddable":true,"href":"https:\/\/psol50.org.br\/rest\/wp\/v2\/comments?post=2295"}],"version-history":[{"count":0,"href":"https:\/\/psol50.org.br\/rest\/wp\/v2\/posts\/2295\/revisions"}],"wp:attachment":[{"href":"https:\/\/psol50.org.br\/rest\/wp\/v2\/media?parent=2295"}],"wp:term":[{"taxonomy":"category","embeddable":true,"href":"https:\/\/psol50.org.br\/rest\/wp\/v2\/categories?post=2295"},{"taxonomy":"post_tag","embeddable":true,"href":"https:\/\/psol50.org.br\/rest\/wp\/v2\/tags?post=2295"}],"curies":[{"name":"wp","href":"https:\/\/api.w.org\/{rel}","templated":true}]}}