{"id":2300,"date":"2013-09-24T00:00:00","date_gmt":"2013-09-24T00:00:00","guid":{"rendered":"http:\/\/psol50.org.br\/arquivo\/2013\/09\/24\/paralisacao-nacional-bancarios-iniciam-a-semana-com-greve-fortalecida\/"},"modified":"2013-09-24T00:00:00","modified_gmt":"2013-09-24T00:00:00","slug":"paralisacao-nacional-bancarios-iniciam-a-semana-com-greve-fortalecida","status":"publish","type":"post","link":"https:\/\/psol50.org.br\/paralisacao-nacional-bancarios-iniciam-a-semana-com-greve-fortalecida\/","title":{"rendered":"Paralisa\u00e7\u00e3o nacional: Banc\u00e1rios iniciam a semana com greve fortalecida"},"content":{"rendered":"<p>\n\t<em>Segundo Intersindical, mesmo com recordes hist\u00f3ricos de lucratividade, bancos se mant\u00eam intransigentes e n\u00e3o querem negociar<\/em><br \/>\n\t&nbsp;<br \/>\n\tA campanha salarial dos trabalhadores banc\u00e1rios deste ano segue em seu quinto dia com maior ades\u00e3o da categoria, conforme informou nesta segunda-feira (23) a Intersindical. Em S\u00e3o Paulo, com todos os bancos da regi\u00e3o central j\u00e1 paralisados desde o \u00faltimo dia 19, o movimento grevista come\u00e7a a tomar for\u00e7a em dire\u00e7\u00e3o \u00e0s regi\u00f5es perif\u00e9ricas da cidade. Man\u00e9 Gabeira, diretor do Coletivo Banc\u00e1rios na Luta &#8211; Intersindical, afirma que no Ita\u00fa, por exemplo, &#8220;j\u00e1 est\u00e1 fora de opera\u00e7\u00e3o o CA Raposo (antigo CAL), o CTO e uma \u00e1rea administrativa na Lapa&#8221;.<br \/>\n\t&nbsp;<br \/>\n\tOs banc\u00e1rios seguem ainda sem avan\u00e7os nas negocia\u00e7\u00f5es. Edilson Montrose, funcion\u00e1rio do Banco do Brasil e dirigente do Coletivo Banc\u00e1rios na Luta &#8211; Intersindical, n\u00e3o confirma nenhuma rodada de negocia\u00e7\u00e3o at\u00e9 o momento, a n\u00e3o ser as que aconteceram at\u00e9 a \u00faltima quinta-feira. Todas sem sucesso para os trabalhadores, o que, por consequ\u00eancia, deflagrou a greve.<br \/>\n\t&nbsp;<br \/>\n\tGabeira reitera que os trabalhadores est\u00e3o reivindicando 11,93% (5% de aumento real, descontada a infla\u00e7\u00e3o), PLR de 90%, melhores condi\u00e7\u00f5es para Vale-Refei\u00e7\u00e3o, Aux\u00edlio Creche e valor fixo de R$ 1.633,94. Contudo, a contraproposta dos banqueiros tem sido somente de 6%.<br \/>\n\t&nbsp;<br \/>\n\tPor outro lado, o lucro l\u00edquido dos bancos no primeiro semestre deste ano bateu recordes hist\u00f3ricos: o Banco do Brasil obteve lucro de R$ 10,03 Bilh\u00f5es e o Ita\u00fa R$ 7,2 Bi. Respectivamente primeiro e segundo lugares em toda a hist\u00f3ria dos bancos brasileiros.<br \/>\n\t&nbsp;<br \/>\n\tMontrose explica que, em rela\u00e7\u00e3o ao Banco do Brasil, &#8220;a pol\u00edtica de gest\u00e3o hoje \u00e9 refer\u00eancia para os bancos privados aumentarem sua lucratividade&#8221;. Em outras palavras, isso quer dizer que o BB, sendo um banco p\u00fablico, trabalha &#8220;subordinado \u00e0 l\u00f3gica neoliberal aplicada pelo Governo Federal&#8221;, define. &#8220;Ent\u00e3o todas as pr\u00e1ticas absurdas de gest\u00e3o s\u00e3o utilizadas para gerar mais resultados. Tudo a um custo social muito grande: adoecimento, descomissionamento e demiss\u00f5es&#8221;, conclui.<br \/>\n\t&nbsp;<br \/>\n\tEst\u00e1 programada para esta ter\u00e7a-feira (24), sexto dia de greve, uma passeata em S\u00e3o Paulo. A concentra\u00e7\u00e3o ser\u00e1 a partir das 16h, na Avenida Paulista.<br \/>\n\t&nbsp;<br \/>\n\t<strong>Banqueiros n\u00e3o negociam e greve continua<\/strong><br \/>\n\tA Fenaban (Federa\u00e7\u00e3o Nacional dos Bancos) continua intransigente e n\u00e3o quer negociar um \u00edndice decente. \u201cInfelizmente os banqueiros n\u00e3o est\u00e3o nem a\u00ed para os banc\u00e1rios, os clientes e a popula\u00e7\u00e3o. Devem estar sentados nos seus gabinetes refrigerados fazendo as contas de quanto lucrar\u00e3o at\u00e9 o fim de 2013\u201d, afirma Ricardo Saraiva Big, Presidente do Sindicato dos Banc\u00e1rios de Santos e Regi\u00e3o.<br \/>\n\t&nbsp;<br \/>\n\tSegundo o dirigente, a paralisa\u00e7\u00e3o nas cidades de Santos, S\u00e3o Vicente, Cubat\u00e3o, Guaruj\u00e1 e Praia Grande atinge 90% das ag\u00eancias banc\u00e1rias. Em Mongagu\u00e1, Itanha\u00e9m, Peru\u00edbe e Bertioga 70% dos banc\u00e1rios cruzaram os bra\u00e7os, por tempo indeterminado.<br \/>\n\t&nbsp;<br \/>\n\tOs banqueiros oferecem reajuste de 6,1%, \u00edndice abaixo da infla\u00e7\u00e3o, apesar do lucro l\u00edquido de cerca de 30 bilh\u00f5es somente nos primeiros seis meses de 2013, conforme dados de seus pr\u00f3prios balancetes auferidos pelo Dieese. Os banc\u00e1rios reivindicam 11,93%. A data-base do Acordo Coletivo da categoria \u00e9 1\u00ba de setembro e a greve \u00e9 nacional.<br \/>\n\t&nbsp;<br \/>\n\t<strong>Terceiriza\u00e7\u00e3o \u00e9 objetivo dos banqueiros<\/strong><br \/>\n\tSegundo o Presidente do Sindicato dos Banc\u00e1rios de Santos e Regi\u00e3o, esta situa\u00e7\u00e3o vai piorar se o Projeto de Lei 4330, da terceiriza\u00e7\u00e3o e de interesse do empresariado, for aprovado no Congresso Nacional.&nbsp; \u201cA proposta visa escancarar o uso de trabalhadores terceirizados em diversos setores e reduzir direitos\u201d, esclarece.<br \/>\n\t&nbsp;<br \/>\n\t<strong>Dieese<\/strong><br \/>\n\tSegundo estudos do Departamento Intersindical de Estat\u00edsticas e Estudos Socioecon\u00f4micos (Dieese), quem trabalha em firmas terceirizadas recebe sal\u00e1rio 27% menor que o contratado direto; tem jornada semanal de 3 horas a mais; permanece 2,6 anos a menos no emprego do que um trabalhador contratado diretamente; a rotatividade \u00e9 maior 44,9% entre os terceirizados, contra 22% dos diretamente contratados; a cada 10 acidentes de trabalho, oito acontecem entre os trabalhadores terceirizados.<br \/>\n\t&nbsp;<br \/>\n\tAinda de acordo com os estudos, o n\u00famero de \u00f3bitos no local de of\u00edcio \u00e9 cinco vezes maior do que entre os contratados diretos, nos setores petrol\u00edfero e el\u00e9trico.<br \/>\n\t&nbsp;<br \/>\n\t<strong>Banc\u00e1rios e trabalhadores dos Correios far\u00e3o passeata nesta quarta-feira (25), em Santos<\/strong><br \/>\n\tSegundo o Sindicato dos Banc\u00e1rios de Santos e Regi\u00e3o, as categorias em greve dos banc\u00e1rios e dos empregados nos Correios far\u00e3o passeata em conjunto pelas ruas do Centro de Santos nesta quarta-feira, 25 de setembro. O objetivo da manifesta\u00e7\u00e3o \u00e9 alertar \u00e0 popula\u00e7\u00e3o sobre suas reivindica\u00e7\u00f5es e a intransig\u00eancia dos banqueiros e do governo federal.<br \/>\n\t&nbsp;<br \/>\n\tA concentra\u00e7\u00e3o ser\u00e1 a partir das 16h, na Pra\u00e7a Mau\u00e1.<br \/>\n\t&nbsp;<br \/>\n\t<strong>Reivindica\u00e7\u00f5es dos banc\u00e1rios<\/strong><br \/>\n\t&#8211; Reajuste salarial de 11,93%<br \/>\n\t&#8211; PLR: tr\u00eas sal\u00e1rios mais R$ 5.553,15.<br \/>\n\t&#8211; Piso: R$ 2.860,21 (sal\u00e1rio m\u00ednimo do Dieese).<br \/>\n\t&#8211; Aux\u00edlios alimenta\u00e7\u00e3o, refei\u00e7\u00e3o, 13\u00aa cesta e aux\u00edlio-creche\/bab\u00e1: R$ 678 ao m\u00eas para cada (sal\u00e1rio m\u00ednimo nacional).<br \/>\n\t&#8211; Melhores condi\u00e7\u00f5es de trabalho, com o fim das metas e do ass\u00e9dio moral que adoece os banc\u00e1rios.<br \/>\n\t&#8211; Emprego: fim das demiss\u00f5es, mais contrata\u00e7\u00f5es, aumento da inclus\u00e3o banc\u00e1ria, combate \u00e0s terceiriza\u00e7\u00f5es, especialmente ao PL 4330 que precariza as condi\u00e7\u00f5es de trabalho, al\u00e9m da aplica\u00e7\u00e3o da Conven\u00e7\u00e3o 158 da OIT, que pro\u00edbe as dispensas imotivadas.<br \/>\n\t&#8211; Plano de Cargos, Carreiras e Sal\u00e1rios (PCCS) para todos os banc\u00e1rios.<br \/>\n\t&#8211; Aux\u00edlio-educa\u00e7\u00e3o: pagamento para gradua\u00e7\u00e3o e p\u00f3s-gradua\u00e7\u00e3o.<br \/>\n\t&#8211; Preven\u00e7\u00e3o contra assaltos e sequestros, com o fim da guarda das chaves de cofres e ag\u00eancias por banc\u00e1rios.<br \/>\n\t&#8211; Igualdade de oportunidades para banc\u00e1rios e banc\u00e1rias, com a contrata\u00e7\u00e3o de pelo menos 20% de negros e negras.<\/p>\n<p>&nbsp;<\/p>\n","protected":false},"excerpt":{"rendered":"<p>Segundo Intersindical, mesmo com recordes hist\u00f3ricos de lucratividade, bancos se mant\u00eam intransigentes e n\u00e3o querem negociar &nbsp; A campanha salarial dos trabalhadores banc\u00e1rios deste ano segue em seu quinto dia com maior ades\u00e3o da categoria, conforme informou nesta segunda-feira (23) a Intersindical. Em S\u00e3o Paulo, com todos os bancos da regi\u00e3o central j\u00e1 paralisados desde [&hellip;]<\/p>\n","protected":false},"author":2,"featured_media":0,"comment_status":"open","ping_status":"open","sticky":false,"template":"","format":"standard","meta":{"_acf_changed":false,"footnotes":""},"categories":[4766,1104,6],"tags":[],"class_list":{"0":"post-2300","1":"post","2":"type-post","3":"status-publish","4":"format-standard","6":"category-arquivo","7":"category-movimento","8":"category-noticias"},"acf":[],"yoast_head":"<!-- This site is optimized with the Yoast SEO plugin v26.5 - https:\/\/yoast.com\/wordpress\/plugins\/seo\/ -->\n<title>Paralisa\u00e7\u00e3o nacional: Banc\u00e1rios iniciam a semana com greve fortalecida - PSOL 50<\/title>\n<meta name=\"robots\" content=\"index, follow, max-snippet:-1, max-image-preview:large, max-video-preview:-1\" \/>\n<link rel=\"canonical\" href=\"https:\/\/psol50.org.br\/paralisacao-nacional-bancarios-iniciam-a-semana-com-greve-fortalecida\/\" \/>\n<meta property=\"og:locale\" content=\"pt_BR\" \/>\n<meta property=\"og:type\" content=\"article\" \/>\n<meta property=\"og:title\" content=\"Paralisa\u00e7\u00e3o nacional: Banc\u00e1rios iniciam a semana com greve fortalecida - PSOL 50\" \/>\n<meta property=\"og:description\" content=\"Segundo Intersindical, mesmo com recordes hist\u00f3ricos de lucratividade, bancos se mant\u00eam intransigentes e n\u00e3o querem negociar &nbsp; A campanha salarial dos trabalhadores banc\u00e1rios deste ano segue em seu quinto dia com maior ades\u00e3o da categoria, conforme informou nesta segunda-feira (23) a Intersindical. Em S\u00e3o Paulo, com todos os bancos da regi\u00e3o central j\u00e1 paralisados desde [&hellip;]\" \/>\n<meta property=\"og:url\" content=\"https:\/\/psol50.org.br\/paralisacao-nacional-bancarios-iniciam-a-semana-com-greve-fortalecida\/\" \/>\n<meta property=\"og:site_name\" content=\"PSOL 50\" \/>\n<meta property=\"article:publisher\" content=\"https:\/\/www.facebook.com\/psol50\" \/>\n<meta property=\"article:published_time\" content=\"2013-09-24T00:00:00+00:00\" \/>\n<meta property=\"og:image\" content=\"https:\/\/psol50.org.br\/inc\/uploads\/2018\/07\/capa.png\" \/>\n\t<meta property=\"og:image:width\" content=\"1350\" \/>\n\t<meta property=\"og:image:height\" content=\"900\" \/>\n\t<meta property=\"og:image:type\" content=\"image\/png\" \/>\n<meta name=\"author\" content=\"Comunica\u00e7\u00e3o PSOL\" \/>\n<meta name=\"twitter:card\" content=\"summary_large_image\" \/>\n<meta name=\"twitter:creator\" content=\"@psol50\" \/>\n<meta name=\"twitter:site\" content=\"@psol50\" \/>\n<meta name=\"twitter:label1\" content=\"Escrito por\" \/>\n\t<meta name=\"twitter:data1\" content=\"Comunica\u00e7\u00e3o PSOL\" \/>\n\t<meta name=\"twitter:label2\" content=\"Est. tempo de leitura\" \/>\n\t<meta name=\"twitter:data2\" content=\"5 minutos\" \/>\n<script type=\"application\/ld+json\" class=\"yoast-schema-graph\">{\"@context\":\"https:\/\/schema.org\",\"@graph\":[{\"@type\":\"Article\",\"@id\":\"https:\/\/psol50.org.br\/paralisacao-nacional-bancarios-iniciam-a-semana-com-greve-fortalecida\/#article\",\"isPartOf\":{\"@id\":\"https:\/\/psol50.org.br\/paralisacao-nacional-bancarios-iniciam-a-semana-com-greve-fortalecida\/\"},\"author\":{\"name\":\"Comunica\u00e7\u00e3o PSOL\",\"@id\":\"https:\/\/psol50.org.br\/#\/schema\/person\/475dfa57d0b815993c714c2e96491fcd\"},\"headline\":\"Paralisa\u00e7\u00e3o nacional: Banc\u00e1rios iniciam a semana com greve fortalecida\",\"datePublished\":\"2013-09-24T00:00:00+00:00\",\"mainEntityOfPage\":{\"@id\":\"https:\/\/psol50.org.br\/paralisacao-nacional-bancarios-iniciam-a-semana-com-greve-fortalecida\/\"},\"wordCount\":1001,\"commentCount\":0,\"publisher\":{\"@id\":\"https:\/\/psol50.org.br\/#organization\"},\"articleSection\":[\"Arquivo\",\"Movimento\",\"Not\u00edcias\"],\"inLanguage\":\"pt-BR\",\"potentialAction\":[{\"@type\":\"CommentAction\",\"name\":\"Comment\",\"target\":[\"https:\/\/psol50.org.br\/paralisacao-nacional-bancarios-iniciam-a-semana-com-greve-fortalecida\/#respond\"]}]},{\"@type\":\"WebPage\",\"@id\":\"https:\/\/psol50.org.br\/paralisacao-nacional-bancarios-iniciam-a-semana-com-greve-fortalecida\/\",\"url\":\"https:\/\/psol50.org.br\/paralisacao-nacional-bancarios-iniciam-a-semana-com-greve-fortalecida\/\",\"name\":\"Paralisa\u00e7\u00e3o nacional: Banc\u00e1rios iniciam a semana com greve fortalecida - PSOL 50\",\"isPartOf\":{\"@id\":\"https:\/\/psol50.org.br\/#website\"},\"datePublished\":\"2013-09-24T00:00:00+00:00\",\"breadcrumb\":{\"@id\":\"https:\/\/psol50.org.br\/paralisacao-nacional-bancarios-iniciam-a-semana-com-greve-fortalecida\/#breadcrumb\"},\"inLanguage\":\"pt-BR\",\"potentialAction\":[{\"@type\":\"ReadAction\",\"target\":[\"https:\/\/psol50.org.br\/paralisacao-nacional-bancarios-iniciam-a-semana-com-greve-fortalecida\/\"]}]},{\"@type\":\"BreadcrumbList\",\"@id\":\"https:\/\/psol50.org.br\/paralisacao-nacional-bancarios-iniciam-a-semana-com-greve-fortalecida\/#breadcrumb\",\"itemListElement\":[{\"@type\":\"ListItem\",\"position\":1,\"name\":\"In\u00edcio\",\"item\":\"https:\/\/psol50.org.br\/\"},{\"@type\":\"ListItem\",\"position\":2,\"name\":\"Paralisa\u00e7\u00e3o nacional: Banc\u00e1rios iniciam a semana com greve fortalecida\"}]},{\"@type\":\"WebSite\",\"@id\":\"https:\/\/psol50.org.br\/#website\",\"url\":\"https:\/\/psol50.org.br\/\",\"name\":\"PSOL 50\",\"description\":\"Site oficial do Partido Socialismo e Liberdade\",\"publisher\":{\"@id\":\"https:\/\/psol50.org.br\/#organization\"},\"alternateName\":\"PSOL50\",\"potentialAction\":[{\"@type\":\"SearchAction\",\"target\":{\"@type\":\"EntryPoint\",\"urlTemplate\":\"https:\/\/psol50.org.br\/?s={search_term_string}\"},\"query-input\":{\"@type\":\"PropertyValueSpecification\",\"valueRequired\":true,\"valueName\":\"search_term_string\"}}],\"inLanguage\":\"pt-BR\"},{\"@type\":\"Organization\",\"@id\":\"https:\/\/psol50.org.br\/#organization\",\"name\":\"PSOL 50\",\"alternateName\":\"PSOL 50\",\"url\":\"https:\/\/psol50.org.br\/\",\"logo\":{\"@type\":\"ImageObject\",\"inLanguage\":\"pt-BR\",\"@id\":\"https:\/\/psol50.org.br\/#\/schema\/logo\/image\/\",\"url\":\"https:\/\/psol50.org.br\/inc\/uploads\/2018\/07\/capa.png\",\"contentUrl\":\"https:\/\/psol50.org.br\/inc\/uploads\/2018\/07\/capa.png\",\"width\":1350,\"height\":900,\"caption\":\"PSOL 50\"},\"image\":{\"@id\":\"https:\/\/psol50.org.br\/#\/schema\/logo\/image\/\"},\"sameAs\":[\"https:\/\/www.facebook.com\/psol50\",\"https:\/\/x.com\/psol50\",\"https:\/\/www.instagram.com\/psol50\/\",\"https:\/\/www.youtube.com\/channel\/UC7SnJS5o1os7a6CaiNabzcg\"]},{\"@type\":\"Person\",\"@id\":\"https:\/\/psol50.org.br\/#\/schema\/person\/475dfa57d0b815993c714c2e96491fcd\",\"name\":\"Comunica\u00e7\u00e3o PSOL\",\"image\":{\"@type\":\"ImageObject\",\"inLanguage\":\"pt-BR\",\"@id\":\"https:\/\/psol50.org.br\/#\/schema\/person\/image\/\",\"url\":\"https:\/\/secure.gravatar.com\/avatar\/b34fc4f4e468a4e51785917065a3db57b841f5c95dba6ad8c73aaf8f66f8f9bf?s=96&d=mm&r=g\",\"contentUrl\":\"https:\/\/secure.gravatar.com\/avatar\/b34fc4f4e468a4e51785917065a3db57b841f5c95dba6ad8c73aaf8f66f8f9bf?s=96&d=mm&r=g\",\"caption\":\"Comunica\u00e7\u00e3o PSOL\"}}]}<\/script>\n<!-- \/ Yoast SEO plugin. -->","yoast_head_json":{"title":"Paralisa\u00e7\u00e3o nacional: Banc\u00e1rios iniciam a semana com greve fortalecida - PSOL 50","robots":{"index":"index","follow":"follow","max-snippet":"max-snippet:-1","max-image-preview":"max-image-preview:large","max-video-preview":"max-video-preview:-1"},"canonical":"https:\/\/psol50.org.br\/paralisacao-nacional-bancarios-iniciam-a-semana-com-greve-fortalecida\/","og_locale":"pt_BR","og_type":"article","og_title":"Paralisa\u00e7\u00e3o nacional: Banc\u00e1rios iniciam a semana com greve fortalecida - PSOL 50","og_description":"Segundo Intersindical, mesmo com recordes hist\u00f3ricos de lucratividade, bancos se mant\u00eam intransigentes e n\u00e3o querem negociar &nbsp; A campanha salarial dos trabalhadores banc\u00e1rios deste ano segue em seu quinto dia com maior ades\u00e3o da categoria, conforme informou nesta segunda-feira (23) a Intersindical. Em S\u00e3o Paulo, com todos os bancos da regi\u00e3o central j\u00e1 paralisados desde [&hellip;]","og_url":"https:\/\/psol50.org.br\/paralisacao-nacional-bancarios-iniciam-a-semana-com-greve-fortalecida\/","og_site_name":"PSOL 50","article_publisher":"https:\/\/www.facebook.com\/psol50","article_published_time":"2013-09-24T00:00:00+00:00","og_image":[{"width":1350,"height":900,"url":"https:\/\/psol50.org.br\/inc\/uploads\/2018\/07\/capa.png","type":"image\/png"}],"author":"Comunica\u00e7\u00e3o PSOL","twitter_card":"summary_large_image","twitter_creator":"@psol50","twitter_site":"@psol50","twitter_misc":{"Escrito por":"Comunica\u00e7\u00e3o PSOL","Est. tempo de leitura":"5 minutos"},"schema":{"@context":"https:\/\/schema.org","@graph":[{"@type":"Article","@id":"https:\/\/psol50.org.br\/paralisacao-nacional-bancarios-iniciam-a-semana-com-greve-fortalecida\/#article","isPartOf":{"@id":"https:\/\/psol50.org.br\/paralisacao-nacional-bancarios-iniciam-a-semana-com-greve-fortalecida\/"},"author":{"name":"Comunica\u00e7\u00e3o PSOL","@id":"https:\/\/psol50.org.br\/#\/schema\/person\/475dfa57d0b815993c714c2e96491fcd"},"headline":"Paralisa\u00e7\u00e3o nacional: Banc\u00e1rios iniciam a semana com greve fortalecida","datePublished":"2013-09-24T00:00:00+00:00","mainEntityOfPage":{"@id":"https:\/\/psol50.org.br\/paralisacao-nacional-bancarios-iniciam-a-semana-com-greve-fortalecida\/"},"wordCount":1001,"commentCount":0,"publisher":{"@id":"https:\/\/psol50.org.br\/#organization"},"articleSection":["Arquivo","Movimento","Not\u00edcias"],"inLanguage":"pt-BR","potentialAction":[{"@type":"CommentAction","name":"Comment","target":["https:\/\/psol50.org.br\/paralisacao-nacional-bancarios-iniciam-a-semana-com-greve-fortalecida\/#respond"]}]},{"@type":"WebPage","@id":"https:\/\/psol50.org.br\/paralisacao-nacional-bancarios-iniciam-a-semana-com-greve-fortalecida\/","url":"https:\/\/psol50.org.br\/paralisacao-nacional-bancarios-iniciam-a-semana-com-greve-fortalecida\/","name":"Paralisa\u00e7\u00e3o nacional: Banc\u00e1rios iniciam a semana com greve fortalecida - PSOL 50","isPartOf":{"@id":"https:\/\/psol50.org.br\/#website"},"datePublished":"2013-09-24T00:00:00+00:00","breadcrumb":{"@id":"https:\/\/psol50.org.br\/paralisacao-nacional-bancarios-iniciam-a-semana-com-greve-fortalecida\/#breadcrumb"},"inLanguage":"pt-BR","potentialAction":[{"@type":"ReadAction","target":["https:\/\/psol50.org.br\/paralisacao-nacional-bancarios-iniciam-a-semana-com-greve-fortalecida\/"]}]},{"@type":"BreadcrumbList","@id":"https:\/\/psol50.org.br\/paralisacao-nacional-bancarios-iniciam-a-semana-com-greve-fortalecida\/#breadcrumb","itemListElement":[{"@type":"ListItem","position":1,"name":"In\u00edcio","item":"https:\/\/psol50.org.br\/"},{"@type":"ListItem","position":2,"name":"Paralisa\u00e7\u00e3o nacional: Banc\u00e1rios iniciam a semana com greve fortalecida"}]},{"@type":"WebSite","@id":"https:\/\/psol50.org.br\/#website","url":"https:\/\/psol50.org.br\/","name":"PSOL 50","description":"Site oficial do Partido Socialismo e Liberdade","publisher":{"@id":"https:\/\/psol50.org.br\/#organization"},"alternateName":"PSOL50","potentialAction":[{"@type":"SearchAction","target":{"@type":"EntryPoint","urlTemplate":"https:\/\/psol50.org.br\/?s={search_term_string}"},"query-input":{"@type":"PropertyValueSpecification","valueRequired":true,"valueName":"search_term_string"}}],"inLanguage":"pt-BR"},{"@type":"Organization","@id":"https:\/\/psol50.org.br\/#organization","name":"PSOL 50","alternateName":"PSOL 50","url":"https:\/\/psol50.org.br\/","logo":{"@type":"ImageObject","inLanguage":"pt-BR","@id":"https:\/\/psol50.org.br\/#\/schema\/logo\/image\/","url":"https:\/\/psol50.org.br\/inc\/uploads\/2018\/07\/capa.png","contentUrl":"https:\/\/psol50.org.br\/inc\/uploads\/2018\/07\/capa.png","width":1350,"height":900,"caption":"PSOL 50"},"image":{"@id":"https:\/\/psol50.org.br\/#\/schema\/logo\/image\/"},"sameAs":["https:\/\/www.facebook.com\/psol50","https:\/\/x.com\/psol50","https:\/\/www.instagram.com\/psol50\/","https:\/\/www.youtube.com\/channel\/UC7SnJS5o1os7a6CaiNabzcg"]},{"@type":"Person","@id":"https:\/\/psol50.org.br\/#\/schema\/person\/475dfa57d0b815993c714c2e96491fcd","name":"Comunica\u00e7\u00e3o PSOL","image":{"@type":"ImageObject","inLanguage":"pt-BR","@id":"https:\/\/psol50.org.br\/#\/schema\/person\/image\/","url":"https:\/\/secure.gravatar.com\/avatar\/b34fc4f4e468a4e51785917065a3db57b841f5c95dba6ad8c73aaf8f66f8f9bf?s=96&d=mm&r=g","contentUrl":"https:\/\/secure.gravatar.com\/avatar\/b34fc4f4e468a4e51785917065a3db57b841f5c95dba6ad8c73aaf8f66f8f9bf?s=96&d=mm&r=g","caption":"Comunica\u00e7\u00e3o PSOL"}}]}},"_links":{"self":[{"href":"https:\/\/psol50.org.br\/rest\/wp\/v2\/posts\/2300","targetHints":{"allow":["GET"]}}],"collection":[{"href":"https:\/\/psol50.org.br\/rest\/wp\/v2\/posts"}],"about":[{"href":"https:\/\/psol50.org.br\/rest\/wp\/v2\/types\/post"}],"author":[{"embeddable":true,"href":"https:\/\/psol50.org.br\/rest\/wp\/v2\/users\/2"}],"replies":[{"embeddable":true,"href":"https:\/\/psol50.org.br\/rest\/wp\/v2\/comments?post=2300"}],"version-history":[{"count":0,"href":"https:\/\/psol50.org.br\/rest\/wp\/v2\/posts\/2300\/revisions"}],"wp:attachment":[{"href":"https:\/\/psol50.org.br\/rest\/wp\/v2\/media?parent=2300"}],"wp:term":[{"taxonomy":"category","embeddable":true,"href":"https:\/\/psol50.org.br\/rest\/wp\/v2\/categories?post=2300"},{"taxonomy":"post_tag","embeddable":true,"href":"https:\/\/psol50.org.br\/rest\/wp\/v2\/tags?post=2300"}],"curies":[{"name":"wp","href":"https:\/\/api.w.org\/{rel}","templated":true}]}}