{"id":2305,"date":"2013-09-26T00:00:00","date_gmt":"2013-09-26T00:00:00","guid":{"rendered":"http:\/\/psol50.org.br\/arquivo\/2013\/09\/26\/mobilizacao-nacional-indigena-preve-manifestacoes-em-varios-pontos-do-pais\/"},"modified":"2013-09-26T00:00:00","modified_gmt":"2013-09-26T00:00:00","slug":"mobilizacao-nacional-indigena-preve-manifestacoes-em-varios-pontos-do-pais","status":"publish","type":"post","link":"https:\/\/psol50.org.br\/mobilizacao-nacional-indigena-preve-manifestacoes-em-varios-pontos-do-pais\/","title":{"rendered":"Mobiliza\u00e7\u00e3o Nacional Ind\u00edgena prev\u00ea manifesta\u00e7\u00f5es em v\u00e1rios pontos do Pa\u00eds"},"content":{"rendered":"<div style=\"text-align: justify;\">\n\t<em>Est\u00e3o confirmados protestos em pelo menos quatro capitais. Organiza\u00e7\u00f5es lan\u00e7am site \u201cRepublica dos Ruralistas\u201d, com dados sobre principais autores de propostas contra os direitos ind\u00edgenas garantidos na Constitui\u00e7\u00e3o<\/em><br \/>\n\t&nbsp;<br \/>\n\tPrevista para a semana entre os dias 30 de setembro e 5 de outubro, a Mobiliza\u00e7\u00e3o Nacional Ind\u00edgena vai promover manifesta\u00e7\u00f5es em v\u00e1rios locais do Pa\u00eds. Est\u00e3o confirmados atos em pelo menos quatro capitais (Bras\u00edlia, S\u00e3o Paulo, Bel\u00e9m e Rio Branco), al\u00e9m de cidades no interior.<br \/>\n\t&nbsp;<br \/>\n\tA mobiliza\u00e7\u00e3o foi convocada pela Articula\u00e7\u00e3o dos Povos Ind\u00edgenas do Brasil (Apib) para defender a Constitui\u00e7\u00e3o, os direitos de povos ind\u00edgenas e tradicionais e o meio ambiente. No dia 5 de outubro, a Constitui\u00e7\u00e3o Federal completa 25 anos, por isso a escolha da data para as manifesta\u00e7\u00f5es.<br \/>\n\t&nbsp;<br \/>\n\tO objetivo \u00e9 protestar contra o ataque generalizado aos direitos territoriais dessas popula\u00e7\u00f5es que parte do governo, da bancada ruralista no Congresso e do lobby de grandes empresas de minera\u00e7\u00e3o e energia. Mesmo depois dos protestos de abril deste ano, quando centenas de ind\u00edgenas ocuparam o plen\u00e1rio da C\u00e2mara e a frente do Pal\u00e1cio do Planalto, seguem as tentativas de destruir o artigo 231 da Constitui\u00e7\u00e3o, que assegura os direitos dos povos ind\u00edgenas sobre suas terras.<br \/>\n\t&nbsp;<br \/>\n\tCentenas de projetos tramitam no Congresso para restringir os direitos de popula\u00e7\u00f5es ind\u00edgenas, de quilombolas e de outras popula\u00e7\u00f5es tradicionais sobre suas terras, al\u00e9m de tentarem impedir a cria\u00e7\u00e3o de unidades de conserva\u00e7\u00e3o. Entre eles, est\u00e3o as Propostas de Emenda Constitucional (PECs) 215\/2000 e 38\/1999, o Projeto de Lei Complementar (PLP) 227\/2012 e o Projeto de Lei (PL) 1.610\/1996.<br \/>\n\t&nbsp;<br \/>\n\tO governo de Dilma Rousseff tem o pior desempenho na demarca\u00e7\u00e3o de Terras Ind\u00edgenas (TIs) desde a redemocratiza\u00e7\u00e3o. Mesmo assim, pretende dificultar ainda mais a cria\u00e7\u00e3o de novas \u00e1reas com mudan\u00e7as nos processos demarcat\u00f3rios. A Portaria 303 da Advocacia-geral da Uni\u00e3o (AGU) tamb\u00e9m restringe drasticamente os direitos territoriais ind\u00edgenas. Ao mesmo tempo, o governo federal segue financiando com bilh\u00f5es de reais o modelo agr\u00edcola baseado no latif\u00fandio, que concentra renda e terra, emprega pouco, abusa dos agrot\u00f3xicos, expulsa do campo trabalhadores rurais, camponeses, popula\u00e7\u00f5es ind\u00edgenas e tradicionais.<br \/>\n\t&nbsp;<br \/>\n\tA Mobiliza\u00e7\u00e3o Nacional Ind\u00edgena \u00e9 apoiada por organiza\u00e7\u00f5es ind\u00edgenas e indigenistas, como o Instituto Socioambiental (ISA), o Conselho Indigenista Mission\u00e1rio (Cimi) e o Centro de Trabalho Indigenista (CTI), mas tamb\u00e9m por outros movimentos sociais e organiza\u00e7\u00f5es da sociedade civil, como o Greenpeace, a Coordena\u00e7\u00e3o Nacional de Comunidades Quilombolas (Conaq) e o Movimento Passe Livre (MPL).<br \/>\n\t&nbsp;<br \/>\n\t<strong>Programa\u00e7\u00e3o nacional de manifesta\u00e7\u00f5es j\u00e1 confirmadas<\/strong><br \/>\n\t<strong>1\/10, ter\u00e7a, \u00e0s 16h<\/strong> \u2013 Ato P\u00fablico em frente ao Congresso Nacional, Bras\u00edlia (DF)<br \/>\n\t&nbsp;<br \/>\n\t<strong>2\/10, quarta, \u00e0s 17h<\/strong> \u2013 Ato P\u00fablico em frente ao Masp, Av. Paulista, S\u00e3o Paulo (SP)<br \/>\n\t&nbsp;<br \/>\n\t<strong>2\/10, quarta, \u00e0s 18h<\/strong> \u2013 Ato P\u00fablico na Faculdade Metropolitana da Amaz\u00f4nia (Famaz), Av. Visconde de Souza Franco, n\u00b0 72, Bairro Reduto (Doca), Bel\u00e9m (PA)<br \/>\n\t&nbsp;<br \/>\n\t<strong>2\/10, quarta<\/strong> \u2013 Encontro dos Povos Ind\u00edgenas de Roraima no abra\u00e7o a Roraima e comemora\u00e7\u00e3o dos 25 anos de anivers\u00e1rio da Constitui\u00e7\u00e3o, comunidade Sabi\u00e1, munic\u00edpio de Pacaraima<br \/>\n\t&nbsp;<br \/>\n\t<strong>03\/10, quinta, \u00e0s 8h<\/strong> \u2013 Marcha de Resist\u00eancia dos Tapeba e de outros povos ind\u00edgenas do Cear\u00e1, concentra\u00e7\u00e3o na Pra\u00e7a da Matriz de Caucaia, regi\u00e3o metropolitana de Fortaleza (CE)<br \/>\n\t&nbsp;<br \/>\n\t<strong>4\/10, sexta, \u00e0s 7h<\/strong> \u2013 Concentra\u00e7\u00e3o em frente \u00e0 Casa dos Povos Ind\u00edgenas, antigo Espa\u00e7o Kaxinawa, Av. Cear\u00e1, Centro, Rio Branco (AC)<br \/>\n\t&nbsp;<br \/>\n\t<strong>Programa\u00e7\u00e3o das manifesta\u00e7\u00f5es em Bras\u00edlia (alguns eventos a confirmar)<\/strong><br \/>\n\t&nbsp;<br \/>\n\t<strong>Ter\u00e7a-feira, 01\/10<\/strong><\/div>\n<ul>\n<li style=\"text-align: justify;\">\n\t\tColetiva de imprensa, \u00e0s 16h, em frente ao Congresso Nacional.<\/li>\n<li style=\"text-align: justify;\">\n\t\tAto sobre os Direitos Ind\u00edgenas e articula\u00e7\u00f5es no Congresso, a partir das 16h.<\/li>\n<li style=\"text-align: justify;\">\n\t\tReuni\u00e3o com a Frente Parlamentar de Apoio aos povos ind\u00edgenas e Frente Parlamentar de Direitos Humanos.<\/li>\n<li style=\"text-align: justify;\">\n\t\tReuni\u00e3o com representantes da Bancada Ruralista.<\/li>\n<li style=\"text-align: justify;\">\n\t\tAudi\u00eancia com presidentes do Senado e da C\u00e2mara.<\/li>\n<\/ul>\n<div style=\"text-align: justify;\">\n\t<strong>Quarta-feira, 02\/10<\/strong><\/div>\n<ul>\n<li style=\"text-align: justify;\">\n\t\tAudi\u00eancia P\u00fablica sobre os 25 anos da Constitui\u00e7\u00e3o Federal e os direitos ind\u00edgenas, na C\u00e2mara.<\/li>\n<li style=\"text-align: justify;\">\n\t\tInstala\u00e7\u00e3o da subcomiss\u00e3o de assuntos ind\u00edgenas da Comiss\u00e3o de Legisla\u00e7\u00e3o Participativa (CLP) na C\u00e2mara.<\/li>\n<\/ul>\n<div style=\"text-align: justify;\">\n\t&nbsp;<br \/>\n\t<strong>Quinta-feira, 03\/10<\/strong><\/div>\n<ul>\n<li style=\"text-align: justify;\">\n\t\tArticula\u00e7\u00f5es, Audi\u00eancias e Reuni\u00f5es em distintas inst\u00e2ncias do Poder Executivo (Presid\u00eancia da Rep\u00fablica, Minist\u00e9rios, Autarquias e Outras).<\/li>\n<\/ul>\n<div style=\"text-align: justify;\">\n\t&nbsp;<br \/>\n\t<strong>Sexta-feira, 04\/10<\/strong><\/div>\n<ul>\n<li style=\"text-align: justify;\">\n\t\tVisitas e audi\u00eancias no Supremo Tribunal Federal e Conselho Nacional de Justi\u00e7a.<\/li>\n<\/ul>\n<p>&nbsp;<\/p>\n","protected":false},"excerpt":{"rendered":"<p>Est\u00e3o confirmados protestos em pelo menos quatro capitais. Organiza\u00e7\u00f5es lan\u00e7am site \u201cRepublica dos Ruralistas\u201d, com dados sobre principais autores de propostas contra os direitos ind\u00edgenas garantidos na Constitui\u00e7\u00e3o &nbsp; Prevista para a semana entre os dias 30 de setembro e 5 de outubro, a Mobiliza\u00e7\u00e3o Nacional Ind\u00edgena vai promover manifesta\u00e7\u00f5es em v\u00e1rios locais do Pa\u00eds. [&hellip;]<\/p>\n","protected":false},"author":2,"featured_media":0,"comment_status":"open","ping_status":"open","sticky":false,"template":"","format":"standard","meta":{"_acf_changed":false,"footnotes":""},"categories":[4766,6],"tags":[],"class_list":{"0":"post-2305","1":"post","2":"type-post","3":"status-publish","4":"format-standard","6":"category-arquivo","7":"category-noticias"},"acf":[],"yoast_head":"<!-- This site is optimized with the Yoast SEO plugin v26.5 - https:\/\/yoast.com\/wordpress\/plugins\/seo\/ -->\n<title>Mobiliza\u00e7\u00e3o Nacional Ind\u00edgena prev\u00ea manifesta\u00e7\u00f5es em v\u00e1rios pontos do Pa\u00eds - PSOL 50<\/title>\n<meta name=\"robots\" content=\"index, follow, max-snippet:-1, max-image-preview:large, max-video-preview:-1\" \/>\n<link rel=\"canonical\" href=\"https:\/\/psol50.org.br\/mobilizacao-nacional-indigena-preve-manifestacoes-em-varios-pontos-do-pais\/\" \/>\n<meta property=\"og:locale\" content=\"pt_BR\" \/>\n<meta property=\"og:type\" content=\"article\" \/>\n<meta property=\"og:title\" content=\"Mobiliza\u00e7\u00e3o Nacional Ind\u00edgena prev\u00ea manifesta\u00e7\u00f5es em v\u00e1rios pontos do Pa\u00eds - PSOL 50\" \/>\n<meta property=\"og:description\" content=\"Est\u00e3o confirmados protestos em pelo menos quatro capitais. Organiza\u00e7\u00f5es lan\u00e7am site \u201cRepublica dos Ruralistas\u201d, com dados sobre principais autores de propostas contra os direitos ind\u00edgenas garantidos na Constitui\u00e7\u00e3o &nbsp; Prevista para a semana entre os dias 30 de setembro e 5 de outubro, a Mobiliza\u00e7\u00e3o Nacional Ind\u00edgena vai promover manifesta\u00e7\u00f5es em v\u00e1rios locais do Pa\u00eds. [&hellip;]\" \/>\n<meta property=\"og:url\" content=\"https:\/\/psol50.org.br\/mobilizacao-nacional-indigena-preve-manifestacoes-em-varios-pontos-do-pais\/\" \/>\n<meta property=\"og:site_name\" content=\"PSOL 50\" \/>\n<meta property=\"article:publisher\" content=\"https:\/\/www.facebook.com\/psol50\" \/>\n<meta property=\"article:published_time\" content=\"2013-09-26T00:00:00+00:00\" \/>\n<meta property=\"og:image\" content=\"https:\/\/psol50.org.br\/inc\/uploads\/2018\/07\/capa.png\" \/>\n\t<meta property=\"og:image:width\" content=\"1350\" \/>\n\t<meta property=\"og:image:height\" content=\"900\" \/>\n\t<meta property=\"og:image:type\" content=\"image\/png\" \/>\n<meta name=\"author\" content=\"Comunica\u00e7\u00e3o PSOL\" \/>\n<meta name=\"twitter:card\" content=\"summary_large_image\" \/>\n<meta name=\"twitter:creator\" content=\"@psol50\" \/>\n<meta name=\"twitter:site\" content=\"@psol50\" \/>\n<meta name=\"twitter:label1\" content=\"Escrito por\" \/>\n\t<meta name=\"twitter:data1\" content=\"Comunica\u00e7\u00e3o PSOL\" \/>\n\t<meta name=\"twitter:label2\" content=\"Est. tempo de leitura\" \/>\n\t<meta name=\"twitter:data2\" content=\"4 minutos\" \/>\n<script type=\"application\/ld+json\" class=\"yoast-schema-graph\">{\"@context\":\"https:\/\/schema.org\",\"@graph\":[{\"@type\":\"Article\",\"@id\":\"https:\/\/psol50.org.br\/mobilizacao-nacional-indigena-preve-manifestacoes-em-varios-pontos-do-pais\/#article\",\"isPartOf\":{\"@id\":\"https:\/\/psol50.org.br\/mobilizacao-nacional-indigena-preve-manifestacoes-em-varios-pontos-do-pais\/\"},\"author\":{\"name\":\"Comunica\u00e7\u00e3o PSOL\",\"@id\":\"https:\/\/psol50.org.br\/#\/schema\/person\/475dfa57d0b815993c714c2e96491fcd\"},\"headline\":\"Mobiliza\u00e7\u00e3o Nacional Ind\u00edgena prev\u00ea manifesta\u00e7\u00f5es em v\u00e1rios pontos do Pa\u00eds\",\"datePublished\":\"2013-09-26T00:00:00+00:00\",\"mainEntityOfPage\":{\"@id\":\"https:\/\/psol50.org.br\/mobilizacao-nacional-indigena-preve-manifestacoes-em-varios-pontos-do-pais\/\"},\"wordCount\":780,\"commentCount\":0,\"publisher\":{\"@id\":\"https:\/\/psol50.org.br\/#organization\"},\"articleSection\":[\"Arquivo\",\"Not\u00edcias\"],\"inLanguage\":\"pt-BR\",\"potentialAction\":[{\"@type\":\"CommentAction\",\"name\":\"Comment\",\"target\":[\"https:\/\/psol50.org.br\/mobilizacao-nacional-indigena-preve-manifestacoes-em-varios-pontos-do-pais\/#respond\"]}]},{\"@type\":\"WebPage\",\"@id\":\"https:\/\/psol50.org.br\/mobilizacao-nacional-indigena-preve-manifestacoes-em-varios-pontos-do-pais\/\",\"url\":\"https:\/\/psol50.org.br\/mobilizacao-nacional-indigena-preve-manifestacoes-em-varios-pontos-do-pais\/\",\"name\":\"Mobiliza\u00e7\u00e3o Nacional Ind\u00edgena prev\u00ea manifesta\u00e7\u00f5es em v\u00e1rios pontos do Pa\u00eds - PSOL 50\",\"isPartOf\":{\"@id\":\"https:\/\/psol50.org.br\/#website\"},\"datePublished\":\"2013-09-26T00:00:00+00:00\",\"breadcrumb\":{\"@id\":\"https:\/\/psol50.org.br\/mobilizacao-nacional-indigena-preve-manifestacoes-em-varios-pontos-do-pais\/#breadcrumb\"},\"inLanguage\":\"pt-BR\",\"potentialAction\":[{\"@type\":\"ReadAction\",\"target\":[\"https:\/\/psol50.org.br\/mobilizacao-nacional-indigena-preve-manifestacoes-em-varios-pontos-do-pais\/\"]}]},{\"@type\":\"BreadcrumbList\",\"@id\":\"https:\/\/psol50.org.br\/mobilizacao-nacional-indigena-preve-manifestacoes-em-varios-pontos-do-pais\/#breadcrumb\",\"itemListElement\":[{\"@type\":\"ListItem\",\"position\":1,\"name\":\"In\u00edcio\",\"item\":\"https:\/\/psol50.org.br\/\"},{\"@type\":\"ListItem\",\"position\":2,\"name\":\"Mobiliza\u00e7\u00e3o Nacional Ind\u00edgena prev\u00ea manifesta\u00e7\u00f5es em v\u00e1rios pontos do Pa\u00eds\"}]},{\"@type\":\"WebSite\",\"@id\":\"https:\/\/psol50.org.br\/#website\",\"url\":\"https:\/\/psol50.org.br\/\",\"name\":\"PSOL 50\",\"description\":\"Site oficial do Partido Socialismo e Liberdade\",\"publisher\":{\"@id\":\"https:\/\/psol50.org.br\/#organization\"},\"alternateName\":\"PSOL50\",\"potentialAction\":[{\"@type\":\"SearchAction\",\"target\":{\"@type\":\"EntryPoint\",\"urlTemplate\":\"https:\/\/psol50.org.br\/?s={search_term_string}\"},\"query-input\":{\"@type\":\"PropertyValueSpecification\",\"valueRequired\":true,\"valueName\":\"search_term_string\"}}],\"inLanguage\":\"pt-BR\"},{\"@type\":\"Organization\",\"@id\":\"https:\/\/psol50.org.br\/#organization\",\"name\":\"PSOL 50\",\"alternateName\":\"PSOL 50\",\"url\":\"https:\/\/psol50.org.br\/\",\"logo\":{\"@type\":\"ImageObject\",\"inLanguage\":\"pt-BR\",\"@id\":\"https:\/\/psol50.org.br\/#\/schema\/logo\/image\/\",\"url\":\"https:\/\/psol50.org.br\/inc\/uploads\/2018\/07\/capa.png\",\"contentUrl\":\"https:\/\/psol50.org.br\/inc\/uploads\/2018\/07\/capa.png\",\"width\":1350,\"height\":900,\"caption\":\"PSOL 50\"},\"image\":{\"@id\":\"https:\/\/psol50.org.br\/#\/schema\/logo\/image\/\"},\"sameAs\":[\"https:\/\/www.facebook.com\/psol50\",\"https:\/\/x.com\/psol50\",\"https:\/\/www.instagram.com\/psol50\/\",\"https:\/\/www.youtube.com\/channel\/UC7SnJS5o1os7a6CaiNabzcg\"]},{\"@type\":\"Person\",\"@id\":\"https:\/\/psol50.org.br\/#\/schema\/person\/475dfa57d0b815993c714c2e96491fcd\",\"name\":\"Comunica\u00e7\u00e3o PSOL\",\"image\":{\"@type\":\"ImageObject\",\"inLanguage\":\"pt-BR\",\"@id\":\"https:\/\/psol50.org.br\/#\/schema\/person\/image\/\",\"url\":\"https:\/\/secure.gravatar.com\/avatar\/b34fc4f4e468a4e51785917065a3db57b841f5c95dba6ad8c73aaf8f66f8f9bf?s=96&d=mm&r=g\",\"contentUrl\":\"https:\/\/secure.gravatar.com\/avatar\/b34fc4f4e468a4e51785917065a3db57b841f5c95dba6ad8c73aaf8f66f8f9bf?s=96&d=mm&r=g\",\"caption\":\"Comunica\u00e7\u00e3o PSOL\"}}]}<\/script>\n<!-- \/ Yoast SEO plugin. -->","yoast_head_json":{"title":"Mobiliza\u00e7\u00e3o Nacional Ind\u00edgena prev\u00ea manifesta\u00e7\u00f5es em v\u00e1rios pontos do Pa\u00eds - PSOL 50","robots":{"index":"index","follow":"follow","max-snippet":"max-snippet:-1","max-image-preview":"max-image-preview:large","max-video-preview":"max-video-preview:-1"},"canonical":"https:\/\/psol50.org.br\/mobilizacao-nacional-indigena-preve-manifestacoes-em-varios-pontos-do-pais\/","og_locale":"pt_BR","og_type":"article","og_title":"Mobiliza\u00e7\u00e3o Nacional Ind\u00edgena prev\u00ea manifesta\u00e7\u00f5es em v\u00e1rios pontos do Pa\u00eds - PSOL 50","og_description":"Est\u00e3o confirmados protestos em pelo menos quatro capitais. Organiza\u00e7\u00f5es lan\u00e7am site \u201cRepublica dos Ruralistas\u201d, com dados sobre principais autores de propostas contra os direitos ind\u00edgenas garantidos na Constitui\u00e7\u00e3o &nbsp; Prevista para a semana entre os dias 30 de setembro e 5 de outubro, a Mobiliza\u00e7\u00e3o Nacional Ind\u00edgena vai promover manifesta\u00e7\u00f5es em v\u00e1rios locais do Pa\u00eds. [&hellip;]","og_url":"https:\/\/psol50.org.br\/mobilizacao-nacional-indigena-preve-manifestacoes-em-varios-pontos-do-pais\/","og_site_name":"PSOL 50","article_publisher":"https:\/\/www.facebook.com\/psol50","article_published_time":"2013-09-26T00:00:00+00:00","og_image":[{"width":1350,"height":900,"url":"https:\/\/psol50.org.br\/inc\/uploads\/2018\/07\/capa.png","type":"image\/png"}],"author":"Comunica\u00e7\u00e3o PSOL","twitter_card":"summary_large_image","twitter_creator":"@psol50","twitter_site":"@psol50","twitter_misc":{"Escrito por":"Comunica\u00e7\u00e3o PSOL","Est. tempo de leitura":"4 minutos"},"schema":{"@context":"https:\/\/schema.org","@graph":[{"@type":"Article","@id":"https:\/\/psol50.org.br\/mobilizacao-nacional-indigena-preve-manifestacoes-em-varios-pontos-do-pais\/#article","isPartOf":{"@id":"https:\/\/psol50.org.br\/mobilizacao-nacional-indigena-preve-manifestacoes-em-varios-pontos-do-pais\/"},"author":{"name":"Comunica\u00e7\u00e3o PSOL","@id":"https:\/\/psol50.org.br\/#\/schema\/person\/475dfa57d0b815993c714c2e96491fcd"},"headline":"Mobiliza\u00e7\u00e3o Nacional Ind\u00edgena prev\u00ea manifesta\u00e7\u00f5es em v\u00e1rios pontos do Pa\u00eds","datePublished":"2013-09-26T00:00:00+00:00","mainEntityOfPage":{"@id":"https:\/\/psol50.org.br\/mobilizacao-nacional-indigena-preve-manifestacoes-em-varios-pontos-do-pais\/"},"wordCount":780,"commentCount":0,"publisher":{"@id":"https:\/\/psol50.org.br\/#organization"},"articleSection":["Arquivo","Not\u00edcias"],"inLanguage":"pt-BR","potentialAction":[{"@type":"CommentAction","name":"Comment","target":["https:\/\/psol50.org.br\/mobilizacao-nacional-indigena-preve-manifestacoes-em-varios-pontos-do-pais\/#respond"]}]},{"@type":"WebPage","@id":"https:\/\/psol50.org.br\/mobilizacao-nacional-indigena-preve-manifestacoes-em-varios-pontos-do-pais\/","url":"https:\/\/psol50.org.br\/mobilizacao-nacional-indigena-preve-manifestacoes-em-varios-pontos-do-pais\/","name":"Mobiliza\u00e7\u00e3o Nacional Ind\u00edgena prev\u00ea manifesta\u00e7\u00f5es em v\u00e1rios pontos do Pa\u00eds - PSOL 50","isPartOf":{"@id":"https:\/\/psol50.org.br\/#website"},"datePublished":"2013-09-26T00:00:00+00:00","breadcrumb":{"@id":"https:\/\/psol50.org.br\/mobilizacao-nacional-indigena-preve-manifestacoes-em-varios-pontos-do-pais\/#breadcrumb"},"inLanguage":"pt-BR","potentialAction":[{"@type":"ReadAction","target":["https:\/\/psol50.org.br\/mobilizacao-nacional-indigena-preve-manifestacoes-em-varios-pontos-do-pais\/"]}]},{"@type":"BreadcrumbList","@id":"https:\/\/psol50.org.br\/mobilizacao-nacional-indigena-preve-manifestacoes-em-varios-pontos-do-pais\/#breadcrumb","itemListElement":[{"@type":"ListItem","position":1,"name":"In\u00edcio","item":"https:\/\/psol50.org.br\/"},{"@type":"ListItem","position":2,"name":"Mobiliza\u00e7\u00e3o Nacional Ind\u00edgena prev\u00ea manifesta\u00e7\u00f5es em v\u00e1rios pontos do Pa\u00eds"}]},{"@type":"WebSite","@id":"https:\/\/psol50.org.br\/#website","url":"https:\/\/psol50.org.br\/","name":"PSOL 50","description":"Site oficial do Partido Socialismo e Liberdade","publisher":{"@id":"https:\/\/psol50.org.br\/#organization"},"alternateName":"PSOL50","potentialAction":[{"@type":"SearchAction","target":{"@type":"EntryPoint","urlTemplate":"https:\/\/psol50.org.br\/?s={search_term_string}"},"query-input":{"@type":"PropertyValueSpecification","valueRequired":true,"valueName":"search_term_string"}}],"inLanguage":"pt-BR"},{"@type":"Organization","@id":"https:\/\/psol50.org.br\/#organization","name":"PSOL 50","alternateName":"PSOL 50","url":"https:\/\/psol50.org.br\/","logo":{"@type":"ImageObject","inLanguage":"pt-BR","@id":"https:\/\/psol50.org.br\/#\/schema\/logo\/image\/","url":"https:\/\/psol50.org.br\/inc\/uploads\/2018\/07\/capa.png","contentUrl":"https:\/\/psol50.org.br\/inc\/uploads\/2018\/07\/capa.png","width":1350,"height":900,"caption":"PSOL 50"},"image":{"@id":"https:\/\/psol50.org.br\/#\/schema\/logo\/image\/"},"sameAs":["https:\/\/www.facebook.com\/psol50","https:\/\/x.com\/psol50","https:\/\/www.instagram.com\/psol50\/","https:\/\/www.youtube.com\/channel\/UC7SnJS5o1os7a6CaiNabzcg"]},{"@type":"Person","@id":"https:\/\/psol50.org.br\/#\/schema\/person\/475dfa57d0b815993c714c2e96491fcd","name":"Comunica\u00e7\u00e3o PSOL","image":{"@type":"ImageObject","inLanguage":"pt-BR","@id":"https:\/\/psol50.org.br\/#\/schema\/person\/image\/","url":"https:\/\/secure.gravatar.com\/avatar\/b34fc4f4e468a4e51785917065a3db57b841f5c95dba6ad8c73aaf8f66f8f9bf?s=96&d=mm&r=g","contentUrl":"https:\/\/secure.gravatar.com\/avatar\/b34fc4f4e468a4e51785917065a3db57b841f5c95dba6ad8c73aaf8f66f8f9bf?s=96&d=mm&r=g","caption":"Comunica\u00e7\u00e3o PSOL"}}]}},"_links":{"self":[{"href":"https:\/\/psol50.org.br\/rest\/wp\/v2\/posts\/2305","targetHints":{"allow":["GET"]}}],"collection":[{"href":"https:\/\/psol50.org.br\/rest\/wp\/v2\/posts"}],"about":[{"href":"https:\/\/psol50.org.br\/rest\/wp\/v2\/types\/post"}],"author":[{"embeddable":true,"href":"https:\/\/psol50.org.br\/rest\/wp\/v2\/users\/2"}],"replies":[{"embeddable":true,"href":"https:\/\/psol50.org.br\/rest\/wp\/v2\/comments?post=2305"}],"version-history":[{"count":0,"href":"https:\/\/psol50.org.br\/rest\/wp\/v2\/posts\/2305\/revisions"}],"wp:attachment":[{"href":"https:\/\/psol50.org.br\/rest\/wp\/v2\/media?parent=2305"}],"wp:term":[{"taxonomy":"category","embeddable":true,"href":"https:\/\/psol50.org.br\/rest\/wp\/v2\/categories?post=2305"},{"taxonomy":"post_tag","embeddable":true,"href":"https:\/\/psol50.org.br\/rest\/wp\/v2\/tags?post=2305"}],"curies":[{"name":"wp","href":"https:\/\/api.w.org\/{rel}","templated":true}]}}