{"id":23119,"date":"2018-12-03T10:58:04","date_gmt":"2018-12-03T12:58:04","guid":{"rendered":"http:\/\/psol50.org.br\/?p=23119"},"modified":"2018-12-03T10:58:04","modified_gmt":"2018-12-03T12:58:04","slug":"paquistao-nota-de-solidariedade-a-deputados-presos-de-forma-arbitraria","status":"publish","type":"post","link":"https:\/\/psol50.org.br\/paquistao-nota-de-solidariedade-a-deputados-presos-de-forma-arbitraria\/","title":{"rendered":"Paquist\u00e3o: Nota de solidariedade a deputados presos de forma arbitr\u00e1ria"},"content":{"rendered":"<p>Recebemos indignados a noticia vinda do Paquist\u00e3o que deputados da esquerda eleitos nas elei\u00e7\u00f5es gerais de julho, Muhsin Dawer e Ali Wazeer foram presos. Eles estavam a caminho de Dubai quando foram detidos no Aeroporto de Peshawar e foram informados que seus nomes estavam na Lista de Controle de Sa\u00edda (ECL) e mais tarde foram presos e levados para a delegacia de pol\u00edcia de Hayat.<\/p>\n<p>O fato acontece justamente no mesmo dia da Marcha de Solidariedade dos Estudantes , protestos de estudantes realizado em v\u00e1rias cidades do pa\u00eds contra os aumentos de mensalidades nas universidades privadas e a pol\u00edtica para a educa\u00e7\u00e3o. O principal protesto aconteceu na cidade de Lahore.<\/p>\n<p>O Movimento Pashtun Tahafaz, (PTM em ingl\u00eas) do qual os dois s\u00e3o importantes lideran\u00e7as, convocou protestos pac\u00edficos contra as pris\u00f5es dos dois deputados nacionais.<\/p>\n<p>Soubemos que depois de algumas horas detidos na delegacia os dois deputados foram liberados.<\/p>\n<p>O PSOL se soma fortemente aos protestos contra essa arbitrariedade e envia a nossa solidariedade a Ali Wazeer e Muhsin Dawer.<\/p>\n<p><em><strong>02 de dezembro de 2018<\/strong><\/em><br \/>\n<em><strong>Executiva Nacional do PSOL<\/strong><\/em><\/p>\n<p>(<em>Na foto, Muhsin Dawer e Ali Wazeer parlamentares nacionais sob cust\u00f3dia policial<\/em>)<\/p>\n","protected":false},"excerpt":{"rendered":"<p>Recebemos indignados a noticia vinda do Paquist\u00e3o que deputados da esquerda eleitos nas elei\u00e7\u00f5es gerais de julho, Muhsin Dawer e Ali Wazeer foram presos. Eles estavam a caminho de Dubai quando foram detidos no Aeroporto de Peshawar e foram informados que seus nomes estavam na Lista de Controle de Sa\u00edda (ECL) e mais tarde foram [&hellip;]<\/p>\n","protected":false},"author":2,"featured_media":23120,"comment_status":"closed","ping_status":"open","sticky":false,"template":"","format":"standard","meta":{"_acf_changed":false,"footnotes":""},"categories":[6],"tags":[2747,80,790,242,2748,1757,1844,537,22],"class_list":{"0":"post-23119","1":"post","2":"type-post","3":"status-publish","4":"format-standard","5":"has-post-thumbnail","7":"category-noticias","8":"tag-ali-wazeer","9":"tag-deputados","10":"tag-esquerda","11":"tag-executiva-nacional-do-psol","12":"tag-muhsin-dawer","13":"tag-nota-de-solidariedade","14":"tag-paquistao","15":"tag-prisao","16":"tag-psol"},"acf":[],"yoast_head":"<!-- This site is optimized with the Yoast SEO plugin v26.5 - https:\/\/yoast.com\/wordpress\/plugins\/seo\/ -->\n<title>Paquist\u00e3o: Nota de solidariedade a deputados presos de forma arbitr\u00e1ria - PSOL 50<\/title>\n<meta name=\"robots\" content=\"index, follow, max-snippet:-1, max-image-preview:large, max-video-preview:-1\" \/>\n<link rel=\"canonical\" href=\"https:\/\/psol50.org.br\/paquistao-nota-de-solidariedade-a-deputados-presos-de-forma-arbitraria\/\" \/>\n<meta property=\"og:locale\" content=\"pt_BR\" \/>\n<meta property=\"og:type\" content=\"article\" \/>\n<meta property=\"og:title\" content=\"Paquist\u00e3o: Nota de solidariedade a deputados presos\" \/>\n<meta property=\"og:description\" content=\"O PSOL se soma fortemente aos protestos contra essa arbitrariedade\" \/>\n<meta property=\"og:url\" content=\"https:\/\/psol50.org.br\/paquistao-nota-de-solidariedade-a-deputados-presos-de-forma-arbitraria\/\" \/>\n<meta property=\"og:site_name\" content=\"PSOL 50\" \/>\n<meta property=\"article:publisher\" content=\"https:\/\/www.facebook.com\/psol50\" \/>\n<meta property=\"article:published_time\" content=\"2018-12-03T12:58:04+00:00\" \/>\n<meta property=\"og:image\" content=\"https:\/\/psol50.org.br\/inc\/uploads\/2018\/12\/IMG_3799.jpg\" \/>\n\t<meta property=\"og:image:width\" content=\"892\" \/>\n\t<meta property=\"og:image:height\" content=\"668\" \/>\n\t<meta property=\"og:image:type\" content=\"image\/jpeg\" \/>\n<meta name=\"author\" content=\"Comunica\u00e7\u00e3o PSOL\" \/>\n<meta name=\"twitter:card\" content=\"summary_large_image\" \/>\n<meta name=\"twitter:title\" content=\"Paquist\u00e3o: Nota de solidariedade a deputados presos\" \/>\n<meta name=\"twitter:description\" content=\"O PSOL se soma fortemente aos protestos contra essa arbitrariedade\" \/>\n<meta name=\"twitter:creator\" content=\"@psol50\" \/>\n<meta name=\"twitter:site\" content=\"@psol50\" \/>\n<meta name=\"twitter:label1\" content=\"Escrito por\" \/>\n\t<meta name=\"twitter:data1\" content=\"Comunica\u00e7\u00e3o PSOL\" \/>\n\t<meta name=\"twitter:label2\" content=\"Est. tempo de leitura\" \/>\n\t<meta name=\"twitter:data2\" content=\"1 minuto\" \/>\n<script type=\"application\/ld+json\" class=\"yoast-schema-graph\">{\"@context\":\"https:\/\/schema.org\",\"@graph\":[{\"@type\":\"Article\",\"@id\":\"https:\/\/psol50.org.br\/paquistao-nota-de-solidariedade-a-deputados-presos-de-forma-arbitraria\/#article\",\"isPartOf\":{\"@id\":\"https:\/\/psol50.org.br\/paquistao-nota-de-solidariedade-a-deputados-presos-de-forma-arbitraria\/\"},\"author\":{\"name\":\"Comunica\u00e7\u00e3o PSOL\",\"@id\":\"https:\/\/psol50.org.br\/#\/schema\/person\/475dfa57d0b815993c714c2e96491fcd\"},\"headline\":\"Paquist\u00e3o: Nota de solidariedade a deputados presos de forma arbitr\u00e1ria\",\"datePublished\":\"2018-12-03T12:58:04+00:00\",\"mainEntityOfPage\":{\"@id\":\"https:\/\/psol50.org.br\/paquistao-nota-de-solidariedade-a-deputados-presos-de-forma-arbitraria\/\"},\"wordCount\":213,\"publisher\":{\"@id\":\"https:\/\/psol50.org.br\/#organization\"},\"image\":{\"@id\":\"https:\/\/psol50.org.br\/paquistao-nota-de-solidariedade-a-deputados-presos-de-forma-arbitraria\/#primaryimage\"},\"thumbnailUrl\":\"https:\/\/psol50.org.br\/inc\/uploads\/2018\/12\/IMG_3799.jpg\",\"keywords\":[\"Ali Wazeer\",\"deputados\",\"esquerda\",\"Executiva Nacional do PSOL\",\"Muhsin Dawer\",\"nota de solidariedade\",\"Paquist\u00e3o\",\"pris\u00e3o\",\"PSOL\"],\"articleSection\":[\"Not\u00edcias\"],\"inLanguage\":\"pt-BR\"},{\"@type\":\"WebPage\",\"@id\":\"https:\/\/psol50.org.br\/paquistao-nota-de-solidariedade-a-deputados-presos-de-forma-arbitraria\/\",\"url\":\"https:\/\/psol50.org.br\/paquistao-nota-de-solidariedade-a-deputados-presos-de-forma-arbitraria\/\",\"name\":\"Paquist\u00e3o: Nota de solidariedade a deputados presos de forma arbitr\u00e1ria - PSOL 50\",\"isPartOf\":{\"@id\":\"https:\/\/psol50.org.br\/#website\"},\"primaryImageOfPage\":{\"@id\":\"https:\/\/psol50.org.br\/paquistao-nota-de-solidariedade-a-deputados-presos-de-forma-arbitraria\/#primaryimage\"},\"image\":{\"@id\":\"https:\/\/psol50.org.br\/paquistao-nota-de-solidariedade-a-deputados-presos-de-forma-arbitraria\/#primaryimage\"},\"thumbnailUrl\":\"https:\/\/psol50.org.br\/inc\/uploads\/2018\/12\/IMG_3799.jpg\",\"datePublished\":\"2018-12-03T12:58:04+00:00\",\"breadcrumb\":{\"@id\":\"https:\/\/psol50.org.br\/paquistao-nota-de-solidariedade-a-deputados-presos-de-forma-arbitraria\/#breadcrumb\"},\"inLanguage\":\"pt-BR\",\"potentialAction\":[{\"@type\":\"ReadAction\",\"target\":[\"https:\/\/psol50.org.br\/paquistao-nota-de-solidariedade-a-deputados-presos-de-forma-arbitraria\/\"]}]},{\"@type\":\"ImageObject\",\"inLanguage\":\"pt-BR\",\"@id\":\"https:\/\/psol50.org.br\/paquistao-nota-de-solidariedade-a-deputados-presos-de-forma-arbitraria\/#primaryimage\",\"url\":\"https:\/\/psol50.org.br\/inc\/uploads\/2018\/12\/IMG_3799.jpg\",\"contentUrl\":\"https:\/\/psol50.org.br\/inc\/uploads\/2018\/12\/IMG_3799.jpg\",\"width\":892,\"height\":668},{\"@type\":\"BreadcrumbList\",\"@id\":\"https:\/\/psol50.org.br\/paquistao-nota-de-solidariedade-a-deputados-presos-de-forma-arbitraria\/#breadcrumb\",\"itemListElement\":[{\"@type\":\"ListItem\",\"position\":1,\"name\":\"In\u00edcio\",\"item\":\"https:\/\/psol50.org.br\/\"},{\"@type\":\"ListItem\",\"position\":2,\"name\":\"Paquist\u00e3o: Nota de solidariedade a deputados presos de forma arbitr\u00e1ria\"}]},{\"@type\":\"WebSite\",\"@id\":\"https:\/\/psol50.org.br\/#website\",\"url\":\"https:\/\/psol50.org.br\/\",\"name\":\"PSOL 50\",\"description\":\"Site oficial do Partido Socialismo e Liberdade\",\"publisher\":{\"@id\":\"https:\/\/psol50.org.br\/#organization\"},\"alternateName\":\"PSOL50\",\"potentialAction\":[{\"@type\":\"SearchAction\",\"target\":{\"@type\":\"EntryPoint\",\"urlTemplate\":\"https:\/\/psol50.org.br\/?s={search_term_string}\"},\"query-input\":{\"@type\":\"PropertyValueSpecification\",\"valueRequired\":true,\"valueName\":\"search_term_string\"}}],\"inLanguage\":\"pt-BR\"},{\"@type\":\"Organization\",\"@id\":\"https:\/\/psol50.org.br\/#organization\",\"name\":\"PSOL 50\",\"alternateName\":\"PSOL 50\",\"url\":\"https:\/\/psol50.org.br\/\",\"logo\":{\"@type\":\"ImageObject\",\"inLanguage\":\"pt-BR\",\"@id\":\"https:\/\/psol50.org.br\/#\/schema\/logo\/image\/\",\"url\":\"https:\/\/psol50.org.br\/inc\/uploads\/2018\/07\/capa.png\",\"contentUrl\":\"https:\/\/psol50.org.br\/inc\/uploads\/2018\/07\/capa.png\",\"width\":1350,\"height\":900,\"caption\":\"PSOL 50\"},\"image\":{\"@id\":\"https:\/\/psol50.org.br\/#\/schema\/logo\/image\/\"},\"sameAs\":[\"https:\/\/www.facebook.com\/psol50\",\"https:\/\/x.com\/psol50\",\"https:\/\/www.instagram.com\/psol50\/\",\"https:\/\/www.youtube.com\/channel\/UC7SnJS5o1os7a6CaiNabzcg\"]},{\"@type\":\"Person\",\"@id\":\"https:\/\/psol50.org.br\/#\/schema\/person\/475dfa57d0b815993c714c2e96491fcd\",\"name\":\"Comunica\u00e7\u00e3o PSOL\",\"image\":{\"@type\":\"ImageObject\",\"inLanguage\":\"pt-BR\",\"@id\":\"https:\/\/psol50.org.br\/#\/schema\/person\/image\/\",\"url\":\"https:\/\/secure.gravatar.com\/avatar\/b34fc4f4e468a4e51785917065a3db57b841f5c95dba6ad8c73aaf8f66f8f9bf?s=96&d=mm&r=g\",\"contentUrl\":\"https:\/\/secure.gravatar.com\/avatar\/b34fc4f4e468a4e51785917065a3db57b841f5c95dba6ad8c73aaf8f66f8f9bf?s=96&d=mm&r=g\",\"caption\":\"Comunica\u00e7\u00e3o PSOL\"}}]}<\/script>\n<!-- \/ Yoast SEO plugin. -->","yoast_head_json":{"title":"Paquist\u00e3o: Nota de solidariedade a deputados presos de forma arbitr\u00e1ria - PSOL 50","robots":{"index":"index","follow":"follow","max-snippet":"max-snippet:-1","max-image-preview":"max-image-preview:large","max-video-preview":"max-video-preview:-1"},"canonical":"https:\/\/psol50.org.br\/paquistao-nota-de-solidariedade-a-deputados-presos-de-forma-arbitraria\/","og_locale":"pt_BR","og_type":"article","og_title":"Paquist\u00e3o: Nota de solidariedade a deputados presos","og_description":"O PSOL se soma fortemente aos protestos contra essa arbitrariedade","og_url":"https:\/\/psol50.org.br\/paquistao-nota-de-solidariedade-a-deputados-presos-de-forma-arbitraria\/","og_site_name":"PSOL 50","article_publisher":"https:\/\/www.facebook.com\/psol50","article_published_time":"2018-12-03T12:58:04+00:00","og_image":[{"width":892,"height":668,"url":"https:\/\/psol50.org.br\/inc\/uploads\/2018\/12\/IMG_3799.jpg","type":"image\/jpeg"}],"author":"Comunica\u00e7\u00e3o PSOL","twitter_card":"summary_large_image","twitter_title":"Paquist\u00e3o: Nota de solidariedade a deputados presos","twitter_description":"O PSOL se soma fortemente aos protestos contra essa arbitrariedade","twitter_creator":"@psol50","twitter_site":"@psol50","twitter_misc":{"Escrito por":"Comunica\u00e7\u00e3o PSOL","Est. tempo de leitura":"1 minuto"},"schema":{"@context":"https:\/\/schema.org","@graph":[{"@type":"Article","@id":"https:\/\/psol50.org.br\/paquistao-nota-de-solidariedade-a-deputados-presos-de-forma-arbitraria\/#article","isPartOf":{"@id":"https:\/\/psol50.org.br\/paquistao-nota-de-solidariedade-a-deputados-presos-de-forma-arbitraria\/"},"author":{"name":"Comunica\u00e7\u00e3o PSOL","@id":"https:\/\/psol50.org.br\/#\/schema\/person\/475dfa57d0b815993c714c2e96491fcd"},"headline":"Paquist\u00e3o: Nota de solidariedade a deputados presos de forma arbitr\u00e1ria","datePublished":"2018-12-03T12:58:04+00:00","mainEntityOfPage":{"@id":"https:\/\/psol50.org.br\/paquistao-nota-de-solidariedade-a-deputados-presos-de-forma-arbitraria\/"},"wordCount":213,"publisher":{"@id":"https:\/\/psol50.org.br\/#organization"},"image":{"@id":"https:\/\/psol50.org.br\/paquistao-nota-de-solidariedade-a-deputados-presos-de-forma-arbitraria\/#primaryimage"},"thumbnailUrl":"https:\/\/psol50.org.br\/inc\/uploads\/2018\/12\/IMG_3799.jpg","keywords":["Ali Wazeer","deputados","esquerda","Executiva Nacional do PSOL","Muhsin Dawer","nota de solidariedade","Paquist\u00e3o","pris\u00e3o","PSOL"],"articleSection":["Not\u00edcias"],"inLanguage":"pt-BR"},{"@type":"WebPage","@id":"https:\/\/psol50.org.br\/paquistao-nota-de-solidariedade-a-deputados-presos-de-forma-arbitraria\/","url":"https:\/\/psol50.org.br\/paquistao-nota-de-solidariedade-a-deputados-presos-de-forma-arbitraria\/","name":"Paquist\u00e3o: Nota de solidariedade a deputados presos de forma arbitr\u00e1ria - PSOL 50","isPartOf":{"@id":"https:\/\/psol50.org.br\/#website"},"primaryImageOfPage":{"@id":"https:\/\/psol50.org.br\/paquistao-nota-de-solidariedade-a-deputados-presos-de-forma-arbitraria\/#primaryimage"},"image":{"@id":"https:\/\/psol50.org.br\/paquistao-nota-de-solidariedade-a-deputados-presos-de-forma-arbitraria\/#primaryimage"},"thumbnailUrl":"https:\/\/psol50.org.br\/inc\/uploads\/2018\/12\/IMG_3799.jpg","datePublished":"2018-12-03T12:58:04+00:00","breadcrumb":{"@id":"https:\/\/psol50.org.br\/paquistao-nota-de-solidariedade-a-deputados-presos-de-forma-arbitraria\/#breadcrumb"},"inLanguage":"pt-BR","potentialAction":[{"@type":"ReadAction","target":["https:\/\/psol50.org.br\/paquistao-nota-de-solidariedade-a-deputados-presos-de-forma-arbitraria\/"]}]},{"@type":"ImageObject","inLanguage":"pt-BR","@id":"https:\/\/psol50.org.br\/paquistao-nota-de-solidariedade-a-deputados-presos-de-forma-arbitraria\/#primaryimage","url":"https:\/\/psol50.org.br\/inc\/uploads\/2018\/12\/IMG_3799.jpg","contentUrl":"https:\/\/psol50.org.br\/inc\/uploads\/2018\/12\/IMG_3799.jpg","width":892,"height":668},{"@type":"BreadcrumbList","@id":"https:\/\/psol50.org.br\/paquistao-nota-de-solidariedade-a-deputados-presos-de-forma-arbitraria\/#breadcrumb","itemListElement":[{"@type":"ListItem","position":1,"name":"In\u00edcio","item":"https:\/\/psol50.org.br\/"},{"@type":"ListItem","position":2,"name":"Paquist\u00e3o: Nota de solidariedade a deputados presos de forma arbitr\u00e1ria"}]},{"@type":"WebSite","@id":"https:\/\/psol50.org.br\/#website","url":"https:\/\/psol50.org.br\/","name":"PSOL 50","description":"Site oficial do Partido Socialismo e Liberdade","publisher":{"@id":"https:\/\/psol50.org.br\/#organization"},"alternateName":"PSOL50","potentialAction":[{"@type":"SearchAction","target":{"@type":"EntryPoint","urlTemplate":"https:\/\/psol50.org.br\/?s={search_term_string}"},"query-input":{"@type":"PropertyValueSpecification","valueRequired":true,"valueName":"search_term_string"}}],"inLanguage":"pt-BR"},{"@type":"Organization","@id":"https:\/\/psol50.org.br\/#organization","name":"PSOL 50","alternateName":"PSOL 50","url":"https:\/\/psol50.org.br\/","logo":{"@type":"ImageObject","inLanguage":"pt-BR","@id":"https:\/\/psol50.org.br\/#\/schema\/logo\/image\/","url":"https:\/\/psol50.org.br\/inc\/uploads\/2018\/07\/capa.png","contentUrl":"https:\/\/psol50.org.br\/inc\/uploads\/2018\/07\/capa.png","width":1350,"height":900,"caption":"PSOL 50"},"image":{"@id":"https:\/\/psol50.org.br\/#\/schema\/logo\/image\/"},"sameAs":["https:\/\/www.facebook.com\/psol50","https:\/\/x.com\/psol50","https:\/\/www.instagram.com\/psol50\/","https:\/\/www.youtube.com\/channel\/UC7SnJS5o1os7a6CaiNabzcg"]},{"@type":"Person","@id":"https:\/\/psol50.org.br\/#\/schema\/person\/475dfa57d0b815993c714c2e96491fcd","name":"Comunica\u00e7\u00e3o PSOL","image":{"@type":"ImageObject","inLanguage":"pt-BR","@id":"https:\/\/psol50.org.br\/#\/schema\/person\/image\/","url":"https:\/\/secure.gravatar.com\/avatar\/b34fc4f4e468a4e51785917065a3db57b841f5c95dba6ad8c73aaf8f66f8f9bf?s=96&d=mm&r=g","contentUrl":"https:\/\/secure.gravatar.com\/avatar\/b34fc4f4e468a4e51785917065a3db57b841f5c95dba6ad8c73aaf8f66f8f9bf?s=96&d=mm&r=g","caption":"Comunica\u00e7\u00e3o PSOL"}}]}},"_links":{"self":[{"href":"https:\/\/psol50.org.br\/rest\/wp\/v2\/posts\/23119","targetHints":{"allow":["GET"]}}],"collection":[{"href":"https:\/\/psol50.org.br\/rest\/wp\/v2\/posts"}],"about":[{"href":"https:\/\/psol50.org.br\/rest\/wp\/v2\/types\/post"}],"author":[{"embeddable":true,"href":"https:\/\/psol50.org.br\/rest\/wp\/v2\/users\/2"}],"replies":[{"embeddable":true,"href":"https:\/\/psol50.org.br\/rest\/wp\/v2\/comments?post=23119"}],"version-history":[{"count":0,"href":"https:\/\/psol50.org.br\/rest\/wp\/v2\/posts\/23119\/revisions"}],"wp:featuredmedia":[{"embeddable":true,"href":"https:\/\/psol50.org.br\/rest\/wp\/v2\/media\/23120"}],"wp:attachment":[{"href":"https:\/\/psol50.org.br\/rest\/wp\/v2\/media?parent=23119"}],"wp:term":[{"taxonomy":"category","embeddable":true,"href":"https:\/\/psol50.org.br\/rest\/wp\/v2\/categories?post=23119"},{"taxonomy":"post_tag","embeddable":true,"href":"https:\/\/psol50.org.br\/rest\/wp\/v2\/tags?post=23119"}],"curies":[{"name":"wp","href":"https:\/\/api.w.org\/{rel}","templated":true}]}}