{"id":2312,"date":"2013-09-30T00:00:00","date_gmt":"2013-09-30T00:00:00","guid":{"rendered":"http:\/\/psol50.org.br\/arquivo\/2013\/09\/30\/trabalhadores-e-sindicalistas-europeus-promovem-jornada-de-solidariedade-na-grecia\/"},"modified":"2013-09-30T00:00:00","modified_gmt":"2013-09-30T00:00:00","slug":"trabalhadores-e-sindicalistas-europeus-promovem-jornada-de-solidariedade-na-grecia","status":"publish","type":"post","link":"https:\/\/psol50.org.br\/trabalhadores-e-sindicalistas-europeus-promovem-jornada-de-solidariedade-na-grecia\/","title":{"rendered":"Trabalhadores e sindicalistas europeus promovem jornada de solidariedade na Gr\u00e9cia"},"content":{"rendered":"<p style=\"text-align: justify;\">\n\tEntre hoje e amanh\u00e3 (30\/09 e 01\/10), cerca de 180 dirigentes sindicais, dos mais diversos pa\u00edses europeus, estar\u00e3o na Gr\u00e9cia para participar de uma jornada de solidariedade com os trabalhadores gregos. Na agenda est\u00e1 uma manifesta\u00e7\u00e3o contra as medidas de austeridade e a presen\u00e7a na primeira sess\u00e3o de julgamento de trabalhadores acusados de \u201cperturba\u00e7\u00e3o da ordem p\u00fablica\u201d.<\/p>\n<p>\tA jornada de luta ser\u00e1 com os trabalhadores gregos da ind\u00fastria e os seus sindicatos e contar\u00e1 especialmente com a participa\u00e7\u00e3o de uma delega\u00e7\u00e3o da Fiequimetal (Federa\u00e7\u00e3o Intersindical das Ind\u00fastrias Metal\u00fargicas, Qu\u00edmicas, El\u00e9tricas, Farmac\u00eautica, Celulose, Papel, Gr\u00e1fica, Imprensa, Energia e Minas). A iniciativa \u00e9 promovida pela Federa\u00e7\u00e3o Europeia dos Sindicatos dos Trabalhadores da Ind\u00fastria.<\/p>\n<p>\tSegundo nota do sindicato, a jornada consiste numa confer\u00eancia-debate sobre a situa\u00e7\u00e3o social e econ\u00f4mica nos pa\u00edses v\u00edtimas das medidas de austeridade, na participa\u00e7\u00e3o de uma delega\u00e7\u00e3o na primeira sess\u00e3o de julgamento de dirigentes sindicais e trabalhadores acusado de \u201cperturba\u00e7\u00e3o da ordem p\u00fablica\u201d e uma manifesta\u00e7\u00e3o de apoio \u00e0 luta dos trabalhadores e do povo grego contra as medidas de austeridade.<\/p>\n<p>&nbsp;<\/p>\n","protected":false},"excerpt":{"rendered":"<p>Entre hoje e amanh\u00e3 (30\/09 e 01\/10), cerca de 180 dirigentes sindicais, dos mais diversos pa\u00edses europeus, estar\u00e3o na Gr\u00e9cia para participar de uma jornada de solidariedade com os trabalhadores gregos. Na agenda est\u00e1 uma manifesta\u00e7\u00e3o contra as medidas de austeridade e a presen\u00e7a na primeira sess\u00e3o de julgamento de trabalhadores acusados de \u201cperturba\u00e7\u00e3o da [&hellip;]<\/p>\n","protected":false},"author":2,"featured_media":0,"comment_status":"open","ping_status":"open","sticky":false,"template":"","format":"standard","meta":{"_acf_changed":false,"footnotes":""},"categories":[4766,4764,836,6],"tags":[],"class_list":{"0":"post-2312","1":"post","2":"type-post","3":"status-publish","4":"format-standard","6":"category-arquivo","7":"category-grecia","8":"category-internacional","9":"category-noticias"},"acf":[],"yoast_head":"<!-- This site is optimized with the Yoast SEO plugin v26.5 - https:\/\/yoast.com\/wordpress\/plugins\/seo\/ -->\n<title>Trabalhadores e sindicalistas europeus promovem jornada de solidariedade na Gr\u00e9cia - PSOL 50<\/title>\n<meta name=\"robots\" content=\"index, follow, max-snippet:-1, max-image-preview:large, max-video-preview:-1\" \/>\n<link rel=\"canonical\" href=\"https:\/\/psol50.org.br\/trabalhadores-e-sindicalistas-europeus-promovem-jornada-de-solidariedade-na-grecia\/\" \/>\n<meta property=\"og:locale\" content=\"pt_BR\" \/>\n<meta property=\"og:type\" content=\"article\" \/>\n<meta property=\"og:title\" content=\"Trabalhadores e sindicalistas europeus promovem jornada de solidariedade na Gr\u00e9cia - PSOL 50\" \/>\n<meta property=\"og:description\" content=\"Entre hoje e amanh\u00e3 (30\/09 e 01\/10), cerca de 180 dirigentes sindicais, dos mais diversos pa\u00edses europeus, estar\u00e3o na Gr\u00e9cia para participar de uma jornada de solidariedade com os trabalhadores gregos. Na agenda est\u00e1 uma manifesta\u00e7\u00e3o contra as medidas de austeridade e a presen\u00e7a na primeira sess\u00e3o de julgamento de trabalhadores acusados de \u201cperturba\u00e7\u00e3o da [&hellip;]\" \/>\n<meta property=\"og:url\" content=\"https:\/\/psol50.org.br\/trabalhadores-e-sindicalistas-europeus-promovem-jornada-de-solidariedade-na-grecia\/\" \/>\n<meta property=\"og:site_name\" content=\"PSOL 50\" \/>\n<meta property=\"article:publisher\" content=\"https:\/\/www.facebook.com\/psol50\" \/>\n<meta property=\"article:published_time\" content=\"2013-09-30T00:00:00+00:00\" \/>\n<meta property=\"og:image\" content=\"https:\/\/psol50.org.br\/inc\/uploads\/2018\/07\/capa.png\" \/>\n\t<meta property=\"og:image:width\" content=\"1350\" \/>\n\t<meta property=\"og:image:height\" content=\"900\" \/>\n\t<meta property=\"og:image:type\" content=\"image\/png\" \/>\n<meta name=\"author\" content=\"Comunica\u00e7\u00e3o PSOL\" \/>\n<meta name=\"twitter:card\" content=\"summary_large_image\" \/>\n<meta name=\"twitter:creator\" content=\"@psol50\" \/>\n<meta name=\"twitter:site\" content=\"@psol50\" \/>\n<meta name=\"twitter:label1\" content=\"Escrito por\" \/>\n\t<meta name=\"twitter:data1\" content=\"Comunica\u00e7\u00e3o PSOL\" \/>\n\t<meta name=\"twitter:label2\" content=\"Est. tempo de leitura\" \/>\n\t<meta name=\"twitter:data2\" content=\"1 minuto\" \/>\n<script type=\"application\/ld+json\" class=\"yoast-schema-graph\">{\"@context\":\"https:\/\/schema.org\",\"@graph\":[{\"@type\":\"Article\",\"@id\":\"https:\/\/psol50.org.br\/trabalhadores-e-sindicalistas-europeus-promovem-jornada-de-solidariedade-na-grecia\/#article\",\"isPartOf\":{\"@id\":\"https:\/\/psol50.org.br\/trabalhadores-e-sindicalistas-europeus-promovem-jornada-de-solidariedade-na-grecia\/\"},\"author\":{\"name\":\"Comunica\u00e7\u00e3o PSOL\",\"@id\":\"https:\/\/psol50.org.br\/#\/schema\/person\/475dfa57d0b815993c714c2e96491fcd\"},\"headline\":\"Trabalhadores e sindicalistas europeus promovem jornada de solidariedade na Gr\u00e9cia\",\"datePublished\":\"2013-09-30T00:00:00+00:00\",\"mainEntityOfPage\":{\"@id\":\"https:\/\/psol50.org.br\/trabalhadores-e-sindicalistas-europeus-promovem-jornada-de-solidariedade-na-grecia\/\"},\"wordCount\":210,\"commentCount\":0,\"publisher\":{\"@id\":\"https:\/\/psol50.org.br\/#organization\"},\"articleSection\":[\"Arquivo\",\"Gr\u00e9cia\",\"Internacional\",\"Not\u00edcias\"],\"inLanguage\":\"pt-BR\",\"potentialAction\":[{\"@type\":\"CommentAction\",\"name\":\"Comment\",\"target\":[\"https:\/\/psol50.org.br\/trabalhadores-e-sindicalistas-europeus-promovem-jornada-de-solidariedade-na-grecia\/#respond\"]}]},{\"@type\":\"WebPage\",\"@id\":\"https:\/\/psol50.org.br\/trabalhadores-e-sindicalistas-europeus-promovem-jornada-de-solidariedade-na-grecia\/\",\"url\":\"https:\/\/psol50.org.br\/trabalhadores-e-sindicalistas-europeus-promovem-jornada-de-solidariedade-na-grecia\/\",\"name\":\"Trabalhadores e sindicalistas europeus promovem jornada de solidariedade na Gr\u00e9cia - PSOL 50\",\"isPartOf\":{\"@id\":\"https:\/\/psol50.org.br\/#website\"},\"datePublished\":\"2013-09-30T00:00:00+00:00\",\"breadcrumb\":{\"@id\":\"https:\/\/psol50.org.br\/trabalhadores-e-sindicalistas-europeus-promovem-jornada-de-solidariedade-na-grecia\/#breadcrumb\"},\"inLanguage\":\"pt-BR\",\"potentialAction\":[{\"@type\":\"ReadAction\",\"target\":[\"https:\/\/psol50.org.br\/trabalhadores-e-sindicalistas-europeus-promovem-jornada-de-solidariedade-na-grecia\/\"]}]},{\"@type\":\"BreadcrumbList\",\"@id\":\"https:\/\/psol50.org.br\/trabalhadores-e-sindicalistas-europeus-promovem-jornada-de-solidariedade-na-grecia\/#breadcrumb\",\"itemListElement\":[{\"@type\":\"ListItem\",\"position\":1,\"name\":\"In\u00edcio\",\"item\":\"https:\/\/psol50.org.br\/\"},{\"@type\":\"ListItem\",\"position\":2,\"name\":\"Trabalhadores e sindicalistas europeus promovem jornada de solidariedade na Gr\u00e9cia\"}]},{\"@type\":\"WebSite\",\"@id\":\"https:\/\/psol50.org.br\/#website\",\"url\":\"https:\/\/psol50.org.br\/\",\"name\":\"PSOL 50\",\"description\":\"Site oficial do Partido Socialismo e Liberdade\",\"publisher\":{\"@id\":\"https:\/\/psol50.org.br\/#organization\"},\"alternateName\":\"PSOL50\",\"potentialAction\":[{\"@type\":\"SearchAction\",\"target\":{\"@type\":\"EntryPoint\",\"urlTemplate\":\"https:\/\/psol50.org.br\/?s={search_term_string}\"},\"query-input\":{\"@type\":\"PropertyValueSpecification\",\"valueRequired\":true,\"valueName\":\"search_term_string\"}}],\"inLanguage\":\"pt-BR\"},{\"@type\":\"Organization\",\"@id\":\"https:\/\/psol50.org.br\/#organization\",\"name\":\"PSOL 50\",\"alternateName\":\"PSOL 50\",\"url\":\"https:\/\/psol50.org.br\/\",\"logo\":{\"@type\":\"ImageObject\",\"inLanguage\":\"pt-BR\",\"@id\":\"https:\/\/psol50.org.br\/#\/schema\/logo\/image\/\",\"url\":\"https:\/\/psol50.org.br\/inc\/uploads\/2018\/07\/capa.png\",\"contentUrl\":\"https:\/\/psol50.org.br\/inc\/uploads\/2018\/07\/capa.png\",\"width\":1350,\"height\":900,\"caption\":\"PSOL 50\"},\"image\":{\"@id\":\"https:\/\/psol50.org.br\/#\/schema\/logo\/image\/\"},\"sameAs\":[\"https:\/\/www.facebook.com\/psol50\",\"https:\/\/x.com\/psol50\",\"https:\/\/www.instagram.com\/psol50\/\",\"https:\/\/www.youtube.com\/channel\/UC7SnJS5o1os7a6CaiNabzcg\"]},{\"@type\":\"Person\",\"@id\":\"https:\/\/psol50.org.br\/#\/schema\/person\/475dfa57d0b815993c714c2e96491fcd\",\"name\":\"Comunica\u00e7\u00e3o PSOL\",\"image\":{\"@type\":\"ImageObject\",\"inLanguage\":\"pt-BR\",\"@id\":\"https:\/\/psol50.org.br\/#\/schema\/person\/image\/\",\"url\":\"https:\/\/secure.gravatar.com\/avatar\/b34fc4f4e468a4e51785917065a3db57b841f5c95dba6ad8c73aaf8f66f8f9bf?s=96&d=mm&r=g\",\"contentUrl\":\"https:\/\/secure.gravatar.com\/avatar\/b34fc4f4e468a4e51785917065a3db57b841f5c95dba6ad8c73aaf8f66f8f9bf?s=96&d=mm&r=g\",\"caption\":\"Comunica\u00e7\u00e3o PSOL\"}}]}<\/script>\n<!-- \/ Yoast SEO plugin. -->","yoast_head_json":{"title":"Trabalhadores e sindicalistas europeus promovem jornada de solidariedade na Gr\u00e9cia - PSOL 50","robots":{"index":"index","follow":"follow","max-snippet":"max-snippet:-1","max-image-preview":"max-image-preview:large","max-video-preview":"max-video-preview:-1"},"canonical":"https:\/\/psol50.org.br\/trabalhadores-e-sindicalistas-europeus-promovem-jornada-de-solidariedade-na-grecia\/","og_locale":"pt_BR","og_type":"article","og_title":"Trabalhadores e sindicalistas europeus promovem jornada de solidariedade na Gr\u00e9cia - PSOL 50","og_description":"Entre hoje e amanh\u00e3 (30\/09 e 01\/10), cerca de 180 dirigentes sindicais, dos mais diversos pa\u00edses europeus, estar\u00e3o na Gr\u00e9cia para participar de uma jornada de solidariedade com os trabalhadores gregos. Na agenda est\u00e1 uma manifesta\u00e7\u00e3o contra as medidas de austeridade e a presen\u00e7a na primeira sess\u00e3o de julgamento de trabalhadores acusados de \u201cperturba\u00e7\u00e3o da [&hellip;]","og_url":"https:\/\/psol50.org.br\/trabalhadores-e-sindicalistas-europeus-promovem-jornada-de-solidariedade-na-grecia\/","og_site_name":"PSOL 50","article_publisher":"https:\/\/www.facebook.com\/psol50","article_published_time":"2013-09-30T00:00:00+00:00","og_image":[{"width":1350,"height":900,"url":"https:\/\/psol50.org.br\/inc\/uploads\/2018\/07\/capa.png","type":"image\/png"}],"author":"Comunica\u00e7\u00e3o PSOL","twitter_card":"summary_large_image","twitter_creator":"@psol50","twitter_site":"@psol50","twitter_misc":{"Escrito por":"Comunica\u00e7\u00e3o PSOL","Est. tempo de leitura":"1 minuto"},"schema":{"@context":"https:\/\/schema.org","@graph":[{"@type":"Article","@id":"https:\/\/psol50.org.br\/trabalhadores-e-sindicalistas-europeus-promovem-jornada-de-solidariedade-na-grecia\/#article","isPartOf":{"@id":"https:\/\/psol50.org.br\/trabalhadores-e-sindicalistas-europeus-promovem-jornada-de-solidariedade-na-grecia\/"},"author":{"name":"Comunica\u00e7\u00e3o PSOL","@id":"https:\/\/psol50.org.br\/#\/schema\/person\/475dfa57d0b815993c714c2e96491fcd"},"headline":"Trabalhadores e sindicalistas europeus promovem jornada de solidariedade na Gr\u00e9cia","datePublished":"2013-09-30T00:00:00+00:00","mainEntityOfPage":{"@id":"https:\/\/psol50.org.br\/trabalhadores-e-sindicalistas-europeus-promovem-jornada-de-solidariedade-na-grecia\/"},"wordCount":210,"commentCount":0,"publisher":{"@id":"https:\/\/psol50.org.br\/#organization"},"articleSection":["Arquivo","Gr\u00e9cia","Internacional","Not\u00edcias"],"inLanguage":"pt-BR","potentialAction":[{"@type":"CommentAction","name":"Comment","target":["https:\/\/psol50.org.br\/trabalhadores-e-sindicalistas-europeus-promovem-jornada-de-solidariedade-na-grecia\/#respond"]}]},{"@type":"WebPage","@id":"https:\/\/psol50.org.br\/trabalhadores-e-sindicalistas-europeus-promovem-jornada-de-solidariedade-na-grecia\/","url":"https:\/\/psol50.org.br\/trabalhadores-e-sindicalistas-europeus-promovem-jornada-de-solidariedade-na-grecia\/","name":"Trabalhadores e sindicalistas europeus promovem jornada de solidariedade na Gr\u00e9cia - PSOL 50","isPartOf":{"@id":"https:\/\/psol50.org.br\/#website"},"datePublished":"2013-09-30T00:00:00+00:00","breadcrumb":{"@id":"https:\/\/psol50.org.br\/trabalhadores-e-sindicalistas-europeus-promovem-jornada-de-solidariedade-na-grecia\/#breadcrumb"},"inLanguage":"pt-BR","potentialAction":[{"@type":"ReadAction","target":["https:\/\/psol50.org.br\/trabalhadores-e-sindicalistas-europeus-promovem-jornada-de-solidariedade-na-grecia\/"]}]},{"@type":"BreadcrumbList","@id":"https:\/\/psol50.org.br\/trabalhadores-e-sindicalistas-europeus-promovem-jornada-de-solidariedade-na-grecia\/#breadcrumb","itemListElement":[{"@type":"ListItem","position":1,"name":"In\u00edcio","item":"https:\/\/psol50.org.br\/"},{"@type":"ListItem","position":2,"name":"Trabalhadores e sindicalistas europeus promovem jornada de solidariedade na Gr\u00e9cia"}]},{"@type":"WebSite","@id":"https:\/\/psol50.org.br\/#website","url":"https:\/\/psol50.org.br\/","name":"PSOL 50","description":"Site oficial do Partido Socialismo e Liberdade","publisher":{"@id":"https:\/\/psol50.org.br\/#organization"},"alternateName":"PSOL50","potentialAction":[{"@type":"SearchAction","target":{"@type":"EntryPoint","urlTemplate":"https:\/\/psol50.org.br\/?s={search_term_string}"},"query-input":{"@type":"PropertyValueSpecification","valueRequired":true,"valueName":"search_term_string"}}],"inLanguage":"pt-BR"},{"@type":"Organization","@id":"https:\/\/psol50.org.br\/#organization","name":"PSOL 50","alternateName":"PSOL 50","url":"https:\/\/psol50.org.br\/","logo":{"@type":"ImageObject","inLanguage":"pt-BR","@id":"https:\/\/psol50.org.br\/#\/schema\/logo\/image\/","url":"https:\/\/psol50.org.br\/inc\/uploads\/2018\/07\/capa.png","contentUrl":"https:\/\/psol50.org.br\/inc\/uploads\/2018\/07\/capa.png","width":1350,"height":900,"caption":"PSOL 50"},"image":{"@id":"https:\/\/psol50.org.br\/#\/schema\/logo\/image\/"},"sameAs":["https:\/\/www.facebook.com\/psol50","https:\/\/x.com\/psol50","https:\/\/www.instagram.com\/psol50\/","https:\/\/www.youtube.com\/channel\/UC7SnJS5o1os7a6CaiNabzcg"]},{"@type":"Person","@id":"https:\/\/psol50.org.br\/#\/schema\/person\/475dfa57d0b815993c714c2e96491fcd","name":"Comunica\u00e7\u00e3o PSOL","image":{"@type":"ImageObject","inLanguage":"pt-BR","@id":"https:\/\/psol50.org.br\/#\/schema\/person\/image\/","url":"https:\/\/secure.gravatar.com\/avatar\/b34fc4f4e468a4e51785917065a3db57b841f5c95dba6ad8c73aaf8f66f8f9bf?s=96&d=mm&r=g","contentUrl":"https:\/\/secure.gravatar.com\/avatar\/b34fc4f4e468a4e51785917065a3db57b841f5c95dba6ad8c73aaf8f66f8f9bf?s=96&d=mm&r=g","caption":"Comunica\u00e7\u00e3o PSOL"}}]}},"_links":{"self":[{"href":"https:\/\/psol50.org.br\/rest\/wp\/v2\/posts\/2312","targetHints":{"allow":["GET"]}}],"collection":[{"href":"https:\/\/psol50.org.br\/rest\/wp\/v2\/posts"}],"about":[{"href":"https:\/\/psol50.org.br\/rest\/wp\/v2\/types\/post"}],"author":[{"embeddable":true,"href":"https:\/\/psol50.org.br\/rest\/wp\/v2\/users\/2"}],"replies":[{"embeddable":true,"href":"https:\/\/psol50.org.br\/rest\/wp\/v2\/comments?post=2312"}],"version-history":[{"count":0,"href":"https:\/\/psol50.org.br\/rest\/wp\/v2\/posts\/2312\/revisions"}],"wp:attachment":[{"href":"https:\/\/psol50.org.br\/rest\/wp\/v2\/media?parent=2312"}],"wp:term":[{"taxonomy":"category","embeddable":true,"href":"https:\/\/psol50.org.br\/rest\/wp\/v2\/categories?post=2312"},{"taxonomy":"post_tag","embeddable":true,"href":"https:\/\/psol50.org.br\/rest\/wp\/v2\/tags?post=2312"}],"curies":[{"name":"wp","href":"https:\/\/api.w.org\/{rel}","templated":true}]}}