{"id":2317,"date":"2013-10-02T00:00:00","date_gmt":"2013-10-02T00:00:00","guid":{"rendered":"http:\/\/psol50.org.br\/arquivo\/2013\/10\/02\/em-nota-deputado-jean-wyllys-cobra-do-prefeito-do-rio-negociacao-com-os-profissionais-da-educacao\/"},"modified":"2013-10-02T00:00:00","modified_gmt":"2013-10-02T00:00:00","slug":"em-nota-deputado-jean-wyllys-cobra-do-prefeito-do-rio-negociacao-com-os-profissionais-da-educacao","status":"publish","type":"post","link":"https:\/\/psol50.org.br\/em-nota-deputado-jean-wyllys-cobra-do-prefeito-do-rio-negociacao-com-os-profissionais-da-educacao\/","title":{"rendered":"Em nota, deputado Jean Wyllys cobra do prefeito do Rio negocia\u00e7\u00e3o com os profissionais da educa\u00e7\u00e3o"},"content":{"rendered":"<div align=\"JUSTIFY\" class=\"western\" lang=\"\" style=\"margin-bottom: 0cm; line-height: 100%;\">\n\t<span style=\"font-size:12px;\"><span style=\"font-family:arial,helvetica,sans-serif;\"><em>Do site do PSOL Nacional, Leonor Costa<\/em><\/span><\/span><\/p>\n<p>\t<em>Deputado critica trucul\u00eancia da PM e intransig\u00eancia do governo em n\u00e3o dialogar com a categoria, que se encontra em greve por melhores sal\u00e1rios e condi\u00e7\u00f5es de trabalho<\/em><\/p>\n<p>\t<span style=\"font-size:12px;\"><span style=\"font-family:arial,helvetica,sans-serif;\">No in\u00edcio da noite desta ter\u00e7a-feira (01), logo ap\u00f3s a C\u00e2mara Municipal do Rio de Janeiro ter aprovado a proposta de Plano de Carlos e Sal\u00e1rios dos professores municipais, contrariando as reivindica\u00e7\u00f5es da categoria, o deputado federal pelo PSOL do Rio de Janeiro Jean Wyllys divulgou uma nota cobrando que o prefeito Eduardo Paes instaure um processo de di\u00e1logo com a categoria. <\/span><\/span><\/div>\n<div align=\"JUSTIFY\" class=\"western\" lang=\"\" style=\"margin-bottom: 0cm; line-height: 100%;\">\n\t&nbsp;<\/div>\n<div align=\"JUSTIFY\" class=\"western\" lang=\"\" style=\"margin-bottom: 0cm; line-height: 100%;\">\n\t<span style=\"font-size:12px;\"><span style=\"font-family:arial,helvetica,sans-serif;\">No documento, o parlamentar tamb\u00e9m critica a atua\u00e7\u00e3o do governo, tanto estadual quanto municipal, diante das mobiliza\u00e7\u00f5es dos professores, que, por meio da Pol\u00edcia Militar, tem cerceado o direito \u00e0 manifesta\u00e7\u00e3o e agredido trabalhadores. &#8220;A resposta \u00e0s manifesta\u00e7\u00e3o ou greve de professores por melhores sal\u00e1rios n\u00e3o deve \u2013 n\u00e3o pode! \u2013 ser a viol\u00eancia policial, a repress\u00e3o, as armas &#8216;n\u00e3o-letais&#8217;. A situa\u00e7\u00e3o n\u00e3o se resolver\u00e1 com a trucul\u00eancia policial como foi no \u00faltimo s\u00e1bado, 28&#8221;, afirma trecho da nota.<\/span><\/span><\/div>\n<div align=\"JUSTIFY\" class=\"western\" lang=\"\" style=\"margin-bottom: 0cm; line-height: 100%;\">\n\t&nbsp;<\/div>\n<div align=\"JUSTIFY\" class=\"western\" lang=\"\" style=\"margin-bottom: 0cm; line-height: 100%;\">\n\t<span style=\"font-size:12px;\"><span style=\"font-family:arial,helvetica,sans-serif;\">O deputado do PSOL refor\u00e7a a cobran\u00e7a para que o prefeito retome as negocia\u00e7\u00f5es com os professores. &#8220;Ontem (segunda-feira) endossei nota destinada ao prefeito Eduardo Paes, solicitando a retomada das negocia\u00e7\u00f5es com os professores e professoras que fazem reivindica\u00e7\u00f5es \u00e0 espera de negocia\u00e7\u00e3o! A negocia\u00e7\u00e3o \u00e9 o meio democr\u00e1tico de equacionar a press\u00e3o dos sindicatos sobre os planos do governo&#8221;, enfatiza Jean.<\/span><\/span><\/div>\n<div align=\"JUSTIFY\" class=\"western\" lang=\"\" style=\"margin-bottom: 0cm; line-height: 100%;\">\n\t&nbsp;<\/div>\n<div align=\"JUSTIFY\" class=\"western\" lang=\"\" style=\"margin-bottom: 0cm; line-height: 100%;\">\n\t<span style=\"font-size:12px;\"><span style=\"font-family:arial,helvetica,sans-serif;\">Confira abaixo o inteiro teor da nota de Jean Wyllys.<\/span><\/span><\/div>\n<div align=\"JUSTIFY\" class=\"western\" lang=\"\" style=\"margin-bottom: 0cm; line-height: 100%;\">\n\t&nbsp;<\/div>\n<div align=\"JUSTIFY\" class=\"western\" lang=\"\" style=\"margin-bottom: 0cm; line-height: 100%;\">\n\t<span style=\"font-size:12px;\"><span style=\"font-family:arial,helvetica,sans-serif;\">H\u00e1 duas d\u00e9cadas n\u00e3o h\u00e1 tamanha mobiliza\u00e7\u00e3o dos professores e professoras, tanto municipais quanto estaduais, do Rio de Janeiro. Ignorando as vozes das ruas e, principalmente dos e das profissionais de educa\u00e7\u00e3o, lamentavelmente a C\u00e2mara Municipal do Rio de Janeiro aprovou, nesta ter\u00e7a-feira, o novo plano de carreira dos professores municipais, que n\u00e3o atende as reivindica\u00e7\u00f5es e n\u00e3o cumpre o acordo assinado pelo prefeito, Eduardo Paes, com a categoria.<\/span><\/span><\/div>\n<div align=\"JUSTIFY\" class=\"western\" lang=\"\" style=\"margin-bottom: 0cm; line-height: 100%;\">\n\t&nbsp;<\/div>\n<div align=\"JUSTIFY\" class=\"western\" lang=\"\" style=\"margin-bottom: 0cm; line-height: 100%;\">\n\t<span style=\"font-size:12px;\"><span style=\"font-family:arial,helvetica,sans-serif;\">As profissionais e os profissionais de educa\u00e7\u00e3o est\u00e3o nas ruas n\u00e3o apenas por sal\u00e1rios. Estrutura ruim e material did\u00e1tico cheio de erros tamb\u00e9m s\u00e3o parte das reclama\u00e7\u00f5es de uma extensa pauta que resume uma grande verdade: h\u00e1 profunda insatisfa\u00e7\u00e3o com a pol\u00edtica educacional dos governos do PMDB.<\/span><\/span><\/div>\n<div align=\"JUSTIFY\" class=\"western\" lang=\"\" style=\"margin-bottom: 0cm; line-height: 100%;\">\n\t&nbsp;<\/div>\n<div align=\"JUSTIFY\" class=\"western\" lang=\"\" style=\"margin-bottom: 0cm; line-height: 100%;\">\n\t<span style=\"font-size:12px;\"><span style=\"font-family:arial,helvetica,sans-serif;\">A resposta \u00e0s manifesta\u00e7\u00e3o ou greve de professores por melhores sal\u00e1rios n\u00e3o deve \u2013 n\u00e3o pode! \u2013 ser a viol\u00eancia policial, a repress\u00e3o, as armas \u201cn\u00e3o-letais\u201d. A situa\u00e7\u00e3o n\u00e3o se resolver\u00e1 com a trucul\u00eancia policial como foi no \u00faltimo s\u00e1bado, 28.<\/span><\/span><\/div>\n<div align=\"JUSTIFY\" class=\"western\" lang=\"\" style=\"margin-bottom: 0cm; line-height: 100%;\">\n\t&nbsp;<\/div>\n<div align=\"JUSTIFY\" class=\"western\" lang=\"\" style=\"margin-bottom: 0cm; line-height: 100%;\">\n\t<span style=\"font-size:12px;\"><span style=\"font-family:arial,helvetica,sans-serif;\">Ontem endossei nota destinada ao prefeito Eduardo Paes, solicitando a retomada das negocia\u00e7\u00f5es com os professores e professoras que fazem reivindica\u00e7\u00f5es \u00e0 espera de negocia\u00e7\u00e3o! A negocia\u00e7\u00e3o \u00e9 o meio democr\u00e1tico de equacionar a press\u00e3o dos sindicatos sobre os planos do governo.<\/span><\/span><\/div>\n<div align=\"JUSTIFY\" class=\"western\" lang=\"\" style=\"margin-bottom: 0cm; line-height: 100%;\">\n\t&nbsp;<\/div>\n<div align=\"JUSTIFY\" class=\"western\" lang=\"\" style=\"margin-bottom: 0cm; line-height: 100%;\">\n\t<span style=\"font-size:12px;\"><span style=\"font-family:arial,helvetica,sans-serif;\">Balas de borracha, cassetetes e g\u00e1s n\u00e3o s\u00e3o respostas justas nem democr\u00e1ticas a reivindica\u00e7\u00f5es leg\u00edtimas! Os governos Estadual e Municipal do RJ devem negociar!<\/span><\/span><\/div>\n<div align=\"JUSTIFY\" class=\"western\" lang=\"\" style=\"margin-bottom: 0cm; line-height: 100%;\">\n\t&nbsp;<\/div>\n<div align=\"JUSTIFY\" class=\"western\" lang=\"\" style=\"margin-bottom: 0cm; line-height: 100%;\">\n\t<span style=\"font-size:12px;\"><span style=\"font-family:arial,helvetica,sans-serif;\">A categoria tem em mim todo o apoio necess\u00e1rio na decis\u00e3o de continua\u00e7\u00e3o da greve. N\u00e3o \u00e9 batendo em professor que a educa\u00e7\u00e3o prosperar\u00e1!<\/span><\/span><\/div>\n<div class=\"western\" style=\"margin-bottom: 0cm; line-height: 100%;\">\n\t&nbsp;<\/div>\n<div class=\"western\" style=\"margin-bottom: 0cm; line-height: 100%;\">\n\t<span style=\"font-size:12px;\"><span style=\"font-family:arial,helvetica,sans-serif;\">Jean Wyllys<\/span><\/span><\/div>\n<div class=\"western\" style=\"margin-bottom: 0cm; line-height: 100%;\">\n\t<span style=\"font-size:12px;\"><span style=\"font-family:arial,helvetica,sans-serif;\">Deputado Federal pelo PSOL-RJ<\/span><\/span><\/div>\n","protected":false},"excerpt":{"rendered":"<p>Do site do PSOL Nacional, Leonor Costa Deputado critica trucul\u00eancia da PM e intransig\u00eancia do governo em n\u00e3o dialogar com a categoria, que se encontra em greve por melhores sal\u00e1rios e condi\u00e7\u00f5es de trabalho No in\u00edcio da noite desta ter\u00e7a-feira (01), logo ap\u00f3s a C\u00e2mara Municipal do Rio de Janeiro ter aprovado a proposta de [&hellip;]<\/p>\n","protected":false},"author":2,"featured_media":0,"comment_status":"open","ping_status":"open","sticky":false,"template":"","format":"standard","meta":{"_acf_changed":false,"footnotes":""},"categories":[10,4766,6],"tags":[],"class_list":{"0":"post-2317","1":"post","2":"type-post","3":"status-publish","4":"format-standard","6":"category-acao-parlamentares","7":"category-arquivo","8":"category-noticias"},"acf":[],"yoast_head":"<!-- This site is optimized with the Yoast SEO plugin v26.5 - https:\/\/yoast.com\/wordpress\/plugins\/seo\/ -->\n<title>Em nota, deputado Jean Wyllys cobra do prefeito do Rio negocia\u00e7\u00e3o com os profissionais da educa\u00e7\u00e3o - PSOL 50<\/title>\n<meta name=\"robots\" content=\"index, follow, max-snippet:-1, max-image-preview:large, max-video-preview:-1\" \/>\n<link rel=\"canonical\" href=\"https:\/\/psol50.org.br\/em-nota-deputado-jean-wyllys-cobra-do-prefeito-do-rio-negociacao-com-os-profissionais-da-educacao\/\" \/>\n<meta property=\"og:locale\" content=\"pt_BR\" \/>\n<meta property=\"og:type\" content=\"article\" \/>\n<meta property=\"og:title\" content=\"Em nota, deputado Jean Wyllys cobra do prefeito do Rio negocia\u00e7\u00e3o com os profissionais da educa\u00e7\u00e3o - PSOL 50\" \/>\n<meta property=\"og:description\" content=\"Do site do PSOL Nacional, Leonor Costa Deputado critica trucul\u00eancia da PM e intransig\u00eancia do governo em n\u00e3o dialogar com a categoria, que se encontra em greve por melhores sal\u00e1rios e condi\u00e7\u00f5es de trabalho No in\u00edcio da noite desta ter\u00e7a-feira (01), logo ap\u00f3s a C\u00e2mara Municipal do Rio de Janeiro ter aprovado a proposta de [&hellip;]\" \/>\n<meta property=\"og:url\" content=\"https:\/\/psol50.org.br\/em-nota-deputado-jean-wyllys-cobra-do-prefeito-do-rio-negociacao-com-os-profissionais-da-educacao\/\" \/>\n<meta property=\"og:site_name\" content=\"PSOL 50\" \/>\n<meta property=\"article:publisher\" content=\"https:\/\/www.facebook.com\/psol50\" \/>\n<meta property=\"article:published_time\" content=\"2013-10-02T00:00:00+00:00\" \/>\n<meta property=\"og:image\" content=\"https:\/\/psol50.org.br\/inc\/uploads\/2018\/07\/capa.png\" \/>\n\t<meta property=\"og:image:width\" content=\"1350\" \/>\n\t<meta property=\"og:image:height\" content=\"900\" \/>\n\t<meta property=\"og:image:type\" content=\"image\/png\" \/>\n<meta name=\"author\" content=\"Comunica\u00e7\u00e3o PSOL\" \/>\n<meta name=\"twitter:card\" content=\"summary_large_image\" \/>\n<meta name=\"twitter:creator\" content=\"@psol50\" \/>\n<meta name=\"twitter:site\" content=\"@psol50\" \/>\n<meta name=\"twitter:label1\" content=\"Escrito por\" \/>\n\t<meta name=\"twitter:data1\" content=\"Comunica\u00e7\u00e3o PSOL\" \/>\n\t<meta name=\"twitter:label2\" content=\"Est. tempo de leitura\" \/>\n\t<meta name=\"twitter:data2\" content=\"3 minutos\" \/>\n<script type=\"application\/ld+json\" class=\"yoast-schema-graph\">{\"@context\":\"https:\/\/schema.org\",\"@graph\":[{\"@type\":\"Article\",\"@id\":\"https:\/\/psol50.org.br\/em-nota-deputado-jean-wyllys-cobra-do-prefeito-do-rio-negociacao-com-os-profissionais-da-educacao\/#article\",\"isPartOf\":{\"@id\":\"https:\/\/psol50.org.br\/em-nota-deputado-jean-wyllys-cobra-do-prefeito-do-rio-negociacao-com-os-profissionais-da-educacao\/\"},\"author\":{\"name\":\"Comunica\u00e7\u00e3o PSOL\",\"@id\":\"https:\/\/psol50.org.br\/#\/schema\/person\/475dfa57d0b815993c714c2e96491fcd\"},\"headline\":\"Em nota, deputado Jean Wyllys cobra do prefeito do Rio negocia\u00e7\u00e3o com os profissionais da educa\u00e7\u00e3o\",\"datePublished\":\"2013-10-02T00:00:00+00:00\",\"mainEntityOfPage\":{\"@id\":\"https:\/\/psol50.org.br\/em-nota-deputado-jean-wyllys-cobra-do-prefeito-do-rio-negociacao-com-os-profissionais-da-educacao\/\"},\"wordCount\":599,\"commentCount\":0,\"publisher\":{\"@id\":\"https:\/\/psol50.org.br\/#organization\"},\"articleSection\":[\"A\u00e7\u00e3o Parlamentar\",\"Arquivo\",\"Not\u00edcias\"],\"inLanguage\":\"pt-BR\",\"potentialAction\":[{\"@type\":\"CommentAction\",\"name\":\"Comment\",\"target\":[\"https:\/\/psol50.org.br\/em-nota-deputado-jean-wyllys-cobra-do-prefeito-do-rio-negociacao-com-os-profissionais-da-educacao\/#respond\"]}]},{\"@type\":\"WebPage\",\"@id\":\"https:\/\/psol50.org.br\/em-nota-deputado-jean-wyllys-cobra-do-prefeito-do-rio-negociacao-com-os-profissionais-da-educacao\/\",\"url\":\"https:\/\/psol50.org.br\/em-nota-deputado-jean-wyllys-cobra-do-prefeito-do-rio-negociacao-com-os-profissionais-da-educacao\/\",\"name\":\"Em nota, deputado Jean Wyllys cobra do prefeito do Rio negocia\u00e7\u00e3o com os profissionais da educa\u00e7\u00e3o - PSOL 50\",\"isPartOf\":{\"@id\":\"https:\/\/psol50.org.br\/#website\"},\"datePublished\":\"2013-10-02T00:00:00+00:00\",\"breadcrumb\":{\"@id\":\"https:\/\/psol50.org.br\/em-nota-deputado-jean-wyllys-cobra-do-prefeito-do-rio-negociacao-com-os-profissionais-da-educacao\/#breadcrumb\"},\"inLanguage\":\"pt-BR\",\"potentialAction\":[{\"@type\":\"ReadAction\",\"target\":[\"https:\/\/psol50.org.br\/em-nota-deputado-jean-wyllys-cobra-do-prefeito-do-rio-negociacao-com-os-profissionais-da-educacao\/\"]}]},{\"@type\":\"BreadcrumbList\",\"@id\":\"https:\/\/psol50.org.br\/em-nota-deputado-jean-wyllys-cobra-do-prefeito-do-rio-negociacao-com-os-profissionais-da-educacao\/#breadcrumb\",\"itemListElement\":[{\"@type\":\"ListItem\",\"position\":1,\"name\":\"In\u00edcio\",\"item\":\"https:\/\/psol50.org.br\/\"},{\"@type\":\"ListItem\",\"position\":2,\"name\":\"Em nota, deputado Jean Wyllys cobra do prefeito do Rio negocia\u00e7\u00e3o com os profissionais da educa\u00e7\u00e3o\"}]},{\"@type\":\"WebSite\",\"@id\":\"https:\/\/psol50.org.br\/#website\",\"url\":\"https:\/\/psol50.org.br\/\",\"name\":\"PSOL 50\",\"description\":\"Site oficial do Partido Socialismo e Liberdade\",\"publisher\":{\"@id\":\"https:\/\/psol50.org.br\/#organization\"},\"alternateName\":\"PSOL50\",\"potentialAction\":[{\"@type\":\"SearchAction\",\"target\":{\"@type\":\"EntryPoint\",\"urlTemplate\":\"https:\/\/psol50.org.br\/?s={search_term_string}\"},\"query-input\":{\"@type\":\"PropertyValueSpecification\",\"valueRequired\":true,\"valueName\":\"search_term_string\"}}],\"inLanguage\":\"pt-BR\"},{\"@type\":\"Organization\",\"@id\":\"https:\/\/psol50.org.br\/#organization\",\"name\":\"PSOL 50\",\"alternateName\":\"PSOL 50\",\"url\":\"https:\/\/psol50.org.br\/\",\"logo\":{\"@type\":\"ImageObject\",\"inLanguage\":\"pt-BR\",\"@id\":\"https:\/\/psol50.org.br\/#\/schema\/logo\/image\/\",\"url\":\"https:\/\/psol50.org.br\/inc\/uploads\/2018\/07\/capa.png\",\"contentUrl\":\"https:\/\/psol50.org.br\/inc\/uploads\/2018\/07\/capa.png\",\"width\":1350,\"height\":900,\"caption\":\"PSOL 50\"},\"image\":{\"@id\":\"https:\/\/psol50.org.br\/#\/schema\/logo\/image\/\"},\"sameAs\":[\"https:\/\/www.facebook.com\/psol50\",\"https:\/\/x.com\/psol50\",\"https:\/\/www.instagram.com\/psol50\/\",\"https:\/\/www.youtube.com\/channel\/UC7SnJS5o1os7a6CaiNabzcg\"]},{\"@type\":\"Person\",\"@id\":\"https:\/\/psol50.org.br\/#\/schema\/person\/475dfa57d0b815993c714c2e96491fcd\",\"name\":\"Comunica\u00e7\u00e3o PSOL\",\"image\":{\"@type\":\"ImageObject\",\"inLanguage\":\"pt-BR\",\"@id\":\"https:\/\/psol50.org.br\/#\/schema\/person\/image\/\",\"url\":\"https:\/\/secure.gravatar.com\/avatar\/b34fc4f4e468a4e51785917065a3db57b841f5c95dba6ad8c73aaf8f66f8f9bf?s=96&d=mm&r=g\",\"contentUrl\":\"https:\/\/secure.gravatar.com\/avatar\/b34fc4f4e468a4e51785917065a3db57b841f5c95dba6ad8c73aaf8f66f8f9bf?s=96&d=mm&r=g\",\"caption\":\"Comunica\u00e7\u00e3o PSOL\"}}]}<\/script>\n<!-- \/ Yoast SEO plugin. -->","yoast_head_json":{"title":"Em nota, deputado Jean Wyllys cobra do prefeito do Rio negocia\u00e7\u00e3o com os profissionais da educa\u00e7\u00e3o - PSOL 50","robots":{"index":"index","follow":"follow","max-snippet":"max-snippet:-1","max-image-preview":"max-image-preview:large","max-video-preview":"max-video-preview:-1"},"canonical":"https:\/\/psol50.org.br\/em-nota-deputado-jean-wyllys-cobra-do-prefeito-do-rio-negociacao-com-os-profissionais-da-educacao\/","og_locale":"pt_BR","og_type":"article","og_title":"Em nota, deputado Jean Wyllys cobra do prefeito do Rio negocia\u00e7\u00e3o com os profissionais da educa\u00e7\u00e3o - PSOL 50","og_description":"Do site do PSOL Nacional, Leonor Costa Deputado critica trucul\u00eancia da PM e intransig\u00eancia do governo em n\u00e3o dialogar com a categoria, que se encontra em greve por melhores sal\u00e1rios e condi\u00e7\u00f5es de trabalho No in\u00edcio da noite desta ter\u00e7a-feira (01), logo ap\u00f3s a C\u00e2mara Municipal do Rio de Janeiro ter aprovado a proposta de [&hellip;]","og_url":"https:\/\/psol50.org.br\/em-nota-deputado-jean-wyllys-cobra-do-prefeito-do-rio-negociacao-com-os-profissionais-da-educacao\/","og_site_name":"PSOL 50","article_publisher":"https:\/\/www.facebook.com\/psol50","article_published_time":"2013-10-02T00:00:00+00:00","og_image":[{"width":1350,"height":900,"url":"https:\/\/psol50.org.br\/inc\/uploads\/2018\/07\/capa.png","type":"image\/png"}],"author":"Comunica\u00e7\u00e3o PSOL","twitter_card":"summary_large_image","twitter_creator":"@psol50","twitter_site":"@psol50","twitter_misc":{"Escrito por":"Comunica\u00e7\u00e3o PSOL","Est. tempo de leitura":"3 minutos"},"schema":{"@context":"https:\/\/schema.org","@graph":[{"@type":"Article","@id":"https:\/\/psol50.org.br\/em-nota-deputado-jean-wyllys-cobra-do-prefeito-do-rio-negociacao-com-os-profissionais-da-educacao\/#article","isPartOf":{"@id":"https:\/\/psol50.org.br\/em-nota-deputado-jean-wyllys-cobra-do-prefeito-do-rio-negociacao-com-os-profissionais-da-educacao\/"},"author":{"name":"Comunica\u00e7\u00e3o PSOL","@id":"https:\/\/psol50.org.br\/#\/schema\/person\/475dfa57d0b815993c714c2e96491fcd"},"headline":"Em nota, deputado Jean Wyllys cobra do prefeito do Rio negocia\u00e7\u00e3o com os profissionais da educa\u00e7\u00e3o","datePublished":"2013-10-02T00:00:00+00:00","mainEntityOfPage":{"@id":"https:\/\/psol50.org.br\/em-nota-deputado-jean-wyllys-cobra-do-prefeito-do-rio-negociacao-com-os-profissionais-da-educacao\/"},"wordCount":599,"commentCount":0,"publisher":{"@id":"https:\/\/psol50.org.br\/#organization"},"articleSection":["A\u00e7\u00e3o Parlamentar","Arquivo","Not\u00edcias"],"inLanguage":"pt-BR","potentialAction":[{"@type":"CommentAction","name":"Comment","target":["https:\/\/psol50.org.br\/em-nota-deputado-jean-wyllys-cobra-do-prefeito-do-rio-negociacao-com-os-profissionais-da-educacao\/#respond"]}]},{"@type":"WebPage","@id":"https:\/\/psol50.org.br\/em-nota-deputado-jean-wyllys-cobra-do-prefeito-do-rio-negociacao-com-os-profissionais-da-educacao\/","url":"https:\/\/psol50.org.br\/em-nota-deputado-jean-wyllys-cobra-do-prefeito-do-rio-negociacao-com-os-profissionais-da-educacao\/","name":"Em nota, deputado Jean Wyllys cobra do prefeito do Rio negocia\u00e7\u00e3o com os profissionais da educa\u00e7\u00e3o - PSOL 50","isPartOf":{"@id":"https:\/\/psol50.org.br\/#website"},"datePublished":"2013-10-02T00:00:00+00:00","breadcrumb":{"@id":"https:\/\/psol50.org.br\/em-nota-deputado-jean-wyllys-cobra-do-prefeito-do-rio-negociacao-com-os-profissionais-da-educacao\/#breadcrumb"},"inLanguage":"pt-BR","potentialAction":[{"@type":"ReadAction","target":["https:\/\/psol50.org.br\/em-nota-deputado-jean-wyllys-cobra-do-prefeito-do-rio-negociacao-com-os-profissionais-da-educacao\/"]}]},{"@type":"BreadcrumbList","@id":"https:\/\/psol50.org.br\/em-nota-deputado-jean-wyllys-cobra-do-prefeito-do-rio-negociacao-com-os-profissionais-da-educacao\/#breadcrumb","itemListElement":[{"@type":"ListItem","position":1,"name":"In\u00edcio","item":"https:\/\/psol50.org.br\/"},{"@type":"ListItem","position":2,"name":"Em nota, deputado Jean Wyllys cobra do prefeito do Rio negocia\u00e7\u00e3o com os profissionais da educa\u00e7\u00e3o"}]},{"@type":"WebSite","@id":"https:\/\/psol50.org.br\/#website","url":"https:\/\/psol50.org.br\/","name":"PSOL 50","description":"Site oficial do Partido Socialismo e Liberdade","publisher":{"@id":"https:\/\/psol50.org.br\/#organization"},"alternateName":"PSOL50","potentialAction":[{"@type":"SearchAction","target":{"@type":"EntryPoint","urlTemplate":"https:\/\/psol50.org.br\/?s={search_term_string}"},"query-input":{"@type":"PropertyValueSpecification","valueRequired":true,"valueName":"search_term_string"}}],"inLanguage":"pt-BR"},{"@type":"Organization","@id":"https:\/\/psol50.org.br\/#organization","name":"PSOL 50","alternateName":"PSOL 50","url":"https:\/\/psol50.org.br\/","logo":{"@type":"ImageObject","inLanguage":"pt-BR","@id":"https:\/\/psol50.org.br\/#\/schema\/logo\/image\/","url":"https:\/\/psol50.org.br\/inc\/uploads\/2018\/07\/capa.png","contentUrl":"https:\/\/psol50.org.br\/inc\/uploads\/2018\/07\/capa.png","width":1350,"height":900,"caption":"PSOL 50"},"image":{"@id":"https:\/\/psol50.org.br\/#\/schema\/logo\/image\/"},"sameAs":["https:\/\/www.facebook.com\/psol50","https:\/\/x.com\/psol50","https:\/\/www.instagram.com\/psol50\/","https:\/\/www.youtube.com\/channel\/UC7SnJS5o1os7a6CaiNabzcg"]},{"@type":"Person","@id":"https:\/\/psol50.org.br\/#\/schema\/person\/475dfa57d0b815993c714c2e96491fcd","name":"Comunica\u00e7\u00e3o PSOL","image":{"@type":"ImageObject","inLanguage":"pt-BR","@id":"https:\/\/psol50.org.br\/#\/schema\/person\/image\/","url":"https:\/\/secure.gravatar.com\/avatar\/b34fc4f4e468a4e51785917065a3db57b841f5c95dba6ad8c73aaf8f66f8f9bf?s=96&d=mm&r=g","contentUrl":"https:\/\/secure.gravatar.com\/avatar\/b34fc4f4e468a4e51785917065a3db57b841f5c95dba6ad8c73aaf8f66f8f9bf?s=96&d=mm&r=g","caption":"Comunica\u00e7\u00e3o PSOL"}}]}},"_links":{"self":[{"href":"https:\/\/psol50.org.br\/rest\/wp\/v2\/posts\/2317","targetHints":{"allow":["GET"]}}],"collection":[{"href":"https:\/\/psol50.org.br\/rest\/wp\/v2\/posts"}],"about":[{"href":"https:\/\/psol50.org.br\/rest\/wp\/v2\/types\/post"}],"author":[{"embeddable":true,"href":"https:\/\/psol50.org.br\/rest\/wp\/v2\/users\/2"}],"replies":[{"embeddable":true,"href":"https:\/\/psol50.org.br\/rest\/wp\/v2\/comments?post=2317"}],"version-history":[{"count":0,"href":"https:\/\/psol50.org.br\/rest\/wp\/v2\/posts\/2317\/revisions"}],"wp:attachment":[{"href":"https:\/\/psol50.org.br\/rest\/wp\/v2\/media?parent=2317"}],"wp:term":[{"taxonomy":"category","embeddable":true,"href":"https:\/\/psol50.org.br\/rest\/wp\/v2\/categories?post=2317"},{"taxonomy":"post_tag","embeddable":true,"href":"https:\/\/psol50.org.br\/rest\/wp\/v2\/tags?post=2317"}],"curies":[{"name":"wp","href":"https:\/\/api.w.org\/{rel}","templated":true}]}}