{"id":2322,"date":"2013-10-03T00:00:00","date_gmt":"2013-10-03T00:00:00","guid":{"rendered":"http:\/\/psol50.org.br\/arquivo\/2013\/10\/03\/diretor-da-ans-que-omitiu-curriculo-renuncia-a-cargo-psol-denunciou-conflito-de-interesses\/"},"modified":"2013-10-03T00:00:00","modified_gmt":"2013-10-03T00:00:00","slug":"diretor-da-ans-que-omitiu-curriculo-renuncia-a-cargo-psol-denunciou-conflito-de-interesses","status":"publish","type":"post","link":"https:\/\/psol50.org.br\/diretor-da-ans-que-omitiu-curriculo-renuncia-a-cargo-psol-denunciou-conflito-de-interesses\/","title":{"rendered":"Diretor da ANS que omitiu curr\u00edculo renuncia a cargo. PSOL denunciou conflito de interesses"},"content":{"rendered":"<div style=\"text-align: justify;\">\n\tDesde que se tornaram p\u00fablicas as den\u00fancias de que Elano Figueiredo omitiu parte de seu curr\u00edculo para assumir o cargo de diretor da Ag\u00eancia Nacional de Sa\u00fade Suplementar (ANS), o PSOL prop\u00f4s que a C\u00e2mara dos Deputados o chamasse para prestar esclarecimentos. Afinal, Figueiredo assumia uma fun\u00e7\u00e3o em uma ag\u00eancia reguladora ap\u00f3s ter trabalhado para planos privados de sa\u00fade. Elano Figueiredo nunca foi a C\u00e2mara. Ontem (02) \u00e0 noite, ele renunciou ao cargo.<br \/>\n\t&nbsp;<br \/>\n\tO l\u00edder do PSOL, deputado Ivan Valente (SP), logo ap\u00f3s que as den\u00fancias vieram \u00e0 tona pelo jornal <em>O Globo<\/em>, apresentou requerimento para que Elano Figueiredo explicasse os motivos de ter ocultado de seu curr\u00edculo os trabalhos em dois planos de sa\u00fade privados, Unimed e HapVida. A audi\u00eancia p\u00fablica chegou a ser marcada por duas vezes na Comiss\u00e3o de Defesa do Consumidor, mas Figueiredo n\u00e3o apareceu.<br \/>\n\t&nbsp;<br \/>\n\tPara o deputado estava claro que Elano Figueiredo n\u00e3o queria dar explica\u00e7\u00f5es aos parlamentares, nem a popula\u00e7\u00e3o, e se utilizava do fato que a Comiss\u00e3o de \u00c9tica P\u00fablica j\u00e1 avaliava o caso. Diante disso, Ivan Valente apresentou requerimento para convidar o ministro da Sa\u00fade, Alexandre Padilha, para que este explicasse as condi\u00e7\u00f5es de Figueiredo.<br \/>\n\t&nbsp;<br \/>\n\tOntem, a Comiss\u00e3o de \u00c9tica da Presid\u00eancia da Rep\u00fablica entendeu que Figueiredo n\u00e3o teve conduta \u00e9tica ao omitir em seu curr\u00edculo enviado ao governo e ao Senado que trabalhou para empresas privadas de Plano de Sa\u00fade. Com base nisso, aprovou aplica\u00e7\u00e3o de advert\u00eancia e recomendou a demiss\u00e3o dele.<br \/>\n\t&nbsp;<\/div>\n","protected":false},"excerpt":{"rendered":"<p>Desde que se tornaram p\u00fablicas as den\u00fancias de que Elano Figueiredo omitiu parte de seu curr\u00edculo para assumir o cargo de diretor da Ag\u00eancia Nacional de Sa\u00fade Suplementar (ANS), o PSOL prop\u00f4s que a C\u00e2mara dos Deputados o chamasse para prestar esclarecimentos. Afinal, Figueiredo assumia uma fun\u00e7\u00e3o em uma ag\u00eancia reguladora ap\u00f3s ter trabalhado para [&hellip;]<\/p>\n","protected":false},"author":2,"featured_media":0,"comment_status":"open","ping_status":"open","sticky":false,"template":"","format":"standard","meta":{"_acf_changed":false,"footnotes":""},"categories":[4766,6],"tags":[22],"class_list":{"0":"post-2322","1":"post","2":"type-post","3":"status-publish","4":"format-standard","6":"category-arquivo","7":"category-noticias","8":"tag-psol"},"acf":[],"yoast_head":"<!-- This site is optimized with the Yoast SEO plugin v26.5 - https:\/\/yoast.com\/wordpress\/plugins\/seo\/ -->\n<title>Diretor da ANS que omitiu curr\u00edculo renuncia a cargo. PSOL denunciou conflito de interesses - PSOL 50<\/title>\n<meta name=\"robots\" content=\"index, follow, max-snippet:-1, max-image-preview:large, max-video-preview:-1\" \/>\n<link rel=\"canonical\" href=\"https:\/\/psol50.org.br\/diretor-da-ans-que-omitiu-curriculo-renuncia-a-cargo-psol-denunciou-conflito-de-interesses\/\" \/>\n<meta property=\"og:locale\" content=\"pt_BR\" \/>\n<meta property=\"og:type\" content=\"article\" \/>\n<meta property=\"og:title\" content=\"Diretor da ANS que omitiu curr\u00edculo renuncia a cargo. PSOL denunciou conflito de interesses - PSOL 50\" \/>\n<meta property=\"og:description\" content=\"Desde que se tornaram p\u00fablicas as den\u00fancias de que Elano Figueiredo omitiu parte de seu curr\u00edculo para assumir o cargo de diretor da Ag\u00eancia Nacional de Sa\u00fade Suplementar (ANS), o PSOL prop\u00f4s que a C\u00e2mara dos Deputados o chamasse para prestar esclarecimentos. Afinal, Figueiredo assumia uma fun\u00e7\u00e3o em uma ag\u00eancia reguladora ap\u00f3s ter trabalhado para [&hellip;]\" \/>\n<meta property=\"og:url\" content=\"https:\/\/psol50.org.br\/diretor-da-ans-que-omitiu-curriculo-renuncia-a-cargo-psol-denunciou-conflito-de-interesses\/\" \/>\n<meta property=\"og:site_name\" content=\"PSOL 50\" \/>\n<meta property=\"article:publisher\" content=\"https:\/\/www.facebook.com\/psol50\" \/>\n<meta property=\"article:published_time\" content=\"2013-10-03T00:00:00+00:00\" \/>\n<meta property=\"og:image\" content=\"https:\/\/psol50.org.br\/inc\/uploads\/2018\/07\/capa.png\" \/>\n\t<meta property=\"og:image:width\" content=\"1350\" \/>\n\t<meta property=\"og:image:height\" content=\"900\" \/>\n\t<meta property=\"og:image:type\" content=\"image\/png\" \/>\n<meta name=\"author\" content=\"Comunica\u00e7\u00e3o PSOL\" \/>\n<meta name=\"twitter:card\" content=\"summary_large_image\" \/>\n<meta name=\"twitter:creator\" content=\"@psol50\" \/>\n<meta name=\"twitter:site\" content=\"@psol50\" \/>\n<meta name=\"twitter:label1\" content=\"Escrito por\" \/>\n\t<meta name=\"twitter:data1\" content=\"Comunica\u00e7\u00e3o PSOL\" \/>\n\t<meta name=\"twitter:label2\" content=\"Est. tempo de leitura\" \/>\n\t<meta name=\"twitter:data2\" content=\"1 minuto\" \/>\n<script type=\"application\/ld+json\" class=\"yoast-schema-graph\">{\"@context\":\"https:\/\/schema.org\",\"@graph\":[{\"@type\":\"Article\",\"@id\":\"https:\/\/psol50.org.br\/diretor-da-ans-que-omitiu-curriculo-renuncia-a-cargo-psol-denunciou-conflito-de-interesses\/#article\",\"isPartOf\":{\"@id\":\"https:\/\/psol50.org.br\/diretor-da-ans-que-omitiu-curriculo-renuncia-a-cargo-psol-denunciou-conflito-de-interesses\/\"},\"author\":{\"name\":\"Comunica\u00e7\u00e3o PSOL\",\"@id\":\"https:\/\/psol50.org.br\/#\/schema\/person\/475dfa57d0b815993c714c2e96491fcd\"},\"headline\":\"Diretor da ANS que omitiu curr\u00edculo renuncia a cargo. PSOL denunciou conflito de interesses\",\"datePublished\":\"2013-10-03T00:00:00+00:00\",\"mainEntityOfPage\":{\"@id\":\"https:\/\/psol50.org.br\/diretor-da-ans-que-omitiu-curriculo-renuncia-a-cargo-psol-denunciou-conflito-de-interesses\/\"},\"wordCount\":294,\"commentCount\":0,\"publisher\":{\"@id\":\"https:\/\/psol50.org.br\/#organization\"},\"keywords\":[\"PSOL\"],\"articleSection\":[\"Arquivo\",\"Not\u00edcias\"],\"inLanguage\":\"pt-BR\",\"potentialAction\":[{\"@type\":\"CommentAction\",\"name\":\"Comment\",\"target\":[\"https:\/\/psol50.org.br\/diretor-da-ans-que-omitiu-curriculo-renuncia-a-cargo-psol-denunciou-conflito-de-interesses\/#respond\"]}]},{\"@type\":\"WebPage\",\"@id\":\"https:\/\/psol50.org.br\/diretor-da-ans-que-omitiu-curriculo-renuncia-a-cargo-psol-denunciou-conflito-de-interesses\/\",\"url\":\"https:\/\/psol50.org.br\/diretor-da-ans-que-omitiu-curriculo-renuncia-a-cargo-psol-denunciou-conflito-de-interesses\/\",\"name\":\"Diretor da ANS que omitiu curr\u00edculo renuncia a cargo. PSOL denunciou conflito de interesses - PSOL 50\",\"isPartOf\":{\"@id\":\"https:\/\/psol50.org.br\/#website\"},\"datePublished\":\"2013-10-03T00:00:00+00:00\",\"breadcrumb\":{\"@id\":\"https:\/\/psol50.org.br\/diretor-da-ans-que-omitiu-curriculo-renuncia-a-cargo-psol-denunciou-conflito-de-interesses\/#breadcrumb\"},\"inLanguage\":\"pt-BR\",\"potentialAction\":[{\"@type\":\"ReadAction\",\"target\":[\"https:\/\/psol50.org.br\/diretor-da-ans-que-omitiu-curriculo-renuncia-a-cargo-psol-denunciou-conflito-de-interesses\/\"]}]},{\"@type\":\"BreadcrumbList\",\"@id\":\"https:\/\/psol50.org.br\/diretor-da-ans-que-omitiu-curriculo-renuncia-a-cargo-psol-denunciou-conflito-de-interesses\/#breadcrumb\",\"itemListElement\":[{\"@type\":\"ListItem\",\"position\":1,\"name\":\"In\u00edcio\",\"item\":\"https:\/\/psol50.org.br\/\"},{\"@type\":\"ListItem\",\"position\":2,\"name\":\"Diretor da ANS que omitiu curr\u00edculo renuncia a cargo. PSOL denunciou conflito de interesses\"}]},{\"@type\":\"WebSite\",\"@id\":\"https:\/\/psol50.org.br\/#website\",\"url\":\"https:\/\/psol50.org.br\/\",\"name\":\"PSOL 50\",\"description\":\"Site oficial do Partido Socialismo e Liberdade\",\"publisher\":{\"@id\":\"https:\/\/psol50.org.br\/#organization\"},\"alternateName\":\"PSOL50\",\"potentialAction\":[{\"@type\":\"SearchAction\",\"target\":{\"@type\":\"EntryPoint\",\"urlTemplate\":\"https:\/\/psol50.org.br\/?s={search_term_string}\"},\"query-input\":{\"@type\":\"PropertyValueSpecification\",\"valueRequired\":true,\"valueName\":\"search_term_string\"}}],\"inLanguage\":\"pt-BR\"},{\"@type\":\"Organization\",\"@id\":\"https:\/\/psol50.org.br\/#organization\",\"name\":\"PSOL 50\",\"alternateName\":\"PSOL 50\",\"url\":\"https:\/\/psol50.org.br\/\",\"logo\":{\"@type\":\"ImageObject\",\"inLanguage\":\"pt-BR\",\"@id\":\"https:\/\/psol50.org.br\/#\/schema\/logo\/image\/\",\"url\":\"https:\/\/psol50.org.br\/inc\/uploads\/2018\/07\/capa.png\",\"contentUrl\":\"https:\/\/psol50.org.br\/inc\/uploads\/2018\/07\/capa.png\",\"width\":1350,\"height\":900,\"caption\":\"PSOL 50\"},\"image\":{\"@id\":\"https:\/\/psol50.org.br\/#\/schema\/logo\/image\/\"},\"sameAs\":[\"https:\/\/www.facebook.com\/psol50\",\"https:\/\/x.com\/psol50\",\"https:\/\/www.instagram.com\/psol50\/\",\"https:\/\/www.youtube.com\/channel\/UC7SnJS5o1os7a6CaiNabzcg\"]},{\"@type\":\"Person\",\"@id\":\"https:\/\/psol50.org.br\/#\/schema\/person\/475dfa57d0b815993c714c2e96491fcd\",\"name\":\"Comunica\u00e7\u00e3o PSOL\",\"image\":{\"@type\":\"ImageObject\",\"inLanguage\":\"pt-BR\",\"@id\":\"https:\/\/psol50.org.br\/#\/schema\/person\/image\/\",\"url\":\"https:\/\/secure.gravatar.com\/avatar\/b34fc4f4e468a4e51785917065a3db57b841f5c95dba6ad8c73aaf8f66f8f9bf?s=96&d=mm&r=g\",\"contentUrl\":\"https:\/\/secure.gravatar.com\/avatar\/b34fc4f4e468a4e51785917065a3db57b841f5c95dba6ad8c73aaf8f66f8f9bf?s=96&d=mm&r=g\",\"caption\":\"Comunica\u00e7\u00e3o PSOL\"}}]}<\/script>\n<!-- \/ Yoast SEO plugin. -->","yoast_head_json":{"title":"Diretor da ANS que omitiu curr\u00edculo renuncia a cargo. PSOL denunciou conflito de interesses - PSOL 50","robots":{"index":"index","follow":"follow","max-snippet":"max-snippet:-1","max-image-preview":"max-image-preview:large","max-video-preview":"max-video-preview:-1"},"canonical":"https:\/\/psol50.org.br\/diretor-da-ans-que-omitiu-curriculo-renuncia-a-cargo-psol-denunciou-conflito-de-interesses\/","og_locale":"pt_BR","og_type":"article","og_title":"Diretor da ANS que omitiu curr\u00edculo renuncia a cargo. PSOL denunciou conflito de interesses - PSOL 50","og_description":"Desde que se tornaram p\u00fablicas as den\u00fancias de que Elano Figueiredo omitiu parte de seu curr\u00edculo para assumir o cargo de diretor da Ag\u00eancia Nacional de Sa\u00fade Suplementar (ANS), o PSOL prop\u00f4s que a C\u00e2mara dos Deputados o chamasse para prestar esclarecimentos. Afinal, Figueiredo assumia uma fun\u00e7\u00e3o em uma ag\u00eancia reguladora ap\u00f3s ter trabalhado para [&hellip;]","og_url":"https:\/\/psol50.org.br\/diretor-da-ans-que-omitiu-curriculo-renuncia-a-cargo-psol-denunciou-conflito-de-interesses\/","og_site_name":"PSOL 50","article_publisher":"https:\/\/www.facebook.com\/psol50","article_published_time":"2013-10-03T00:00:00+00:00","og_image":[{"width":1350,"height":900,"url":"https:\/\/psol50.org.br\/inc\/uploads\/2018\/07\/capa.png","type":"image\/png"}],"author":"Comunica\u00e7\u00e3o PSOL","twitter_card":"summary_large_image","twitter_creator":"@psol50","twitter_site":"@psol50","twitter_misc":{"Escrito por":"Comunica\u00e7\u00e3o PSOL","Est. tempo de leitura":"1 minuto"},"schema":{"@context":"https:\/\/schema.org","@graph":[{"@type":"Article","@id":"https:\/\/psol50.org.br\/diretor-da-ans-que-omitiu-curriculo-renuncia-a-cargo-psol-denunciou-conflito-de-interesses\/#article","isPartOf":{"@id":"https:\/\/psol50.org.br\/diretor-da-ans-que-omitiu-curriculo-renuncia-a-cargo-psol-denunciou-conflito-de-interesses\/"},"author":{"name":"Comunica\u00e7\u00e3o PSOL","@id":"https:\/\/psol50.org.br\/#\/schema\/person\/475dfa57d0b815993c714c2e96491fcd"},"headline":"Diretor da ANS que omitiu curr\u00edculo renuncia a cargo. PSOL denunciou conflito de interesses","datePublished":"2013-10-03T00:00:00+00:00","mainEntityOfPage":{"@id":"https:\/\/psol50.org.br\/diretor-da-ans-que-omitiu-curriculo-renuncia-a-cargo-psol-denunciou-conflito-de-interesses\/"},"wordCount":294,"commentCount":0,"publisher":{"@id":"https:\/\/psol50.org.br\/#organization"},"keywords":["PSOL"],"articleSection":["Arquivo","Not\u00edcias"],"inLanguage":"pt-BR","potentialAction":[{"@type":"CommentAction","name":"Comment","target":["https:\/\/psol50.org.br\/diretor-da-ans-que-omitiu-curriculo-renuncia-a-cargo-psol-denunciou-conflito-de-interesses\/#respond"]}]},{"@type":"WebPage","@id":"https:\/\/psol50.org.br\/diretor-da-ans-que-omitiu-curriculo-renuncia-a-cargo-psol-denunciou-conflito-de-interesses\/","url":"https:\/\/psol50.org.br\/diretor-da-ans-que-omitiu-curriculo-renuncia-a-cargo-psol-denunciou-conflito-de-interesses\/","name":"Diretor da ANS que omitiu curr\u00edculo renuncia a cargo. PSOL denunciou conflito de interesses - PSOL 50","isPartOf":{"@id":"https:\/\/psol50.org.br\/#website"},"datePublished":"2013-10-03T00:00:00+00:00","breadcrumb":{"@id":"https:\/\/psol50.org.br\/diretor-da-ans-que-omitiu-curriculo-renuncia-a-cargo-psol-denunciou-conflito-de-interesses\/#breadcrumb"},"inLanguage":"pt-BR","potentialAction":[{"@type":"ReadAction","target":["https:\/\/psol50.org.br\/diretor-da-ans-que-omitiu-curriculo-renuncia-a-cargo-psol-denunciou-conflito-de-interesses\/"]}]},{"@type":"BreadcrumbList","@id":"https:\/\/psol50.org.br\/diretor-da-ans-que-omitiu-curriculo-renuncia-a-cargo-psol-denunciou-conflito-de-interesses\/#breadcrumb","itemListElement":[{"@type":"ListItem","position":1,"name":"In\u00edcio","item":"https:\/\/psol50.org.br\/"},{"@type":"ListItem","position":2,"name":"Diretor da ANS que omitiu curr\u00edculo renuncia a cargo. PSOL denunciou conflito de interesses"}]},{"@type":"WebSite","@id":"https:\/\/psol50.org.br\/#website","url":"https:\/\/psol50.org.br\/","name":"PSOL 50","description":"Site oficial do Partido Socialismo e Liberdade","publisher":{"@id":"https:\/\/psol50.org.br\/#organization"},"alternateName":"PSOL50","potentialAction":[{"@type":"SearchAction","target":{"@type":"EntryPoint","urlTemplate":"https:\/\/psol50.org.br\/?s={search_term_string}"},"query-input":{"@type":"PropertyValueSpecification","valueRequired":true,"valueName":"search_term_string"}}],"inLanguage":"pt-BR"},{"@type":"Organization","@id":"https:\/\/psol50.org.br\/#organization","name":"PSOL 50","alternateName":"PSOL 50","url":"https:\/\/psol50.org.br\/","logo":{"@type":"ImageObject","inLanguage":"pt-BR","@id":"https:\/\/psol50.org.br\/#\/schema\/logo\/image\/","url":"https:\/\/psol50.org.br\/inc\/uploads\/2018\/07\/capa.png","contentUrl":"https:\/\/psol50.org.br\/inc\/uploads\/2018\/07\/capa.png","width":1350,"height":900,"caption":"PSOL 50"},"image":{"@id":"https:\/\/psol50.org.br\/#\/schema\/logo\/image\/"},"sameAs":["https:\/\/www.facebook.com\/psol50","https:\/\/x.com\/psol50","https:\/\/www.instagram.com\/psol50\/","https:\/\/www.youtube.com\/channel\/UC7SnJS5o1os7a6CaiNabzcg"]},{"@type":"Person","@id":"https:\/\/psol50.org.br\/#\/schema\/person\/475dfa57d0b815993c714c2e96491fcd","name":"Comunica\u00e7\u00e3o PSOL","image":{"@type":"ImageObject","inLanguage":"pt-BR","@id":"https:\/\/psol50.org.br\/#\/schema\/person\/image\/","url":"https:\/\/secure.gravatar.com\/avatar\/b34fc4f4e468a4e51785917065a3db57b841f5c95dba6ad8c73aaf8f66f8f9bf?s=96&d=mm&r=g","contentUrl":"https:\/\/secure.gravatar.com\/avatar\/b34fc4f4e468a4e51785917065a3db57b841f5c95dba6ad8c73aaf8f66f8f9bf?s=96&d=mm&r=g","caption":"Comunica\u00e7\u00e3o PSOL"}}]}},"_links":{"self":[{"href":"https:\/\/psol50.org.br\/rest\/wp\/v2\/posts\/2322","targetHints":{"allow":["GET"]}}],"collection":[{"href":"https:\/\/psol50.org.br\/rest\/wp\/v2\/posts"}],"about":[{"href":"https:\/\/psol50.org.br\/rest\/wp\/v2\/types\/post"}],"author":[{"embeddable":true,"href":"https:\/\/psol50.org.br\/rest\/wp\/v2\/users\/2"}],"replies":[{"embeddable":true,"href":"https:\/\/psol50.org.br\/rest\/wp\/v2\/comments?post=2322"}],"version-history":[{"count":0,"href":"https:\/\/psol50.org.br\/rest\/wp\/v2\/posts\/2322\/revisions"}],"wp:attachment":[{"href":"https:\/\/psol50.org.br\/rest\/wp\/v2\/media?parent=2322"}],"wp:term":[{"taxonomy":"category","embeddable":true,"href":"https:\/\/psol50.org.br\/rest\/wp\/v2\/categories?post=2322"},{"taxonomy":"post_tag","embeddable":true,"href":"https:\/\/psol50.org.br\/rest\/wp\/v2\/tags?post=2322"}],"curies":[{"name":"wp","href":"https:\/\/api.w.org\/{rel}","templated":true}]}}