{"id":2328,"date":"2013-10-04T00:00:00","date_gmt":"2013-10-04T00:00:00","guid":{"rendered":"http:\/\/psol50.org.br\/arquivo\/2013\/10\/04\/indigenas-protestam-na-cna-contra-pec-que-altera-regras-para-demarcacao-de-terras\/"},"modified":"2013-10-04T00:00:00","modified_gmt":"2013-10-04T00:00:00","slug":"indigenas-protestam-na-cna-contra-pec-que-altera-regras-para-demarcacao-de-terras","status":"publish","type":"post","link":"https:\/\/psol50.org.br\/indigenas-protestam-na-cna-contra-pec-que-altera-regras-para-demarcacao-de-terras\/","title":{"rendered":"Ind\u00edgenas protestam na CNA contra PEC que altera regras para demarca\u00e7\u00e3o de terras"},"content":{"rendered":"<p style=\"text-align: justify;\">\n\t<em>O protesto foi direcionado \u00e0 CNA e \u00e0 bancada ruralista no Congresso, da qual a senadora K\u00e1tia Abreu (PSD-TO), presidenta da confedera\u00e7\u00e3o, faz parte<\/em><\/p>\n<p>\tA ocupa\u00e7\u00e3o ind\u00edgena na sede da Confedera\u00e7\u00e3o da Agricultura e Pecu\u00e1ria do Brasil (CNA), em Bras\u00edlia, foi um protesto contra a Proposta de Emenda \u00e0 Constitui\u00e7\u00e3o (PEC) 215 e o Projeto de Lei Complementar (PLP) 227.<\/p>\n<p>\tO ato dessa quinta-feira (3), que durou cerca de uma hora, faz parte da Mobiliza\u00e7\u00e3o Nacional em Defesa da Constitui\u00e7\u00e3o Federal, convocada pela Articula\u00e7\u00e3o dos Povos Ind\u00edgenas do Brasil (Apib), com o apoio de diversos movimentos sociais, com o objetivo de defender a Constitui\u00e7\u00e3o, os direitos de povos ind\u00edgenas e tradicionais e o meio ambiente.<\/p>\n<p>\tA PEC 215, em tramita\u00e7\u00e3o desde 2000, prop\u00f5e a retirada da atribui\u00e7\u00e3o exclusiva do Poder Executivo na homologa\u00e7\u00e3o de terras ind\u00edgenas. J\u00e1 a PLP 227 prev\u00ea a explora\u00e7\u00e3o de terras ind\u00edgenas em caso de relevante interesse p\u00fablico da Uni\u00e3o. \u201cO Brasil est\u00e1 rasgando a Constitui\u00e7\u00e3o (com os projetos), e n\u00f3s viemos dar nosso recado de que isso n\u00e3o pode acontecer\u201d, protestou o l\u00edder ind\u00edgena Jurandir Xavante.Sob olhares curiosos de funcion\u00e1rios, os ind\u00edgenas executaram dan\u00e7as tradicionais na recep\u00e7\u00e3o do pr\u00e9dio.<\/p>\n<p>\tPor volta das 17h30, os 500 manifestantes, conforme estimativa da CNA, deixaram o local de forma espont\u00e2nea e pac\u00edfica.<\/p>\n<p>\tDe acordo com S\u00f4nia Guajajara, da coordena\u00e7\u00e3o da Apib, o protesto foi direcionado \u00e0 CNA e \u00e0 bancada ruralista no Congresso, da qual a senadora K\u00e1tia Abreu (PSD-TO), presidenta da confedera\u00e7\u00e3o, faz parte. \u201cEstamos aqui para dizer que n\u00e3o vamos deixar que a bancada ruralista e o agroneg\u00f3cio ditem as diretrizes neste pa\u00eds\u201d, disse S\u00f4nia.<\/p>\n<p>\tAlguns dos \u00edndios que participaram da ocupa\u00e7\u00e3o disseram \u00e0 <em>Ag\u00eancia Brasil<\/em> que n\u00e3o houve viol\u00eancia ou depreda\u00e7\u00e3o, o que foi confirmado por um funcion\u00e1rio da portaria do pr\u00e9dio.<\/p>\n<p>\tEm nota, por\u00e9m, o CNA diz que os manifestantes \u201carrombaram um dos port\u00f5es que d\u00e3o acesso ao pr\u00e9dio\u201d e, ao entrar no sagu\u00e3o, \u201cintimidaram n\u00e3o s\u00f3 a seguran\u00e7a e os funcion\u00e1rios da Casa, como tamb\u00e9m os visitantes que participavam de reuni\u00f5es t\u00e9cnicas nas depend\u00eancias da CNA\u201d.<\/p>\n<p>\tDe acordo com a confedera\u00e7\u00e3o, K\u00e1tia Abreu n\u00e3o se encontrava no pr\u00e9dio por estar cumprindo agenda oficial em Palmas, capital do Tocantins.<\/p>\n<p>&nbsp;<\/p>\n","protected":false},"excerpt":{"rendered":"<p>O protesto foi direcionado \u00e0 CNA e \u00e0 bancada ruralista no Congresso, da qual a senadora K\u00e1tia Abreu (PSD-TO), presidenta da confedera\u00e7\u00e3o, faz parte A ocupa\u00e7\u00e3o ind\u00edgena na sede da Confedera\u00e7\u00e3o da Agricultura e Pecu\u00e1ria do Brasil (CNA), em Bras\u00edlia, foi um protesto contra a Proposta de Emenda \u00e0 Constitui\u00e7\u00e3o (PEC) 215 e o Projeto [&hellip;]<\/p>\n","protected":false},"author":2,"featured_media":0,"comment_status":"open","ping_status":"open","sticky":false,"template":"","format":"standard","meta":{"_acf_changed":false,"footnotes":""},"categories":[4766,6],"tags":[],"class_list":{"0":"post-2328","1":"post","2":"type-post","3":"status-publish","4":"format-standard","6":"category-arquivo","7":"category-noticias"},"acf":[],"yoast_head":"<!-- This site is optimized with the Yoast SEO plugin v26.5 - https:\/\/yoast.com\/wordpress\/plugins\/seo\/ -->\n<title>Ind\u00edgenas protestam na CNA contra PEC que altera regras para demarca\u00e7\u00e3o de terras - PSOL 50<\/title>\n<meta name=\"robots\" content=\"index, follow, max-snippet:-1, max-image-preview:large, max-video-preview:-1\" \/>\n<link rel=\"canonical\" href=\"https:\/\/psol50.org.br\/indigenas-protestam-na-cna-contra-pec-que-altera-regras-para-demarcacao-de-terras\/\" \/>\n<meta property=\"og:locale\" content=\"pt_BR\" \/>\n<meta property=\"og:type\" content=\"article\" \/>\n<meta property=\"og:title\" content=\"Ind\u00edgenas protestam na CNA contra PEC que altera regras para demarca\u00e7\u00e3o de terras - PSOL 50\" \/>\n<meta property=\"og:description\" content=\"O protesto foi direcionado \u00e0 CNA e \u00e0 bancada ruralista no Congresso, da qual a senadora K\u00e1tia Abreu (PSD-TO), presidenta da confedera\u00e7\u00e3o, faz parte A ocupa\u00e7\u00e3o ind\u00edgena na sede da Confedera\u00e7\u00e3o da Agricultura e Pecu\u00e1ria do Brasil (CNA), em Bras\u00edlia, foi um protesto contra a Proposta de Emenda \u00e0 Constitui\u00e7\u00e3o (PEC) 215 e o Projeto [&hellip;]\" \/>\n<meta property=\"og:url\" content=\"https:\/\/psol50.org.br\/indigenas-protestam-na-cna-contra-pec-que-altera-regras-para-demarcacao-de-terras\/\" \/>\n<meta property=\"og:site_name\" content=\"PSOL 50\" \/>\n<meta property=\"article:publisher\" content=\"https:\/\/www.facebook.com\/psol50\" \/>\n<meta property=\"article:published_time\" content=\"2013-10-04T00:00:00+00:00\" \/>\n<meta property=\"og:image\" content=\"https:\/\/psol50.org.br\/inc\/uploads\/2018\/07\/capa.png\" \/>\n\t<meta property=\"og:image:width\" content=\"1350\" \/>\n\t<meta property=\"og:image:height\" content=\"900\" \/>\n\t<meta property=\"og:image:type\" content=\"image\/png\" \/>\n<meta name=\"author\" content=\"Comunica\u00e7\u00e3o PSOL\" \/>\n<meta name=\"twitter:card\" content=\"summary_large_image\" \/>\n<meta name=\"twitter:creator\" content=\"@psol50\" \/>\n<meta name=\"twitter:site\" content=\"@psol50\" \/>\n<meta name=\"twitter:label1\" content=\"Escrito por\" \/>\n\t<meta name=\"twitter:data1\" content=\"Comunica\u00e7\u00e3o PSOL\" \/>\n\t<meta name=\"twitter:label2\" content=\"Est. tempo de leitura\" \/>\n\t<meta name=\"twitter:data2\" content=\"2 minutos\" \/>\n<script type=\"application\/ld+json\" class=\"yoast-schema-graph\">{\"@context\":\"https:\/\/schema.org\",\"@graph\":[{\"@type\":\"Article\",\"@id\":\"https:\/\/psol50.org.br\/indigenas-protestam-na-cna-contra-pec-que-altera-regras-para-demarcacao-de-terras\/#article\",\"isPartOf\":{\"@id\":\"https:\/\/psol50.org.br\/indigenas-protestam-na-cna-contra-pec-que-altera-regras-para-demarcacao-de-terras\/\"},\"author\":{\"name\":\"Comunica\u00e7\u00e3o PSOL\",\"@id\":\"https:\/\/psol50.org.br\/#\/schema\/person\/475dfa57d0b815993c714c2e96491fcd\"},\"headline\":\"Ind\u00edgenas protestam na CNA contra PEC que altera regras para demarca\u00e7\u00e3o de terras\",\"datePublished\":\"2013-10-04T00:00:00+00:00\",\"mainEntityOfPage\":{\"@id\":\"https:\/\/psol50.org.br\/indigenas-protestam-na-cna-contra-pec-que-altera-regras-para-demarcacao-de-terras\/\"},\"wordCount\":434,\"commentCount\":0,\"publisher\":{\"@id\":\"https:\/\/psol50.org.br\/#organization\"},\"articleSection\":[\"Arquivo\",\"Not\u00edcias\"],\"inLanguage\":\"pt-BR\",\"potentialAction\":[{\"@type\":\"CommentAction\",\"name\":\"Comment\",\"target\":[\"https:\/\/psol50.org.br\/indigenas-protestam-na-cna-contra-pec-que-altera-regras-para-demarcacao-de-terras\/#respond\"]}]},{\"@type\":\"WebPage\",\"@id\":\"https:\/\/psol50.org.br\/indigenas-protestam-na-cna-contra-pec-que-altera-regras-para-demarcacao-de-terras\/\",\"url\":\"https:\/\/psol50.org.br\/indigenas-protestam-na-cna-contra-pec-que-altera-regras-para-demarcacao-de-terras\/\",\"name\":\"Ind\u00edgenas protestam na CNA contra PEC que altera regras para demarca\u00e7\u00e3o de terras - PSOL 50\",\"isPartOf\":{\"@id\":\"https:\/\/psol50.org.br\/#website\"},\"datePublished\":\"2013-10-04T00:00:00+00:00\",\"breadcrumb\":{\"@id\":\"https:\/\/psol50.org.br\/indigenas-protestam-na-cna-contra-pec-que-altera-regras-para-demarcacao-de-terras\/#breadcrumb\"},\"inLanguage\":\"pt-BR\",\"potentialAction\":[{\"@type\":\"ReadAction\",\"target\":[\"https:\/\/psol50.org.br\/indigenas-protestam-na-cna-contra-pec-que-altera-regras-para-demarcacao-de-terras\/\"]}]},{\"@type\":\"BreadcrumbList\",\"@id\":\"https:\/\/psol50.org.br\/indigenas-protestam-na-cna-contra-pec-que-altera-regras-para-demarcacao-de-terras\/#breadcrumb\",\"itemListElement\":[{\"@type\":\"ListItem\",\"position\":1,\"name\":\"In\u00edcio\",\"item\":\"https:\/\/psol50.org.br\/\"},{\"@type\":\"ListItem\",\"position\":2,\"name\":\"Ind\u00edgenas protestam na CNA contra PEC que altera regras para demarca\u00e7\u00e3o de terras\"}]},{\"@type\":\"WebSite\",\"@id\":\"https:\/\/psol50.org.br\/#website\",\"url\":\"https:\/\/psol50.org.br\/\",\"name\":\"PSOL 50\",\"description\":\"Site oficial do Partido Socialismo e Liberdade\",\"publisher\":{\"@id\":\"https:\/\/psol50.org.br\/#organization\"},\"alternateName\":\"PSOL50\",\"potentialAction\":[{\"@type\":\"SearchAction\",\"target\":{\"@type\":\"EntryPoint\",\"urlTemplate\":\"https:\/\/psol50.org.br\/?s={search_term_string}\"},\"query-input\":{\"@type\":\"PropertyValueSpecification\",\"valueRequired\":true,\"valueName\":\"search_term_string\"}}],\"inLanguage\":\"pt-BR\"},{\"@type\":\"Organization\",\"@id\":\"https:\/\/psol50.org.br\/#organization\",\"name\":\"PSOL 50\",\"alternateName\":\"PSOL 50\",\"url\":\"https:\/\/psol50.org.br\/\",\"logo\":{\"@type\":\"ImageObject\",\"inLanguage\":\"pt-BR\",\"@id\":\"https:\/\/psol50.org.br\/#\/schema\/logo\/image\/\",\"url\":\"https:\/\/psol50.org.br\/inc\/uploads\/2018\/07\/capa.png\",\"contentUrl\":\"https:\/\/psol50.org.br\/inc\/uploads\/2018\/07\/capa.png\",\"width\":1350,\"height\":900,\"caption\":\"PSOL 50\"},\"image\":{\"@id\":\"https:\/\/psol50.org.br\/#\/schema\/logo\/image\/\"},\"sameAs\":[\"https:\/\/www.facebook.com\/psol50\",\"https:\/\/x.com\/psol50\",\"https:\/\/www.instagram.com\/psol50\/\",\"https:\/\/www.youtube.com\/channel\/UC7SnJS5o1os7a6CaiNabzcg\"]},{\"@type\":\"Person\",\"@id\":\"https:\/\/psol50.org.br\/#\/schema\/person\/475dfa57d0b815993c714c2e96491fcd\",\"name\":\"Comunica\u00e7\u00e3o PSOL\",\"image\":{\"@type\":\"ImageObject\",\"inLanguage\":\"pt-BR\",\"@id\":\"https:\/\/psol50.org.br\/#\/schema\/person\/image\/\",\"url\":\"https:\/\/secure.gravatar.com\/avatar\/b34fc4f4e468a4e51785917065a3db57b841f5c95dba6ad8c73aaf8f66f8f9bf?s=96&d=mm&r=g\",\"contentUrl\":\"https:\/\/secure.gravatar.com\/avatar\/b34fc4f4e468a4e51785917065a3db57b841f5c95dba6ad8c73aaf8f66f8f9bf?s=96&d=mm&r=g\",\"caption\":\"Comunica\u00e7\u00e3o PSOL\"}}]}<\/script>\n<!-- \/ Yoast SEO plugin. -->","yoast_head_json":{"title":"Ind\u00edgenas protestam na CNA contra PEC que altera regras para demarca\u00e7\u00e3o de terras - PSOL 50","robots":{"index":"index","follow":"follow","max-snippet":"max-snippet:-1","max-image-preview":"max-image-preview:large","max-video-preview":"max-video-preview:-1"},"canonical":"https:\/\/psol50.org.br\/indigenas-protestam-na-cna-contra-pec-que-altera-regras-para-demarcacao-de-terras\/","og_locale":"pt_BR","og_type":"article","og_title":"Ind\u00edgenas protestam na CNA contra PEC que altera regras para demarca\u00e7\u00e3o de terras - PSOL 50","og_description":"O protesto foi direcionado \u00e0 CNA e \u00e0 bancada ruralista no Congresso, da qual a senadora K\u00e1tia Abreu (PSD-TO), presidenta da confedera\u00e7\u00e3o, faz parte A ocupa\u00e7\u00e3o ind\u00edgena na sede da Confedera\u00e7\u00e3o da Agricultura e Pecu\u00e1ria do Brasil (CNA), em Bras\u00edlia, foi um protesto contra a Proposta de Emenda \u00e0 Constitui\u00e7\u00e3o (PEC) 215 e o Projeto [&hellip;]","og_url":"https:\/\/psol50.org.br\/indigenas-protestam-na-cna-contra-pec-que-altera-regras-para-demarcacao-de-terras\/","og_site_name":"PSOL 50","article_publisher":"https:\/\/www.facebook.com\/psol50","article_published_time":"2013-10-04T00:00:00+00:00","og_image":[{"width":1350,"height":900,"url":"https:\/\/psol50.org.br\/inc\/uploads\/2018\/07\/capa.png","type":"image\/png"}],"author":"Comunica\u00e7\u00e3o PSOL","twitter_card":"summary_large_image","twitter_creator":"@psol50","twitter_site":"@psol50","twitter_misc":{"Escrito por":"Comunica\u00e7\u00e3o PSOL","Est. tempo de leitura":"2 minutos"},"schema":{"@context":"https:\/\/schema.org","@graph":[{"@type":"Article","@id":"https:\/\/psol50.org.br\/indigenas-protestam-na-cna-contra-pec-que-altera-regras-para-demarcacao-de-terras\/#article","isPartOf":{"@id":"https:\/\/psol50.org.br\/indigenas-protestam-na-cna-contra-pec-que-altera-regras-para-demarcacao-de-terras\/"},"author":{"name":"Comunica\u00e7\u00e3o PSOL","@id":"https:\/\/psol50.org.br\/#\/schema\/person\/475dfa57d0b815993c714c2e96491fcd"},"headline":"Ind\u00edgenas protestam na CNA contra PEC que altera regras para demarca\u00e7\u00e3o de terras","datePublished":"2013-10-04T00:00:00+00:00","mainEntityOfPage":{"@id":"https:\/\/psol50.org.br\/indigenas-protestam-na-cna-contra-pec-que-altera-regras-para-demarcacao-de-terras\/"},"wordCount":434,"commentCount":0,"publisher":{"@id":"https:\/\/psol50.org.br\/#organization"},"articleSection":["Arquivo","Not\u00edcias"],"inLanguage":"pt-BR","potentialAction":[{"@type":"CommentAction","name":"Comment","target":["https:\/\/psol50.org.br\/indigenas-protestam-na-cna-contra-pec-que-altera-regras-para-demarcacao-de-terras\/#respond"]}]},{"@type":"WebPage","@id":"https:\/\/psol50.org.br\/indigenas-protestam-na-cna-contra-pec-que-altera-regras-para-demarcacao-de-terras\/","url":"https:\/\/psol50.org.br\/indigenas-protestam-na-cna-contra-pec-que-altera-regras-para-demarcacao-de-terras\/","name":"Ind\u00edgenas protestam na CNA contra PEC que altera regras para demarca\u00e7\u00e3o de terras - PSOL 50","isPartOf":{"@id":"https:\/\/psol50.org.br\/#website"},"datePublished":"2013-10-04T00:00:00+00:00","breadcrumb":{"@id":"https:\/\/psol50.org.br\/indigenas-protestam-na-cna-contra-pec-que-altera-regras-para-demarcacao-de-terras\/#breadcrumb"},"inLanguage":"pt-BR","potentialAction":[{"@type":"ReadAction","target":["https:\/\/psol50.org.br\/indigenas-protestam-na-cna-contra-pec-que-altera-regras-para-demarcacao-de-terras\/"]}]},{"@type":"BreadcrumbList","@id":"https:\/\/psol50.org.br\/indigenas-protestam-na-cna-contra-pec-que-altera-regras-para-demarcacao-de-terras\/#breadcrumb","itemListElement":[{"@type":"ListItem","position":1,"name":"In\u00edcio","item":"https:\/\/psol50.org.br\/"},{"@type":"ListItem","position":2,"name":"Ind\u00edgenas protestam na CNA contra PEC que altera regras para demarca\u00e7\u00e3o de terras"}]},{"@type":"WebSite","@id":"https:\/\/psol50.org.br\/#website","url":"https:\/\/psol50.org.br\/","name":"PSOL 50","description":"Site oficial do Partido Socialismo e Liberdade","publisher":{"@id":"https:\/\/psol50.org.br\/#organization"},"alternateName":"PSOL50","potentialAction":[{"@type":"SearchAction","target":{"@type":"EntryPoint","urlTemplate":"https:\/\/psol50.org.br\/?s={search_term_string}"},"query-input":{"@type":"PropertyValueSpecification","valueRequired":true,"valueName":"search_term_string"}}],"inLanguage":"pt-BR"},{"@type":"Organization","@id":"https:\/\/psol50.org.br\/#organization","name":"PSOL 50","alternateName":"PSOL 50","url":"https:\/\/psol50.org.br\/","logo":{"@type":"ImageObject","inLanguage":"pt-BR","@id":"https:\/\/psol50.org.br\/#\/schema\/logo\/image\/","url":"https:\/\/psol50.org.br\/inc\/uploads\/2018\/07\/capa.png","contentUrl":"https:\/\/psol50.org.br\/inc\/uploads\/2018\/07\/capa.png","width":1350,"height":900,"caption":"PSOL 50"},"image":{"@id":"https:\/\/psol50.org.br\/#\/schema\/logo\/image\/"},"sameAs":["https:\/\/www.facebook.com\/psol50","https:\/\/x.com\/psol50","https:\/\/www.instagram.com\/psol50\/","https:\/\/www.youtube.com\/channel\/UC7SnJS5o1os7a6CaiNabzcg"]},{"@type":"Person","@id":"https:\/\/psol50.org.br\/#\/schema\/person\/475dfa57d0b815993c714c2e96491fcd","name":"Comunica\u00e7\u00e3o PSOL","image":{"@type":"ImageObject","inLanguage":"pt-BR","@id":"https:\/\/psol50.org.br\/#\/schema\/person\/image\/","url":"https:\/\/secure.gravatar.com\/avatar\/b34fc4f4e468a4e51785917065a3db57b841f5c95dba6ad8c73aaf8f66f8f9bf?s=96&d=mm&r=g","contentUrl":"https:\/\/secure.gravatar.com\/avatar\/b34fc4f4e468a4e51785917065a3db57b841f5c95dba6ad8c73aaf8f66f8f9bf?s=96&d=mm&r=g","caption":"Comunica\u00e7\u00e3o PSOL"}}]}},"_links":{"self":[{"href":"https:\/\/psol50.org.br\/rest\/wp\/v2\/posts\/2328","targetHints":{"allow":["GET"]}}],"collection":[{"href":"https:\/\/psol50.org.br\/rest\/wp\/v2\/posts"}],"about":[{"href":"https:\/\/psol50.org.br\/rest\/wp\/v2\/types\/post"}],"author":[{"embeddable":true,"href":"https:\/\/psol50.org.br\/rest\/wp\/v2\/users\/2"}],"replies":[{"embeddable":true,"href":"https:\/\/psol50.org.br\/rest\/wp\/v2\/comments?post=2328"}],"version-history":[{"count":0,"href":"https:\/\/psol50.org.br\/rest\/wp\/v2\/posts\/2328\/revisions"}],"wp:attachment":[{"href":"https:\/\/psol50.org.br\/rest\/wp\/v2\/media?parent=2328"}],"wp:term":[{"taxonomy":"category","embeddable":true,"href":"https:\/\/psol50.org.br\/rest\/wp\/v2\/categories?post=2328"},{"taxonomy":"post_tag","embeddable":true,"href":"https:\/\/psol50.org.br\/rest\/wp\/v2\/tags?post=2328"}],"curies":[{"name":"wp","href":"https:\/\/api.w.org\/{rel}","templated":true}]}}