{"id":2334,"date":"2013-10-08T00:00:00","date_gmt":"2013-10-08T00:00:00","guid":{"rendered":"http:\/\/psol50.org.br\/arquivo\/2013\/10\/08\/manifestacao-toma-conta-das-ruas-do-centro-do-rio-em-defesa-da-educacao-e-contra-a-violencia-do-estado\/"},"modified":"2013-10-08T00:00:00","modified_gmt":"2013-10-08T00:00:00","slug":"manifestacao-toma-conta-das-ruas-do-centro-do-rio-em-defesa-da-educacao-e-contra-a-violencia-do-estado","status":"publish","type":"post","link":"https:\/\/psol50.org.br\/manifestacao-toma-conta-das-ruas-do-centro-do-rio-em-defesa-da-educacao-e-contra-a-violencia-do-estado\/","title":{"rendered":"Manifesta\u00e7\u00e3o toma conta das ruas do centro do Rio em defesa da educa\u00e7\u00e3o e contra a viol\u00eancia do Estado"},"content":{"rendered":"<div style=\"text-align: justify;\">\n\t<em>Do site do PSOL Nacional, Leonor Costa<\/em><\/p>\n<p>\t<em>Estudantes, professores, banc\u00e1rios e outras categorias de trabalhadores promovem o maior ato depois das jornadas de junho. Greve dos trabalhadores das redes estadual e municipal de educa\u00e7\u00e3o continua e sindicato promove assembleia nesta ter\u00e7a e quarta-feira<\/em><br \/>\n\t&nbsp;<br \/>\n\tA popula\u00e7\u00e3o do Rio de Janeiro assistiu nesta segunda-feira (07) a maior manifesta\u00e7\u00e3o ocorrida na cidade ap\u00f3s as jornadas de junho, quando ativistas sociais, trabalhadores, estudantes e militantes de v\u00e1rias organiza\u00e7\u00f5es promoveram uma s\u00e9rie de atos no m\u00eas de junho com uma pauta variada de reivindica\u00e7\u00f5es. Desta vez, o mote central da manifesta\u00e7\u00e3o, que se concentrou pr\u00f3ximo \u00e0 Igreja da Candel\u00e1ria, no centro da cidade, foi em apoio \u00e0 greve dos professores estaduais e municipais e tamb\u00e9m contra a viol\u00eancia do Estado.<br \/>\n\t&nbsp;<br \/>\n\tMilhares de pessoas, entre estudantes, professores, banc\u00e1rios, petroleiros e outras categorias de trabalhadores, sa\u00edram \u00e0s ruas do Rio de Janeiro no protesto denominado de Um Milh\u00e3o pela Educa\u00e7\u00e3o. A passeata seguiu pela Avenida Rio Branco, uma das principais do centro, at\u00e9 a Cinel\u00e2ndia, se encerrando em frente \u00e0 C\u00e2mara dos Vereadores. O local foi palco, no \u00faltimo dia 1\u00ba, de uma violenta repress\u00e3o da Pol\u00edcia Militar (PM)&nbsp;aos representantes do magist\u00e9rio e tamb\u00e9m a outros manifestantes, durante vota\u00e7\u00e3o do plano de cargos e sal\u00e1rios dos professores municipais, enviado \u00e0 C\u00e2mara Municipal pelo prefeito Eduardo Paes.<br \/>\n\t&nbsp;<br \/>\n\tEm nota publicada em seu site, o Sepe (Sindicato Estadual dos Profissionais da Educa\u00e7\u00e3o do Rio de Janeiro) afirma que ao final do ato, quando os manifestantes j\u00e1 se encontravam na Cinel\u00e2ndia, conflitos violentos entre policiais militares e grupos de manifestantes mostraram que, mais uma vez, o aparato de seguran\u00e7a do Estado n\u00e3o tem condi\u00e7\u00f5es de atuar em protesto dessa natureza. Bombas de efeito moral, g\u00e1s de pimenta e repress\u00e3o violenta dos policiais acabaram atingindo v\u00e1rios trabalhadores da educa\u00e7\u00e3o e manifestantes que participaram do ato, em apoio \u00e0 educa\u00e7\u00e3o p\u00fablica estadual e municipal.<br \/>\n\t&nbsp;<br \/>\n\tO deputado Chico Alencar, do PSOL do Rio de Janeiro, afirma que a passeata de ontem mostrou que a popula\u00e7\u00e3o da cidade do Rio de Janeiro defende a educa\u00e7\u00e3o p\u00fablica gratuita e de qualidade. \u201cGente que caminhou por essa avenida em paz, com muita fibra, sonhando com um pa\u00eds melhor. Cabral, Paes e todos os governantes, prioridade \u00e0 educa\u00e7\u00e3o p\u00fablica, gratuita, de qualidade e democr\u00e1tica. Bomba, canh\u00e3o, n\u00e3o vence a nossa paix\u00e3o, n\u00e3o vence o nosso sonho de uma educa\u00e7\u00e3o para todos. \u00c9 pela mobiliza\u00e7\u00e3o que a gente muda esse pa\u00eds de fato\u201d, disse o deputado, ao final da manifesta\u00e7\u00e3o.<br \/>\n\t&nbsp;<br \/>\n\tMarcelo Freixo, deputado estadual, considera que esta segunda-feira foi um dia hist\u00f3rico da luta pela educa\u00e7\u00e3o no Rio de Janeiro. Segundo ele, o ato foi bonito e a Avenida Rio Branco ficou repleta de pessoas que valorizam a educa\u00e7\u00e3o p\u00fablica e uma cidade mais democr\u00e1tica.<br \/>\n\t&nbsp;<br \/>\n\t<strong>Greve continua<\/strong><br \/>\n\tOs professores e funcion\u00e1rios da educa\u00e7\u00e3o do estado do Rio est\u00e3o em greve desde o dia 8 de agosto. Na rede municipal, h\u00e1 estimativas de que a greve tenha uma ades\u00e3o de 81% das escolas.<br \/>\n\t&nbsp;<br \/>\n\tOs trabalhadores da educa\u00e7\u00e3o estadual reivindicam 20% de reajuste e aumento do piso salarial, que atualmente \u00e9 de R$ 1.081,00, para o professor, e de R$ 717,44, para o funcion\u00e1rio administrativo. Eles tamb\u00e9m querem elei\u00e7\u00f5es diretas nas escolas estaduais, como forma de democratizar a escolha dos gestores. Os funcion\u00e1rios administrativos reivindicam, ainda, a carga hor\u00e1ria semanal de 30 horas.<br \/>\n\t&nbsp;<br \/>\n\tJ\u00e1 os trabalhadores da rede municipal de ensino, tamb\u00e9m em greve por tempo indeterminado, reivindicam a anula\u00e7\u00e3o da sess\u00e3o da C\u00e2mara de Vereadores que aprovou o plano de cargos e sal\u00e1rios proposto pelo prefeito Eduardo Paes. Segundo os trabalhadores, a lei foi aprovada sem qualquer discuss\u00e3o com a categoria, numa sess\u00e3o em que foram utilizados o aparato militar e bombas contra os grevistas. Al\u00e9m disso, os trabalhadores em greve querem a imediata reabertura de negocia\u00e7\u00f5es da prefeitura com o Sepe, para que seja elaborada e enviada \u00e0 C\u00e2mara Municipal uma proposta de PCCR dos profissionais de educa\u00e7\u00e3o. \u201c\u00c9 fundamental que a prefeitura respeite decis\u00f5es acordadas entre o Executivo e o sindicato\u201d, afirma o Sepe.<br \/>\n\t&nbsp;<br \/>\n\tOs&nbsp;profissionais&nbsp;da&nbsp;rede&nbsp;estadual&nbsp;de&nbsp;educa\u00e7\u00e3o&nbsp;promovem assembleia na&nbsp;tarde desta ter\u00e7a-feira,&nbsp; no Clube&nbsp;Municipal, para decidir os rumos da mobiliza\u00e7\u00e3o. Na rede municipal, a pr\u00f3xima assembleia geral ser\u00e1 nesta quarta-feira, 9 de outubro, tamb\u00e9m no Clube Municipal, na Tijuca.<\/div>\n<p>&nbsp;<\/p>\n","protected":false},"excerpt":{"rendered":"<p>Do site do PSOL Nacional, Leonor Costa Estudantes, professores, banc\u00e1rios e outras categorias de trabalhadores promovem o maior ato depois das jornadas de junho. Greve dos trabalhadores das redes estadual e municipal de educa\u00e7\u00e3o continua e sindicato promove assembleia nesta ter\u00e7a e quarta-feira &nbsp; A popula\u00e7\u00e3o do Rio de Janeiro assistiu nesta segunda-feira (07) a [&hellip;]<\/p>\n","protected":false},"author":2,"featured_media":0,"comment_status":"open","ping_status":"open","sticky":false,"template":"","format":"standard","meta":{"_acf_changed":false,"footnotes":""},"categories":[4766,6],"tags":[],"class_list":{"0":"post-2334","1":"post","2":"type-post","3":"status-publish","4":"format-standard","6":"category-arquivo","7":"category-noticias"},"acf":[],"yoast_head":"<!-- This site is optimized with the Yoast SEO plugin v26.5 - https:\/\/yoast.com\/wordpress\/plugins\/seo\/ -->\n<title>Manifesta\u00e7\u00e3o toma conta das ruas do centro do Rio em defesa da educa\u00e7\u00e3o e contra a viol\u00eancia do Estado - PSOL 50<\/title>\n<meta name=\"robots\" content=\"index, follow, max-snippet:-1, max-image-preview:large, max-video-preview:-1\" \/>\n<link rel=\"canonical\" href=\"https:\/\/psol50.org.br\/manifestacao-toma-conta-das-ruas-do-centro-do-rio-em-defesa-da-educacao-e-contra-a-violencia-do-estado\/\" \/>\n<meta property=\"og:locale\" content=\"pt_BR\" \/>\n<meta property=\"og:type\" content=\"article\" \/>\n<meta property=\"og:title\" content=\"Manifesta\u00e7\u00e3o toma conta das ruas do centro do Rio em defesa da educa\u00e7\u00e3o e contra a viol\u00eancia do Estado - PSOL 50\" \/>\n<meta property=\"og:description\" content=\"Do site do PSOL Nacional, Leonor Costa Estudantes, professores, banc\u00e1rios e outras categorias de trabalhadores promovem o maior ato depois das jornadas de junho. Greve dos trabalhadores das redes estadual e municipal de educa\u00e7\u00e3o continua e sindicato promove assembleia nesta ter\u00e7a e quarta-feira &nbsp; A popula\u00e7\u00e3o do Rio de Janeiro assistiu nesta segunda-feira (07) a [&hellip;]\" \/>\n<meta property=\"og:url\" content=\"https:\/\/psol50.org.br\/manifestacao-toma-conta-das-ruas-do-centro-do-rio-em-defesa-da-educacao-e-contra-a-violencia-do-estado\/\" \/>\n<meta property=\"og:site_name\" content=\"PSOL 50\" \/>\n<meta property=\"article:publisher\" content=\"https:\/\/www.facebook.com\/psol50\" \/>\n<meta property=\"article:published_time\" content=\"2013-10-08T00:00:00+00:00\" \/>\n<meta property=\"og:image\" content=\"https:\/\/psol50.org.br\/inc\/uploads\/2018\/07\/capa.png\" \/>\n\t<meta property=\"og:image:width\" content=\"1350\" \/>\n\t<meta property=\"og:image:height\" content=\"900\" \/>\n\t<meta property=\"og:image:type\" content=\"image\/png\" \/>\n<meta name=\"author\" content=\"Comunica\u00e7\u00e3o PSOL\" \/>\n<meta name=\"twitter:card\" content=\"summary_large_image\" \/>\n<meta name=\"twitter:creator\" content=\"@psol50\" \/>\n<meta name=\"twitter:site\" content=\"@psol50\" \/>\n<meta name=\"twitter:label1\" content=\"Escrito por\" \/>\n\t<meta name=\"twitter:data1\" content=\"Comunica\u00e7\u00e3o PSOL\" \/>\n\t<meta name=\"twitter:label2\" content=\"Est. tempo de leitura\" \/>\n\t<meta name=\"twitter:data2\" content=\"4 minutos\" \/>\n<script type=\"application\/ld+json\" class=\"yoast-schema-graph\">{\"@context\":\"https:\/\/schema.org\",\"@graph\":[{\"@type\":\"Article\",\"@id\":\"https:\/\/psol50.org.br\/manifestacao-toma-conta-das-ruas-do-centro-do-rio-em-defesa-da-educacao-e-contra-a-violencia-do-estado\/#article\",\"isPartOf\":{\"@id\":\"https:\/\/psol50.org.br\/manifestacao-toma-conta-das-ruas-do-centro-do-rio-em-defesa-da-educacao-e-contra-a-violencia-do-estado\/\"},\"author\":{\"name\":\"Comunica\u00e7\u00e3o PSOL\",\"@id\":\"https:\/\/psol50.org.br\/#\/schema\/person\/475dfa57d0b815993c714c2e96491fcd\"},\"headline\":\"Manifesta\u00e7\u00e3o toma conta das ruas do centro do Rio em defesa da educa\u00e7\u00e3o e contra a viol\u00eancia do Estado\",\"datePublished\":\"2013-10-08T00:00:00+00:00\",\"mainEntityOfPage\":{\"@id\":\"https:\/\/psol50.org.br\/manifestacao-toma-conta-das-ruas-do-centro-do-rio-em-defesa-da-educacao-e-contra-a-violencia-do-estado\/\"},\"wordCount\":820,\"commentCount\":0,\"publisher\":{\"@id\":\"https:\/\/psol50.org.br\/#organization\"},\"articleSection\":[\"Arquivo\",\"Not\u00edcias\"],\"inLanguage\":\"pt-BR\",\"potentialAction\":[{\"@type\":\"CommentAction\",\"name\":\"Comment\",\"target\":[\"https:\/\/psol50.org.br\/manifestacao-toma-conta-das-ruas-do-centro-do-rio-em-defesa-da-educacao-e-contra-a-violencia-do-estado\/#respond\"]}]},{\"@type\":\"WebPage\",\"@id\":\"https:\/\/psol50.org.br\/manifestacao-toma-conta-das-ruas-do-centro-do-rio-em-defesa-da-educacao-e-contra-a-violencia-do-estado\/\",\"url\":\"https:\/\/psol50.org.br\/manifestacao-toma-conta-das-ruas-do-centro-do-rio-em-defesa-da-educacao-e-contra-a-violencia-do-estado\/\",\"name\":\"Manifesta\u00e7\u00e3o toma conta das ruas do centro do Rio em defesa da educa\u00e7\u00e3o e contra a viol\u00eancia do Estado - PSOL 50\",\"isPartOf\":{\"@id\":\"https:\/\/psol50.org.br\/#website\"},\"datePublished\":\"2013-10-08T00:00:00+00:00\",\"breadcrumb\":{\"@id\":\"https:\/\/psol50.org.br\/manifestacao-toma-conta-das-ruas-do-centro-do-rio-em-defesa-da-educacao-e-contra-a-violencia-do-estado\/#breadcrumb\"},\"inLanguage\":\"pt-BR\",\"potentialAction\":[{\"@type\":\"ReadAction\",\"target\":[\"https:\/\/psol50.org.br\/manifestacao-toma-conta-das-ruas-do-centro-do-rio-em-defesa-da-educacao-e-contra-a-violencia-do-estado\/\"]}]},{\"@type\":\"BreadcrumbList\",\"@id\":\"https:\/\/psol50.org.br\/manifestacao-toma-conta-das-ruas-do-centro-do-rio-em-defesa-da-educacao-e-contra-a-violencia-do-estado\/#breadcrumb\",\"itemListElement\":[{\"@type\":\"ListItem\",\"position\":1,\"name\":\"In\u00edcio\",\"item\":\"https:\/\/psol50.org.br\/\"},{\"@type\":\"ListItem\",\"position\":2,\"name\":\"Manifesta\u00e7\u00e3o toma conta das ruas do centro do Rio em defesa da educa\u00e7\u00e3o e contra a viol\u00eancia do Estado\"}]},{\"@type\":\"WebSite\",\"@id\":\"https:\/\/psol50.org.br\/#website\",\"url\":\"https:\/\/psol50.org.br\/\",\"name\":\"PSOL 50\",\"description\":\"Site oficial do Partido Socialismo e Liberdade\",\"publisher\":{\"@id\":\"https:\/\/psol50.org.br\/#organization\"},\"alternateName\":\"PSOL50\",\"potentialAction\":[{\"@type\":\"SearchAction\",\"target\":{\"@type\":\"EntryPoint\",\"urlTemplate\":\"https:\/\/psol50.org.br\/?s={search_term_string}\"},\"query-input\":{\"@type\":\"PropertyValueSpecification\",\"valueRequired\":true,\"valueName\":\"search_term_string\"}}],\"inLanguage\":\"pt-BR\"},{\"@type\":\"Organization\",\"@id\":\"https:\/\/psol50.org.br\/#organization\",\"name\":\"PSOL 50\",\"alternateName\":\"PSOL 50\",\"url\":\"https:\/\/psol50.org.br\/\",\"logo\":{\"@type\":\"ImageObject\",\"inLanguage\":\"pt-BR\",\"@id\":\"https:\/\/psol50.org.br\/#\/schema\/logo\/image\/\",\"url\":\"https:\/\/psol50.org.br\/inc\/uploads\/2018\/07\/capa.png\",\"contentUrl\":\"https:\/\/psol50.org.br\/inc\/uploads\/2018\/07\/capa.png\",\"width\":1350,\"height\":900,\"caption\":\"PSOL 50\"},\"image\":{\"@id\":\"https:\/\/psol50.org.br\/#\/schema\/logo\/image\/\"},\"sameAs\":[\"https:\/\/www.facebook.com\/psol50\",\"https:\/\/x.com\/psol50\",\"https:\/\/www.instagram.com\/psol50\/\",\"https:\/\/www.youtube.com\/channel\/UC7SnJS5o1os7a6CaiNabzcg\"]},{\"@type\":\"Person\",\"@id\":\"https:\/\/psol50.org.br\/#\/schema\/person\/475dfa57d0b815993c714c2e96491fcd\",\"name\":\"Comunica\u00e7\u00e3o PSOL\",\"image\":{\"@type\":\"ImageObject\",\"inLanguage\":\"pt-BR\",\"@id\":\"https:\/\/psol50.org.br\/#\/schema\/person\/image\/\",\"url\":\"https:\/\/secure.gravatar.com\/avatar\/b34fc4f4e468a4e51785917065a3db57b841f5c95dba6ad8c73aaf8f66f8f9bf?s=96&d=mm&r=g\",\"contentUrl\":\"https:\/\/secure.gravatar.com\/avatar\/b34fc4f4e468a4e51785917065a3db57b841f5c95dba6ad8c73aaf8f66f8f9bf?s=96&d=mm&r=g\",\"caption\":\"Comunica\u00e7\u00e3o PSOL\"}}]}<\/script>\n<!-- \/ Yoast SEO plugin. -->","yoast_head_json":{"title":"Manifesta\u00e7\u00e3o toma conta das ruas do centro do Rio em defesa da educa\u00e7\u00e3o e contra a viol\u00eancia do Estado - PSOL 50","robots":{"index":"index","follow":"follow","max-snippet":"max-snippet:-1","max-image-preview":"max-image-preview:large","max-video-preview":"max-video-preview:-1"},"canonical":"https:\/\/psol50.org.br\/manifestacao-toma-conta-das-ruas-do-centro-do-rio-em-defesa-da-educacao-e-contra-a-violencia-do-estado\/","og_locale":"pt_BR","og_type":"article","og_title":"Manifesta\u00e7\u00e3o toma conta das ruas do centro do Rio em defesa da educa\u00e7\u00e3o e contra a viol\u00eancia do Estado - PSOL 50","og_description":"Do site do PSOL Nacional, Leonor Costa Estudantes, professores, banc\u00e1rios e outras categorias de trabalhadores promovem o maior ato depois das jornadas de junho. Greve dos trabalhadores das redes estadual e municipal de educa\u00e7\u00e3o continua e sindicato promove assembleia nesta ter\u00e7a e quarta-feira &nbsp; A popula\u00e7\u00e3o do Rio de Janeiro assistiu nesta segunda-feira (07) a [&hellip;]","og_url":"https:\/\/psol50.org.br\/manifestacao-toma-conta-das-ruas-do-centro-do-rio-em-defesa-da-educacao-e-contra-a-violencia-do-estado\/","og_site_name":"PSOL 50","article_publisher":"https:\/\/www.facebook.com\/psol50","article_published_time":"2013-10-08T00:00:00+00:00","og_image":[{"width":1350,"height":900,"url":"https:\/\/psol50.org.br\/inc\/uploads\/2018\/07\/capa.png","type":"image\/png"}],"author":"Comunica\u00e7\u00e3o PSOL","twitter_card":"summary_large_image","twitter_creator":"@psol50","twitter_site":"@psol50","twitter_misc":{"Escrito por":"Comunica\u00e7\u00e3o PSOL","Est. tempo de leitura":"4 minutos"},"schema":{"@context":"https:\/\/schema.org","@graph":[{"@type":"Article","@id":"https:\/\/psol50.org.br\/manifestacao-toma-conta-das-ruas-do-centro-do-rio-em-defesa-da-educacao-e-contra-a-violencia-do-estado\/#article","isPartOf":{"@id":"https:\/\/psol50.org.br\/manifestacao-toma-conta-das-ruas-do-centro-do-rio-em-defesa-da-educacao-e-contra-a-violencia-do-estado\/"},"author":{"name":"Comunica\u00e7\u00e3o PSOL","@id":"https:\/\/psol50.org.br\/#\/schema\/person\/475dfa57d0b815993c714c2e96491fcd"},"headline":"Manifesta\u00e7\u00e3o toma conta das ruas do centro do Rio em defesa da educa\u00e7\u00e3o e contra a viol\u00eancia do Estado","datePublished":"2013-10-08T00:00:00+00:00","mainEntityOfPage":{"@id":"https:\/\/psol50.org.br\/manifestacao-toma-conta-das-ruas-do-centro-do-rio-em-defesa-da-educacao-e-contra-a-violencia-do-estado\/"},"wordCount":820,"commentCount":0,"publisher":{"@id":"https:\/\/psol50.org.br\/#organization"},"articleSection":["Arquivo","Not\u00edcias"],"inLanguage":"pt-BR","potentialAction":[{"@type":"CommentAction","name":"Comment","target":["https:\/\/psol50.org.br\/manifestacao-toma-conta-das-ruas-do-centro-do-rio-em-defesa-da-educacao-e-contra-a-violencia-do-estado\/#respond"]}]},{"@type":"WebPage","@id":"https:\/\/psol50.org.br\/manifestacao-toma-conta-das-ruas-do-centro-do-rio-em-defesa-da-educacao-e-contra-a-violencia-do-estado\/","url":"https:\/\/psol50.org.br\/manifestacao-toma-conta-das-ruas-do-centro-do-rio-em-defesa-da-educacao-e-contra-a-violencia-do-estado\/","name":"Manifesta\u00e7\u00e3o toma conta das ruas do centro do Rio em defesa da educa\u00e7\u00e3o e contra a viol\u00eancia do Estado - PSOL 50","isPartOf":{"@id":"https:\/\/psol50.org.br\/#website"},"datePublished":"2013-10-08T00:00:00+00:00","breadcrumb":{"@id":"https:\/\/psol50.org.br\/manifestacao-toma-conta-das-ruas-do-centro-do-rio-em-defesa-da-educacao-e-contra-a-violencia-do-estado\/#breadcrumb"},"inLanguage":"pt-BR","potentialAction":[{"@type":"ReadAction","target":["https:\/\/psol50.org.br\/manifestacao-toma-conta-das-ruas-do-centro-do-rio-em-defesa-da-educacao-e-contra-a-violencia-do-estado\/"]}]},{"@type":"BreadcrumbList","@id":"https:\/\/psol50.org.br\/manifestacao-toma-conta-das-ruas-do-centro-do-rio-em-defesa-da-educacao-e-contra-a-violencia-do-estado\/#breadcrumb","itemListElement":[{"@type":"ListItem","position":1,"name":"In\u00edcio","item":"https:\/\/psol50.org.br\/"},{"@type":"ListItem","position":2,"name":"Manifesta\u00e7\u00e3o toma conta das ruas do centro do Rio em defesa da educa\u00e7\u00e3o e contra a viol\u00eancia do Estado"}]},{"@type":"WebSite","@id":"https:\/\/psol50.org.br\/#website","url":"https:\/\/psol50.org.br\/","name":"PSOL 50","description":"Site oficial do Partido Socialismo e Liberdade","publisher":{"@id":"https:\/\/psol50.org.br\/#organization"},"alternateName":"PSOL50","potentialAction":[{"@type":"SearchAction","target":{"@type":"EntryPoint","urlTemplate":"https:\/\/psol50.org.br\/?s={search_term_string}"},"query-input":{"@type":"PropertyValueSpecification","valueRequired":true,"valueName":"search_term_string"}}],"inLanguage":"pt-BR"},{"@type":"Organization","@id":"https:\/\/psol50.org.br\/#organization","name":"PSOL 50","alternateName":"PSOL 50","url":"https:\/\/psol50.org.br\/","logo":{"@type":"ImageObject","inLanguage":"pt-BR","@id":"https:\/\/psol50.org.br\/#\/schema\/logo\/image\/","url":"https:\/\/psol50.org.br\/inc\/uploads\/2018\/07\/capa.png","contentUrl":"https:\/\/psol50.org.br\/inc\/uploads\/2018\/07\/capa.png","width":1350,"height":900,"caption":"PSOL 50"},"image":{"@id":"https:\/\/psol50.org.br\/#\/schema\/logo\/image\/"},"sameAs":["https:\/\/www.facebook.com\/psol50","https:\/\/x.com\/psol50","https:\/\/www.instagram.com\/psol50\/","https:\/\/www.youtube.com\/channel\/UC7SnJS5o1os7a6CaiNabzcg"]},{"@type":"Person","@id":"https:\/\/psol50.org.br\/#\/schema\/person\/475dfa57d0b815993c714c2e96491fcd","name":"Comunica\u00e7\u00e3o PSOL","image":{"@type":"ImageObject","inLanguage":"pt-BR","@id":"https:\/\/psol50.org.br\/#\/schema\/person\/image\/","url":"https:\/\/secure.gravatar.com\/avatar\/b34fc4f4e468a4e51785917065a3db57b841f5c95dba6ad8c73aaf8f66f8f9bf?s=96&d=mm&r=g","contentUrl":"https:\/\/secure.gravatar.com\/avatar\/b34fc4f4e468a4e51785917065a3db57b841f5c95dba6ad8c73aaf8f66f8f9bf?s=96&d=mm&r=g","caption":"Comunica\u00e7\u00e3o PSOL"}}]}},"_links":{"self":[{"href":"https:\/\/psol50.org.br\/rest\/wp\/v2\/posts\/2334","targetHints":{"allow":["GET"]}}],"collection":[{"href":"https:\/\/psol50.org.br\/rest\/wp\/v2\/posts"}],"about":[{"href":"https:\/\/psol50.org.br\/rest\/wp\/v2\/types\/post"}],"author":[{"embeddable":true,"href":"https:\/\/psol50.org.br\/rest\/wp\/v2\/users\/2"}],"replies":[{"embeddable":true,"href":"https:\/\/psol50.org.br\/rest\/wp\/v2\/comments?post=2334"}],"version-history":[{"count":0,"href":"https:\/\/psol50.org.br\/rest\/wp\/v2\/posts\/2334\/revisions"}],"wp:attachment":[{"href":"https:\/\/psol50.org.br\/rest\/wp\/v2\/media?parent=2334"}],"wp:term":[{"taxonomy":"category","embeddable":true,"href":"https:\/\/psol50.org.br\/rest\/wp\/v2\/categories?post=2334"},{"taxonomy":"post_tag","embeddable":true,"href":"https:\/\/psol50.org.br\/rest\/wp\/v2\/tags?post=2334"}],"curies":[{"name":"wp","href":"https:\/\/api.w.org\/{rel}","templated":true}]}}