{"id":23453,"date":"2018-12-13T20:16:45","date_gmt":"2018-12-13T22:16:45","guid":{"rendered":"http:\/\/psol50.org.br\/?p=23453"},"modified":"2018-12-13T20:16:45","modified_gmt":"2018-12-13T22:16:45","slug":"nota-bancada-do-psol-responsabiliza-autoridades-na-protecao-a-marcelo-freixo","status":"publish","type":"post","link":"https:\/\/psol50.org.br\/nota-bancada-do-psol-responsabiliza-autoridades-na-protecao-a-marcelo-freixo\/","title":{"rendered":"Nota: bancada do PSOL responsabiliza autoridades na prote\u00e7\u00e3o a Marcelo Freixo"},"content":{"rendered":"\n<p>A bancada federal do PSOL na C\u00e2mara \u2013 tanto a atual quanto a pr\u00f3xima, que toma posse em fevereiro, da qual Marcelo Freixo faz parte \u2013 tomou ci\u00eancia do plano para execut\u00e1-lo durante reuni\u00e3o que fazia esta tarde, em Bras\u00edlia. <\/p>\n\n\n\n<p>A revela\u00e7\u00e3o das apura\u00e7\u00f5es da Pol\u00edcia Civil do RJ ocorre na v\u00e9spera do nono m\u00eas da execu\u00e7\u00e3o de vereadora Marielle Franco e Anderson Gomes, ainda sem elucida\u00e7\u00e3o. Essa inefici\u00eancia, que nutre a cultura da impunidade, faz com que criminosos se sintam \u00e0 vontade para elaborar esse plano macabro de execu\u00e7\u00e3o de Freixo. A planejada barb\u00e1rie vulnerabiliza tamb\u00e9m a nossa j\u00e1 fr\u00e1gil democracia: a trama letal seria praticada em agenda p\u00fablica do nosso parlamentar no pr\u00f3ximo fim de semana. O livre exerc\u00edcio do mandato \u00e9 atingido, e isso \u00e9 inaceit\u00e1vel. <\/p>\n\n\n\n<p>A bancada federal do PSOL repudia esta trama, exige redobrada prote\u00e7\u00e3o a Marcelo Freixo, inclusive em Bras\u00edlia, e cobra resultados da investiga\u00e7\u00e3o que vitimou Marielle e Anderson. Exigir\u00e1 agora provid\u00eancias do atual Ministro da Seguran\u00e7a P\u00fablica, Raul Jungman, e, a partir de 1\u00ba de janeiro, das novas autoridades da Rep\u00fablica, notadamente o futuro Ministro da Justi\u00e7a e Seguran\u00e7a P\u00fablica, S\u00e9rgio Moro. A responsabilidade pela prote\u00e7\u00e3o a Freixo e a tantos defensores de direitos humanos amea\u00e7ados \u00e9 do Estado brasileiro. <\/p>\n\n\n\n<p>O hediondo plano de execu\u00e7\u00e3o de Freixo \u00e9 a urdidura de um atentado contra o Estado Democr\u00e1tico de Direito. Merece rep\u00fadio de todos os que prezam pelos mais elementares princ\u00edpios civilizat\u00f3rios. E a\u00e7\u00e3o efetiva para evitar que tais tramas \u2013 de absurda continuidade &#8211; continuem a ser articuladas. <\/p>\n\n\n\n<p><strong>Chico Alencar, l\u00edder do PSOL na C\u00e2mara dos Deputados<\/strong> <\/p>\n\n\n\n<p><strong>Bras\u00edlia, 13 de dezembro de 2018<\/strong><\/p>\n","protected":false},"excerpt":{"rendered":"<p>A bancada federal do PSOL na C\u00e2mara \u2013 tanto a atual quanto a pr\u00f3xima, que toma posse em fevereiro, da qual Marcelo Freixo faz parte \u2013 tomou ci\u00eancia do plano para execut\u00e1-lo durante reuni\u00e3o que fazia esta tarde, em Bras\u00edlia. A revela\u00e7\u00e3o das apura\u00e7\u00f5es da Pol\u00edcia Civil do RJ ocorre na v\u00e9spera do nono m\u00eas [&hellip;]<\/p>\n","protected":false},"author":2,"featured_media":21539,"comment_status":"closed","ping_status":"open","sticky":false,"template":"","format":"standard","meta":{"_acf_changed":false,"footnotes":""},"categories":[6],"tags":[161,194,417],"class_list":{"0":"post-23453","1":"post","2":"type-post","3":"status-publish","4":"format-standard","5":"has-post-thumbnail","7":"category-noticias","8":"tag-marcelo-freixo","9":"tag-marielle-franco","10":"tag-psol-na-camara"},"acf":[],"yoast_head":"<!-- This site is optimized with the Yoast SEO plugin v26.5 - https:\/\/yoast.com\/wordpress\/plugins\/seo\/ -->\n<title>Nota: bancada do PSOL responsabiliza autoridades na prote\u00e7\u00e3o a Marcelo Freixo - PSOL 50<\/title>\n<meta name=\"robots\" content=\"index, follow, max-snippet:-1, max-image-preview:large, max-video-preview:-1\" \/>\n<link rel=\"canonical\" href=\"https:\/\/psol50.org.br\/nota-bancada-do-psol-responsabiliza-autoridades-na-protecao-a-marcelo-freixo\/\" \/>\n<meta property=\"og:locale\" content=\"pt_BR\" \/>\n<meta property=\"og:type\" content=\"article\" \/>\n<meta property=\"og:title\" content=\"Bancada do PSOL responsabiliza autoridades na prote\u00e7\u00e3o a Marcelo Freixo\" \/>\n<meta property=\"og:description\" content=\"Leia a nota da bancada do PSOL na C\u00e2mara.\" \/>\n<meta property=\"og:url\" content=\"https:\/\/psol50.org.br\/nota-bancada-do-psol-responsabiliza-autoridades-na-protecao-a-marcelo-freixo\/\" \/>\n<meta property=\"og:site_name\" content=\"PSOL 50\" \/>\n<meta property=\"article:publisher\" content=\"https:\/\/www.facebook.com\/psol50\" \/>\n<meta property=\"article:published_time\" content=\"2018-12-13T22:16:45+00:00\" \/>\n<meta property=\"og:image\" content=\"https:\/\/psol50.org.br\/inc\/uploads\/2018\/09\/capa-546x365-1.png\" \/>\n\t<meta property=\"og:image:width\" content=\"546\" \/>\n\t<meta property=\"og:image:height\" content=\"365\" \/>\n\t<meta property=\"og:image:type\" content=\"image\/png\" \/>\n<meta name=\"author\" content=\"Comunica\u00e7\u00e3o PSOL\" \/>\n<meta name=\"twitter:card\" content=\"summary_large_image\" \/>\n<meta name=\"twitter:title\" content=\"PSOL responsabiliza autoridades na prote\u00e7\u00e3o a Marcelo Freixo\" \/>\n<meta name=\"twitter:description\" content=\"Leia a nota da bancada do PSOL na C\u00e2mara.\" \/>\n<meta name=\"twitter:image\" content=\"https:\/\/psol50.org.br\/inc\/uploads\/2018\/09\/capa-546x365-1.png\" \/>\n<meta name=\"twitter:creator\" content=\"@psol50\" \/>\n<meta name=\"twitter:site\" content=\"@psol50\" \/>\n<meta name=\"twitter:label1\" content=\"Escrito por\" \/>\n\t<meta name=\"twitter:data1\" content=\"Comunica\u00e7\u00e3o PSOL\" \/>\n\t<meta name=\"twitter:label2\" content=\"Est. tempo de leitura\" \/>\n\t<meta name=\"twitter:data2\" content=\"2 minutos\" \/>\n<script type=\"application\/ld+json\" class=\"yoast-schema-graph\">{\"@context\":\"https:\/\/schema.org\",\"@graph\":[{\"@type\":\"Article\",\"@id\":\"https:\/\/psol50.org.br\/nota-bancada-do-psol-responsabiliza-autoridades-na-protecao-a-marcelo-freixo\/#article\",\"isPartOf\":{\"@id\":\"https:\/\/psol50.org.br\/nota-bancada-do-psol-responsabiliza-autoridades-na-protecao-a-marcelo-freixo\/\"},\"author\":{\"name\":\"Comunica\u00e7\u00e3o PSOL\",\"@id\":\"https:\/\/psol50.org.br\/#\/schema\/person\/475dfa57d0b815993c714c2e96491fcd\"},\"headline\":\"Nota: bancada do PSOL responsabiliza autoridades na prote\u00e7\u00e3o a Marcelo Freixo\",\"datePublished\":\"2018-12-13T22:16:45+00:00\",\"mainEntityOfPage\":{\"@id\":\"https:\/\/psol50.org.br\/nota-bancada-do-psol-responsabiliza-autoridades-na-protecao-a-marcelo-freixo\/\"},\"wordCount\":316,\"publisher\":{\"@id\":\"https:\/\/psol50.org.br\/#organization\"},\"image\":{\"@id\":\"https:\/\/psol50.org.br\/nota-bancada-do-psol-responsabiliza-autoridades-na-protecao-a-marcelo-freixo\/#primaryimage\"},\"thumbnailUrl\":\"https:\/\/psol50.org.br\/inc\/uploads\/2018\/09\/capa-546x365-1.png\",\"keywords\":[\"Marcelo Freixo\",\"Marielle Franco\",\"PSOL na C\u00e2mara\"],\"articleSection\":[\"Not\u00edcias\"],\"inLanguage\":\"pt-BR\"},{\"@type\":\"WebPage\",\"@id\":\"https:\/\/psol50.org.br\/nota-bancada-do-psol-responsabiliza-autoridades-na-protecao-a-marcelo-freixo\/\",\"url\":\"https:\/\/psol50.org.br\/nota-bancada-do-psol-responsabiliza-autoridades-na-protecao-a-marcelo-freixo\/\",\"name\":\"Nota: bancada do PSOL responsabiliza autoridades na prote\u00e7\u00e3o a Marcelo Freixo - PSOL 50\",\"isPartOf\":{\"@id\":\"https:\/\/psol50.org.br\/#website\"},\"primaryImageOfPage\":{\"@id\":\"https:\/\/psol50.org.br\/nota-bancada-do-psol-responsabiliza-autoridades-na-protecao-a-marcelo-freixo\/#primaryimage\"},\"image\":{\"@id\":\"https:\/\/psol50.org.br\/nota-bancada-do-psol-responsabiliza-autoridades-na-protecao-a-marcelo-freixo\/#primaryimage\"},\"thumbnailUrl\":\"https:\/\/psol50.org.br\/inc\/uploads\/2018\/09\/capa-546x365-1.png\",\"datePublished\":\"2018-12-13T22:16:45+00:00\",\"breadcrumb\":{\"@id\":\"https:\/\/psol50.org.br\/nota-bancada-do-psol-responsabiliza-autoridades-na-protecao-a-marcelo-freixo\/#breadcrumb\"},\"inLanguage\":\"pt-BR\",\"potentialAction\":[{\"@type\":\"ReadAction\",\"target\":[\"https:\/\/psol50.org.br\/nota-bancada-do-psol-responsabiliza-autoridades-na-protecao-a-marcelo-freixo\/\"]}]},{\"@type\":\"ImageObject\",\"inLanguage\":\"pt-BR\",\"@id\":\"https:\/\/psol50.org.br\/nota-bancada-do-psol-responsabiliza-autoridades-na-protecao-a-marcelo-freixo\/#primaryimage\",\"url\":\"https:\/\/psol50.org.br\/inc\/uploads\/2018\/09\/capa-546x365-1.png\",\"contentUrl\":\"https:\/\/psol50.org.br\/inc\/uploads\/2018\/09\/capa-546x365-1.png\",\"width\":546,\"height\":365},{\"@type\":\"BreadcrumbList\",\"@id\":\"https:\/\/psol50.org.br\/nota-bancada-do-psol-responsabiliza-autoridades-na-protecao-a-marcelo-freixo\/#breadcrumb\",\"itemListElement\":[{\"@type\":\"ListItem\",\"position\":1,\"name\":\"In\u00edcio\",\"item\":\"https:\/\/psol50.org.br\/\"},{\"@type\":\"ListItem\",\"position\":2,\"name\":\"Nota: bancada do PSOL responsabiliza autoridades na prote\u00e7\u00e3o a Marcelo Freixo\"}]},{\"@type\":\"WebSite\",\"@id\":\"https:\/\/psol50.org.br\/#website\",\"url\":\"https:\/\/psol50.org.br\/\",\"name\":\"PSOL 50\",\"description\":\"Site oficial do Partido Socialismo e Liberdade\",\"publisher\":{\"@id\":\"https:\/\/psol50.org.br\/#organization\"},\"alternateName\":\"PSOL50\",\"potentialAction\":[{\"@type\":\"SearchAction\",\"target\":{\"@type\":\"EntryPoint\",\"urlTemplate\":\"https:\/\/psol50.org.br\/?s={search_term_string}\"},\"query-input\":{\"@type\":\"PropertyValueSpecification\",\"valueRequired\":true,\"valueName\":\"search_term_string\"}}],\"inLanguage\":\"pt-BR\"},{\"@type\":\"Organization\",\"@id\":\"https:\/\/psol50.org.br\/#organization\",\"name\":\"PSOL 50\",\"alternateName\":\"PSOL 50\",\"url\":\"https:\/\/psol50.org.br\/\",\"logo\":{\"@type\":\"ImageObject\",\"inLanguage\":\"pt-BR\",\"@id\":\"https:\/\/psol50.org.br\/#\/schema\/logo\/image\/\",\"url\":\"https:\/\/psol50.org.br\/inc\/uploads\/2018\/07\/capa.png\",\"contentUrl\":\"https:\/\/psol50.org.br\/inc\/uploads\/2018\/07\/capa.png\",\"width\":1350,\"height\":900,\"caption\":\"PSOL 50\"},\"image\":{\"@id\":\"https:\/\/psol50.org.br\/#\/schema\/logo\/image\/\"},\"sameAs\":[\"https:\/\/www.facebook.com\/psol50\",\"https:\/\/x.com\/psol50\",\"https:\/\/www.instagram.com\/psol50\/\",\"https:\/\/www.youtube.com\/channel\/UC7SnJS5o1os7a6CaiNabzcg\"]},{\"@type\":\"Person\",\"@id\":\"https:\/\/psol50.org.br\/#\/schema\/person\/475dfa57d0b815993c714c2e96491fcd\",\"name\":\"Comunica\u00e7\u00e3o PSOL\",\"image\":{\"@type\":\"ImageObject\",\"inLanguage\":\"pt-BR\",\"@id\":\"https:\/\/psol50.org.br\/#\/schema\/person\/image\/\",\"url\":\"https:\/\/secure.gravatar.com\/avatar\/b34fc4f4e468a4e51785917065a3db57b841f5c95dba6ad8c73aaf8f66f8f9bf?s=96&d=mm&r=g\",\"contentUrl\":\"https:\/\/secure.gravatar.com\/avatar\/b34fc4f4e468a4e51785917065a3db57b841f5c95dba6ad8c73aaf8f66f8f9bf?s=96&d=mm&r=g\",\"caption\":\"Comunica\u00e7\u00e3o PSOL\"}}]}<\/script>\n<!-- \/ Yoast SEO plugin. -->","yoast_head_json":{"title":"Nota: bancada do PSOL responsabiliza autoridades na prote\u00e7\u00e3o a Marcelo Freixo - PSOL 50","robots":{"index":"index","follow":"follow","max-snippet":"max-snippet:-1","max-image-preview":"max-image-preview:large","max-video-preview":"max-video-preview:-1"},"canonical":"https:\/\/psol50.org.br\/nota-bancada-do-psol-responsabiliza-autoridades-na-protecao-a-marcelo-freixo\/","og_locale":"pt_BR","og_type":"article","og_title":"Bancada do PSOL responsabiliza autoridades na prote\u00e7\u00e3o a Marcelo Freixo","og_description":"Leia a nota da bancada do PSOL na C\u00e2mara.","og_url":"https:\/\/psol50.org.br\/nota-bancada-do-psol-responsabiliza-autoridades-na-protecao-a-marcelo-freixo\/","og_site_name":"PSOL 50","article_publisher":"https:\/\/www.facebook.com\/psol50","article_published_time":"2018-12-13T22:16:45+00:00","og_image":[{"width":546,"height":365,"url":"https:\/\/psol50.org.br\/inc\/uploads\/2018\/09\/capa-546x365-1.png","type":"image\/png"}],"author":"Comunica\u00e7\u00e3o PSOL","twitter_card":"summary_large_image","twitter_title":"PSOL responsabiliza autoridades na prote\u00e7\u00e3o a Marcelo Freixo","twitter_description":"Leia a nota da bancada do PSOL na C\u00e2mara.","twitter_image":"https:\/\/psol50.org.br\/inc\/uploads\/2018\/09\/capa-546x365-1.png","twitter_creator":"@psol50","twitter_site":"@psol50","twitter_misc":{"Escrito por":"Comunica\u00e7\u00e3o PSOL","Est. tempo de leitura":"2 minutos"},"schema":{"@context":"https:\/\/schema.org","@graph":[{"@type":"Article","@id":"https:\/\/psol50.org.br\/nota-bancada-do-psol-responsabiliza-autoridades-na-protecao-a-marcelo-freixo\/#article","isPartOf":{"@id":"https:\/\/psol50.org.br\/nota-bancada-do-psol-responsabiliza-autoridades-na-protecao-a-marcelo-freixo\/"},"author":{"name":"Comunica\u00e7\u00e3o PSOL","@id":"https:\/\/psol50.org.br\/#\/schema\/person\/475dfa57d0b815993c714c2e96491fcd"},"headline":"Nota: bancada do PSOL responsabiliza autoridades na prote\u00e7\u00e3o a Marcelo Freixo","datePublished":"2018-12-13T22:16:45+00:00","mainEntityOfPage":{"@id":"https:\/\/psol50.org.br\/nota-bancada-do-psol-responsabiliza-autoridades-na-protecao-a-marcelo-freixo\/"},"wordCount":316,"publisher":{"@id":"https:\/\/psol50.org.br\/#organization"},"image":{"@id":"https:\/\/psol50.org.br\/nota-bancada-do-psol-responsabiliza-autoridades-na-protecao-a-marcelo-freixo\/#primaryimage"},"thumbnailUrl":"https:\/\/psol50.org.br\/inc\/uploads\/2018\/09\/capa-546x365-1.png","keywords":["Marcelo Freixo","Marielle Franco","PSOL na C\u00e2mara"],"articleSection":["Not\u00edcias"],"inLanguage":"pt-BR"},{"@type":"WebPage","@id":"https:\/\/psol50.org.br\/nota-bancada-do-psol-responsabiliza-autoridades-na-protecao-a-marcelo-freixo\/","url":"https:\/\/psol50.org.br\/nota-bancada-do-psol-responsabiliza-autoridades-na-protecao-a-marcelo-freixo\/","name":"Nota: bancada do PSOL responsabiliza autoridades na prote\u00e7\u00e3o a Marcelo Freixo - PSOL 50","isPartOf":{"@id":"https:\/\/psol50.org.br\/#website"},"primaryImageOfPage":{"@id":"https:\/\/psol50.org.br\/nota-bancada-do-psol-responsabiliza-autoridades-na-protecao-a-marcelo-freixo\/#primaryimage"},"image":{"@id":"https:\/\/psol50.org.br\/nota-bancada-do-psol-responsabiliza-autoridades-na-protecao-a-marcelo-freixo\/#primaryimage"},"thumbnailUrl":"https:\/\/psol50.org.br\/inc\/uploads\/2018\/09\/capa-546x365-1.png","datePublished":"2018-12-13T22:16:45+00:00","breadcrumb":{"@id":"https:\/\/psol50.org.br\/nota-bancada-do-psol-responsabiliza-autoridades-na-protecao-a-marcelo-freixo\/#breadcrumb"},"inLanguage":"pt-BR","potentialAction":[{"@type":"ReadAction","target":["https:\/\/psol50.org.br\/nota-bancada-do-psol-responsabiliza-autoridades-na-protecao-a-marcelo-freixo\/"]}]},{"@type":"ImageObject","inLanguage":"pt-BR","@id":"https:\/\/psol50.org.br\/nota-bancada-do-psol-responsabiliza-autoridades-na-protecao-a-marcelo-freixo\/#primaryimage","url":"https:\/\/psol50.org.br\/inc\/uploads\/2018\/09\/capa-546x365-1.png","contentUrl":"https:\/\/psol50.org.br\/inc\/uploads\/2018\/09\/capa-546x365-1.png","width":546,"height":365},{"@type":"BreadcrumbList","@id":"https:\/\/psol50.org.br\/nota-bancada-do-psol-responsabiliza-autoridades-na-protecao-a-marcelo-freixo\/#breadcrumb","itemListElement":[{"@type":"ListItem","position":1,"name":"In\u00edcio","item":"https:\/\/psol50.org.br\/"},{"@type":"ListItem","position":2,"name":"Nota: bancada do PSOL responsabiliza autoridades na prote\u00e7\u00e3o a Marcelo Freixo"}]},{"@type":"WebSite","@id":"https:\/\/psol50.org.br\/#website","url":"https:\/\/psol50.org.br\/","name":"PSOL 50","description":"Site oficial do Partido Socialismo e Liberdade","publisher":{"@id":"https:\/\/psol50.org.br\/#organization"},"alternateName":"PSOL50","potentialAction":[{"@type":"SearchAction","target":{"@type":"EntryPoint","urlTemplate":"https:\/\/psol50.org.br\/?s={search_term_string}"},"query-input":{"@type":"PropertyValueSpecification","valueRequired":true,"valueName":"search_term_string"}}],"inLanguage":"pt-BR"},{"@type":"Organization","@id":"https:\/\/psol50.org.br\/#organization","name":"PSOL 50","alternateName":"PSOL 50","url":"https:\/\/psol50.org.br\/","logo":{"@type":"ImageObject","inLanguage":"pt-BR","@id":"https:\/\/psol50.org.br\/#\/schema\/logo\/image\/","url":"https:\/\/psol50.org.br\/inc\/uploads\/2018\/07\/capa.png","contentUrl":"https:\/\/psol50.org.br\/inc\/uploads\/2018\/07\/capa.png","width":1350,"height":900,"caption":"PSOL 50"},"image":{"@id":"https:\/\/psol50.org.br\/#\/schema\/logo\/image\/"},"sameAs":["https:\/\/www.facebook.com\/psol50","https:\/\/x.com\/psol50","https:\/\/www.instagram.com\/psol50\/","https:\/\/www.youtube.com\/channel\/UC7SnJS5o1os7a6CaiNabzcg"]},{"@type":"Person","@id":"https:\/\/psol50.org.br\/#\/schema\/person\/475dfa57d0b815993c714c2e96491fcd","name":"Comunica\u00e7\u00e3o PSOL","image":{"@type":"ImageObject","inLanguage":"pt-BR","@id":"https:\/\/psol50.org.br\/#\/schema\/person\/image\/","url":"https:\/\/secure.gravatar.com\/avatar\/b34fc4f4e468a4e51785917065a3db57b841f5c95dba6ad8c73aaf8f66f8f9bf?s=96&d=mm&r=g","contentUrl":"https:\/\/secure.gravatar.com\/avatar\/b34fc4f4e468a4e51785917065a3db57b841f5c95dba6ad8c73aaf8f66f8f9bf?s=96&d=mm&r=g","caption":"Comunica\u00e7\u00e3o PSOL"}}]}},"_links":{"self":[{"href":"https:\/\/psol50.org.br\/rest\/wp\/v2\/posts\/23453","targetHints":{"allow":["GET"]}}],"collection":[{"href":"https:\/\/psol50.org.br\/rest\/wp\/v2\/posts"}],"about":[{"href":"https:\/\/psol50.org.br\/rest\/wp\/v2\/types\/post"}],"author":[{"embeddable":true,"href":"https:\/\/psol50.org.br\/rest\/wp\/v2\/users\/2"}],"replies":[{"embeddable":true,"href":"https:\/\/psol50.org.br\/rest\/wp\/v2\/comments?post=23453"}],"version-history":[{"count":0,"href":"https:\/\/psol50.org.br\/rest\/wp\/v2\/posts\/23453\/revisions"}],"wp:featuredmedia":[{"embeddable":true,"href":"https:\/\/psol50.org.br\/rest\/wp\/v2\/media\/21539"}],"wp:attachment":[{"href":"https:\/\/psol50.org.br\/rest\/wp\/v2\/media?parent=23453"}],"wp:term":[{"taxonomy":"category","embeddable":true,"href":"https:\/\/psol50.org.br\/rest\/wp\/v2\/categories?post=23453"},{"taxonomy":"post_tag","embeddable":true,"href":"https:\/\/psol50.org.br\/rest\/wp\/v2\/tags?post=23453"}],"curies":[{"name":"wp","href":"https:\/\/api.w.org\/{rel}","templated":true}]}}