{"id":23478,"date":"2018-12-17T11:36:20","date_gmt":"2018-12-17T13:36:20","guid":{"rendered":"http:\/\/psol50.org.br\/?p=23478"},"modified":"2018-12-17T11:36:20","modified_gmt":"2018-12-17T13:36:20","slug":"guilherme-boulos-direitos-humanos-tudo-falta","status":"publish","type":"post","link":"https:\/\/psol50.org.br\/guilherme-boulos-direitos-humanos-tudo-falta\/","title":{"rendered":"Guilherme Boulos | Direitos humanos: tudo falta"},"content":{"rendered":"\n<p><em>Artigo publicado originalmente na <strong>Carta Capital<\/strong><\/em><\/p>\n\n\n\n<p>H\u00e1 sete d\u00e9cadas, em 10 de dezembro de 1948, quase 50 na\u00e7\u00f5es \nvinculadas \u00e0 ONU assinavam a Declara\u00e7\u00e3o Universal dos Direitos Humanos. O\n Brasil, ent\u00e3o presidido pelo militar Eurico Gaspar Dutra, foi um dos \nsignat\u00e1rios. Nenhum pa\u00eds ousou votar contra o texto.\n<\/p>\n\n\n\n<p>A declara\u00e7\u00e3o tornou-se um marco, especialmente por ter sido \npioneira em englobar ao mesmo tempo direitos civis e pol\u00edticos e \ndireitos sociais e econ\u00f4micos. E porque foi firmada logo depois de o \nmundo viver fen\u00f4menos como o fascismo, o nazismo e duas guerras \nmundiais. Se havia a necessidade de nomear quais deveriam ser os \ndireitos humanos era porque houvera e seguia a haver uma s\u00e9rie de \nviola\u00e7\u00f5es contra diferentes popula\u00e7\u00f5es, parte delas praticadas pelo \npr\u00f3prio Estado.\n<\/p>\n\n\n\n<p>Seus 30 artigos t\u00eam como objetivo salvaguardar a dignidade para todos os seres humanos, independentemente de sua origem ou posi\u00e7\u00e3o social e em todos os momentos e lugares. Asseguram, por exemplo, a liberdade ao nascimento, direito a julgamento justo e as liberdade de express\u00e3o e de manifesta\u00e7\u00e3o pol\u00edtica. E afirmam que a todo indiv\u00edduo deve ser garantido bem-estar e sa\u00fade, incluindo o direito \u00e0 alimenta\u00e7\u00e3o, assist\u00eancia m\u00e9dica, educa\u00e7\u00e3o e aposentadoria.<\/p>\n\n\n\n<p>Entre idas e vindas, fracassamos em fazer dos seus princ\u00edpios uma \nrealidade. \u00c9 duro admitir que, 70 anos depois, ainda seja profundamente \nnecess\u00e1rio relembrar e defender o Artigo 5\u00ba da declara\u00e7\u00e3o: \u201cNingu\u00e9m ser\u00e1\n submetido \u00e0 tortura, nem a tratamento ou castigo cruel, desumano ou \ndegradante\u201d.\n<\/p>\n\n\n\n<p>Em pleno 2018, a chapa vencedora das elei\u00e7\u00f5es presidenciais no Brasil orgulha-se de estampar como her\u00f3i nacional um dos mais cru\u00e9is torturadores da ditadura. Integrantes do Ex\u00e9rcito s\u00e3o investigados por acusa\u00e7\u00f5es como \u201cmadeiradas na nuca\u201d e \u201cchicotadas com fios el\u00e9tricos\u201d em jovens de favelas cariocas durante a interven\u00e7\u00e3o federal ainda em curso no Rio de Janeiro.<\/p>\n\n\n\n<p>Recentemente, Jos\u00e9 Bernardo da Silva e Rodrigo Celestino, dois \nmilitantes do MST na Para\u00edba, foram brutalmente assassinados. O primeiro\n havia perdido seu irm\u00e3o, tamb\u00e9m ativista, por uma execu\u00e7\u00e3o em 2009, e \nfazia parte de um programa de prote\u00e7\u00e3o a defensores dos direitos \nhumanos. Pr\u00e1ticas como tortura e execu\u00e7\u00e3o sum\u00e1ria fizeram parte do \nper\u00edodo sombrio da ditadura. Infelizmente, seguiram mesmo com o fim dela\n \u2012 sobretudo para os jovens negros das periferias \u2012 e correm o s\u00e9rio \nrisco de aumentar no pr\u00f3ximo per\u00edodo.\n<\/p>\n\n\n\n<p>Al\u00e9m disso, direitos b\u00e1sicos ainda s\u00e3o negados para \nmilh\u00f5es de brasileiros. O \u00faltimo relat\u00f3rio do IBGE \u00e9 simplesmente \nvergonhoso. Em 2017, o n\u00famero de cidad\u00e3os que passaram a viver com menos\n de 140 reais mensais aumentou em quase 2 milh\u00f5es e o total abaixo da \nlinha da extrema pobreza chegou a 15,2 milh\u00f5es. Um ter\u00e7o s\u00e3o crian\u00e7as e \nadolescentes com menos de 14 anos de idade.<\/p>\n\n\n\n<p>A quantidade de gente com acesso \u201crestrito\u201d \u00e0 educa\u00e7\u00e3o chegou a 58 \nmilh\u00f5es. S\u00e3o crian\u00e7as e adolescentes entre 6 e 14 anos de idade que n\u00e3o \nfrequentavam escola, de 15 anos ou mais analfabetas e de 16 anos ou mais\n que n\u00e3o possu\u00edam Ensino Fundamental completo. Sem falar no drama urbano\n dos brasileiros. Quase 78 milh\u00f5es n\u00e3o t\u00eam acesso a tratamento de \nesgoto. Outros 27 milh\u00f5es vivem em moradia inadequada.\n<\/p>\n\n\n\n<p>Na pr\u00e1tica, ao compararmos a declara\u00e7\u00e3o da ONU com os dados \ncoletados pelo IBGE ou ao andar por qualquer parte do Pa\u00eds, vemos que \ngrande parte dos artigos da declara\u00e7\u00e3o simplesmente n\u00e3o vale no Brasil. \nMesmo no per\u00edodo com elei\u00e7\u00f5es livres, o modelo de desenvolvimento \ntrilhado manteve o abismo entre uma parcela significativa da popula\u00e7\u00e3o e\n os direitos sociais.\n<\/p>\n\n\n\n<p>Infelizmente, ainda ouvimos coisas como \u201cdireitos humanos \u00e9 coisa de bandido\u201d e \u201cdireitos humanos para humanos direitos\u201d. Ao contr\u00e1rio desses berros surdos da ignor\u00e2ncia nas redes sociais, quem \u00e9 contra a tortura, o trabalho escravo e a favor da justi\u00e7a e de pol\u00edticas de seguran\u00e7a, sa\u00fade e educa\u00e7\u00e3o concorda com a declara\u00e7\u00e3o da ONU. Setenta anos depois, ter de defender a exist\u00eancia de direitos humanos, em vez de debater como promov\u00ea-los, mostra o quanto o texto foi importante, mas insuficiente. Ainda falta muito para chegarmos l\u00e1.<\/p>\n\n\n\n<p><em>Guilherme Boulos \u00e9 coordenador nacional do MTST e ex-candidato \u00e0 Presid\u00eancia da Rep\u00fablica pelo PSOL.<\/em><br><\/p>\n\n\n\n<p><br><\/p>\n","protected":false},"excerpt":{"rendered":"<p>Artigo publicado originalmente na Carta Capital H\u00e1 sete d\u00e9cadas, em 10 de dezembro de 1948, quase 50 na\u00e7\u00f5es vinculadas \u00e0 ONU assinavam a Declara\u00e7\u00e3o Universal dos Direitos Humanos. O Brasil, ent\u00e3o presidido pelo militar Eurico Gaspar Dutra, foi um dos signat\u00e1rios. Nenhum pa\u00eds ousou votar contra o texto. A declara\u00e7\u00e3o tornou-se um marco, especialmente por [&hellip;]<\/p>\n","protected":false},"author":2,"featured_media":23484,"comment_status":"closed","ping_status":"open","sticky":false,"template":"","format":"standard","meta":{"_acf_changed":false,"footnotes":""},"categories":[6],"tags":[232],"class_list":{"0":"post-23478","1":"post","2":"type-post","3":"status-publish","4":"format-standard","5":"has-post-thumbnail","7":"category-noticias","8":"tag-onu"},"acf":[],"yoast_head":"<!-- This site is optimized with the Yoast SEO plugin v26.5 - https:\/\/yoast.com\/wordpress\/plugins\/seo\/ -->\n<title>Guilherme Boulos | Direitos humanos: tudo falta - PSOL 50<\/title>\n<meta name=\"robots\" content=\"index, follow, max-snippet:-1, max-image-preview:large, max-video-preview:-1\" \/>\n<link rel=\"canonical\" href=\"https:\/\/psol50.org.br\/guilherme-boulos-direitos-humanos-tudo-falta\/\" \/>\n<meta property=\"og:locale\" content=\"pt_BR\" \/>\n<meta property=\"og:type\" content=\"article\" \/>\n<meta property=\"og:title\" content=\"Direitos humanos: tudo falta\" \/>\n<meta property=\"og:description\" content=\"Guilherme Boulos analisa a conjuntura nos 70 anos da Declara\u00e7\u00e3o Universal dos Direitos Humanos\" \/>\n<meta property=\"og:url\" content=\"https:\/\/psol50.org.br\/guilherme-boulos-direitos-humanos-tudo-falta\/\" \/>\n<meta property=\"og:site_name\" content=\"PSOL 50\" \/>\n<meta property=\"article:publisher\" content=\"https:\/\/www.facebook.com\/psol50\" \/>\n<meta property=\"article:published_time\" content=\"2018-12-17T13:36:20+00:00\" \/>\n<meta property=\"og:image\" content=\"https:\/\/psol50.org.br\/inc\/uploads\/2018\/12\/Declaracao_Universal_DHs_ONU.jpg\" \/>\n\t<meta property=\"og:image:width\" content=\"900\" \/>\n\t<meta property=\"og:image:height\" content=\"520\" \/>\n\t<meta property=\"og:image:type\" content=\"image\/jpeg\" \/>\n<meta name=\"author\" content=\"Comunica\u00e7\u00e3o PSOL\" \/>\n<meta name=\"twitter:card\" content=\"summary_large_image\" \/>\n<meta name=\"twitter:title\" content=\"Direitos humanos: tudo falta\" \/>\n<meta name=\"twitter:description\" content=\"Guilherme Boulos analisa a conjuntura nos 70 anos da Declara\u00e7\u00e3o Universal dos Direitos Humanos\" \/>\n<meta name=\"twitter:creator\" content=\"@psol50\" \/>\n<meta name=\"twitter:site\" content=\"@psol50\" \/>\n<meta name=\"twitter:label1\" content=\"Escrito por\" \/>\n\t<meta name=\"twitter:data1\" content=\"Comunica\u00e7\u00e3o PSOL\" \/>\n\t<meta name=\"twitter:label2\" content=\"Est. tempo de leitura\" \/>\n\t<meta name=\"twitter:data2\" content=\"4 minutos\" \/>\n<script type=\"application\/ld+json\" class=\"yoast-schema-graph\">{\"@context\":\"https:\/\/schema.org\",\"@graph\":[{\"@type\":\"Article\",\"@id\":\"https:\/\/psol50.org.br\/guilherme-boulos-direitos-humanos-tudo-falta\/#article\",\"isPartOf\":{\"@id\":\"https:\/\/psol50.org.br\/guilherme-boulos-direitos-humanos-tudo-falta\/\"},\"author\":{\"name\":\"Comunica\u00e7\u00e3o PSOL\",\"@id\":\"https:\/\/psol50.org.br\/#\/schema\/person\/475dfa57d0b815993c714c2e96491fcd\"},\"headline\":\"Guilherme Boulos | Direitos humanos: tudo falta\",\"datePublished\":\"2018-12-17T13:36:20+00:00\",\"mainEntityOfPage\":{\"@id\":\"https:\/\/psol50.org.br\/guilherme-boulos-direitos-humanos-tudo-falta\/\"},\"wordCount\":739,\"publisher\":{\"@id\":\"https:\/\/psol50.org.br\/#organization\"},\"image\":{\"@id\":\"https:\/\/psol50.org.br\/guilherme-boulos-direitos-humanos-tudo-falta\/#primaryimage\"},\"thumbnailUrl\":\"https:\/\/psol50.org.br\/inc\/uploads\/2018\/12\/Declaracao_Universal_DHs_ONU.jpg\",\"keywords\":[\"ONU\"],\"articleSection\":[\"Not\u00edcias\"],\"inLanguage\":\"pt-BR\"},{\"@type\":\"WebPage\",\"@id\":\"https:\/\/psol50.org.br\/guilherme-boulos-direitos-humanos-tudo-falta\/\",\"url\":\"https:\/\/psol50.org.br\/guilherme-boulos-direitos-humanos-tudo-falta\/\",\"name\":\"Guilherme Boulos | Direitos humanos: tudo falta - PSOL 50\",\"isPartOf\":{\"@id\":\"https:\/\/psol50.org.br\/#website\"},\"primaryImageOfPage\":{\"@id\":\"https:\/\/psol50.org.br\/guilherme-boulos-direitos-humanos-tudo-falta\/#primaryimage\"},\"image\":{\"@id\":\"https:\/\/psol50.org.br\/guilherme-boulos-direitos-humanos-tudo-falta\/#primaryimage\"},\"thumbnailUrl\":\"https:\/\/psol50.org.br\/inc\/uploads\/2018\/12\/Declaracao_Universal_DHs_ONU.jpg\",\"datePublished\":\"2018-12-17T13:36:20+00:00\",\"breadcrumb\":{\"@id\":\"https:\/\/psol50.org.br\/guilherme-boulos-direitos-humanos-tudo-falta\/#breadcrumb\"},\"inLanguage\":\"pt-BR\",\"potentialAction\":[{\"@type\":\"ReadAction\",\"target\":[\"https:\/\/psol50.org.br\/guilherme-boulos-direitos-humanos-tudo-falta\/\"]}]},{\"@type\":\"ImageObject\",\"inLanguage\":\"pt-BR\",\"@id\":\"https:\/\/psol50.org.br\/guilherme-boulos-direitos-humanos-tudo-falta\/#primaryimage\",\"url\":\"https:\/\/psol50.org.br\/inc\/uploads\/2018\/12\/Declaracao_Universal_DHs_ONU.jpg\",\"contentUrl\":\"https:\/\/psol50.org.br\/inc\/uploads\/2018\/12\/Declaracao_Universal_DHs_ONU.jpg\",\"width\":900,\"height\":520,\"caption\":\"Foto: Reprodu\u00e7\u00e3o ONU\"},{\"@type\":\"BreadcrumbList\",\"@id\":\"https:\/\/psol50.org.br\/guilherme-boulos-direitos-humanos-tudo-falta\/#breadcrumb\",\"itemListElement\":[{\"@type\":\"ListItem\",\"position\":1,\"name\":\"In\u00edcio\",\"item\":\"https:\/\/psol50.org.br\/\"},{\"@type\":\"ListItem\",\"position\":2,\"name\":\"Guilherme Boulos | Direitos humanos: tudo falta\"}]},{\"@type\":\"WebSite\",\"@id\":\"https:\/\/psol50.org.br\/#website\",\"url\":\"https:\/\/psol50.org.br\/\",\"name\":\"PSOL 50\",\"description\":\"Site oficial do Partido Socialismo e Liberdade\",\"publisher\":{\"@id\":\"https:\/\/psol50.org.br\/#organization\"},\"alternateName\":\"PSOL50\",\"potentialAction\":[{\"@type\":\"SearchAction\",\"target\":{\"@type\":\"EntryPoint\",\"urlTemplate\":\"https:\/\/psol50.org.br\/?s={search_term_string}\"},\"query-input\":{\"@type\":\"PropertyValueSpecification\",\"valueRequired\":true,\"valueName\":\"search_term_string\"}}],\"inLanguage\":\"pt-BR\"},{\"@type\":\"Organization\",\"@id\":\"https:\/\/psol50.org.br\/#organization\",\"name\":\"PSOL 50\",\"alternateName\":\"PSOL 50\",\"url\":\"https:\/\/psol50.org.br\/\",\"logo\":{\"@type\":\"ImageObject\",\"inLanguage\":\"pt-BR\",\"@id\":\"https:\/\/psol50.org.br\/#\/schema\/logo\/image\/\",\"url\":\"https:\/\/psol50.org.br\/inc\/uploads\/2018\/07\/capa.png\",\"contentUrl\":\"https:\/\/psol50.org.br\/inc\/uploads\/2018\/07\/capa.png\",\"width\":1350,\"height\":900,\"caption\":\"PSOL 50\"},\"image\":{\"@id\":\"https:\/\/psol50.org.br\/#\/schema\/logo\/image\/\"},\"sameAs\":[\"https:\/\/www.facebook.com\/psol50\",\"https:\/\/x.com\/psol50\",\"https:\/\/www.instagram.com\/psol50\/\",\"https:\/\/www.youtube.com\/channel\/UC7SnJS5o1os7a6CaiNabzcg\"]},{\"@type\":\"Person\",\"@id\":\"https:\/\/psol50.org.br\/#\/schema\/person\/475dfa57d0b815993c714c2e96491fcd\",\"name\":\"Comunica\u00e7\u00e3o PSOL\",\"image\":{\"@type\":\"ImageObject\",\"inLanguage\":\"pt-BR\",\"@id\":\"https:\/\/psol50.org.br\/#\/schema\/person\/image\/\",\"url\":\"https:\/\/secure.gravatar.com\/avatar\/b34fc4f4e468a4e51785917065a3db57b841f5c95dba6ad8c73aaf8f66f8f9bf?s=96&d=mm&r=g\",\"contentUrl\":\"https:\/\/secure.gravatar.com\/avatar\/b34fc4f4e468a4e51785917065a3db57b841f5c95dba6ad8c73aaf8f66f8f9bf?s=96&d=mm&r=g\",\"caption\":\"Comunica\u00e7\u00e3o PSOL\"}}]}<\/script>\n<!-- \/ Yoast SEO plugin. -->","yoast_head_json":{"title":"Guilherme Boulos | Direitos humanos: tudo falta - PSOL 50","robots":{"index":"index","follow":"follow","max-snippet":"max-snippet:-1","max-image-preview":"max-image-preview:large","max-video-preview":"max-video-preview:-1"},"canonical":"https:\/\/psol50.org.br\/guilherme-boulos-direitos-humanos-tudo-falta\/","og_locale":"pt_BR","og_type":"article","og_title":"Direitos humanos: tudo falta","og_description":"Guilherme Boulos analisa a conjuntura nos 70 anos da Declara\u00e7\u00e3o Universal dos Direitos Humanos","og_url":"https:\/\/psol50.org.br\/guilherme-boulos-direitos-humanos-tudo-falta\/","og_site_name":"PSOL 50","article_publisher":"https:\/\/www.facebook.com\/psol50","article_published_time":"2018-12-17T13:36:20+00:00","og_image":[{"width":900,"height":520,"url":"https:\/\/psol50.org.br\/inc\/uploads\/2018\/12\/Declaracao_Universal_DHs_ONU.jpg","type":"image\/jpeg"}],"author":"Comunica\u00e7\u00e3o PSOL","twitter_card":"summary_large_image","twitter_title":"Direitos humanos: tudo falta","twitter_description":"Guilherme Boulos analisa a conjuntura nos 70 anos da Declara\u00e7\u00e3o Universal dos Direitos Humanos","twitter_creator":"@psol50","twitter_site":"@psol50","twitter_misc":{"Escrito por":"Comunica\u00e7\u00e3o PSOL","Est. tempo de leitura":"4 minutos"},"schema":{"@context":"https:\/\/schema.org","@graph":[{"@type":"Article","@id":"https:\/\/psol50.org.br\/guilherme-boulos-direitos-humanos-tudo-falta\/#article","isPartOf":{"@id":"https:\/\/psol50.org.br\/guilherme-boulos-direitos-humanos-tudo-falta\/"},"author":{"name":"Comunica\u00e7\u00e3o PSOL","@id":"https:\/\/psol50.org.br\/#\/schema\/person\/475dfa57d0b815993c714c2e96491fcd"},"headline":"Guilherme Boulos | Direitos humanos: tudo falta","datePublished":"2018-12-17T13:36:20+00:00","mainEntityOfPage":{"@id":"https:\/\/psol50.org.br\/guilherme-boulos-direitos-humanos-tudo-falta\/"},"wordCount":739,"publisher":{"@id":"https:\/\/psol50.org.br\/#organization"},"image":{"@id":"https:\/\/psol50.org.br\/guilherme-boulos-direitos-humanos-tudo-falta\/#primaryimage"},"thumbnailUrl":"https:\/\/psol50.org.br\/inc\/uploads\/2018\/12\/Declaracao_Universal_DHs_ONU.jpg","keywords":["ONU"],"articleSection":["Not\u00edcias"],"inLanguage":"pt-BR"},{"@type":"WebPage","@id":"https:\/\/psol50.org.br\/guilherme-boulos-direitos-humanos-tudo-falta\/","url":"https:\/\/psol50.org.br\/guilherme-boulos-direitos-humanos-tudo-falta\/","name":"Guilherme Boulos | Direitos humanos: tudo falta - PSOL 50","isPartOf":{"@id":"https:\/\/psol50.org.br\/#website"},"primaryImageOfPage":{"@id":"https:\/\/psol50.org.br\/guilherme-boulos-direitos-humanos-tudo-falta\/#primaryimage"},"image":{"@id":"https:\/\/psol50.org.br\/guilherme-boulos-direitos-humanos-tudo-falta\/#primaryimage"},"thumbnailUrl":"https:\/\/psol50.org.br\/inc\/uploads\/2018\/12\/Declaracao_Universal_DHs_ONU.jpg","datePublished":"2018-12-17T13:36:20+00:00","breadcrumb":{"@id":"https:\/\/psol50.org.br\/guilherme-boulos-direitos-humanos-tudo-falta\/#breadcrumb"},"inLanguage":"pt-BR","potentialAction":[{"@type":"ReadAction","target":["https:\/\/psol50.org.br\/guilherme-boulos-direitos-humanos-tudo-falta\/"]}]},{"@type":"ImageObject","inLanguage":"pt-BR","@id":"https:\/\/psol50.org.br\/guilherme-boulos-direitos-humanos-tudo-falta\/#primaryimage","url":"https:\/\/psol50.org.br\/inc\/uploads\/2018\/12\/Declaracao_Universal_DHs_ONU.jpg","contentUrl":"https:\/\/psol50.org.br\/inc\/uploads\/2018\/12\/Declaracao_Universal_DHs_ONU.jpg","width":900,"height":520,"caption":"Foto: Reprodu\u00e7\u00e3o ONU"},{"@type":"BreadcrumbList","@id":"https:\/\/psol50.org.br\/guilherme-boulos-direitos-humanos-tudo-falta\/#breadcrumb","itemListElement":[{"@type":"ListItem","position":1,"name":"In\u00edcio","item":"https:\/\/psol50.org.br\/"},{"@type":"ListItem","position":2,"name":"Guilherme Boulos | Direitos humanos: tudo falta"}]},{"@type":"WebSite","@id":"https:\/\/psol50.org.br\/#website","url":"https:\/\/psol50.org.br\/","name":"PSOL 50","description":"Site oficial do Partido Socialismo e Liberdade","publisher":{"@id":"https:\/\/psol50.org.br\/#organization"},"alternateName":"PSOL50","potentialAction":[{"@type":"SearchAction","target":{"@type":"EntryPoint","urlTemplate":"https:\/\/psol50.org.br\/?s={search_term_string}"},"query-input":{"@type":"PropertyValueSpecification","valueRequired":true,"valueName":"search_term_string"}}],"inLanguage":"pt-BR"},{"@type":"Organization","@id":"https:\/\/psol50.org.br\/#organization","name":"PSOL 50","alternateName":"PSOL 50","url":"https:\/\/psol50.org.br\/","logo":{"@type":"ImageObject","inLanguage":"pt-BR","@id":"https:\/\/psol50.org.br\/#\/schema\/logo\/image\/","url":"https:\/\/psol50.org.br\/inc\/uploads\/2018\/07\/capa.png","contentUrl":"https:\/\/psol50.org.br\/inc\/uploads\/2018\/07\/capa.png","width":1350,"height":900,"caption":"PSOL 50"},"image":{"@id":"https:\/\/psol50.org.br\/#\/schema\/logo\/image\/"},"sameAs":["https:\/\/www.facebook.com\/psol50","https:\/\/x.com\/psol50","https:\/\/www.instagram.com\/psol50\/","https:\/\/www.youtube.com\/channel\/UC7SnJS5o1os7a6CaiNabzcg"]},{"@type":"Person","@id":"https:\/\/psol50.org.br\/#\/schema\/person\/475dfa57d0b815993c714c2e96491fcd","name":"Comunica\u00e7\u00e3o PSOL","image":{"@type":"ImageObject","inLanguage":"pt-BR","@id":"https:\/\/psol50.org.br\/#\/schema\/person\/image\/","url":"https:\/\/secure.gravatar.com\/avatar\/b34fc4f4e468a4e51785917065a3db57b841f5c95dba6ad8c73aaf8f66f8f9bf?s=96&d=mm&r=g","contentUrl":"https:\/\/secure.gravatar.com\/avatar\/b34fc4f4e468a4e51785917065a3db57b841f5c95dba6ad8c73aaf8f66f8f9bf?s=96&d=mm&r=g","caption":"Comunica\u00e7\u00e3o PSOL"}}]}},"_links":{"self":[{"href":"https:\/\/psol50.org.br\/rest\/wp\/v2\/posts\/23478","targetHints":{"allow":["GET"]}}],"collection":[{"href":"https:\/\/psol50.org.br\/rest\/wp\/v2\/posts"}],"about":[{"href":"https:\/\/psol50.org.br\/rest\/wp\/v2\/types\/post"}],"author":[{"embeddable":true,"href":"https:\/\/psol50.org.br\/rest\/wp\/v2\/users\/2"}],"replies":[{"embeddable":true,"href":"https:\/\/psol50.org.br\/rest\/wp\/v2\/comments?post=23478"}],"version-history":[{"count":0,"href":"https:\/\/psol50.org.br\/rest\/wp\/v2\/posts\/23478\/revisions"}],"wp:featuredmedia":[{"embeddable":true,"href":"https:\/\/psol50.org.br\/rest\/wp\/v2\/media\/23484"}],"wp:attachment":[{"href":"https:\/\/psol50.org.br\/rest\/wp\/v2\/media?parent=23478"}],"wp:term":[{"taxonomy":"category","embeddable":true,"href":"https:\/\/psol50.org.br\/rest\/wp\/v2\/categories?post=23478"},{"taxonomy":"post_tag","embeddable":true,"href":"https:\/\/psol50.org.br\/rest\/wp\/v2\/tags?post=23478"}],"curies":[{"name":"wp","href":"https:\/\/api.w.org\/{rel}","templated":true}]}}