{"id":235,"date":"2012-07-13T00:00:00","date_gmt":"2012-07-13T00:00:00","guid":{"rendered":"http:\/\/psol50.org.br\/arquivo\/2012\/07\/13\/salvador-esta-privatizada-diz-hamilton-assis-candidato-a-prefeito-do-psol\/"},"modified":"2012-07-13T00:00:00","modified_gmt":"2012-07-13T00:00:00","slug":"salvador-esta-privatizada-diz-hamilton-assis-candidato-a-prefeito-do-psol","status":"publish","type":"post","link":"https:\/\/psol50.org.br\/salvador-esta-privatizada-diz-hamilton-assis-candidato-a-prefeito-do-psol\/","title":{"rendered":"\u201cSalvador est\u00e1 privatizada\u201d, diz Hamilton Assis, candidato a prefeito do PSOL"},"content":{"rendered":"<p>O apresentador Raimundo Varela deu in\u00edcio a uma s\u00e9rie de entrevistas com os prefeitur\u00e1veis de Salvador, no programa Balan\u00e7o Geral, da Record Bahia. Na manh\u00e3 desta quarta-feira (11), o candidato do PSOL, Hamilton Assis, abriu a rodada de entrevistas destacando alguns pontos importantes, que merecem mais aten\u00e7\u00e3o do munic\u00edpio.<\/p>\n<p>O pol\u00edtico define Salvador como uma cidade \u201cprivatizada\u201d, e por esse motivo, existe tanta desordem, em sua opini\u00e3o. \u201cNossa cidade est\u00e1 sem planejamento. Salvador est\u00e1 privatizada, ela se mobiliza em torno dos grandes grupos econ\u00f4micos particulares\u201d, explica Hamilton sobre o uso do termo privatiza\u00e7\u00e3o.<\/p>\n<p>Para o candidato, algumas das prioridades para quem vai assumir a pr\u00f3xima gest\u00e3o da capital baiana s\u00e3o o transporte p\u00fablico e os servi\u00e7os de sa\u00fade. \u201cN\u00e3o \u00e9 poss\u00edvel que uma cidade com a hist\u00f3ria que tem Salvador, n\u00e3o disponha de um servi\u00e7o de transporte coletivo eficiente, \u00e9 necess\u00e1rio finalizar logo a Linha 1 do metr\u00f4, dar mais oportunidade ao nosso povo, melhorar o servi\u00e7o de transporte\u201d, disse.<\/p>\n<p>Sobre a sa\u00fade, Hamilton fez quest\u00e3o de ressaltar que o pai est\u00e1 internado em um hospital p\u00fablico de Salvador e n\u00e3o consegue internamento, destacando a necessidade de melhorias. \u201cN\u00f3s precisamos investir em sa\u00fade, aumentar a verba da sa\u00fade, o povo est\u00e1 pedindo socorro\u201d.<\/p>\n<p>Hamilton, que \u00e9 professor e atua na rede estadual de ensino, criticou a postura do governador Jaques Wagner diante da greve dos docentes, que j\u00e1 alcan\u00e7a quase 100 dias. O prefeitur\u00e1vel ressaltou a necessidade da educa\u00e7\u00e3o para os jovens, sem esquecer dos direitos e da valoriza\u00e7\u00e3o dos professores. \u201cFoi uma perversidade o que Wagner fez com os professores\u201d, finaliza.<\/p>\n<p>&nbsp;<\/p>\n<p><em>Do site http:\/\/varelanoticias.com.br<\/em><\/p>\n","protected":false},"excerpt":{"rendered":"<p>O apresentador Raimundo Varela deu in\u00edcio a uma s\u00e9rie de entrevistas com os prefeitur\u00e1veis de Salvador, no programa Balan\u00e7o Geral, da Record Bahia. Na manh\u00e3 desta quarta-feira (11), o candidato do PSOL, Hamilton Assis, abriu a rodada de entrevistas destacando alguns pontos importantes, que merecem mais aten\u00e7\u00e3o do munic\u00edpio. O pol\u00edtico define Salvador como uma [&hellip;]<\/p>\n","protected":false},"author":2,"featured_media":0,"comment_status":"open","ping_status":"open","sticky":false,"template":"","format":"standard","meta":{"_acf_changed":false,"footnotes":""},"categories":[4766,4974],"tags":[4975,22],"class_list":{"0":"post-235","1":"post","2":"type-post","3":"status-publish","4":"format-standard","6":"category-arquivo","7":"category-eleicoes-2012","8":"tag-eleicoes-2012","9":"tag-psol"},"acf":[],"yoast_head":"<!-- This site is optimized with the Yoast SEO plugin v26.5 - https:\/\/yoast.com\/wordpress\/plugins\/seo\/ -->\n<title>\u201cSalvador est\u00e1 privatizada\u201d, diz Hamilton Assis, candidato a prefeito do PSOL - PSOL 50<\/title>\n<meta name=\"robots\" content=\"index, follow, max-snippet:-1, max-image-preview:large, max-video-preview:-1\" \/>\n<link rel=\"canonical\" href=\"https:\/\/psol50.org.br\/salvador-esta-privatizada-diz-hamilton-assis-candidato-a-prefeito-do-psol\/\" \/>\n<meta property=\"og:locale\" content=\"pt_BR\" \/>\n<meta property=\"og:type\" content=\"article\" \/>\n<meta property=\"og:title\" content=\"\u201cSalvador est\u00e1 privatizada\u201d, diz Hamilton Assis, candidato a prefeito do PSOL - PSOL 50\" \/>\n<meta property=\"og:description\" content=\"O apresentador Raimundo Varela deu in\u00edcio a uma s\u00e9rie de entrevistas com os prefeitur\u00e1veis de Salvador, no programa Balan\u00e7o Geral, da Record Bahia. Na manh\u00e3 desta quarta-feira (11), o candidato do PSOL, Hamilton Assis, abriu a rodada de entrevistas destacando alguns pontos importantes, que merecem mais aten\u00e7\u00e3o do munic\u00edpio. O pol\u00edtico define Salvador como uma [&hellip;]\" \/>\n<meta property=\"og:url\" content=\"https:\/\/psol50.org.br\/salvador-esta-privatizada-diz-hamilton-assis-candidato-a-prefeito-do-psol\/\" \/>\n<meta property=\"og:site_name\" content=\"PSOL 50\" \/>\n<meta property=\"article:publisher\" content=\"https:\/\/www.facebook.com\/psol50\" \/>\n<meta property=\"article:published_time\" content=\"2012-07-13T00:00:00+00:00\" \/>\n<meta property=\"og:image\" content=\"https:\/\/psol50.org.br\/inc\/uploads\/2018\/07\/capa.png\" \/>\n\t<meta property=\"og:image:width\" content=\"1350\" \/>\n\t<meta property=\"og:image:height\" content=\"900\" \/>\n\t<meta property=\"og:image:type\" content=\"image\/png\" \/>\n<meta name=\"author\" content=\"Comunica\u00e7\u00e3o PSOL\" \/>\n<meta name=\"twitter:card\" content=\"summary_large_image\" \/>\n<meta name=\"twitter:creator\" content=\"@psol50\" \/>\n<meta name=\"twitter:site\" content=\"@psol50\" \/>\n<meta name=\"twitter:label1\" content=\"Escrito por\" \/>\n\t<meta name=\"twitter:data1\" content=\"Comunica\u00e7\u00e3o PSOL\" \/>\n\t<meta name=\"twitter:label2\" content=\"Est. tempo de leitura\" \/>\n\t<meta name=\"twitter:data2\" content=\"1 minuto\" \/>\n<script type=\"application\/ld+json\" class=\"yoast-schema-graph\">{\"@context\":\"https:\/\/schema.org\",\"@graph\":[{\"@type\":\"Article\",\"@id\":\"https:\/\/psol50.org.br\/salvador-esta-privatizada-diz-hamilton-assis-candidato-a-prefeito-do-psol\/#article\",\"isPartOf\":{\"@id\":\"https:\/\/psol50.org.br\/salvador-esta-privatizada-diz-hamilton-assis-candidato-a-prefeito-do-psol\/\"},\"author\":{\"name\":\"Comunica\u00e7\u00e3o PSOL\",\"@id\":\"https:\/\/psol50.org.br\/#\/schema\/person\/475dfa57d0b815993c714c2e96491fcd\"},\"headline\":\"\u201cSalvador est\u00e1 privatizada\u201d, diz Hamilton Assis, candidato a prefeito do PSOL\",\"datePublished\":\"2012-07-13T00:00:00+00:00\",\"mainEntityOfPage\":{\"@id\":\"https:\/\/psol50.org.br\/salvador-esta-privatizada-diz-hamilton-assis-candidato-a-prefeito-do-psol\/\"},\"wordCount\":308,\"commentCount\":0,\"publisher\":{\"@id\":\"https:\/\/psol50.org.br\/#organization\"},\"keywords\":[\"Elei\u00e7\u00f5es 2012\",\"PSOL\"],\"articleSection\":[\"Arquivo\",\"ELEI\u00c7\u00d5ES 2012\"],\"inLanguage\":\"pt-BR\",\"potentialAction\":[{\"@type\":\"CommentAction\",\"name\":\"Comment\",\"target\":[\"https:\/\/psol50.org.br\/salvador-esta-privatizada-diz-hamilton-assis-candidato-a-prefeito-do-psol\/#respond\"]}]},{\"@type\":\"WebPage\",\"@id\":\"https:\/\/psol50.org.br\/salvador-esta-privatizada-diz-hamilton-assis-candidato-a-prefeito-do-psol\/\",\"url\":\"https:\/\/psol50.org.br\/salvador-esta-privatizada-diz-hamilton-assis-candidato-a-prefeito-do-psol\/\",\"name\":\"\u201cSalvador est\u00e1 privatizada\u201d, diz Hamilton Assis, candidato a prefeito do PSOL - PSOL 50\",\"isPartOf\":{\"@id\":\"https:\/\/psol50.org.br\/#website\"},\"datePublished\":\"2012-07-13T00:00:00+00:00\",\"breadcrumb\":{\"@id\":\"https:\/\/psol50.org.br\/salvador-esta-privatizada-diz-hamilton-assis-candidato-a-prefeito-do-psol\/#breadcrumb\"},\"inLanguage\":\"pt-BR\",\"potentialAction\":[{\"@type\":\"ReadAction\",\"target\":[\"https:\/\/psol50.org.br\/salvador-esta-privatizada-diz-hamilton-assis-candidato-a-prefeito-do-psol\/\"]}]},{\"@type\":\"BreadcrumbList\",\"@id\":\"https:\/\/psol50.org.br\/salvador-esta-privatizada-diz-hamilton-assis-candidato-a-prefeito-do-psol\/#breadcrumb\",\"itemListElement\":[{\"@type\":\"ListItem\",\"position\":1,\"name\":\"In\u00edcio\",\"item\":\"https:\/\/psol50.org.br\/\"},{\"@type\":\"ListItem\",\"position\":2,\"name\":\"\u201cSalvador est\u00e1 privatizada\u201d, diz Hamilton Assis, candidato a prefeito do PSOL\"}]},{\"@type\":\"WebSite\",\"@id\":\"https:\/\/psol50.org.br\/#website\",\"url\":\"https:\/\/psol50.org.br\/\",\"name\":\"PSOL 50\",\"description\":\"Site oficial do Partido Socialismo e Liberdade\",\"publisher\":{\"@id\":\"https:\/\/psol50.org.br\/#organization\"},\"alternateName\":\"PSOL50\",\"potentialAction\":[{\"@type\":\"SearchAction\",\"target\":{\"@type\":\"EntryPoint\",\"urlTemplate\":\"https:\/\/psol50.org.br\/?s={search_term_string}\"},\"query-input\":{\"@type\":\"PropertyValueSpecification\",\"valueRequired\":true,\"valueName\":\"search_term_string\"}}],\"inLanguage\":\"pt-BR\"},{\"@type\":\"Organization\",\"@id\":\"https:\/\/psol50.org.br\/#organization\",\"name\":\"PSOL 50\",\"alternateName\":\"PSOL 50\",\"url\":\"https:\/\/psol50.org.br\/\",\"logo\":{\"@type\":\"ImageObject\",\"inLanguage\":\"pt-BR\",\"@id\":\"https:\/\/psol50.org.br\/#\/schema\/logo\/image\/\",\"url\":\"https:\/\/psol50.org.br\/inc\/uploads\/2018\/07\/capa.png\",\"contentUrl\":\"https:\/\/psol50.org.br\/inc\/uploads\/2018\/07\/capa.png\",\"width\":1350,\"height\":900,\"caption\":\"PSOL 50\"},\"image\":{\"@id\":\"https:\/\/psol50.org.br\/#\/schema\/logo\/image\/\"},\"sameAs\":[\"https:\/\/www.facebook.com\/psol50\",\"https:\/\/x.com\/psol50\",\"https:\/\/www.instagram.com\/psol50\/\",\"https:\/\/www.youtube.com\/channel\/UC7SnJS5o1os7a6CaiNabzcg\"]},{\"@type\":\"Person\",\"@id\":\"https:\/\/psol50.org.br\/#\/schema\/person\/475dfa57d0b815993c714c2e96491fcd\",\"name\":\"Comunica\u00e7\u00e3o PSOL\",\"image\":{\"@type\":\"ImageObject\",\"inLanguage\":\"pt-BR\",\"@id\":\"https:\/\/psol50.org.br\/#\/schema\/person\/image\/\",\"url\":\"https:\/\/secure.gravatar.com\/avatar\/b34fc4f4e468a4e51785917065a3db57b841f5c95dba6ad8c73aaf8f66f8f9bf?s=96&d=mm&r=g\",\"contentUrl\":\"https:\/\/secure.gravatar.com\/avatar\/b34fc4f4e468a4e51785917065a3db57b841f5c95dba6ad8c73aaf8f66f8f9bf?s=96&d=mm&r=g\",\"caption\":\"Comunica\u00e7\u00e3o PSOL\"}}]}<\/script>\n<!-- \/ Yoast SEO plugin. -->","yoast_head_json":{"title":"\u201cSalvador est\u00e1 privatizada\u201d, diz Hamilton Assis, candidato a prefeito do PSOL - PSOL 50","robots":{"index":"index","follow":"follow","max-snippet":"max-snippet:-1","max-image-preview":"max-image-preview:large","max-video-preview":"max-video-preview:-1"},"canonical":"https:\/\/psol50.org.br\/salvador-esta-privatizada-diz-hamilton-assis-candidato-a-prefeito-do-psol\/","og_locale":"pt_BR","og_type":"article","og_title":"\u201cSalvador est\u00e1 privatizada\u201d, diz Hamilton Assis, candidato a prefeito do PSOL - PSOL 50","og_description":"O apresentador Raimundo Varela deu in\u00edcio a uma s\u00e9rie de entrevistas com os prefeitur\u00e1veis de Salvador, no programa Balan\u00e7o Geral, da Record Bahia. Na manh\u00e3 desta quarta-feira (11), o candidato do PSOL, Hamilton Assis, abriu a rodada de entrevistas destacando alguns pontos importantes, que merecem mais aten\u00e7\u00e3o do munic\u00edpio. O pol\u00edtico define Salvador como uma [&hellip;]","og_url":"https:\/\/psol50.org.br\/salvador-esta-privatizada-diz-hamilton-assis-candidato-a-prefeito-do-psol\/","og_site_name":"PSOL 50","article_publisher":"https:\/\/www.facebook.com\/psol50","article_published_time":"2012-07-13T00:00:00+00:00","og_image":[{"width":1350,"height":900,"url":"https:\/\/psol50.org.br\/inc\/uploads\/2018\/07\/capa.png","type":"image\/png"}],"author":"Comunica\u00e7\u00e3o PSOL","twitter_card":"summary_large_image","twitter_creator":"@psol50","twitter_site":"@psol50","twitter_misc":{"Escrito por":"Comunica\u00e7\u00e3o PSOL","Est. tempo de leitura":"1 minuto"},"schema":{"@context":"https:\/\/schema.org","@graph":[{"@type":"Article","@id":"https:\/\/psol50.org.br\/salvador-esta-privatizada-diz-hamilton-assis-candidato-a-prefeito-do-psol\/#article","isPartOf":{"@id":"https:\/\/psol50.org.br\/salvador-esta-privatizada-diz-hamilton-assis-candidato-a-prefeito-do-psol\/"},"author":{"name":"Comunica\u00e7\u00e3o PSOL","@id":"https:\/\/psol50.org.br\/#\/schema\/person\/475dfa57d0b815993c714c2e96491fcd"},"headline":"\u201cSalvador est\u00e1 privatizada\u201d, diz Hamilton Assis, candidato a prefeito do PSOL","datePublished":"2012-07-13T00:00:00+00:00","mainEntityOfPage":{"@id":"https:\/\/psol50.org.br\/salvador-esta-privatizada-diz-hamilton-assis-candidato-a-prefeito-do-psol\/"},"wordCount":308,"commentCount":0,"publisher":{"@id":"https:\/\/psol50.org.br\/#organization"},"keywords":["Elei\u00e7\u00f5es 2012","PSOL"],"articleSection":["Arquivo","ELEI\u00c7\u00d5ES 2012"],"inLanguage":"pt-BR","potentialAction":[{"@type":"CommentAction","name":"Comment","target":["https:\/\/psol50.org.br\/salvador-esta-privatizada-diz-hamilton-assis-candidato-a-prefeito-do-psol\/#respond"]}]},{"@type":"WebPage","@id":"https:\/\/psol50.org.br\/salvador-esta-privatizada-diz-hamilton-assis-candidato-a-prefeito-do-psol\/","url":"https:\/\/psol50.org.br\/salvador-esta-privatizada-diz-hamilton-assis-candidato-a-prefeito-do-psol\/","name":"\u201cSalvador est\u00e1 privatizada\u201d, diz Hamilton Assis, candidato a prefeito do PSOL - PSOL 50","isPartOf":{"@id":"https:\/\/psol50.org.br\/#website"},"datePublished":"2012-07-13T00:00:00+00:00","breadcrumb":{"@id":"https:\/\/psol50.org.br\/salvador-esta-privatizada-diz-hamilton-assis-candidato-a-prefeito-do-psol\/#breadcrumb"},"inLanguage":"pt-BR","potentialAction":[{"@type":"ReadAction","target":["https:\/\/psol50.org.br\/salvador-esta-privatizada-diz-hamilton-assis-candidato-a-prefeito-do-psol\/"]}]},{"@type":"BreadcrumbList","@id":"https:\/\/psol50.org.br\/salvador-esta-privatizada-diz-hamilton-assis-candidato-a-prefeito-do-psol\/#breadcrumb","itemListElement":[{"@type":"ListItem","position":1,"name":"In\u00edcio","item":"https:\/\/psol50.org.br\/"},{"@type":"ListItem","position":2,"name":"\u201cSalvador est\u00e1 privatizada\u201d, diz Hamilton Assis, candidato a prefeito do PSOL"}]},{"@type":"WebSite","@id":"https:\/\/psol50.org.br\/#website","url":"https:\/\/psol50.org.br\/","name":"PSOL 50","description":"Site oficial do Partido Socialismo e Liberdade","publisher":{"@id":"https:\/\/psol50.org.br\/#organization"},"alternateName":"PSOL50","potentialAction":[{"@type":"SearchAction","target":{"@type":"EntryPoint","urlTemplate":"https:\/\/psol50.org.br\/?s={search_term_string}"},"query-input":{"@type":"PropertyValueSpecification","valueRequired":true,"valueName":"search_term_string"}}],"inLanguage":"pt-BR"},{"@type":"Organization","@id":"https:\/\/psol50.org.br\/#organization","name":"PSOL 50","alternateName":"PSOL 50","url":"https:\/\/psol50.org.br\/","logo":{"@type":"ImageObject","inLanguage":"pt-BR","@id":"https:\/\/psol50.org.br\/#\/schema\/logo\/image\/","url":"https:\/\/psol50.org.br\/inc\/uploads\/2018\/07\/capa.png","contentUrl":"https:\/\/psol50.org.br\/inc\/uploads\/2018\/07\/capa.png","width":1350,"height":900,"caption":"PSOL 50"},"image":{"@id":"https:\/\/psol50.org.br\/#\/schema\/logo\/image\/"},"sameAs":["https:\/\/www.facebook.com\/psol50","https:\/\/x.com\/psol50","https:\/\/www.instagram.com\/psol50\/","https:\/\/www.youtube.com\/channel\/UC7SnJS5o1os7a6CaiNabzcg"]},{"@type":"Person","@id":"https:\/\/psol50.org.br\/#\/schema\/person\/475dfa57d0b815993c714c2e96491fcd","name":"Comunica\u00e7\u00e3o PSOL","image":{"@type":"ImageObject","inLanguage":"pt-BR","@id":"https:\/\/psol50.org.br\/#\/schema\/person\/image\/","url":"https:\/\/secure.gravatar.com\/avatar\/b34fc4f4e468a4e51785917065a3db57b841f5c95dba6ad8c73aaf8f66f8f9bf?s=96&d=mm&r=g","contentUrl":"https:\/\/secure.gravatar.com\/avatar\/b34fc4f4e468a4e51785917065a3db57b841f5c95dba6ad8c73aaf8f66f8f9bf?s=96&d=mm&r=g","caption":"Comunica\u00e7\u00e3o PSOL"}}]}},"_links":{"self":[{"href":"https:\/\/psol50.org.br\/rest\/wp\/v2\/posts\/235","targetHints":{"allow":["GET"]}}],"collection":[{"href":"https:\/\/psol50.org.br\/rest\/wp\/v2\/posts"}],"about":[{"href":"https:\/\/psol50.org.br\/rest\/wp\/v2\/types\/post"}],"author":[{"embeddable":true,"href":"https:\/\/psol50.org.br\/rest\/wp\/v2\/users\/2"}],"replies":[{"embeddable":true,"href":"https:\/\/psol50.org.br\/rest\/wp\/v2\/comments?post=235"}],"version-history":[{"count":0,"href":"https:\/\/psol50.org.br\/rest\/wp\/v2\/posts\/235\/revisions"}],"wp:attachment":[{"href":"https:\/\/psol50.org.br\/rest\/wp\/v2\/media?parent=235"}],"wp:term":[{"taxonomy":"category","embeddable":true,"href":"https:\/\/psol50.org.br\/rest\/wp\/v2\/categories?post=235"},{"taxonomy":"post_tag","embeddable":true,"href":"https:\/\/psol50.org.br\/rest\/wp\/v2\/tags?post=235"}],"curies":[{"name":"wp","href":"https:\/\/api.w.org\/{rel}","templated":true}]}}