{"id":2358,"date":"2013-10-16T00:00:00","date_gmt":"2013-10-16T00:00:00","guid":{"rendered":"http:\/\/psol50.org.br\/arquivo\/2013\/10\/16\/trabalhadores-colombianos-da-nestle-realizam-greve-de-fome-ha-5-dias\/"},"modified":"2013-10-16T00:00:00","modified_gmt":"2013-10-16T00:00:00","slug":"trabalhadores-colombianos-da-nestle-realizam-greve-de-fome-ha-5-dias","status":"publish","type":"post","link":"https:\/\/psol50.org.br\/trabalhadores-colombianos-da-nestle-realizam-greve-de-fome-ha-5-dias\/","title":{"rendered":"Trabalhadores colombianos da Nestl\u00e9 realizam greve de fome h\u00e1 5 dias"},"content":{"rendered":"<div style=\"text-align: justify;\">\n\t<em>Eles reclamam o cumprimento pela transnacional dos acordos convencionados e respeito pela dignidade dos trabalhadores e do sindicato<\/em><br \/>\n\t&nbsp;<br \/>\n\tDesde esta quinta-feira (10), trabalhadores da Nestl\u00e9 afiliados ao Sindicato Nacional de Trabalhadores da Ind\u00fastria de Alimentos (Sinaltrainal) da Col\u00f4mbia se acorrentaram na portaria da f\u00e1brica em Bugalagrande e come\u00e7aram uma greve de fome. Eles reclamam o cumprimento pela transnacional dos acordos convencionados e respeito pela dignidade dos trabalhadores e do sindicato.<br \/>\n\t&nbsp;<br \/>\n\tO Sinaltrainal informa que h\u00e1 v\u00e1rios dias vem denunciando a viola\u00e7\u00e3o dos direitos dos trabalhadores, amea\u00e7as de morte contra os l\u00edderes sindicais, a importa\u00e7\u00e3o massiva de leite em p\u00f3, o mau procedimento exercido pela Nestl\u00e9 com 35 mil quilos de leite que foram colocados no aterro sanit\u00e1rio de Bugaseo S.A. ESP, no Vale de Cauca, e as press\u00f5es exercidas sobre os novos trabalhadores para que n\u00e3o aportem suas cotas por benef\u00edcio convencional ao Sinaltrainal.<br \/>\n\t&nbsp;<br \/>\n\tNo \u00faltimo dia 3 foi solicitada por escrito uma reuni\u00e3o urgente com Manuel Andr\u00e9s K, presidente da Nestl\u00e9 na Col\u00f4mbia, para avan\u00e7ar nas discuss\u00f5es dos problemas e buscar solu\u00e7\u00f5es. At\u00e9 agora ainda n\u00e3o foi poss\u00edvel a realiza\u00e7\u00e3o da reuni\u00e3o e a situa\u00e7\u00e3o se agrava ainda mais. &#8220;Com essa greve de fome e a acorrentamento dos trabalhadores, iniciamos uma nova jornada para continuar exigindo da Nestl\u00e9 respeito pelos direitos dos trabalhadores e o cumprimento do acordo coletivo de trabalho\u201d, declara o sindicato.<br \/>\n\t&nbsp;<br \/>\n\tA entidade pede que os movimentos sociais e sindicais nacionais e internacionais enviem notas de solidariedade aos grevistas para os altos executivos da transnacional: Paul Bulcke, Nestl\u00e9 Chief Executive Officer: ceo.information@nestle.com; Manuel Andr\u00e9s k., presidente da Nestl\u00e9 na Col\u00f4mbia S.A.: Manuel.andres@co.nestle.com; Ricardo Andr\u00e9s Echeverry L\u00f3pez, Gerente regional de sustentabilidade corporativa: Ricardo.Echeverri@co.nestle.com; e Manuel Mu\u00f1oz, Gerente de rela\u00e7\u00f5es trabalhistas:<a href=\"mailto:manuel.munoz@co.nestle.com\">manuel.munoz@co.nestle.com<\/a>.<br \/>\n\t&nbsp;<\/div>\n","protected":false},"excerpt":{"rendered":"<p>Eles reclamam o cumprimento pela transnacional dos acordos convencionados e respeito pela dignidade dos trabalhadores e do sindicato &nbsp; Desde esta quinta-feira (10), trabalhadores da Nestl\u00e9 afiliados ao Sindicato Nacional de Trabalhadores da Ind\u00fastria de Alimentos (Sinaltrainal) da Col\u00f4mbia se acorrentaram na portaria da f\u00e1brica em Bugalagrande e come\u00e7aram uma greve de fome. Eles reclamam [&hellip;]<\/p>\n","protected":false},"author":2,"featured_media":0,"comment_status":"open","ping_status":"open","sticky":false,"template":"","format":"standard","meta":{"_acf_changed":false,"footnotes":""},"categories":[4766,6],"tags":[],"class_list":{"0":"post-2358","1":"post","2":"type-post","3":"status-publish","4":"format-standard","6":"category-arquivo","7":"category-noticias"},"acf":[],"yoast_head":"<!-- This site is optimized with the Yoast SEO plugin v26.5 - https:\/\/yoast.com\/wordpress\/plugins\/seo\/ -->\n<title>Trabalhadores colombianos da Nestl\u00e9 realizam greve de fome h\u00e1 5 dias - PSOL 50<\/title>\n<meta name=\"robots\" content=\"index, follow, max-snippet:-1, max-image-preview:large, max-video-preview:-1\" \/>\n<link rel=\"canonical\" href=\"https:\/\/psol50.org.br\/trabalhadores-colombianos-da-nestle-realizam-greve-de-fome-ha-5-dias\/\" \/>\n<meta property=\"og:locale\" content=\"pt_BR\" \/>\n<meta property=\"og:type\" content=\"article\" \/>\n<meta property=\"og:title\" content=\"Trabalhadores colombianos da Nestl\u00e9 realizam greve de fome h\u00e1 5 dias - PSOL 50\" \/>\n<meta property=\"og:description\" content=\"Eles reclamam o cumprimento pela transnacional dos acordos convencionados e respeito pela dignidade dos trabalhadores e do sindicato &nbsp; Desde esta quinta-feira (10), trabalhadores da Nestl\u00e9 afiliados ao Sindicato Nacional de Trabalhadores da Ind\u00fastria de Alimentos (Sinaltrainal) da Col\u00f4mbia se acorrentaram na portaria da f\u00e1brica em Bugalagrande e come\u00e7aram uma greve de fome. Eles reclamam [&hellip;]\" \/>\n<meta property=\"og:url\" content=\"https:\/\/psol50.org.br\/trabalhadores-colombianos-da-nestle-realizam-greve-de-fome-ha-5-dias\/\" \/>\n<meta property=\"og:site_name\" content=\"PSOL 50\" \/>\n<meta property=\"article:publisher\" content=\"https:\/\/www.facebook.com\/psol50\" \/>\n<meta property=\"article:published_time\" content=\"2013-10-16T00:00:00+00:00\" \/>\n<meta property=\"og:image\" content=\"https:\/\/psol50.org.br\/inc\/uploads\/2018\/07\/capa.png\" \/>\n\t<meta property=\"og:image:width\" content=\"1350\" \/>\n\t<meta property=\"og:image:height\" content=\"900\" \/>\n\t<meta property=\"og:image:type\" content=\"image\/png\" \/>\n<meta name=\"author\" content=\"Comunica\u00e7\u00e3o PSOL\" \/>\n<meta name=\"twitter:card\" content=\"summary_large_image\" \/>\n<meta name=\"twitter:creator\" content=\"@psol50\" \/>\n<meta name=\"twitter:site\" content=\"@psol50\" \/>\n<meta name=\"twitter:label1\" content=\"Escrito por\" \/>\n\t<meta name=\"twitter:data1\" content=\"Comunica\u00e7\u00e3o PSOL\" \/>\n\t<meta name=\"twitter:label2\" content=\"Est. tempo de leitura\" \/>\n\t<meta name=\"twitter:data2\" content=\"2 minutos\" \/>\n<script type=\"application\/ld+json\" class=\"yoast-schema-graph\">{\"@context\":\"https:\/\/schema.org\",\"@graph\":[{\"@type\":\"Article\",\"@id\":\"https:\/\/psol50.org.br\/trabalhadores-colombianos-da-nestle-realizam-greve-de-fome-ha-5-dias\/#article\",\"isPartOf\":{\"@id\":\"https:\/\/psol50.org.br\/trabalhadores-colombianos-da-nestle-realizam-greve-de-fome-ha-5-dias\/\"},\"author\":{\"name\":\"Comunica\u00e7\u00e3o PSOL\",\"@id\":\"https:\/\/psol50.org.br\/#\/schema\/person\/475dfa57d0b815993c714c2e96491fcd\"},\"headline\":\"Trabalhadores colombianos da Nestl\u00e9 realizam greve de fome h\u00e1 5 dias\",\"datePublished\":\"2013-10-16T00:00:00+00:00\",\"mainEntityOfPage\":{\"@id\":\"https:\/\/psol50.org.br\/trabalhadores-colombianos-da-nestle-realizam-greve-de-fome-ha-5-dias\/\"},\"wordCount\":343,\"commentCount\":0,\"publisher\":{\"@id\":\"https:\/\/psol50.org.br\/#organization\"},\"articleSection\":[\"Arquivo\",\"Not\u00edcias\"],\"inLanguage\":\"pt-BR\",\"potentialAction\":[{\"@type\":\"CommentAction\",\"name\":\"Comment\",\"target\":[\"https:\/\/psol50.org.br\/trabalhadores-colombianos-da-nestle-realizam-greve-de-fome-ha-5-dias\/#respond\"]}]},{\"@type\":\"WebPage\",\"@id\":\"https:\/\/psol50.org.br\/trabalhadores-colombianos-da-nestle-realizam-greve-de-fome-ha-5-dias\/\",\"url\":\"https:\/\/psol50.org.br\/trabalhadores-colombianos-da-nestle-realizam-greve-de-fome-ha-5-dias\/\",\"name\":\"Trabalhadores colombianos da Nestl\u00e9 realizam greve de fome h\u00e1 5 dias - PSOL 50\",\"isPartOf\":{\"@id\":\"https:\/\/psol50.org.br\/#website\"},\"datePublished\":\"2013-10-16T00:00:00+00:00\",\"breadcrumb\":{\"@id\":\"https:\/\/psol50.org.br\/trabalhadores-colombianos-da-nestle-realizam-greve-de-fome-ha-5-dias\/#breadcrumb\"},\"inLanguage\":\"pt-BR\",\"potentialAction\":[{\"@type\":\"ReadAction\",\"target\":[\"https:\/\/psol50.org.br\/trabalhadores-colombianos-da-nestle-realizam-greve-de-fome-ha-5-dias\/\"]}]},{\"@type\":\"BreadcrumbList\",\"@id\":\"https:\/\/psol50.org.br\/trabalhadores-colombianos-da-nestle-realizam-greve-de-fome-ha-5-dias\/#breadcrumb\",\"itemListElement\":[{\"@type\":\"ListItem\",\"position\":1,\"name\":\"In\u00edcio\",\"item\":\"https:\/\/psol50.org.br\/\"},{\"@type\":\"ListItem\",\"position\":2,\"name\":\"Trabalhadores colombianos da Nestl\u00e9 realizam greve de fome h\u00e1 5 dias\"}]},{\"@type\":\"WebSite\",\"@id\":\"https:\/\/psol50.org.br\/#website\",\"url\":\"https:\/\/psol50.org.br\/\",\"name\":\"PSOL 50\",\"description\":\"Site oficial do Partido Socialismo e Liberdade\",\"publisher\":{\"@id\":\"https:\/\/psol50.org.br\/#organization\"},\"alternateName\":\"PSOL50\",\"potentialAction\":[{\"@type\":\"SearchAction\",\"target\":{\"@type\":\"EntryPoint\",\"urlTemplate\":\"https:\/\/psol50.org.br\/?s={search_term_string}\"},\"query-input\":{\"@type\":\"PropertyValueSpecification\",\"valueRequired\":true,\"valueName\":\"search_term_string\"}}],\"inLanguage\":\"pt-BR\"},{\"@type\":\"Organization\",\"@id\":\"https:\/\/psol50.org.br\/#organization\",\"name\":\"PSOL 50\",\"alternateName\":\"PSOL 50\",\"url\":\"https:\/\/psol50.org.br\/\",\"logo\":{\"@type\":\"ImageObject\",\"inLanguage\":\"pt-BR\",\"@id\":\"https:\/\/psol50.org.br\/#\/schema\/logo\/image\/\",\"url\":\"https:\/\/psol50.org.br\/inc\/uploads\/2018\/07\/capa.png\",\"contentUrl\":\"https:\/\/psol50.org.br\/inc\/uploads\/2018\/07\/capa.png\",\"width\":1350,\"height\":900,\"caption\":\"PSOL 50\"},\"image\":{\"@id\":\"https:\/\/psol50.org.br\/#\/schema\/logo\/image\/\"},\"sameAs\":[\"https:\/\/www.facebook.com\/psol50\",\"https:\/\/x.com\/psol50\",\"https:\/\/www.instagram.com\/psol50\/\",\"https:\/\/www.youtube.com\/channel\/UC7SnJS5o1os7a6CaiNabzcg\"]},{\"@type\":\"Person\",\"@id\":\"https:\/\/psol50.org.br\/#\/schema\/person\/475dfa57d0b815993c714c2e96491fcd\",\"name\":\"Comunica\u00e7\u00e3o PSOL\",\"image\":{\"@type\":\"ImageObject\",\"inLanguage\":\"pt-BR\",\"@id\":\"https:\/\/psol50.org.br\/#\/schema\/person\/image\/\",\"url\":\"https:\/\/secure.gravatar.com\/avatar\/b34fc4f4e468a4e51785917065a3db57b841f5c95dba6ad8c73aaf8f66f8f9bf?s=96&d=mm&r=g\",\"contentUrl\":\"https:\/\/secure.gravatar.com\/avatar\/b34fc4f4e468a4e51785917065a3db57b841f5c95dba6ad8c73aaf8f66f8f9bf?s=96&d=mm&r=g\",\"caption\":\"Comunica\u00e7\u00e3o PSOL\"}}]}<\/script>\n<!-- \/ Yoast SEO plugin. -->","yoast_head_json":{"title":"Trabalhadores colombianos da Nestl\u00e9 realizam greve de fome h\u00e1 5 dias - PSOL 50","robots":{"index":"index","follow":"follow","max-snippet":"max-snippet:-1","max-image-preview":"max-image-preview:large","max-video-preview":"max-video-preview:-1"},"canonical":"https:\/\/psol50.org.br\/trabalhadores-colombianos-da-nestle-realizam-greve-de-fome-ha-5-dias\/","og_locale":"pt_BR","og_type":"article","og_title":"Trabalhadores colombianos da Nestl\u00e9 realizam greve de fome h\u00e1 5 dias - PSOL 50","og_description":"Eles reclamam o cumprimento pela transnacional dos acordos convencionados e respeito pela dignidade dos trabalhadores e do sindicato &nbsp; Desde esta quinta-feira (10), trabalhadores da Nestl\u00e9 afiliados ao Sindicato Nacional de Trabalhadores da Ind\u00fastria de Alimentos (Sinaltrainal) da Col\u00f4mbia se acorrentaram na portaria da f\u00e1brica em Bugalagrande e come\u00e7aram uma greve de fome. Eles reclamam [&hellip;]","og_url":"https:\/\/psol50.org.br\/trabalhadores-colombianos-da-nestle-realizam-greve-de-fome-ha-5-dias\/","og_site_name":"PSOL 50","article_publisher":"https:\/\/www.facebook.com\/psol50","article_published_time":"2013-10-16T00:00:00+00:00","og_image":[{"width":1350,"height":900,"url":"https:\/\/psol50.org.br\/inc\/uploads\/2018\/07\/capa.png","type":"image\/png"}],"author":"Comunica\u00e7\u00e3o PSOL","twitter_card":"summary_large_image","twitter_creator":"@psol50","twitter_site":"@psol50","twitter_misc":{"Escrito por":"Comunica\u00e7\u00e3o PSOL","Est. tempo de leitura":"2 minutos"},"schema":{"@context":"https:\/\/schema.org","@graph":[{"@type":"Article","@id":"https:\/\/psol50.org.br\/trabalhadores-colombianos-da-nestle-realizam-greve-de-fome-ha-5-dias\/#article","isPartOf":{"@id":"https:\/\/psol50.org.br\/trabalhadores-colombianos-da-nestle-realizam-greve-de-fome-ha-5-dias\/"},"author":{"name":"Comunica\u00e7\u00e3o PSOL","@id":"https:\/\/psol50.org.br\/#\/schema\/person\/475dfa57d0b815993c714c2e96491fcd"},"headline":"Trabalhadores colombianos da Nestl\u00e9 realizam greve de fome h\u00e1 5 dias","datePublished":"2013-10-16T00:00:00+00:00","mainEntityOfPage":{"@id":"https:\/\/psol50.org.br\/trabalhadores-colombianos-da-nestle-realizam-greve-de-fome-ha-5-dias\/"},"wordCount":343,"commentCount":0,"publisher":{"@id":"https:\/\/psol50.org.br\/#organization"},"articleSection":["Arquivo","Not\u00edcias"],"inLanguage":"pt-BR","potentialAction":[{"@type":"CommentAction","name":"Comment","target":["https:\/\/psol50.org.br\/trabalhadores-colombianos-da-nestle-realizam-greve-de-fome-ha-5-dias\/#respond"]}]},{"@type":"WebPage","@id":"https:\/\/psol50.org.br\/trabalhadores-colombianos-da-nestle-realizam-greve-de-fome-ha-5-dias\/","url":"https:\/\/psol50.org.br\/trabalhadores-colombianos-da-nestle-realizam-greve-de-fome-ha-5-dias\/","name":"Trabalhadores colombianos da Nestl\u00e9 realizam greve de fome h\u00e1 5 dias - PSOL 50","isPartOf":{"@id":"https:\/\/psol50.org.br\/#website"},"datePublished":"2013-10-16T00:00:00+00:00","breadcrumb":{"@id":"https:\/\/psol50.org.br\/trabalhadores-colombianos-da-nestle-realizam-greve-de-fome-ha-5-dias\/#breadcrumb"},"inLanguage":"pt-BR","potentialAction":[{"@type":"ReadAction","target":["https:\/\/psol50.org.br\/trabalhadores-colombianos-da-nestle-realizam-greve-de-fome-ha-5-dias\/"]}]},{"@type":"BreadcrumbList","@id":"https:\/\/psol50.org.br\/trabalhadores-colombianos-da-nestle-realizam-greve-de-fome-ha-5-dias\/#breadcrumb","itemListElement":[{"@type":"ListItem","position":1,"name":"In\u00edcio","item":"https:\/\/psol50.org.br\/"},{"@type":"ListItem","position":2,"name":"Trabalhadores colombianos da Nestl\u00e9 realizam greve de fome h\u00e1 5 dias"}]},{"@type":"WebSite","@id":"https:\/\/psol50.org.br\/#website","url":"https:\/\/psol50.org.br\/","name":"PSOL 50","description":"Site oficial do Partido Socialismo e Liberdade","publisher":{"@id":"https:\/\/psol50.org.br\/#organization"},"alternateName":"PSOL50","potentialAction":[{"@type":"SearchAction","target":{"@type":"EntryPoint","urlTemplate":"https:\/\/psol50.org.br\/?s={search_term_string}"},"query-input":{"@type":"PropertyValueSpecification","valueRequired":true,"valueName":"search_term_string"}}],"inLanguage":"pt-BR"},{"@type":"Organization","@id":"https:\/\/psol50.org.br\/#organization","name":"PSOL 50","alternateName":"PSOL 50","url":"https:\/\/psol50.org.br\/","logo":{"@type":"ImageObject","inLanguage":"pt-BR","@id":"https:\/\/psol50.org.br\/#\/schema\/logo\/image\/","url":"https:\/\/psol50.org.br\/inc\/uploads\/2018\/07\/capa.png","contentUrl":"https:\/\/psol50.org.br\/inc\/uploads\/2018\/07\/capa.png","width":1350,"height":900,"caption":"PSOL 50"},"image":{"@id":"https:\/\/psol50.org.br\/#\/schema\/logo\/image\/"},"sameAs":["https:\/\/www.facebook.com\/psol50","https:\/\/x.com\/psol50","https:\/\/www.instagram.com\/psol50\/","https:\/\/www.youtube.com\/channel\/UC7SnJS5o1os7a6CaiNabzcg"]},{"@type":"Person","@id":"https:\/\/psol50.org.br\/#\/schema\/person\/475dfa57d0b815993c714c2e96491fcd","name":"Comunica\u00e7\u00e3o PSOL","image":{"@type":"ImageObject","inLanguage":"pt-BR","@id":"https:\/\/psol50.org.br\/#\/schema\/person\/image\/","url":"https:\/\/secure.gravatar.com\/avatar\/b34fc4f4e468a4e51785917065a3db57b841f5c95dba6ad8c73aaf8f66f8f9bf?s=96&d=mm&r=g","contentUrl":"https:\/\/secure.gravatar.com\/avatar\/b34fc4f4e468a4e51785917065a3db57b841f5c95dba6ad8c73aaf8f66f8f9bf?s=96&d=mm&r=g","caption":"Comunica\u00e7\u00e3o PSOL"}}]}},"_links":{"self":[{"href":"https:\/\/psol50.org.br\/rest\/wp\/v2\/posts\/2358","targetHints":{"allow":["GET"]}}],"collection":[{"href":"https:\/\/psol50.org.br\/rest\/wp\/v2\/posts"}],"about":[{"href":"https:\/\/psol50.org.br\/rest\/wp\/v2\/types\/post"}],"author":[{"embeddable":true,"href":"https:\/\/psol50.org.br\/rest\/wp\/v2\/users\/2"}],"replies":[{"embeddable":true,"href":"https:\/\/psol50.org.br\/rest\/wp\/v2\/comments?post=2358"}],"version-history":[{"count":0,"href":"https:\/\/psol50.org.br\/rest\/wp\/v2\/posts\/2358\/revisions"}],"wp:attachment":[{"href":"https:\/\/psol50.org.br\/rest\/wp\/v2\/media?parent=2358"}],"wp:term":[{"taxonomy":"category","embeddable":true,"href":"https:\/\/psol50.org.br\/rest\/wp\/v2\/categories?post=2358"},{"taxonomy":"post_tag","embeddable":true,"href":"https:\/\/psol50.org.br\/rest\/wp\/v2\/tags?post=2358"}],"curies":[{"name":"wp","href":"https:\/\/api.w.org\/{rel}","templated":true}]}}