{"id":23580,"date":"2018-12-17T17:13:29","date_gmt":"2018-12-17T19:13:29","guid":{"rendered":"http:\/\/psol50.org.br\/?p=23580"},"modified":"2018-12-17T17:13:29","modified_gmt":"2018-12-17T19:13:29","slug":"jean-wyllys-o-racismo-de-sempre-no-carnaval-do-rio","status":"publish","type":"post","link":"https:\/\/psol50.org.br\/jean-wyllys-o-racismo-de-sempre-no-carnaval-do-rio\/","title":{"rendered":"Jean Wyllys | O racismo de sempre no carnaval do Rio"},"content":{"rendered":"\n<p><em>Artigo publicado originalmente na <strong>M\u00eddia Ninja<\/strong><\/em><\/p>\n\n\n\n<p>Vamos falar objetivamente e sem meias-palavras. A dificuldade das \nescolas de samba do Rio para conseguir fazer seu carnaval, um dos \neventos mais lucrativos do calend\u00e1rio tur\u00edstico no mundo, n\u00e3o tem outra \nexplica\u00e7\u00e3o a n\u00e3o ser um racismo fortemente arraigado na mentalidade do \npoder p\u00fablico e tamb\u00e9m da iniciativa privada.<\/p>\n\n\n\n<p>Algu\u00e9m consegue imaginar que o governo alem\u00e3o iria deixar a m\u00edngua a \nsua Oktoberfest? Ou que a Espanha viraria as costas para sua tradicional\n festa do tomate?<\/p>\n\n\n\n<p>Claro que n\u00e3o! Porque esses eventos fazem parte da tradi\u00e7\u00e3o cultural \ndesses povos, remontam a uma valoriza\u00e7\u00e3o de costumes regionais e da \npr\u00f3pria gente que trabalha ali.<\/p>\n\n\n\n<p>E, al\u00e9m disso, ainda movimentam a economia com empregos direitos e \nindiretos, principalmente na cadeia de turismo, com hot\u00e9is, bares e \nrestaurantes \u2013 at\u00e9 atingindo \u00e0s vezes sua melhor marca de lucros no ano \ntodo.<\/p>\n\n\n\n<p>A quest\u00e3o espec\u00edfica com as escolas de samba do Rio \u00e9 que, aqui, no \npa\u00eds da Casa Grande e \u2018do Quilombo\u2019, a elite que tradicionalmente \ncontrolou o poder do Estado sempre viu com maus olhos todos os costumes \nassociados aos pretos. O n\u00e3o reconhecimento de sua cultura como parte \nrelevante da cultura nacional \u00e9 uma face disso.<\/p>\n\n\n\n<p>O desinteresse de empresas privadas que lucram os tubos durante a \nfesta do carnaval em contribuir mais generosamente para sua valoriza\u00e7\u00e3o \ncultural, enquanto patrocinam concertos de m\u00fasica \u201cerudita\u201d nos bairros \nmais nobres, tamb\u00e9m chama aten\u00e7\u00e3o para dimens\u00e3o do problema. N\u00e3o estamos\n falando s\u00f3 da gest\u00e3o tenebrosa de Crivella a frente da prefeitura, mas \nde um pensamento amplamente disseminado.<\/p>\n\n\n\n<p>H\u00e1 quem, buscando outra justificativa para falar dessa contradi\u00e7\u00e3o, \ntalvez com medo da opini\u00e3o sincera dos jornais estrangeiros de dezenas \nde pa\u00edses que v\u00eam fazer a cobertura do evento, prefira dizer que a \nquest\u00e3o gira em torno do envolvimento de bicheiros. Mascaram o seu \ndesd\u00e9m at\u00edpico com o samba de sentimento anticorrup\u00e7\u00e3o.<\/p>\n\n\n\n<p>Ora, a\u00ed, uma ova, n\u00e3o \u00e9? Se h\u00e1 algum criminoso envolvido com \ncarnaval, que pol\u00edcia ou minist\u00e9rio p\u00fablico apresentem logo sua queixa, \nas defesas suas pondera\u00e7\u00f5es e os ju\u00edzes, suas senten\u00e7as. O que n\u00e3o se \npode fazer \u00e9 comprometer uma tradi\u00e7\u00e3o com a for\u00e7a que tem o carnaval do \nRio sob o pretexto de punir os crimes de um indiv\u00edduo ou outro.<\/p>\n\n\n\n<p>Esse surto de moralidade que acomete cirurgicamente as tradi\u00e7\u00f5es \nafricanas, enquanto empresas envolvidas com a F\u00f3rmula 1, por exemplo, \nfazem dela\u00e7\u00f5es premiadas \u00e9 t\u00edpico da seletividade punitiva geral contra \nos negros.<\/p>\n\n\n\n<p>Em 1988, em um desfile antol\u00f3gico, no centen\u00e1rio da assinatura da Lei\n \u00c1urea, a Esta\u00e7\u00e3o Primeira de Mangueira veio com enredo que dizia: \u201c100 \nAnos de Liberdade: Realidade ou Ilus\u00e3o?\u201d. Atual\u00edssimo. Ele questionava o\n grau de liberdade que fora efetivamente garantido ap\u00f3s a aboli\u00e7\u00e3o da \nescravatura.<\/p>\n\n\n\n<p>Neste ano, portanto 30 anos ap\u00f3s aquele desfile, a escola decidiu que\n seu pr\u00f3ximo enredo falar\u00e1 na avenida sobre as hist\u00f3rias n\u00e3o contadas ou\n encerradas de mulheres negras que, como hero\u00ednas, contribu\u00edram para \ndignifica\u00e7\u00e3o do nosso povo, entre elas Marielle Franco.<\/p>\n\n\n\n<p>\u00c9 muito prov\u00e1vel que venha da\u00ed, dessa tradi\u00e7\u00e3o de zombar da suposta bondade da corte portuguesa e de contar a hist\u00f3ria de mulheres pretas, entre outras tantas tiradas geniais que expressam o orgulho da negritude em ritmo de tambor de candombl\u00e9, que venha este ano, mais uma vez, a dificuldade de botar o carnaval na rua.<\/p>\n\n\n\n<p><em>Jean Wyllys \u00e9 deputado federal pelo PSOL-RJ<\/em>.<br><\/p>\n\n\n\n<p><br><\/p>\n","protected":false},"excerpt":{"rendered":"<p>Artigo publicado originalmente na M\u00eddia Ninja Vamos falar objetivamente e sem meias-palavras. A dificuldade das escolas de samba do Rio para conseguir fazer seu carnaval, um dos eventos mais lucrativos do calend\u00e1rio tur\u00edstico no mundo, n\u00e3o tem outra explica\u00e7\u00e3o a n\u00e3o ser um racismo fortemente arraigado na mentalidade do poder p\u00fablico e tamb\u00e9m da iniciativa [&hellip;]<\/p>\n","protected":false},"author":2,"featured_media":23584,"comment_status":"closed","ping_status":"open","sticky":false,"template":"","format":"standard","meta":{"_acf_changed":false,"footnotes":""},"categories":[6],"tags":[52,663],"class_list":{"0":"post-23580","1":"post","2":"type-post","3":"status-publish","4":"format-standard","5":"has-post-thumbnail","7":"category-noticias","8":"tag-carnaval","9":"tag-jean-wyllys"},"acf":[],"yoast_head":"<!-- This site is optimized with the Yoast SEO plugin v26.5 - https:\/\/yoast.com\/wordpress\/plugins\/seo\/ -->\n<title>Jean Wyllys | O racismo de sempre no carnaval do Rio - PSOL 50<\/title>\n<meta name=\"robots\" content=\"index, follow, max-snippet:-1, max-image-preview:large, max-video-preview:-1\" \/>\n<link rel=\"canonical\" href=\"https:\/\/psol50.org.br\/jean-wyllys-o-racismo-de-sempre-no-carnaval-do-rio\/\" \/>\n<meta property=\"og:locale\" content=\"pt_BR\" \/>\n<meta property=\"og:type\" content=\"article\" \/>\n<meta property=\"og:title\" content=\"O racismo de sempre no carnaval do Rio\" \/>\n<meta property=\"og:description\" content=\"Jean Wyllys analisa as dificuldade que as escolas de samba enfrentam para fazerem o carnaval\" \/>\n<meta property=\"og:url\" content=\"https:\/\/psol50.org.br\/jean-wyllys-o-racismo-de-sempre-no-carnaval-do-rio\/\" \/>\n<meta property=\"og:site_name\" content=\"PSOL 50\" \/>\n<meta property=\"article:publisher\" content=\"https:\/\/www.facebook.com\/psol50\" \/>\n<meta property=\"article:published_time\" content=\"2018-12-17T19:13:29+00:00\" \/>\n<meta property=\"og:image\" content=\"https:\/\/psol50.org.br\/inc\/uploads\/2018\/12\/Desfile_Mangueira_Reproducao.jpg\" \/>\n\t<meta property=\"og:image:width\" content=\"900\" \/>\n\t<meta property=\"og:image:height\" content=\"506\" \/>\n\t<meta property=\"og:image:type\" content=\"image\/jpeg\" \/>\n<meta name=\"author\" content=\"Comunica\u00e7\u00e3o PSOL\" \/>\n<meta name=\"twitter:card\" content=\"summary_large_image\" \/>\n<meta name=\"twitter:title\" content=\"O racismo de sempre no carnaval do Rio\" \/>\n<meta name=\"twitter:description\" content=\"Jean Wyllys analisa as dificuldade que as escolas de samba enfrentam para fazerem o carnaval\" \/>\n<meta name=\"twitter:creator\" content=\"@psol50\" \/>\n<meta name=\"twitter:site\" content=\"@psol50\" \/>\n<meta name=\"twitter:label1\" content=\"Escrito por\" \/>\n\t<meta name=\"twitter:data1\" content=\"Comunica\u00e7\u00e3o PSOL\" \/>\n\t<meta name=\"twitter:label2\" content=\"Est. tempo de leitura\" \/>\n\t<meta name=\"twitter:data2\" content=\"3 minutos\" \/>\n<script type=\"application\/ld+json\" class=\"yoast-schema-graph\">{\"@context\":\"https:\/\/schema.org\",\"@graph\":[{\"@type\":\"Article\",\"@id\":\"https:\/\/psol50.org.br\/jean-wyllys-o-racismo-de-sempre-no-carnaval-do-rio\/#article\",\"isPartOf\":{\"@id\":\"https:\/\/psol50.org.br\/jean-wyllys-o-racismo-de-sempre-no-carnaval-do-rio\/\"},\"author\":{\"name\":\"Comunica\u00e7\u00e3o PSOL\",\"@id\":\"https:\/\/psol50.org.br\/#\/schema\/person\/475dfa57d0b815993c714c2e96491fcd\"},\"headline\":\"Jean Wyllys | O racismo de sempre no carnaval do Rio\",\"datePublished\":\"2018-12-17T19:13:29+00:00\",\"mainEntityOfPage\":{\"@id\":\"https:\/\/psol50.org.br\/jean-wyllys-o-racismo-de-sempre-no-carnaval-do-rio\/\"},\"wordCount\":621,\"publisher\":{\"@id\":\"https:\/\/psol50.org.br\/#organization\"},\"image\":{\"@id\":\"https:\/\/psol50.org.br\/jean-wyllys-o-racismo-de-sempre-no-carnaval-do-rio\/#primaryimage\"},\"thumbnailUrl\":\"https:\/\/psol50.org.br\/inc\/uploads\/2018\/12\/Desfile_Mangueira_Reproducao.jpg\",\"keywords\":[\"carnaval\",\"Jean Wyllys\"],\"articleSection\":[\"Not\u00edcias\"],\"inLanguage\":\"pt-BR\"},{\"@type\":\"WebPage\",\"@id\":\"https:\/\/psol50.org.br\/jean-wyllys-o-racismo-de-sempre-no-carnaval-do-rio\/\",\"url\":\"https:\/\/psol50.org.br\/jean-wyllys-o-racismo-de-sempre-no-carnaval-do-rio\/\",\"name\":\"Jean Wyllys | O racismo de sempre no carnaval do Rio - PSOL 50\",\"isPartOf\":{\"@id\":\"https:\/\/psol50.org.br\/#website\"},\"primaryImageOfPage\":{\"@id\":\"https:\/\/psol50.org.br\/jean-wyllys-o-racismo-de-sempre-no-carnaval-do-rio\/#primaryimage\"},\"image\":{\"@id\":\"https:\/\/psol50.org.br\/jean-wyllys-o-racismo-de-sempre-no-carnaval-do-rio\/#primaryimage\"},\"thumbnailUrl\":\"https:\/\/psol50.org.br\/inc\/uploads\/2018\/12\/Desfile_Mangueira_Reproducao.jpg\",\"datePublished\":\"2018-12-17T19:13:29+00:00\",\"breadcrumb\":{\"@id\":\"https:\/\/psol50.org.br\/jean-wyllys-o-racismo-de-sempre-no-carnaval-do-rio\/#breadcrumb\"},\"inLanguage\":\"pt-BR\",\"potentialAction\":[{\"@type\":\"ReadAction\",\"target\":[\"https:\/\/psol50.org.br\/jean-wyllys-o-racismo-de-sempre-no-carnaval-do-rio\/\"]}]},{\"@type\":\"ImageObject\",\"inLanguage\":\"pt-BR\",\"@id\":\"https:\/\/psol50.org.br\/jean-wyllys-o-racismo-de-sempre-no-carnaval-do-rio\/#primaryimage\",\"url\":\"https:\/\/psol50.org.br\/inc\/uploads\/2018\/12\/Desfile_Mangueira_Reproducao.jpg\",\"contentUrl\":\"https:\/\/psol50.org.br\/inc\/uploads\/2018\/12\/Desfile_Mangueira_Reproducao.jpg\",\"width\":900,\"height\":506},{\"@type\":\"BreadcrumbList\",\"@id\":\"https:\/\/psol50.org.br\/jean-wyllys-o-racismo-de-sempre-no-carnaval-do-rio\/#breadcrumb\",\"itemListElement\":[{\"@type\":\"ListItem\",\"position\":1,\"name\":\"In\u00edcio\",\"item\":\"https:\/\/psol50.org.br\/\"},{\"@type\":\"ListItem\",\"position\":2,\"name\":\"Jean Wyllys | O racismo de sempre no carnaval do Rio\"}]},{\"@type\":\"WebSite\",\"@id\":\"https:\/\/psol50.org.br\/#website\",\"url\":\"https:\/\/psol50.org.br\/\",\"name\":\"PSOL 50\",\"description\":\"Site oficial do Partido Socialismo e Liberdade\",\"publisher\":{\"@id\":\"https:\/\/psol50.org.br\/#organization\"},\"alternateName\":\"PSOL50\",\"potentialAction\":[{\"@type\":\"SearchAction\",\"target\":{\"@type\":\"EntryPoint\",\"urlTemplate\":\"https:\/\/psol50.org.br\/?s={search_term_string}\"},\"query-input\":{\"@type\":\"PropertyValueSpecification\",\"valueRequired\":true,\"valueName\":\"search_term_string\"}}],\"inLanguage\":\"pt-BR\"},{\"@type\":\"Organization\",\"@id\":\"https:\/\/psol50.org.br\/#organization\",\"name\":\"PSOL 50\",\"alternateName\":\"PSOL 50\",\"url\":\"https:\/\/psol50.org.br\/\",\"logo\":{\"@type\":\"ImageObject\",\"inLanguage\":\"pt-BR\",\"@id\":\"https:\/\/psol50.org.br\/#\/schema\/logo\/image\/\",\"url\":\"https:\/\/psol50.org.br\/inc\/uploads\/2018\/07\/capa.png\",\"contentUrl\":\"https:\/\/psol50.org.br\/inc\/uploads\/2018\/07\/capa.png\",\"width\":1350,\"height\":900,\"caption\":\"PSOL 50\"},\"image\":{\"@id\":\"https:\/\/psol50.org.br\/#\/schema\/logo\/image\/\"},\"sameAs\":[\"https:\/\/www.facebook.com\/psol50\",\"https:\/\/x.com\/psol50\",\"https:\/\/www.instagram.com\/psol50\/\",\"https:\/\/www.youtube.com\/channel\/UC7SnJS5o1os7a6CaiNabzcg\"]},{\"@type\":\"Person\",\"@id\":\"https:\/\/psol50.org.br\/#\/schema\/person\/475dfa57d0b815993c714c2e96491fcd\",\"name\":\"Comunica\u00e7\u00e3o PSOL\",\"image\":{\"@type\":\"ImageObject\",\"inLanguage\":\"pt-BR\",\"@id\":\"https:\/\/psol50.org.br\/#\/schema\/person\/image\/\",\"url\":\"https:\/\/secure.gravatar.com\/avatar\/b34fc4f4e468a4e51785917065a3db57b841f5c95dba6ad8c73aaf8f66f8f9bf?s=96&d=mm&r=g\",\"contentUrl\":\"https:\/\/secure.gravatar.com\/avatar\/b34fc4f4e468a4e51785917065a3db57b841f5c95dba6ad8c73aaf8f66f8f9bf?s=96&d=mm&r=g\",\"caption\":\"Comunica\u00e7\u00e3o PSOL\"}}]}<\/script>\n<!-- \/ Yoast SEO plugin. -->","yoast_head_json":{"title":"Jean Wyllys | O racismo de sempre no carnaval do Rio - PSOL 50","robots":{"index":"index","follow":"follow","max-snippet":"max-snippet:-1","max-image-preview":"max-image-preview:large","max-video-preview":"max-video-preview:-1"},"canonical":"https:\/\/psol50.org.br\/jean-wyllys-o-racismo-de-sempre-no-carnaval-do-rio\/","og_locale":"pt_BR","og_type":"article","og_title":"O racismo de sempre no carnaval do Rio","og_description":"Jean Wyllys analisa as dificuldade que as escolas de samba enfrentam para fazerem o carnaval","og_url":"https:\/\/psol50.org.br\/jean-wyllys-o-racismo-de-sempre-no-carnaval-do-rio\/","og_site_name":"PSOL 50","article_publisher":"https:\/\/www.facebook.com\/psol50","article_published_time":"2018-12-17T19:13:29+00:00","og_image":[{"width":900,"height":506,"url":"https:\/\/psol50.org.br\/inc\/uploads\/2018\/12\/Desfile_Mangueira_Reproducao.jpg","type":"image\/jpeg"}],"author":"Comunica\u00e7\u00e3o PSOL","twitter_card":"summary_large_image","twitter_title":"O racismo de sempre no carnaval do Rio","twitter_description":"Jean Wyllys analisa as dificuldade que as escolas de samba enfrentam para fazerem o carnaval","twitter_creator":"@psol50","twitter_site":"@psol50","twitter_misc":{"Escrito por":"Comunica\u00e7\u00e3o PSOL","Est. tempo de leitura":"3 minutos"},"schema":{"@context":"https:\/\/schema.org","@graph":[{"@type":"Article","@id":"https:\/\/psol50.org.br\/jean-wyllys-o-racismo-de-sempre-no-carnaval-do-rio\/#article","isPartOf":{"@id":"https:\/\/psol50.org.br\/jean-wyllys-o-racismo-de-sempre-no-carnaval-do-rio\/"},"author":{"name":"Comunica\u00e7\u00e3o PSOL","@id":"https:\/\/psol50.org.br\/#\/schema\/person\/475dfa57d0b815993c714c2e96491fcd"},"headline":"Jean Wyllys | O racismo de sempre no carnaval do Rio","datePublished":"2018-12-17T19:13:29+00:00","mainEntityOfPage":{"@id":"https:\/\/psol50.org.br\/jean-wyllys-o-racismo-de-sempre-no-carnaval-do-rio\/"},"wordCount":621,"publisher":{"@id":"https:\/\/psol50.org.br\/#organization"},"image":{"@id":"https:\/\/psol50.org.br\/jean-wyllys-o-racismo-de-sempre-no-carnaval-do-rio\/#primaryimage"},"thumbnailUrl":"https:\/\/psol50.org.br\/inc\/uploads\/2018\/12\/Desfile_Mangueira_Reproducao.jpg","keywords":["carnaval","Jean Wyllys"],"articleSection":["Not\u00edcias"],"inLanguage":"pt-BR"},{"@type":"WebPage","@id":"https:\/\/psol50.org.br\/jean-wyllys-o-racismo-de-sempre-no-carnaval-do-rio\/","url":"https:\/\/psol50.org.br\/jean-wyllys-o-racismo-de-sempre-no-carnaval-do-rio\/","name":"Jean Wyllys | O racismo de sempre no carnaval do Rio - PSOL 50","isPartOf":{"@id":"https:\/\/psol50.org.br\/#website"},"primaryImageOfPage":{"@id":"https:\/\/psol50.org.br\/jean-wyllys-o-racismo-de-sempre-no-carnaval-do-rio\/#primaryimage"},"image":{"@id":"https:\/\/psol50.org.br\/jean-wyllys-o-racismo-de-sempre-no-carnaval-do-rio\/#primaryimage"},"thumbnailUrl":"https:\/\/psol50.org.br\/inc\/uploads\/2018\/12\/Desfile_Mangueira_Reproducao.jpg","datePublished":"2018-12-17T19:13:29+00:00","breadcrumb":{"@id":"https:\/\/psol50.org.br\/jean-wyllys-o-racismo-de-sempre-no-carnaval-do-rio\/#breadcrumb"},"inLanguage":"pt-BR","potentialAction":[{"@type":"ReadAction","target":["https:\/\/psol50.org.br\/jean-wyllys-o-racismo-de-sempre-no-carnaval-do-rio\/"]}]},{"@type":"ImageObject","inLanguage":"pt-BR","@id":"https:\/\/psol50.org.br\/jean-wyllys-o-racismo-de-sempre-no-carnaval-do-rio\/#primaryimage","url":"https:\/\/psol50.org.br\/inc\/uploads\/2018\/12\/Desfile_Mangueira_Reproducao.jpg","contentUrl":"https:\/\/psol50.org.br\/inc\/uploads\/2018\/12\/Desfile_Mangueira_Reproducao.jpg","width":900,"height":506},{"@type":"BreadcrumbList","@id":"https:\/\/psol50.org.br\/jean-wyllys-o-racismo-de-sempre-no-carnaval-do-rio\/#breadcrumb","itemListElement":[{"@type":"ListItem","position":1,"name":"In\u00edcio","item":"https:\/\/psol50.org.br\/"},{"@type":"ListItem","position":2,"name":"Jean Wyllys | O racismo de sempre no carnaval do Rio"}]},{"@type":"WebSite","@id":"https:\/\/psol50.org.br\/#website","url":"https:\/\/psol50.org.br\/","name":"PSOL 50","description":"Site oficial do Partido Socialismo e Liberdade","publisher":{"@id":"https:\/\/psol50.org.br\/#organization"},"alternateName":"PSOL50","potentialAction":[{"@type":"SearchAction","target":{"@type":"EntryPoint","urlTemplate":"https:\/\/psol50.org.br\/?s={search_term_string}"},"query-input":{"@type":"PropertyValueSpecification","valueRequired":true,"valueName":"search_term_string"}}],"inLanguage":"pt-BR"},{"@type":"Organization","@id":"https:\/\/psol50.org.br\/#organization","name":"PSOL 50","alternateName":"PSOL 50","url":"https:\/\/psol50.org.br\/","logo":{"@type":"ImageObject","inLanguage":"pt-BR","@id":"https:\/\/psol50.org.br\/#\/schema\/logo\/image\/","url":"https:\/\/psol50.org.br\/inc\/uploads\/2018\/07\/capa.png","contentUrl":"https:\/\/psol50.org.br\/inc\/uploads\/2018\/07\/capa.png","width":1350,"height":900,"caption":"PSOL 50"},"image":{"@id":"https:\/\/psol50.org.br\/#\/schema\/logo\/image\/"},"sameAs":["https:\/\/www.facebook.com\/psol50","https:\/\/x.com\/psol50","https:\/\/www.instagram.com\/psol50\/","https:\/\/www.youtube.com\/channel\/UC7SnJS5o1os7a6CaiNabzcg"]},{"@type":"Person","@id":"https:\/\/psol50.org.br\/#\/schema\/person\/475dfa57d0b815993c714c2e96491fcd","name":"Comunica\u00e7\u00e3o PSOL","image":{"@type":"ImageObject","inLanguage":"pt-BR","@id":"https:\/\/psol50.org.br\/#\/schema\/person\/image\/","url":"https:\/\/secure.gravatar.com\/avatar\/b34fc4f4e468a4e51785917065a3db57b841f5c95dba6ad8c73aaf8f66f8f9bf?s=96&d=mm&r=g","contentUrl":"https:\/\/secure.gravatar.com\/avatar\/b34fc4f4e468a4e51785917065a3db57b841f5c95dba6ad8c73aaf8f66f8f9bf?s=96&d=mm&r=g","caption":"Comunica\u00e7\u00e3o PSOL"}}]}},"_links":{"self":[{"href":"https:\/\/psol50.org.br\/rest\/wp\/v2\/posts\/23580","targetHints":{"allow":["GET"]}}],"collection":[{"href":"https:\/\/psol50.org.br\/rest\/wp\/v2\/posts"}],"about":[{"href":"https:\/\/psol50.org.br\/rest\/wp\/v2\/types\/post"}],"author":[{"embeddable":true,"href":"https:\/\/psol50.org.br\/rest\/wp\/v2\/users\/2"}],"replies":[{"embeddable":true,"href":"https:\/\/psol50.org.br\/rest\/wp\/v2\/comments?post=23580"}],"version-history":[{"count":0,"href":"https:\/\/psol50.org.br\/rest\/wp\/v2\/posts\/23580\/revisions"}],"wp:featuredmedia":[{"embeddable":true,"href":"https:\/\/psol50.org.br\/rest\/wp\/v2\/media\/23584"}],"wp:attachment":[{"href":"https:\/\/psol50.org.br\/rest\/wp\/v2\/media?parent=23580"}],"wp:term":[{"taxonomy":"category","embeddable":true,"href":"https:\/\/psol50.org.br\/rest\/wp\/v2\/categories?post=23580"},{"taxonomy":"post_tag","embeddable":true,"href":"https:\/\/psol50.org.br\/rest\/wp\/v2\/tags?post=23580"}],"curies":[{"name":"wp","href":"https:\/\/api.w.org\/{rel}","templated":true}]}}