{"id":236,"date":"2012-07-18T00:00:00","date_gmt":"2012-07-18T00:00:00","guid":{"rendered":"http:\/\/psol50.org.br\/arquivo\/2012\/07\/18\/nota-da-direcao-nacional-sobre-a-politica-de-aliancas-do-psol\/"},"modified":"2012-07-18T00:00:00","modified_gmt":"2012-07-18T00:00:00","slug":"nota-da-direcao-nacional-sobre-a-politica-de-aliancas-do-psol","status":"publish","type":"post","link":"https:\/\/psol50.org.br\/nota-da-direcao-nacional-sobre-a-politica-de-aliancas-do-psol\/","title":{"rendered":"NOTA DA DIRE\u00c7\u00c3O NACIONAL SOBRE A POL\u00cdTICA DE ALIAN\u00c7AS DO PSOL"},"content":{"rendered":"<p>O III Congresso Nacional estabeleceu os par\u00e2metros para a montagem das chapas majorit\u00e1rias e proporcionais nos munic\u00edpios em que o partido vai disputar as elei\u00e7\u00f5es deste ano. A orienta\u00e7\u00e3o do partido foi que as candidaturas que forem lan\u00e7adas se afirmem como oposi\u00e7\u00e3o program\u00e1tica e de esquerda aos governos federal, estaduais e municipais.<\/p>\n<p>Todas as alian\u00e7as, pol\u00edticas e sociais, que foram apresentadas para al\u00e9m da Frente de Esquerda (PSTU e PCB) foram avaliadas caso a caso pelo Diret\u00f3rio e Executiva Nacional do PSOL.<\/p>\n<p>Por delibera\u00e7\u00e3o da Dire\u00e7\u00e3o Nacional nenhuma alian\u00e7a com PSDB, DEM, PMDB, PR, PTB, PSD, PRB e PP foi acatada, independente das raz\u00f5es que motivaram tais composi\u00e7\u00f5es. O entendimento do PSOL \u00e9 que esses partidos configuram um campo \u00e0 direita da sociedade brasileira, s\u00e3o institui\u00e7\u00f5es org\u00e2nicas do grande capital e configuram-se como um bloco conservador de sustenta\u00e7\u00e3o ao regime pol\u00edtico atual, que privilegia uma minoria em detrimento das maiorias exclu\u00eddas do Brasil.<\/p>\n<p>Composi\u00e7\u00f5es com outros partidos foram avaliadas caso a caso, com destaque para partidos que outrora compuseram a base de sustenta\u00e7\u00e3o da chamada \u201cFrente Popular\u201d na d\u00e9cada de 90 como, por exemplo, o PT, PSB, PCdoB, PPS e PDT. A Dire\u00e7\u00e3o nacional levou em considera\u00e7\u00e3o, para aprovar ou rejeitar alian\u00e7as com esses partidos, uma s\u00e9rie de crit\u00e9rios, dentre eles a indica\u00e7\u00e3o do candidato a prefeito pelo PSOL, o que significa que alian\u00e7as com esses partidos n\u00e3o foram e n\u00e3o s\u00e3o a regra, s\u00e3o exce\u00e7\u00f5es que dependem de crit\u00e9rios pol\u00edticos e sociais da realidade local e nacional.<\/p>\n<p>Resultado desta pol\u00edtica criteriosa e de fortalecimento do PSOL se v\u00ea na pr\u00e1tica. O PSOL \u00e9 o partido que mais t\u00eam candidaturas pr\u00f3prias nas capitais; das 26 cidades, disputaremos com cara pr\u00f3pria em 23 delas.<\/p>\n<p>Al\u00e9m disso, a Executiva Nacional, em reuni\u00e3o realizada no \u00faltimo dia 16 deste m\u00eas, impugnou cerca de 150 coliga\u00e7\u00f5es Pa\u00eds afora que n\u00e3o seguiram as diretrizes partid\u00e1rias do III Congresso e da Dire\u00e7\u00e3o Nacional.<\/p>\n<p>A Dire\u00e7\u00e3o Nacional do PSOL referendou, com esta decis\u00e3o, uma pol\u00edtica feita com princ\u00edpios, crit\u00e9rios e respeito \u00e0s delibera\u00e7\u00f5es da base partid\u00e1ria representada no III Congresso e avan\u00e7a para afirma\u00e7\u00e3o do PSOL enquanto alternativa de esquerda, ao mesmo tempo em que dialoga com as realidades locais e concretas de um pa\u00eds t\u00e3o diverso quanto o nosso, assegurando a independ\u00eancia e o avan\u00e7o do nosso projeto pol\u00edtico.<\/p>\n<p>Agora \u00e9 hora de ir para ruas, com a for\u00e7a da nossa milit\u00e2ncia e de nossas propostas, para conquistar cora\u00e7\u00f5es e mentes em defesa de um programa de mudan\u00e7as radicais nas cidades brasileiras sempre em defesa do povo e dos trabalhadores!<\/p>\n<p>Sauda\u00e7\u00f5es Socialistas e Libert\u00e1rias,<\/p>\n<p><strong>Dire\u00e7\u00e3o Nacional do PSOL<\/strong><\/p>\n","protected":false},"excerpt":{"rendered":"<p>O III Congresso Nacional estabeleceu os par\u00e2metros para a montagem das chapas majorit\u00e1rias e proporcionais nos munic\u00edpios em que o partido vai disputar as elei\u00e7\u00f5es deste ano. A orienta\u00e7\u00e3o do partido foi que as candidaturas que forem lan\u00e7adas se afirmem como oposi\u00e7\u00e3o program\u00e1tica e de esquerda aos governos federal, estaduais e municipais. Todas as alian\u00e7as, [&hellip;]<\/p>\n","protected":false},"author":2,"featured_media":0,"comment_status":"open","ping_status":"open","sticky":false,"template":"","format":"standard","meta":{"_acf_changed":false,"footnotes":""},"categories":[4766,4974],"tags":[4975],"class_list":{"0":"post-236","1":"post","2":"type-post","3":"status-publish","4":"format-standard","6":"category-arquivo","7":"category-eleicoes-2012","8":"tag-eleicoes-2012"},"acf":[],"yoast_head":"<!-- This site is optimized with the Yoast SEO plugin v26.5 - https:\/\/yoast.com\/wordpress\/plugins\/seo\/ -->\n<title>NOTA DA DIRE\u00c7\u00c3O NACIONAL SOBRE A POL\u00cdTICA DE ALIAN\u00c7AS DO PSOL - PSOL 50<\/title>\n<meta name=\"robots\" content=\"index, follow, max-snippet:-1, max-image-preview:large, max-video-preview:-1\" \/>\n<link rel=\"canonical\" href=\"https:\/\/psol50.org.br\/nota-da-direcao-nacional-sobre-a-politica-de-aliancas-do-psol\/\" \/>\n<meta property=\"og:locale\" content=\"pt_BR\" \/>\n<meta property=\"og:type\" content=\"article\" \/>\n<meta property=\"og:title\" content=\"NOTA DA DIRE\u00c7\u00c3O NACIONAL SOBRE A POL\u00cdTICA DE ALIAN\u00c7AS DO PSOL - PSOL 50\" \/>\n<meta property=\"og:description\" content=\"O III Congresso Nacional estabeleceu os par\u00e2metros para a montagem das chapas majorit\u00e1rias e proporcionais nos munic\u00edpios em que o partido vai disputar as elei\u00e7\u00f5es deste ano. A orienta\u00e7\u00e3o do partido foi que as candidaturas que forem lan\u00e7adas se afirmem como oposi\u00e7\u00e3o program\u00e1tica e de esquerda aos governos federal, estaduais e municipais. Todas as alian\u00e7as, [&hellip;]\" \/>\n<meta property=\"og:url\" content=\"https:\/\/psol50.org.br\/nota-da-direcao-nacional-sobre-a-politica-de-aliancas-do-psol\/\" \/>\n<meta property=\"og:site_name\" content=\"PSOL 50\" \/>\n<meta property=\"article:publisher\" content=\"https:\/\/www.facebook.com\/psol50\" \/>\n<meta property=\"article:published_time\" content=\"2012-07-18T00:00:00+00:00\" \/>\n<meta property=\"og:image\" content=\"https:\/\/psol50.org.br\/inc\/uploads\/2018\/07\/capa.png\" \/>\n\t<meta property=\"og:image:width\" content=\"1350\" \/>\n\t<meta property=\"og:image:height\" content=\"900\" \/>\n\t<meta property=\"og:image:type\" content=\"image\/png\" \/>\n<meta name=\"author\" content=\"Comunica\u00e7\u00e3o PSOL\" \/>\n<meta name=\"twitter:card\" content=\"summary_large_image\" \/>\n<meta name=\"twitter:creator\" content=\"@psol50\" \/>\n<meta name=\"twitter:site\" content=\"@psol50\" \/>\n<meta name=\"twitter:label1\" content=\"Escrito por\" \/>\n\t<meta name=\"twitter:data1\" content=\"Comunica\u00e7\u00e3o PSOL\" \/>\n\t<meta name=\"twitter:label2\" content=\"Est. tempo de leitura\" \/>\n\t<meta name=\"twitter:data2\" content=\"2 minutos\" \/>\n<script type=\"application\/ld+json\" class=\"yoast-schema-graph\">{\"@context\":\"https:\/\/schema.org\",\"@graph\":[{\"@type\":\"Article\",\"@id\":\"https:\/\/psol50.org.br\/nota-da-direcao-nacional-sobre-a-politica-de-aliancas-do-psol\/#article\",\"isPartOf\":{\"@id\":\"https:\/\/psol50.org.br\/nota-da-direcao-nacional-sobre-a-politica-de-aliancas-do-psol\/\"},\"author\":{\"name\":\"Comunica\u00e7\u00e3o PSOL\",\"@id\":\"https:\/\/psol50.org.br\/#\/schema\/person\/475dfa57d0b815993c714c2e96491fcd\"},\"headline\":\"NOTA DA DIRE\u00c7\u00c3O NACIONAL SOBRE A POL\u00cdTICA DE ALIAN\u00c7AS DO PSOL\",\"datePublished\":\"2012-07-18T00:00:00+00:00\",\"mainEntityOfPage\":{\"@id\":\"https:\/\/psol50.org.br\/nota-da-direcao-nacional-sobre-a-politica-de-aliancas-do-psol\/\"},\"wordCount\":511,\"commentCount\":0,\"publisher\":{\"@id\":\"https:\/\/psol50.org.br\/#organization\"},\"keywords\":[\"Elei\u00e7\u00f5es 2012\"],\"articleSection\":[\"Arquivo\",\"ELEI\u00c7\u00d5ES 2012\"],\"inLanguage\":\"pt-BR\",\"potentialAction\":[{\"@type\":\"CommentAction\",\"name\":\"Comment\",\"target\":[\"https:\/\/psol50.org.br\/nota-da-direcao-nacional-sobre-a-politica-de-aliancas-do-psol\/#respond\"]}]},{\"@type\":\"WebPage\",\"@id\":\"https:\/\/psol50.org.br\/nota-da-direcao-nacional-sobre-a-politica-de-aliancas-do-psol\/\",\"url\":\"https:\/\/psol50.org.br\/nota-da-direcao-nacional-sobre-a-politica-de-aliancas-do-psol\/\",\"name\":\"NOTA DA DIRE\u00c7\u00c3O NACIONAL SOBRE A POL\u00cdTICA DE ALIAN\u00c7AS DO PSOL - PSOL 50\",\"isPartOf\":{\"@id\":\"https:\/\/psol50.org.br\/#website\"},\"datePublished\":\"2012-07-18T00:00:00+00:00\",\"breadcrumb\":{\"@id\":\"https:\/\/psol50.org.br\/nota-da-direcao-nacional-sobre-a-politica-de-aliancas-do-psol\/#breadcrumb\"},\"inLanguage\":\"pt-BR\",\"potentialAction\":[{\"@type\":\"ReadAction\",\"target\":[\"https:\/\/psol50.org.br\/nota-da-direcao-nacional-sobre-a-politica-de-aliancas-do-psol\/\"]}]},{\"@type\":\"BreadcrumbList\",\"@id\":\"https:\/\/psol50.org.br\/nota-da-direcao-nacional-sobre-a-politica-de-aliancas-do-psol\/#breadcrumb\",\"itemListElement\":[{\"@type\":\"ListItem\",\"position\":1,\"name\":\"In\u00edcio\",\"item\":\"https:\/\/psol50.org.br\/\"},{\"@type\":\"ListItem\",\"position\":2,\"name\":\"NOTA DA DIRE\u00c7\u00c3O NACIONAL SOBRE A POL\u00cdTICA DE ALIAN\u00c7AS DO PSOL\"}]},{\"@type\":\"WebSite\",\"@id\":\"https:\/\/psol50.org.br\/#website\",\"url\":\"https:\/\/psol50.org.br\/\",\"name\":\"PSOL 50\",\"description\":\"Site oficial do Partido Socialismo e Liberdade\",\"publisher\":{\"@id\":\"https:\/\/psol50.org.br\/#organization\"},\"alternateName\":\"PSOL50\",\"potentialAction\":[{\"@type\":\"SearchAction\",\"target\":{\"@type\":\"EntryPoint\",\"urlTemplate\":\"https:\/\/psol50.org.br\/?s={search_term_string}\"},\"query-input\":{\"@type\":\"PropertyValueSpecification\",\"valueRequired\":true,\"valueName\":\"search_term_string\"}}],\"inLanguage\":\"pt-BR\"},{\"@type\":\"Organization\",\"@id\":\"https:\/\/psol50.org.br\/#organization\",\"name\":\"PSOL 50\",\"alternateName\":\"PSOL 50\",\"url\":\"https:\/\/psol50.org.br\/\",\"logo\":{\"@type\":\"ImageObject\",\"inLanguage\":\"pt-BR\",\"@id\":\"https:\/\/psol50.org.br\/#\/schema\/logo\/image\/\",\"url\":\"https:\/\/psol50.org.br\/inc\/uploads\/2018\/07\/capa.png\",\"contentUrl\":\"https:\/\/psol50.org.br\/inc\/uploads\/2018\/07\/capa.png\",\"width\":1350,\"height\":900,\"caption\":\"PSOL 50\"},\"image\":{\"@id\":\"https:\/\/psol50.org.br\/#\/schema\/logo\/image\/\"},\"sameAs\":[\"https:\/\/www.facebook.com\/psol50\",\"https:\/\/x.com\/psol50\",\"https:\/\/www.instagram.com\/psol50\/\",\"https:\/\/www.youtube.com\/channel\/UC7SnJS5o1os7a6CaiNabzcg\"]},{\"@type\":\"Person\",\"@id\":\"https:\/\/psol50.org.br\/#\/schema\/person\/475dfa57d0b815993c714c2e96491fcd\",\"name\":\"Comunica\u00e7\u00e3o PSOL\",\"image\":{\"@type\":\"ImageObject\",\"inLanguage\":\"pt-BR\",\"@id\":\"https:\/\/psol50.org.br\/#\/schema\/person\/image\/\",\"url\":\"https:\/\/secure.gravatar.com\/avatar\/b34fc4f4e468a4e51785917065a3db57b841f5c95dba6ad8c73aaf8f66f8f9bf?s=96&d=mm&r=g\",\"contentUrl\":\"https:\/\/secure.gravatar.com\/avatar\/b34fc4f4e468a4e51785917065a3db57b841f5c95dba6ad8c73aaf8f66f8f9bf?s=96&d=mm&r=g\",\"caption\":\"Comunica\u00e7\u00e3o PSOL\"}}]}<\/script>\n<!-- \/ Yoast SEO plugin. -->","yoast_head_json":{"title":"NOTA DA DIRE\u00c7\u00c3O NACIONAL SOBRE A POL\u00cdTICA DE ALIAN\u00c7AS DO PSOL - PSOL 50","robots":{"index":"index","follow":"follow","max-snippet":"max-snippet:-1","max-image-preview":"max-image-preview:large","max-video-preview":"max-video-preview:-1"},"canonical":"https:\/\/psol50.org.br\/nota-da-direcao-nacional-sobre-a-politica-de-aliancas-do-psol\/","og_locale":"pt_BR","og_type":"article","og_title":"NOTA DA DIRE\u00c7\u00c3O NACIONAL SOBRE A POL\u00cdTICA DE ALIAN\u00c7AS DO PSOL - PSOL 50","og_description":"O III Congresso Nacional estabeleceu os par\u00e2metros para a montagem das chapas majorit\u00e1rias e proporcionais nos munic\u00edpios em que o partido vai disputar as elei\u00e7\u00f5es deste ano. A orienta\u00e7\u00e3o do partido foi que as candidaturas que forem lan\u00e7adas se afirmem como oposi\u00e7\u00e3o program\u00e1tica e de esquerda aos governos federal, estaduais e municipais. Todas as alian\u00e7as, [&hellip;]","og_url":"https:\/\/psol50.org.br\/nota-da-direcao-nacional-sobre-a-politica-de-aliancas-do-psol\/","og_site_name":"PSOL 50","article_publisher":"https:\/\/www.facebook.com\/psol50","article_published_time":"2012-07-18T00:00:00+00:00","og_image":[{"width":1350,"height":900,"url":"https:\/\/psol50.org.br\/inc\/uploads\/2018\/07\/capa.png","type":"image\/png"}],"author":"Comunica\u00e7\u00e3o PSOL","twitter_card":"summary_large_image","twitter_creator":"@psol50","twitter_site":"@psol50","twitter_misc":{"Escrito por":"Comunica\u00e7\u00e3o PSOL","Est. tempo de leitura":"2 minutos"},"schema":{"@context":"https:\/\/schema.org","@graph":[{"@type":"Article","@id":"https:\/\/psol50.org.br\/nota-da-direcao-nacional-sobre-a-politica-de-aliancas-do-psol\/#article","isPartOf":{"@id":"https:\/\/psol50.org.br\/nota-da-direcao-nacional-sobre-a-politica-de-aliancas-do-psol\/"},"author":{"name":"Comunica\u00e7\u00e3o PSOL","@id":"https:\/\/psol50.org.br\/#\/schema\/person\/475dfa57d0b815993c714c2e96491fcd"},"headline":"NOTA DA DIRE\u00c7\u00c3O NACIONAL SOBRE A POL\u00cdTICA DE ALIAN\u00c7AS DO PSOL","datePublished":"2012-07-18T00:00:00+00:00","mainEntityOfPage":{"@id":"https:\/\/psol50.org.br\/nota-da-direcao-nacional-sobre-a-politica-de-aliancas-do-psol\/"},"wordCount":511,"commentCount":0,"publisher":{"@id":"https:\/\/psol50.org.br\/#organization"},"keywords":["Elei\u00e7\u00f5es 2012"],"articleSection":["Arquivo","ELEI\u00c7\u00d5ES 2012"],"inLanguage":"pt-BR","potentialAction":[{"@type":"CommentAction","name":"Comment","target":["https:\/\/psol50.org.br\/nota-da-direcao-nacional-sobre-a-politica-de-aliancas-do-psol\/#respond"]}]},{"@type":"WebPage","@id":"https:\/\/psol50.org.br\/nota-da-direcao-nacional-sobre-a-politica-de-aliancas-do-psol\/","url":"https:\/\/psol50.org.br\/nota-da-direcao-nacional-sobre-a-politica-de-aliancas-do-psol\/","name":"NOTA DA DIRE\u00c7\u00c3O NACIONAL SOBRE A POL\u00cdTICA DE ALIAN\u00c7AS DO PSOL - PSOL 50","isPartOf":{"@id":"https:\/\/psol50.org.br\/#website"},"datePublished":"2012-07-18T00:00:00+00:00","breadcrumb":{"@id":"https:\/\/psol50.org.br\/nota-da-direcao-nacional-sobre-a-politica-de-aliancas-do-psol\/#breadcrumb"},"inLanguage":"pt-BR","potentialAction":[{"@type":"ReadAction","target":["https:\/\/psol50.org.br\/nota-da-direcao-nacional-sobre-a-politica-de-aliancas-do-psol\/"]}]},{"@type":"BreadcrumbList","@id":"https:\/\/psol50.org.br\/nota-da-direcao-nacional-sobre-a-politica-de-aliancas-do-psol\/#breadcrumb","itemListElement":[{"@type":"ListItem","position":1,"name":"In\u00edcio","item":"https:\/\/psol50.org.br\/"},{"@type":"ListItem","position":2,"name":"NOTA DA DIRE\u00c7\u00c3O NACIONAL SOBRE A POL\u00cdTICA DE ALIAN\u00c7AS DO PSOL"}]},{"@type":"WebSite","@id":"https:\/\/psol50.org.br\/#website","url":"https:\/\/psol50.org.br\/","name":"PSOL 50","description":"Site oficial do Partido Socialismo e Liberdade","publisher":{"@id":"https:\/\/psol50.org.br\/#organization"},"alternateName":"PSOL50","potentialAction":[{"@type":"SearchAction","target":{"@type":"EntryPoint","urlTemplate":"https:\/\/psol50.org.br\/?s={search_term_string}"},"query-input":{"@type":"PropertyValueSpecification","valueRequired":true,"valueName":"search_term_string"}}],"inLanguage":"pt-BR"},{"@type":"Organization","@id":"https:\/\/psol50.org.br\/#organization","name":"PSOL 50","alternateName":"PSOL 50","url":"https:\/\/psol50.org.br\/","logo":{"@type":"ImageObject","inLanguage":"pt-BR","@id":"https:\/\/psol50.org.br\/#\/schema\/logo\/image\/","url":"https:\/\/psol50.org.br\/inc\/uploads\/2018\/07\/capa.png","contentUrl":"https:\/\/psol50.org.br\/inc\/uploads\/2018\/07\/capa.png","width":1350,"height":900,"caption":"PSOL 50"},"image":{"@id":"https:\/\/psol50.org.br\/#\/schema\/logo\/image\/"},"sameAs":["https:\/\/www.facebook.com\/psol50","https:\/\/x.com\/psol50","https:\/\/www.instagram.com\/psol50\/","https:\/\/www.youtube.com\/channel\/UC7SnJS5o1os7a6CaiNabzcg"]},{"@type":"Person","@id":"https:\/\/psol50.org.br\/#\/schema\/person\/475dfa57d0b815993c714c2e96491fcd","name":"Comunica\u00e7\u00e3o PSOL","image":{"@type":"ImageObject","inLanguage":"pt-BR","@id":"https:\/\/psol50.org.br\/#\/schema\/person\/image\/","url":"https:\/\/secure.gravatar.com\/avatar\/b34fc4f4e468a4e51785917065a3db57b841f5c95dba6ad8c73aaf8f66f8f9bf?s=96&d=mm&r=g","contentUrl":"https:\/\/secure.gravatar.com\/avatar\/b34fc4f4e468a4e51785917065a3db57b841f5c95dba6ad8c73aaf8f66f8f9bf?s=96&d=mm&r=g","caption":"Comunica\u00e7\u00e3o PSOL"}}]}},"_links":{"self":[{"href":"https:\/\/psol50.org.br\/rest\/wp\/v2\/posts\/236","targetHints":{"allow":["GET"]}}],"collection":[{"href":"https:\/\/psol50.org.br\/rest\/wp\/v2\/posts"}],"about":[{"href":"https:\/\/psol50.org.br\/rest\/wp\/v2\/types\/post"}],"author":[{"embeddable":true,"href":"https:\/\/psol50.org.br\/rest\/wp\/v2\/users\/2"}],"replies":[{"embeddable":true,"href":"https:\/\/psol50.org.br\/rest\/wp\/v2\/comments?post=236"}],"version-history":[{"count":0,"href":"https:\/\/psol50.org.br\/rest\/wp\/v2\/posts\/236\/revisions"}],"wp:attachment":[{"href":"https:\/\/psol50.org.br\/rest\/wp\/v2\/media?parent=236"}],"wp:term":[{"taxonomy":"category","embeddable":true,"href":"https:\/\/psol50.org.br\/rest\/wp\/v2\/categories?post=236"},{"taxonomy":"post_tag","embeddable":true,"href":"https:\/\/psol50.org.br\/rest\/wp\/v2\/tags?post=236"}],"curies":[{"name":"wp","href":"https:\/\/api.w.org\/{rel}","templated":true}]}}